{"id":136536,"date":"2026-04-28T08:24:25","date_gmt":"2026-04-28T11:24:25","guid":{"rendered":"https:\/\/www.noticiasradioreflejos.com.ar\/2021\/?p=136536"},"modified":"2026-04-28T08:24:25","modified_gmt":"2026-04-28T11:24:25","slug":"28-de-abril-dia-mundial-de-la-seguridad-y-la-salud-en-el-trabajo","status":"publish","type":"post","link":"https:\/\/www.noticiasradioreflejos.com.ar\/2021\/28-de-abril-dia-mundial-de-la-seguridad-y-la-salud-en-el-trabajo\/","title":{"rendered":"28 de abril: D\u00eda Mundial de la Seguridad y la Salud en el Trabajo"},"content":{"rendered":"<p>Un llamado a la acci\u00f3n para garantizar entornos laborales seguros y saludables.<br \/>\n<!--more--><\/p>\n<p data-path-to-node=\"6\">Cada 28 de abril, el mundo se une para conmemorar el <b data-path-to-node=\"6\" data-index-in-node=\"85\">D\u00eda Mundial de la Seguridad y la Salud en el Trabajo<\/b>. Esta fecha, establecida por la Organizaci\u00f3n Internacional del Trabajo (OIT), no es solo una efem\u00e9ride en el calendario; es una jornada de reflexi\u00f3n y acci\u00f3n destinada a prevenir accidentes laborales y enfermedades profesionales en todos los sectores productivos.<\/p>\n<h3 data-path-to-node=\"7\">\u00bfPor qu\u00e9 el 28 de abril?<\/h3>\n<p data-path-to-node=\"8\">La elecci\u00f3n de esta fecha tiene un trasfondo de respeto y memoria. Se origin\u00f3 en 1996, cuando el movimiento sindical mundial comenz\u00f3 a celebrar el <b data-path-to-node=\"8\" data-index-in-node=\"147\">D\u00eda Internacional en Memoria de los Trabajadores Fallecidos y Heridos<\/b>, con el objetivo de honrar a las v\u00edctimas de accidentes laborales y negligencias en materia de seguridad.<\/p>\n<p data-path-to-node=\"9\">En 2003, la OIT asumi\u00f3 esta fecha para sumar un enfoque preventivo, transform\u00e1ndola en una campa\u00f1a global que destaca la importancia de una <b data-path-to-node=\"9\" data-index-in-node=\"140\">cultura de seguridad proactiva<\/b>.<\/p>\n<h3 data-path-to-node=\"10\">Los Pilares de la Conmemoraci\u00f3n<\/h3>\n<p data-path-to-node=\"11\">El lema de este a\u00f1o refuerza la idea de que un entorno de trabajo seguro no es un privilegio, sino un <b data-path-to-node=\"11\" data-index-in-node=\"102\">derecho fundamental<\/b>. Los objetivos centrales de la jornada son:<\/p>\n<ul data-path-to-node=\"12\">\n<li>\n<p data-path-to-node=\"12,0,0\"><b data-path-to-node=\"12,0,0\" data-index-in-node=\"0\">Promover la prevenci\u00f3n:<\/b> Reducir la tasa de siniestralidad mediante la identificaci\u00f3n temprana de riesgos.<\/p>\n<\/li>\n<li>\n<p data-path-to-node=\"12,1,0\"><b data-path-to-node=\"12,1,0\" data-index-in-node=\"0\">Fortalecer la normativa:<\/b> Impulsar leyes que protejan la integridad f\u00edsica y mental de los trabajadores.<\/p>\n<\/li>\n<li>\n<p data-path-to-node=\"12,2,0\"><b data-path-to-node=\"12,2,0\" data-index-in-node=\"0\">Fomentar el di\u00e1logo social:<\/b> Lograr que gobiernos, empleadores y empleados colaboren en la creaci\u00f3n de pol\u00edticas de cuidado.<\/p>\n<\/li>\n<\/ul>\n<h3 data-path-to-node=\"13\">El Desaf\u00edo de la Salud Mental<\/h3>\n<p data-path-to-node=\"14\">En el contexto actual, la seguridad laboral ha trascendido lo f\u00edsico. Hoy, la gesti\u00f3n de los <b data-path-to-node=\"14\" data-index-in-node=\"93\">riesgos psicosociales<\/b> y la salud mental son ejes cr\u00edticos. El estr\u00e9s laboral y el agotamiento se han convertido en prioridades dentro de las agendas de Recursos Humanos y Medicina del Trabajo a nivel global.<\/p>\n<blockquote data-path-to-node=\"15\">\n<p data-path-to-node=\"15,0\">\u00abInvertir en seguridad y salud no es un gasto, es la inversi\u00f3n m\u00e1s rentable que puede hacer una organizaci\u00f3n. Un trabajador protegido es un trabajador que puede desarrollar su m\u00e1ximo potencial\u00bb, se\u00f1alan especialistas en prevenci\u00f3n de riesgos.<\/p>\n<\/blockquote>\n","protected":false},"excerpt":{"rendered":"<p>Un llamado a la acci\u00f3n para garantizar entornos laborales seguros y saludables.<\/p>\n","protected":false},"author":3,"featured_media":136537,"comment_status":"closed","ping_status":"closed","sticky":false,"template":"","format":"standard","meta":{"footnotes":""},"categories":[26],"tags":[],"class_list":["post-136536","post","type-post","status-publish","format-standard","has-post-thumbnail","hentry","category-sociedad"],"yoast_head":"<!-- This site is optimized with the Yoast SEO plugin v25.9 - https:\/\/yoast.com\/wordpress\/plugins\/seo\/ -->\n<title>28 de abril: D\u00eda Mundial de la Seguridad y la Salud en el Trabajo - Noticias Radio Reflejos<\/title>\n<meta name=\"robots\" content=\"index, follow, max-snippet:-1, max-image-preview:large, max-video-preview:-1\" \/>\n<link rel=\"canonical\" href=\"https:\/\/www.noticiasradioreflejos.com.ar\/2021\/28-de-abril-dia-mundial-de-la-seguridad-y-la-salud-en-el-trabajo\/\" \/>\n<meta property=\"og:locale\" content=\"es_ES\" \/>\n<meta property=\"og:type\" content=\"article\" \/>\n<meta property=\"og:title\" content=\"28 de abril: D\u00eda Mundial de la Seguridad y la Salud en el Trabajo - Noticias Radio Reflejos\" \/>\n<meta property=\"og:description\" content=\"Un llamado a la acci\u00f3n para garantizar entornos laborales seguros y saludables.\" \/>\n<meta property=\"og:url\" content=\"https:\/\/www.noticiasradioreflejos.com.ar\/2021\/28-de-abril-dia-mundial-de-la-seguridad-y-la-salud-en-el-trabajo\/\" \/>\n<meta property=\"og:site_name\" content=\"Noticias Radio Reflejos\" \/>\n<meta property=\"article:published_time\" content=\"2026-04-28T11:24:25+00:00\" \/>\n<meta property=\"og:image\" content=\"https:\/\/www.noticiasradioreflejos.com.ar\/2021\/wp-content\/uploads\/2026\/04\/seguridad-en-el-trabajo.webp\" \/>\n\t<meta property=\"og:image:width\" content=\"1200\" \/>\n\t<meta property=\"og:image:height\" content=\"675\" \/>\n\t<meta property=\"og:image:type\" content=\"image\/webp\" \/>\n<meta name=\"author\" content=\"Arnaldo Botto\" \/>\n<meta name=\"twitter:card\" content=\"summary_large_image\" \/>\n<script type=\"application\/ld+json\" class=\"yoast-schema-graph\">{\"@context\":\"https:\/\/schema.org\",\"@graph\":[{\"@type\":\"WebPage\",\"@id\":\"https:\/\/www.noticiasradioreflejos.com.ar\/2021\/28-de-abril-dia-mundial-de-la-seguridad-y-la-salud-en-el-trabajo\/\",\"url\":\"https:\/\/www.noticiasradioreflejos.com.ar\/2021\/28-de-abril-dia-mundial-de-la-seguridad-y-la-salud-en-el-trabajo\/\",\"name\":\"28 de abril: D\u00eda Mundial de la Seguridad y la Salud en el Trabajo - Noticias Radio Reflejos\",\"isPartOf\":{\"@id\":\"https:\/\/www.noticiasradioreflejos.com.ar\/2021\/#website\"},\"primaryImageOfPage\":{\"@id\":\"https:\/\/www.noticiasradioreflejos.com.ar\/2021\/28-de-abril-dia-mundial-de-la-seguridad-y-la-salud-en-el-trabajo\/#primaryimage\"},\"image\":{\"@id\":\"https:\/\/www.noticiasradioreflejos.com.ar\/2021\/28-de-abril-dia-mundial-de-la-seguridad-y-la-salud-en-el-trabajo\/#primaryimage\"},\"thumbnailUrl\":\"https:\/\/www.noticiasradioreflejos.com.ar\/2021\/wp-content\/uploads\/2026\/04\/seguridad-en-el-trabajo.webp\",\"datePublished\":\"2026-04-28T11:24:25+00:00\",\"author\":{\"@id\":\"https:\/\/www.noticiasradioreflejos.com.ar\/2021\/#\/schema\/person\/ad82545263dcc5ec0996818884fd5fb1\"},\"breadcrumb\":{\"@id\":\"https:\/\/www.noticiasradioreflejos.com.ar\/2021\/28-de-abril-dia-mundial-de-la-seguridad-y-la-salud-en-el-trabajo\/#breadcrumb\"},\"inLanguage\":\"es\",\"potentialAction\":[{\"@type\":\"ReadAction\",\"target\":[\"https:\/\/www.noticiasradioreflejos.com.ar\/2021\/28-de-abril-dia-mundial-de-la-seguridad-y-la-salud-en-el-trabajo\/\"]}]},{\"@type\":\"ImageObject\",\"inLanguage\":\"es\",\"@id\":\"https:\/\/www.noticiasradioreflejos.com.ar\/2021\/28-de-abril-dia-mundial-de-la-seguridad-y-la-salud-en-el-trabajo\/#primaryimage\",\"url\":\"https:\/\/www.noticiasradioreflejos.com.ar\/2021\/wp-content\/uploads\/2026\/04\/seguridad-en-el-trabajo.webp\",\"contentUrl\":\"https:\/\/www.noticiasradioreflejos.com.ar\/2021\/wp-content\/uploads\/2026\/04\/seguridad-en-el-trabajo.webp\",\"width\":1200,\"height\":675},{\"@type\":\"BreadcrumbList\",\"@id\":\"https:\/\/www.noticiasradioreflejos.com.ar\/2021\/28-de-abril-dia-mundial-de-la-seguridad-y-la-salud-en-el-trabajo\/#breadcrumb\",\"itemListElement\":[{\"@type\":\"ListItem\",\"position\":1,\"name\":\"Portada\",\"item\":\"https:\/\/www.noticiasradioreflejos.com.ar\/2021\/\"},{\"@type\":\"ListItem\",\"position\":2,\"name\":\"28 de abril: D\u00eda Mundial de la Seguridad y la Salud en el Trabajo\"}]},{\"@type\":\"WebSite\",\"@id\":\"https:\/\/www.noticiasradioreflejos.com.ar\/2021\/#website\",\"url\":\"https:\/\/www.noticiasradioreflejos.com.ar\/2021\/\",\"name\":\"Noticias Radio Reflejos\",\"description\":\"Las noticias de mi comarca\",\"potentialAction\":[{\"@type\":\"SearchAction\",\"target\":{\"@type\":\"EntryPoint\",\"urlTemplate\":\"https:\/\/www.noticiasradioreflejos.com.ar\/2021\/?s={search_term_string}\"},\"query-input\":{\"@type\":\"PropertyValueSpecification\",\"valueRequired\":true,\"valueName\":\"search_term_string\"}}],\"inLanguage\":\"es\"},{\"@type\":\"Person\",\"@id\":\"https:\/\/www.noticiasradioreflejos.com.ar\/2021\/#\/schema\/person\/ad82545263dcc5ec0996818884fd5fb1\",\"name\":\"Arnaldo Botto\",\"image\":{\"@type\":\"ImageObject\",\"inLanguage\":\"es\",\"@id\":\"https:\/\/www.noticiasradioreflejos.com.ar\/2021\/#\/schema\/person\/image\/\",\"url\":\"https:\/\/secure.gravatar.com\/avatar\/55cb5e37c1efa326397366e6974cb338056df65cb50e7d64d1cf314e87504837?s=96&d=mm&r=g\",\"contentUrl\":\"https:\/\/secure.gravatar.com\/avatar\/55cb5e37c1efa326397366e6974cb338056df65cb50e7d64d1cf314e87504837?s=96&d=mm&r=g\",\"caption\":\"Arnaldo Botto\"},\"url\":\"https:\/\/www.noticiasradioreflejos.com.ar\/2021\/author\/arnaldo\/\"}]}<\/script>\n<!-- \/ Yoast SEO plugin. -->","yoast_head_json":{"title":"28 de abril: D\u00eda Mundial de la Seguridad y la Salud en el Trabajo - Noticias Radio Reflejos","robots":{"index":"index","follow":"follow","max-snippet":"max-snippet:-1","max-image-preview":"max-image-preview:large","max-video-preview":"max-video-preview:-1"},"canonical":"https:\/\/www.noticiasradioreflejos.com.ar\/2021\/28-de-abril-dia-mundial-de-la-seguridad-y-la-salud-en-el-trabajo\/","og_locale":"es_ES","og_type":"article","og_title":"28 de abril: D\u00eda Mundial de la Seguridad y la Salud en el Trabajo - Noticias Radio Reflejos","og_description":"Un llamado a la acci\u00f3n para garantizar entornos laborales seguros y saludables.","og_url":"https:\/\/www.noticiasradioreflejos.com.ar\/2021\/28-de-abril-dia-mundial-de-la-seguridad-y-la-salud-en-el-trabajo\/","og_site_name":"Noticias Radio Reflejos","article_published_time":"2026-04-28T11:24:25+00:00","og_image":[{"width":1200,"height":675,"url":"https:\/\/www.noticiasradioreflejos.com.ar\/2021\/wp-content\/uploads\/2026\/04\/seguridad-en-el-trabajo.webp","type":"image\/webp"}],"author":"Arnaldo Botto","twitter_card":"summary_large_image","schema":{"@context":"https:\/\/schema.org","@graph":[{"@type":"WebPage","@id":"https:\/\/www.noticiasradioreflejos.com.ar\/2021\/28-de-abril-dia-mundial-de-la-seguridad-y-la-salud-en-el-trabajo\/","url":"https:\/\/www.noticiasradioreflejos.com.ar\/2021\/28-de-abril-dia-mundial-de-la-seguridad-y-la-salud-en-el-trabajo\/","name":"28 de abril: D\u00eda Mundial de la Seguridad y la Salud en el Trabajo - Noticias Radio Reflejos","isPartOf":{"@id":"https:\/\/www.noticiasradioreflejos.com.ar\/2021\/#website"},"primaryImageOfPage":{"@id":"https:\/\/www.noticiasradioreflejos.com.ar\/2021\/28-de-abril-dia-mundial-de-la-seguridad-y-la-salud-en-el-trabajo\/#primaryimage"},"image":{"@id":"https:\/\/www.noticiasradioreflejos.com.ar\/2021\/28-de-abril-dia-mundial-de-la-seguridad-y-la-salud-en-el-trabajo\/#primaryimage"},"thumbnailUrl":"https:\/\/www.noticiasradioreflejos.com.ar\/2021\/wp-content\/uploads\/2026\/04\/seguridad-en-el-trabajo.webp","datePublished":"2026-04-28T11:24:25+00:00","author":{"@id":"https:\/\/www.noticiasradioreflejos.com.ar\/2021\/#\/schema\/person\/ad82545263dcc5ec0996818884fd5fb1"},"breadcrumb":{"@id":"https:\/\/www.noticiasradioreflejos.com.ar\/2021\/28-de-abril-dia-mundial-de-la-seguridad-y-la-salud-en-el-trabajo\/#breadcrumb"},"inLanguage":"es","potentialAction":[{"@type":"ReadAction","target":["https:\/\/www.noticiasradioreflejos.com.ar\/2021\/28-de-abril-dia-mundial-de-la-seguridad-y-la-salud-en-el-trabajo\/"]}]},{"@type":"ImageObject","inLanguage":"es","@id":"https:\/\/www.noticiasradioreflejos.com.ar\/2021\/28-de-abril-dia-mundial-de-la-seguridad-y-la-salud-en-el-trabajo\/#primaryimage","url":"https:\/\/www.noticiasradioreflejos.com.ar\/2021\/wp-content\/uploads\/2026\/04\/seguridad-en-el-trabajo.webp","contentUrl":"https:\/\/www.noticiasradioreflejos.com.ar\/2021\/wp-content\/uploads\/2026\/04\/seguridad-en-el-trabajo.webp","width":1200,"height":675},{"@type":"BreadcrumbList","@id":"https:\/\/www.noticiasradioreflejos.com.ar\/2021\/28-de-abril-dia-mundial-de-la-seguridad-y-la-salud-en-el-trabajo\/#breadcrumb","itemListElement":[{"@type":"ListItem","position":1,"name":"Portada","item":"https:\/\/www.noticiasradioreflejos.com.ar\/2021\/"},{"@type":"ListItem","position":2,"name":"28 de abril: D\u00eda Mundial de la Seguridad y la Salud en el Trabajo"}]},{"@type":"WebSite","@id":"https:\/\/www.noticiasradioreflejos.com.ar\/2021\/#website","url":"https:\/\/www.noticiasradioreflejos.com.ar\/2021\/","name":"Noticias Radio Reflejos","description":"Las noticias de mi comarca","potentialAction":[{"@type":"SearchAction","target":{"@type":"EntryPoint","urlTemplate":"https:\/\/www.noticiasradioreflejos.com.ar\/2021\/?s={search_term_string}"},"query-input":{"@type":"PropertyValueSpecification","valueRequired":true,"valueName":"search_term_string"}}],"inLanguage":"es"},{"@type":"Person","@id":"https:\/\/www.noticiasradioreflejos.com.ar\/2021\/#\/schema\/person\/ad82545263dcc5ec0996818884fd5fb1","name":"Arnaldo Botto","image":{"@type":"ImageObject","inLanguage":"es","@id":"https:\/\/www.noticiasradioreflejos.com.ar\/2021\/#\/schema\/person\/image\/","url":"https:\/\/secure.gravatar.com\/avatar\/55cb5e37c1efa326397366e6974cb338056df65cb50e7d64d1cf314e87504837?s=96&d=mm&r=g","contentUrl":"https:\/\/secure.gravatar.com\/avatar\/55cb5e37c1efa326397366e6974cb338056df65cb50e7d64d1cf314e87504837?s=96&d=mm&r=g","caption":"Arnaldo Botto"},"url":"https:\/\/www.noticiasradioreflejos.com.ar\/2021\/author\/arnaldo\/"}]}},"_links":{"self":[{"href":"https:\/\/www.noticiasradioreflejos.com.ar\/2021\/wp-json\/wp\/v2\/posts\/136536","targetHints":{"allow":["GET"]}}],"collection":[{"href":"https:\/\/www.noticiasradioreflejos.com.ar\/2021\/wp-json\/wp\/v2\/posts"}],"about":[{"href":"https:\/\/www.noticiasradioreflejos.com.ar\/2021\/wp-json\/wp\/v2\/types\/post"}],"author":[{"embeddable":true,"href":"https:\/\/www.noticiasradioreflejos.com.ar\/2021\/wp-json\/wp\/v2\/users\/3"}],"replies":[{"embeddable":true,"href":"https:\/\/www.noticiasradioreflejos.com.ar\/2021\/wp-json\/wp\/v2\/comments?post=136536"}],"version-history":[{"count":1,"href":"https:\/\/www.noticiasradioreflejos.com.ar\/2021\/wp-json\/wp\/v2\/posts\/136536\/revisions"}],"predecessor-version":[{"id":136538,"href":"https:\/\/www.noticiasradioreflejos.com.ar\/2021\/wp-json\/wp\/v2\/posts\/136536\/revisions\/136538"}],"wp:featuredmedia":[{"embeddable":true,"href":"https:\/\/www.noticiasradioreflejos.com.ar\/2021\/wp-json\/wp\/v2\/media\/136537"}],"wp:attachment":[{"href":"https:\/\/www.noticiasradioreflejos.com.ar\/2021\/wp-json\/wp\/v2\/media?parent=136536"}],"wp:term":[{"taxonomy":"category","embeddable":true,"href":"https:\/\/www.noticiasradioreflejos.com.ar\/2021\/wp-json\/wp\/v2\/categories?post=136536"},{"taxonomy":"post_tag","embeddable":true,"href":"https:\/\/www.noticiasradioreflejos.com.ar\/2021\/wp-json\/wp\/v2\/tags?post=136536"}],"curies":[{"name":"wp","href":"https:\/\/api.w.org\/{rel}","templated":true}]}}