{"id":136532,"date":"2026-04-28T08:08:21","date_gmt":"2026-04-28T11:08:21","guid":{"rendered":"https:\/\/www.noticiasradioreflejos.com.ar\/2021\/?p=136532"},"modified":"2026-04-28T08:08:25","modified_gmt":"2026-04-28T11:08:25","slug":"de-la-calma-a-la-tempestad-alerta-amarilla-por-tormentas-y-rafagas-en-la-region","status":"publish","type":"post","link":"https:\/\/www.noticiasradioreflejos.com.ar\/2021\/de-la-calma-a-la-tempestad-alerta-amarilla-por-tormentas-y-rafagas-en-la-region\/","title":{"rendered":"De la calma a la tempestad: Alerta amarilla por tormentas y r\u00e1fagas en la regi\u00f3n"},"content":{"rendered":"<p>Tras un martes templado y soleado, el Servicio Meteorol\u00f3gico Nacional emiti\u00f3 un aviso por fen\u00f3menos intensos que afectar\u00e1n la madrugada del mi\u00e9rcoles. Se esperan vientos superiores a los 60 km\/h.<!--more--><\/p>\n<p data-path-to-node=\"6\">La jornada de este martes, que inici\u00f3 con un amanecer fr\u00edo pero promete una tarde agradable de <b data-path-to-node=\"6\" data-index-in-node=\"95\">18\u00b0C<\/b>, funciona como la \u00abcalma antes de la tormenta\u00bb. El panorama cambiar\u00e1 dr\u00e1sticamente al llegar la medianoche.<\/p>\n<p data-path-to-node=\"7\">Seg\u00fan el <b data-path-to-node=\"7\" data-index-in-node=\"9\">Servicio Meteorol\u00f3gico Nacional (SMN)<\/b>, el avance de un frente de inestabilidad cubrir\u00e1 el cielo r\u00e1pidamente, dando paso a tormentas y vientos fuertes durante las primeras horas del mi\u00e9rcoles.<\/p>\n<p data-path-to-node=\"9,0,0\">Esta tardr tendremos un aumento de nubosidad y desmejora paulatina. A partir de medianoche snicio del alerta amarillo. Tormentas y r\u00e1fagas que podr\u00edan superar los <b data-path-to-node=\"9,1,0\" data-index-in-node=\"93\">60 km\/h<\/b>.<\/p>\n<ul data-path-to-node=\"9\">\n<li>\n<p data-path-to-node=\"9,2,0\"><b data-path-to-node=\"9,2,0\" data-index-in-node=\"0\">Mi\u00e9rcoles ma\u00f1ana:<\/b> Despejado pero ventoso. La m\u00ednima se ubicar\u00e1 en <b data-path-to-node=\"9,2,0\" data-index-in-node=\"66\">13\u00b0C<\/b>.<\/p>\n<\/li>\n<li>\n<p data-path-to-node=\"9,3,0\"><b data-path-to-node=\"9,3,0\" data-index-in-node=\"0\">Mi\u00e9rcoles tarde:<\/b> Jornada soleada con una m\u00e1xima de <b data-path-to-node=\"9,3,0\" data-index-in-node=\"51\">17\u00b0C<\/b>, aunque el viento persistir\u00e1 hasta media tarde.<\/p>\n<\/li>\n<\/ul>\n<h3 data-path-to-node=\"11\"><a href=\"https:\/\/www.noticiasradioreflejos.com.ar\/2021\/de-la-calma-a-la-tempestad-alerta-amarilla-por-tormentas-y-rafagas-en-la-region\/descarga-4\/\" rel=\"attachment wp-att-136533\"><img loading=\"lazy\" decoding=\"async\" class=\" wp-image-136533 alignleft\" src=\"https:\/\/www.noticiasradioreflejos.com.ar\/2021\/wp-content\/uploads\/2026\/04\/descarga.png\" alt=\"\" width=\"387\" height=\"632\" srcset=\"https:\/\/www.noticiasradioreflejos.com.ar\/2021\/wp-content\/uploads\/2026\/04\/descarga.png 472w, https:\/\/www.noticiasradioreflejos.com.ar\/2021\/wp-content\/uploads\/2026\/04\/descarga-184x300.png 184w\" sizes=\"auto, (max-width: 387px) 100vw, 387px\" \/><\/a>Recomendaciones ante el Alerta Amarillo<\/h3>\n<p data-path-to-node=\"12\">Debido a la intensidad del viento y la actividad el\u00e9ctrica prevista, se sugiere a la poblaci\u00f3n tomar las siguientes precauciones para evitar accidentes y da\u00f1os materiales:<\/p>\n<table data-path-to-node=\"13\">\n<thead>\n<tr>\n<td><strong>\u00c1rea de atenci\u00f3n<\/strong><\/td>\n<td><strong>Medidas sugeridas<\/strong><\/td>\n<\/tr>\n<\/thead>\n<tbody>\n<tr>\n<td><span data-path-to-node=\"13,1,0,0\"><b data-path-to-node=\"13,1,0,0\" data-index-in-node=\"0\">En el hogar<\/b><\/span><\/td>\n<td><span data-path-to-node=\"13,1,1,0\">Asegurar objetos que puedan ser volados por el viento (macetas, chapas, muebles de jard\u00edn).<\/span><\/td>\n<\/tr>\n<tr>\n<td><span data-path-to-node=\"13,2,0,0\"><b data-path-to-node=\"13,2,0,0\" data-index-in-node=\"0\">En la v\u00eda p\u00fablica<\/b><\/span><\/td>\n<td><span data-path-to-node=\"13,2,1,0\">Evitar refugiarse cerca de \u00e1rboles, postes de luz o carteles publicitarios.<\/span><\/td>\n<\/tr>\n<tr>\n<td><span data-path-to-node=\"13,3,0,0\"><b data-path-to-node=\"13,3,0,0\" data-index-in-node=\"0\">Electricidad<\/b><\/span><\/td>\n<td><span data-path-to-node=\"13,3,1,0\">Desconectar aparatos electr\u00f3nicos si se registra actividad el\u00e9ctrica intensa.<\/span><\/td>\n<\/tr>\n<tr>\n<td><span data-path-to-node=\"13,4,0,0\"><b data-path-to-node=\"13,4,0,0\" data-index-in-node=\"0\">Tr\u00e1nsito<\/b><\/span><\/td>\n<td><span data-path-to-node=\"13,4,1,0\">Conducir con extrema precauci\u00f3n; las r\u00e1fagas laterales pueden afectar la estabilidad del veh\u00edculo.<\/span><\/td>\n<\/tr>\n<\/tbody>\n<\/table>\n<blockquote data-path-to-node=\"14\">\n<p data-path-to-node=\"14,0\"><b data-path-to-node=\"14,0\" data-index-in-node=\"0\">Nota importante:<\/b> Se recomienda mantenerse informado a trav\u00e9s de los canales oficiales y evitar sacar los residuos de manera que puedan obstruir sumideros en caso de lluvias localmente fuertes.<\/p>\n<\/blockquote>\n<hr data-path-to-node=\"15\" \/>\n<p data-path-to-node=\"16\">El clima comenzar\u00e1 a estabilizarse definitivamente hacia el atardecer del mi\u00e9rcoles, dando paso a una segunda mitad de semana m\u00e1s tranquila, aunque con el marcado descenso t\u00e9rmico propio de la \u00e9poca.<\/p>\n","protected":false},"excerpt":{"rendered":"<p>Tras un martes templado y soleado, el Servicio Meteorol\u00f3gico Nacional emiti\u00f3 un aviso por fen\u00f3menos intensos que afectar\u00e1n la madrugada del mi\u00e9rcoles. Se esperan vientos superiores a los 60 km\/h.<\/p>\n","protected":false},"author":3,"featured_media":126972,"comment_status":"closed","ping_status":"closed","sticky":false,"template":"","format":"standard","meta":{"footnotes":""},"categories":[46],"tags":[48],"class_list":["post-136532","post","type-post","status-publish","format-standard","has-post-thumbnail","hentry","category-ciencia-y-tecnologia","tag-destacada"],"yoast_head":"<!-- This site is optimized with the Yoast SEO plugin v25.9 - https:\/\/yoast.com\/wordpress\/plugins\/seo\/ -->\n<title>De la calma a la tempestad: Alerta amarilla por tormentas y r\u00e1fagas en la regi\u00f3n - Noticias Radio Reflejos<\/title>\n<meta name=\"robots\" content=\"index, follow, max-snippet:-1, max-image-preview:large, max-video-preview:-1\" \/>\n<link rel=\"canonical\" href=\"https:\/\/www.noticiasradioreflejos.com.ar\/2021\/de-la-calma-a-la-tempestad-alerta-amarilla-por-tormentas-y-rafagas-en-la-region\/\" \/>\n<meta property=\"og:locale\" content=\"es_ES\" \/>\n<meta property=\"og:type\" content=\"article\" \/>\n<meta property=\"og:title\" content=\"De la calma a la tempestad: Alerta amarilla por tormentas y r\u00e1fagas en la regi\u00f3n - Noticias Radio Reflejos\" \/>\n<meta property=\"og:description\" content=\"Tras un martes templado y soleado, el Servicio Meteorol\u00f3gico Nacional emiti\u00f3 un aviso por fen\u00f3menos intensos que afectar\u00e1n la madrugada del mi\u00e9rcoles. Se esperan vientos superiores a los 60 km\/h.\" \/>\n<meta property=\"og:url\" content=\"https:\/\/www.noticiasradioreflejos.com.ar\/2021\/de-la-calma-a-la-tempestad-alerta-amarilla-por-tormentas-y-rafagas-en-la-region\/\" \/>\n<meta property=\"og:site_name\" content=\"Noticias Radio Reflejos\" \/>\n<meta property=\"article:published_time\" content=\"2026-04-28T11:08:21+00:00\" \/>\n<meta property=\"article:modified_time\" content=\"2026-04-28T11:08:25+00:00\" \/>\n<meta property=\"og:image\" content=\"https:\/\/www.noticiasradioreflejos.com.ar\/2021\/wp-content\/uploads\/2025\/10\/Sierra-con-vientos.jpg\" \/>\n\t<meta property=\"og:image:width\" content=\"1024\" \/>\n\t<meta property=\"og:image:height\" content=\"585\" \/>\n\t<meta property=\"og:image:type\" content=\"image\/jpeg\" \/>\n<meta name=\"author\" content=\"Arnaldo Botto\" \/>\n<meta name=\"twitter:card\" content=\"summary_large_image\" \/>\n<script type=\"application\/ld+json\" class=\"yoast-schema-graph\">{\"@context\":\"https:\/\/schema.org\",\"@graph\":[{\"@type\":\"WebPage\",\"@id\":\"https:\/\/www.noticiasradioreflejos.com.ar\/2021\/de-la-calma-a-la-tempestad-alerta-amarilla-por-tormentas-y-rafagas-en-la-region\/\",\"url\":\"https:\/\/www.noticiasradioreflejos.com.ar\/2021\/de-la-calma-a-la-tempestad-alerta-amarilla-por-tormentas-y-rafagas-en-la-region\/\",\"name\":\"De la calma a la tempestad: Alerta amarilla por tormentas y r\u00e1fagas en la regi\u00f3n - Noticias Radio Reflejos\",\"isPartOf\":{\"@id\":\"https:\/\/www.noticiasradioreflejos.com.ar\/2021\/#website\"},\"primaryImageOfPage\":{\"@id\":\"https:\/\/www.noticiasradioreflejos.com.ar\/2021\/de-la-calma-a-la-tempestad-alerta-amarilla-por-tormentas-y-rafagas-en-la-region\/#primaryimage\"},\"image\":{\"@id\":\"https:\/\/www.noticiasradioreflejos.com.ar\/2021\/de-la-calma-a-la-tempestad-alerta-amarilla-por-tormentas-y-rafagas-en-la-region\/#primaryimage\"},\"thumbnailUrl\":\"https:\/\/www.noticiasradioreflejos.com.ar\/2021\/wp-content\/uploads\/2025\/10\/Sierra-con-vientos.jpg\",\"datePublished\":\"2026-04-28T11:08:21+00:00\",\"dateModified\":\"2026-04-28T11:08:25+00:00\",\"author\":{\"@id\":\"https:\/\/www.noticiasradioreflejos.com.ar\/2021\/#\/schema\/person\/ad82545263dcc5ec0996818884fd5fb1\"},\"breadcrumb\":{\"@id\":\"https:\/\/www.noticiasradioreflejos.com.ar\/2021\/de-la-calma-a-la-tempestad-alerta-amarilla-por-tormentas-y-rafagas-en-la-region\/#breadcrumb\"},\"inLanguage\":\"es\",\"potentialAction\":[{\"@type\":\"ReadAction\",\"target\":[\"https:\/\/www.noticiasradioreflejos.com.ar\/2021\/de-la-calma-a-la-tempestad-alerta-amarilla-por-tormentas-y-rafagas-en-la-region\/\"]}]},{\"@type\":\"ImageObject\",\"inLanguage\":\"es\",\"@id\":\"https:\/\/www.noticiasradioreflejos.com.ar\/2021\/de-la-calma-a-la-tempestad-alerta-amarilla-por-tormentas-y-rafagas-en-la-region\/#primaryimage\",\"url\":\"https:\/\/www.noticiasradioreflejos.com.ar\/2021\/wp-content\/uploads\/2025\/10\/Sierra-con-vientos.jpg\",\"contentUrl\":\"https:\/\/www.noticiasradioreflejos.com.ar\/2021\/wp-content\/uploads\/2025\/10\/Sierra-con-vientos.jpg\",\"width\":1024,\"height\":585},{\"@type\":\"BreadcrumbList\",\"@id\":\"https:\/\/www.noticiasradioreflejos.com.ar\/2021\/de-la-calma-a-la-tempestad-alerta-amarilla-por-tormentas-y-rafagas-en-la-region\/#breadcrumb\",\"itemListElement\":[{\"@type\":\"ListItem\",\"position\":1,\"name\":\"Portada\",\"item\":\"https:\/\/www.noticiasradioreflejos.com.ar\/2021\/\"},{\"@type\":\"ListItem\",\"position\":2,\"name\":\"De la calma a la tempestad: Alerta amarilla por tormentas y r\u00e1fagas en la regi\u00f3n\"}]},{\"@type\":\"WebSite\",\"@id\":\"https:\/\/www.noticiasradioreflejos.com.ar\/2021\/#website\",\"url\":\"https:\/\/www.noticiasradioreflejos.com.ar\/2021\/\",\"name\":\"Noticias Radio Reflejos\",\"description\":\"Las noticias de mi comarca\",\"potentialAction\":[{\"@type\":\"SearchAction\",\"target\":{\"@type\":\"EntryPoint\",\"urlTemplate\":\"https:\/\/www.noticiasradioreflejos.com.ar\/2021\/?s={search_term_string}\"},\"query-input\":{\"@type\":\"PropertyValueSpecification\",\"valueRequired\":true,\"valueName\":\"search_term_string\"}}],\"inLanguage\":\"es\"},{\"@type\":\"Person\",\"@id\":\"https:\/\/www.noticiasradioreflejos.com.ar\/2021\/#\/schema\/person\/ad82545263dcc5ec0996818884fd5fb1\",\"name\":\"Arnaldo Botto\",\"image\":{\"@type\":\"ImageObject\",\"inLanguage\":\"es\",\"@id\":\"https:\/\/www.noticiasradioreflejos.com.ar\/2021\/#\/schema\/person\/image\/\",\"url\":\"https:\/\/secure.gravatar.com\/avatar\/55cb5e37c1efa326397366e6974cb338056df65cb50e7d64d1cf314e87504837?s=96&d=mm&r=g\",\"contentUrl\":\"https:\/\/secure.gravatar.com\/avatar\/55cb5e37c1efa326397366e6974cb338056df65cb50e7d64d1cf314e87504837?s=96&d=mm&r=g\",\"caption\":\"Arnaldo Botto\"},\"url\":\"https:\/\/www.noticiasradioreflejos.com.ar\/2021\/author\/arnaldo\/\"}]}<\/script>\n<!-- \/ Yoast SEO plugin. -->","yoast_head_json":{"title":"De la calma a la tempestad: Alerta amarilla por tormentas y r\u00e1fagas en la regi\u00f3n - Noticias Radio Reflejos","robots":{"index":"index","follow":"follow","max-snippet":"max-snippet:-1","max-image-preview":"max-image-preview:large","max-video-preview":"max-video-preview:-1"},"canonical":"https:\/\/www.noticiasradioreflejos.com.ar\/2021\/de-la-calma-a-la-tempestad-alerta-amarilla-por-tormentas-y-rafagas-en-la-region\/","og_locale":"es_ES","og_type":"article","og_title":"De la calma a la tempestad: Alerta amarilla por tormentas y r\u00e1fagas en la regi\u00f3n - Noticias Radio Reflejos","og_description":"Tras un martes templado y soleado, el Servicio Meteorol\u00f3gico Nacional emiti\u00f3 un aviso por fen\u00f3menos intensos que afectar\u00e1n la madrugada del mi\u00e9rcoles. Se esperan vientos superiores a los 60 km\/h.","og_url":"https:\/\/www.noticiasradioreflejos.com.ar\/2021\/de-la-calma-a-la-tempestad-alerta-amarilla-por-tormentas-y-rafagas-en-la-region\/","og_site_name":"Noticias Radio Reflejos","article_published_time":"2026-04-28T11:08:21+00:00","article_modified_time":"2026-04-28T11:08:25+00:00","og_image":[{"width":1024,"height":585,"url":"https:\/\/www.noticiasradioreflejos.com.ar\/2021\/wp-content\/uploads\/2025\/10\/Sierra-con-vientos.jpg","type":"image\/jpeg"}],"author":"Arnaldo Botto","twitter_card":"summary_large_image","schema":{"@context":"https:\/\/schema.org","@graph":[{"@type":"WebPage","@id":"https:\/\/www.noticiasradioreflejos.com.ar\/2021\/de-la-calma-a-la-tempestad-alerta-amarilla-por-tormentas-y-rafagas-en-la-region\/","url":"https:\/\/www.noticiasradioreflejos.com.ar\/2021\/de-la-calma-a-la-tempestad-alerta-amarilla-por-tormentas-y-rafagas-en-la-region\/","name":"De la calma a la tempestad: Alerta amarilla por tormentas y r\u00e1fagas en la regi\u00f3n - Noticias Radio Reflejos","isPartOf":{"@id":"https:\/\/www.noticiasradioreflejos.com.ar\/2021\/#website"},"primaryImageOfPage":{"@id":"https:\/\/www.noticiasradioreflejos.com.ar\/2021\/de-la-calma-a-la-tempestad-alerta-amarilla-por-tormentas-y-rafagas-en-la-region\/#primaryimage"},"image":{"@id":"https:\/\/www.noticiasradioreflejos.com.ar\/2021\/de-la-calma-a-la-tempestad-alerta-amarilla-por-tormentas-y-rafagas-en-la-region\/#primaryimage"},"thumbnailUrl":"https:\/\/www.noticiasradioreflejos.com.ar\/2021\/wp-content\/uploads\/2025\/10\/Sierra-con-vientos.jpg","datePublished":"2026-04-28T11:08:21+00:00","dateModified":"2026-04-28T11:08:25+00:00","author":{"@id":"https:\/\/www.noticiasradioreflejos.com.ar\/2021\/#\/schema\/person\/ad82545263dcc5ec0996818884fd5fb1"},"breadcrumb":{"@id":"https:\/\/www.noticiasradioreflejos.com.ar\/2021\/de-la-calma-a-la-tempestad-alerta-amarilla-por-tormentas-y-rafagas-en-la-region\/#breadcrumb"},"inLanguage":"es","potentialAction":[{"@type":"ReadAction","target":["https:\/\/www.noticiasradioreflejos.com.ar\/2021\/de-la-calma-a-la-tempestad-alerta-amarilla-por-tormentas-y-rafagas-en-la-region\/"]}]},{"@type":"ImageObject","inLanguage":"es","@id":"https:\/\/www.noticiasradioreflejos.com.ar\/2021\/de-la-calma-a-la-tempestad-alerta-amarilla-por-tormentas-y-rafagas-en-la-region\/#primaryimage","url":"https:\/\/www.noticiasradioreflejos.com.ar\/2021\/wp-content\/uploads\/2025\/10\/Sierra-con-vientos.jpg","contentUrl":"https:\/\/www.noticiasradioreflejos.com.ar\/2021\/wp-content\/uploads\/2025\/10\/Sierra-con-vientos.jpg","width":1024,"height":585},{"@type":"BreadcrumbList","@id":"https:\/\/www.noticiasradioreflejos.com.ar\/2021\/de-la-calma-a-la-tempestad-alerta-amarilla-por-tormentas-y-rafagas-en-la-region\/#breadcrumb","itemListElement":[{"@type":"ListItem","position":1,"name":"Portada","item":"https:\/\/www.noticiasradioreflejos.com.ar\/2021\/"},{"@type":"ListItem","position":2,"name":"De la calma a la tempestad: Alerta amarilla por tormentas y r\u00e1fagas en la regi\u00f3n"}]},{"@type":"WebSite","@id":"https:\/\/www.noticiasradioreflejos.com.ar\/2021\/#website","url":"https:\/\/www.noticiasradioreflejos.com.ar\/2021\/","name":"Noticias Radio Reflejos","description":"Las noticias de mi comarca","potentialAction":[{"@type":"SearchAction","target":{"@type":"EntryPoint","urlTemplate":"https:\/\/www.noticiasradioreflejos.com.ar\/2021\/?s={search_term_string}"},"query-input":{"@type":"PropertyValueSpecification","valueRequired":true,"valueName":"search_term_string"}}],"inLanguage":"es"},{"@type":"Person","@id":"https:\/\/www.noticiasradioreflejos.com.ar\/2021\/#\/schema\/person\/ad82545263dcc5ec0996818884fd5fb1","name":"Arnaldo Botto","image":{"@type":"ImageObject","inLanguage":"es","@id":"https:\/\/www.noticiasradioreflejos.com.ar\/2021\/#\/schema\/person\/image\/","url":"https:\/\/secure.gravatar.com\/avatar\/55cb5e37c1efa326397366e6974cb338056df65cb50e7d64d1cf314e87504837?s=96&d=mm&r=g","contentUrl":"https:\/\/secure.gravatar.com\/avatar\/55cb5e37c1efa326397366e6974cb338056df65cb50e7d64d1cf314e87504837?s=96&d=mm&r=g","caption":"Arnaldo Botto"},"url":"https:\/\/www.noticiasradioreflejos.com.ar\/2021\/author\/arnaldo\/"}]}},"_links":{"self":[{"href":"https:\/\/www.noticiasradioreflejos.com.ar\/2021\/wp-json\/wp\/v2\/posts\/136532","targetHints":{"allow":["GET"]}}],"collection":[{"href":"https:\/\/www.noticiasradioreflejos.com.ar\/2021\/wp-json\/wp\/v2\/posts"}],"about":[{"href":"https:\/\/www.noticiasradioreflejos.com.ar\/2021\/wp-json\/wp\/v2\/types\/post"}],"author":[{"embeddable":true,"href":"https:\/\/www.noticiasradioreflejos.com.ar\/2021\/wp-json\/wp\/v2\/users\/3"}],"replies":[{"embeddable":true,"href":"https:\/\/www.noticiasradioreflejos.com.ar\/2021\/wp-json\/wp\/v2\/comments?post=136532"}],"version-history":[{"count":2,"href":"https:\/\/www.noticiasradioreflejos.com.ar\/2021\/wp-json\/wp\/v2\/posts\/136532\/revisions"}],"predecessor-version":[{"id":136535,"href":"https:\/\/www.noticiasradioreflejos.com.ar\/2021\/wp-json\/wp\/v2\/posts\/136532\/revisions\/136535"}],"wp:featuredmedia":[{"embeddable":true,"href":"https:\/\/www.noticiasradioreflejos.com.ar\/2021\/wp-json\/wp\/v2\/media\/126972"}],"wp:attachment":[{"href":"https:\/\/www.noticiasradioreflejos.com.ar\/2021\/wp-json\/wp\/v2\/media?parent=136532"}],"wp:term":[{"taxonomy":"category","embeddable":true,"href":"https:\/\/www.noticiasradioreflejos.com.ar\/2021\/wp-json\/wp\/v2\/categories?post=136532"},{"taxonomy":"post_tag","embeddable":true,"href":"https:\/\/www.noticiasradioreflejos.com.ar\/2021\/wp-json\/wp\/v2\/tags?post=136532"}],"curies":[{"name":"wp","href":"https:\/\/api.w.org\/{rel}","templated":true}]}}