{"id":136530,"date":"2026-04-28T07:21:28","date_gmt":"2026-04-28T10:21:28","guid":{"rendered":"https:\/\/www.noticiasradioreflejos.com.ar\/2021\/?p=136530"},"modified":"2026-04-28T07:21:28","modified_gmt":"2026-04-28T10:21:28","slug":"entre-denuncias-y-blindaje-oficial-adorni-va-al-congreso-a-dar-su-primer-informe-de-gestion","status":"publish","type":"post","link":"https:\/\/www.noticiasradioreflejos.com.ar\/2021\/entre-denuncias-y-blindaje-oficial-adorni-va-al-congreso-a-dar-su-primer-informe-de-gestion\/","title":{"rendered":"Entre denuncias y blindaje oficial, Adorni va al Congreso a dar su primer informe de gesti\u00f3n"},"content":{"rendered":"<div id=\"tdi_58\" class=\"tdc-row stretch_row_content_no_space td-stretch-content\">\n<div class=\"vc_row tdi_59  wpb_row td-pb-row\">\n<div class=\"vc_column tdi_61  wpb_column vc_column_container tdc-column td-pb-span12\">\n<div class=\"wpb_wrapper\">\n<div class=\"td_block_wrap tdb_title tdi_63 tdb-single-title td-pb-border-top td_block_template_1\" data-td-block-uid=\"tdi_63\">\n<div class=\"tdb-block-inner td-fix-index\">\n<div>Este mi\u00e9rcoles, el jefe de Gabinete dar\u00e1 su primer informe de gesti\u00f3n con Milei en el palco y y responder\u00e1 a miles de preguntas pendientes. Universidades, discapacidad y PAMI son algunos de los temas que se tratar\u00e1n, adem\u00e1s de los problemas judiciales de Adorni.<\/div>\n<\/div>\n<\/div>\n<\/div>\n<\/div>\n<div><\/div>\n<\/div>\n<\/div>\n<p><!--more--><\/p>\n<div id=\"tdi_64\" class=\"tdc-row stretch_row_content_no_space td-stretch-content\">\n<div class=\"vc_row tdi_65 td-ss-row wpb_row td-pb-row\">\n<div class=\"vc_column tdi_67  wpb_column vc_column_container tdc-column td-pb-span8\">\n<div class=\"wpb_wrapper\">\n<div class=\"td_block_wrap tdb_single_content tdi_72 td-pb-border-top td_block_template_1 td-post-content tagdiv-type\" data-td-block-uid=\"tdi_72\">\n<div class=\"tdb-block-inner td-fix-index\">\n<p>El mi\u00e9rcoles 29 de abril, <strong>Manuel Adorni<\/strong>\u00a0enfrentar\u00e1 al\u00a0<strong>Congreso\u00a0<\/strong>para presentar su primer informe de gesti\u00f3n como jefe de\u00a0<strong>Gabinete<\/strong>. En la presentaci\u00f3n, que comenzar\u00eda entre las 10 y las 11, estar\u00eda presente\u00a0<strong><a href=\"https:\/\/www.notaalpie.com.ar\/2026\/04\/24\/milei-respalda-a-adorni\/\"><mark class=\"has-inline-color has-light-green-cyan-color\">Javier Milei<\/mark><\/a><\/strong>\u00a0junto a su hermana\u00a0<strong>Karina\u00a0<\/strong>y el resto del Gabinete para demostrar un respaldo total al vocero.<\/p>\n<p>Ser\u00e1 el informe 145\u00b0 desde que se cre\u00f3 la jefatura de Gabinete. A 175 d\u00edas de su asunci\u00f3n, Adorni tendr\u00e1 que responder por su gesti\u00f3n en medio de las\u00a0<a href=\"https:\/\/www.notaalpie.com.ar\/2026\/04\/15\/declaracion-colegio-escribanos\/\"><mark class=\"has-inline-color has-light-green-cyan-color\">denuncias por la compra de inmuebles que no incluy\u00f3 en su declaraci\u00f3n jurada<\/mark><\/a>. Por esa raz\u00f3n, hubo un r\u00e9cord de preguntas y\u00a0<strong>el vocero habr\u00eda respondido unas 2000 de un total de 4800<\/strong>. Adem\u00e1s de las denuncias, se espera cuestionamientos por el ajuste a las universidades, en discapacidad y PAMI, entre otras \u00e1reas.<\/p>\n<h2 class=\"wp-block-heading\">\u00bfC\u00f3mo ser\u00e1 el informe de gesti\u00f3n de Adorni?<\/h2>\n<figure class=\"wp-block-image size-full\"><img loading=\"lazy\" decoding=\"async\" class=\"wp-image-273305 entered lazyloaded td-animation-stack-type0-2\" title=\"Entre denuncias y blindaje oficial, Adorni va al Congreso a dar su primer informe de gesti\u00f3n 2\" src=\"https:\/\/www.notaalpie.com.ar\/wp-content\/uploads\/2026\/04\/milei-jura-diputados-2-1.webp\" sizes=\"auto, (max-width: 655px) 100vw, 655px\" srcset=\"https:\/\/www.notaalpie.com.ar\/wp-content\/uploads\/2026\/04\/milei-jura-diputados-2-1.webp 655w,  https:\/\/www.notaalpie.com.ar\/wp-content\/uploads\/2026\/04\/milei-jura-diputados-2-1-650x365.webp 650w,  https:\/\/www.notaalpie.com.ar\/wp-content\/uploads\/2026\/04\/milei-jura-diputados-2-1-150x84.webp 150w,  https:\/\/www.notaalpie.com.ar\/wp-content\/uploads\/2026\/04\/milei-jura-diputados-2-1-300x169.webp 300w\" alt=\"milei jura diputados 2 1\" width=\"655\" height=\"368\" data-lazy-srcset=\"https:\/\/www.notaalpie.com.ar\/wp-content\/uploads\/2026\/04\/milei-jura-diputados-2-1.webp 655w,  https:\/\/www.notaalpie.com.ar\/wp-content\/uploads\/2026\/04\/milei-jura-diputados-2-1-650x365.webp 650w,  https:\/\/www.notaalpie.com.ar\/wp-content\/uploads\/2026\/04\/milei-jura-diputados-2-1-150x84.webp 150w,  https:\/\/www.notaalpie.com.ar\/wp-content\/uploads\/2026\/04\/milei-jura-diputados-2-1-300x169.webp 300w\" data-lazy-sizes=\"(max-width: 655px) 100vw, 655px\" data-lazy-src=\"https:\/\/www.notaalpie.com.ar\/wp-content\/uploads\/2026\/04\/milei-jura-diputados-2-1.webp\" data-ll-status=\"loaded\" \/><figcaption class=\"wp-element-caption\">Estar\u00eda todo el Gabinete apoyando a Manuel Adorni en el Congreso. Cr\u00e9dito: Casa Rosada.<\/figcaption><\/figure>\n<hr class=\"wp-block-separator has-alpha-channel-opacity is-style-wide\" \/>\n<p>&nbsp;<\/p>\n<p><strong>Se estima que el informe durar\u00e1 6 horas<\/strong>. Iniciar\u00eda con una presentaci\u00f3n de una hora del jefe de Gabinete y luego se dar\u00e1 paso a las preguntas que estar\u00e1n divididas en tres bloques. Comenzar\u00e1n los bloques m\u00e1s chicos, que son nueve, y tendr\u00e1n cinco minutos cada uno. Se calcula que ser\u00e1n 50 minutos en total para preguntar, mientras que Adorni contar\u00e1 con 20 para responder.<\/p>\n<p>Posteriormente ser\u00e1 el turno de\u00a0<strong>Innovaci\u00f3n Federal<\/strong>\u00a0(tendr\u00e1 11 minutos),\u00a0<strong>Unidos\u00a0<\/strong>(20 minutos) y\u00a0<strong>Fuerzas del Cambio<\/strong>\u00a0(tambi\u00e9n 20 minutos). Adorni contar\u00e1 con otros 20 minutos para contestar. En tanto, a\u00a0<strong>Uni\u00f3n por la Patria<\/strong>\u00a0le corresponde 68 minutos para formular preguntas. El cierre estar\u00e1 a cargo de\u00a0<strong>La Libertad Avanza<\/strong>\u00a0y se espera que le den parte del tiempo al jefe de Gabinete para que finalice.<\/p>\n<h2 class=\"wp-block-heading\">Las estrategias de ambos lados<\/h2>\n<figure class=\"wp-block-image size-large\"><img loading=\"lazy\" decoding=\"async\" class=\"wp-image-237994 entered lazyloaded td-animation-stack-type0-2\" title=\"Entre denuncias y blindaje oficial, Adorni va al Congreso a dar su primer informe de gesti\u00f3n 3\" src=\"https:\/\/www.notaalpie.com.ar\/wp-content\/uploads\/2025\/11\/german-martinez-diputado-uxp-foto-camara-de-diputados-WNRPUIIGPBET7IRDSXUFGFXDLM-1200x799.webp\" sizes=\"auto, (max-width: 1200px) 100vw, 1200px\" srcset=\"https:\/\/www.notaalpie.com.ar\/wp-content\/uploads\/2025\/11\/german-martinez-diputado-uxp-foto-camara-de-diputados-WNRPUIIGPBET7IRDSXUFGFXDLM-1200x799.webp 1200w,  https:\/\/www.notaalpie.com.ar\/wp-content\/uploads\/2025\/11\/german-martinez-diputado-uxp-foto-camara-de-diputados-WNRPUIIGPBET7IRDSXUFGFXDLM-650x433.webp 650w,  https:\/\/www.notaalpie.com.ar\/wp-content\/uploads\/2025\/11\/german-martinez-diputado-uxp-foto-camara-de-diputados-WNRPUIIGPBET7IRDSXUFGFXDLM-768x511.webp 768w,  https:\/\/www.notaalpie.com.ar\/wp-content\/uploads\/2025\/11\/german-martinez-diputado-uxp-foto-camara-de-diputados-WNRPUIIGPBET7IRDSXUFGFXDLM-631x420.webp 631w,  https:\/\/www.notaalpie.com.ar\/wp-content\/uploads\/2025\/11\/german-martinez-diputado-uxp-foto-camara-de-diputados-WNRPUIIGPBET7IRDSXUFGFXDLM-150x100.webp 150w,  https:\/\/www.notaalpie.com.ar\/wp-content\/uploads\/2025\/11\/german-martinez-diputado-uxp-foto-camara-de-diputados-WNRPUIIGPBET7IRDSXUFGFXDLM-300x200.webp 300w,  https:\/\/www.notaalpie.com.ar\/wp-content\/uploads\/2025\/11\/german-martinez-diputado-uxp-foto-camara-de-diputados-WNRPUIIGPBET7IRDSXUFGFXDLM-696x464.webp 696w,  https:\/\/www.notaalpie.com.ar\/wp-content\/uploads\/2025\/11\/german-martinez-diputado-uxp-foto-camara-de-diputados-WNRPUIIGPBET7IRDSXUFGFXDLM-1068x711.webp 1068w,  https:\/\/www.notaalpie.com.ar\/wp-content\/uploads\/2025\/11\/german-martinez-diputado-uxp-foto-camara-de-diputados-WNRPUIIGPBET7IRDSXUFGFXDLM.webp 1440w\" alt=\"german martinez diputado uxp foto camara de diputados WNRPUIIGPBET7IRDSXUFGFXDLM\" width=\"1200\" height=\"799\" data-lazy-srcset=\"https:\/\/www.notaalpie.com.ar\/wp-content\/uploads\/2025\/11\/german-martinez-diputado-uxp-foto-camara-de-diputados-WNRPUIIGPBET7IRDSXUFGFXDLM-1200x799.webp 1200w,  https:\/\/www.notaalpie.com.ar\/wp-content\/uploads\/2025\/11\/german-martinez-diputado-uxp-foto-camara-de-diputados-WNRPUIIGPBET7IRDSXUFGFXDLM-650x433.webp 650w,  https:\/\/www.notaalpie.com.ar\/wp-content\/uploads\/2025\/11\/german-martinez-diputado-uxp-foto-camara-de-diputados-WNRPUIIGPBET7IRDSXUFGFXDLM-768x511.webp 768w,  https:\/\/www.notaalpie.com.ar\/wp-content\/uploads\/2025\/11\/german-martinez-diputado-uxp-foto-camara-de-diputados-WNRPUIIGPBET7IRDSXUFGFXDLM-631x420.webp 631w,  https:\/\/www.notaalpie.com.ar\/wp-content\/uploads\/2025\/11\/german-martinez-diputado-uxp-foto-camara-de-diputados-WNRPUIIGPBET7IRDSXUFGFXDLM-150x100.webp 150w,  https:\/\/www.notaalpie.com.ar\/wp-content\/uploads\/2025\/11\/german-martinez-diputado-uxp-foto-camara-de-diputados-WNRPUIIGPBET7IRDSXUFGFXDLM-300x200.webp 300w,  https:\/\/www.notaalpie.com.ar\/wp-content\/uploads\/2025\/11\/german-martinez-diputado-uxp-foto-camara-de-diputados-WNRPUIIGPBET7IRDSXUFGFXDLM-696x464.webp 696w,  https:\/\/www.notaalpie.com.ar\/wp-content\/uploads\/2025\/11\/german-martinez-diputado-uxp-foto-camara-de-diputados-WNRPUIIGPBET7IRDSXUFGFXDLM-1068x711.webp 1068w,  https:\/\/www.notaalpie.com.ar\/wp-content\/uploads\/2025\/11\/german-martinez-diputado-uxp-foto-camara-de-diputados-WNRPUIIGPBET7IRDSXUFGFXDLM.webp 1440w\" data-lazy-sizes=\"(max-width: 1200px) 100vw, 1200px\" data-lazy-src=\"https:\/\/www.notaalpie.com.ar\/wp-content\/uploads\/2025\/11\/german-martinez-diputado-uxp-foto-camara-de-diputados-WNRPUIIGPBET7IRDSXUFGFXDLM-1200x799.webp\" data-ll-status=\"loaded\" \/><figcaption class=\"wp-element-caption\">Seg\u00fan Germ\u00e1n Mart\u00ednez, jefe del bloque de Uni\u00f3n por la Patria en Diputados, el Gobierno llega en el \u00abpeor momento de relaci\u00f3n\u00bb al Congreso. Cr\u00e9dito: C\u00e1mara de Diputados.<\/figcaption><\/figure>\n<hr class=\"wp-block-separator has-alpha-channel-opacity is-style-wide\" \/>\n<p>&nbsp;<\/p>\n<p>A diferencia de otras oportunidades en que lo hicieron en el mismo d\u00eda, desde el oficialismo enviar\u00edan el informe 24 horas antes de la sesi\u00f3n. Para llegar a estas definiciones, el mi\u00e9rcoles se reunieron el secretario de\u00a0<strong>Asuntos Estrat\u00e9gicos Ignacio Devitt<\/strong>, por el lado de Adorni, y\u00a0<strong>Adri\u00e1n Pag\u00e1n<\/strong>, secretario\u00a0<strong>Parlamentario\u00a0<\/strong>que responde a\u00a0<strong>Mart\u00edn Menem<\/strong>. Ambos decidieron que no habr\u00e1 reuni\u00f3n de labor parlamentaria.<\/p>\n<p>Adorni prepar\u00f3 su discurso, entre otros, con\u00a0<strong>Aim\u00e9 \u201cMeme\u201d V\u00e1squez<\/strong>\u00a0(su jefa de Gabinete),\u00a0<strong>Javier Lanari\u00a0<\/strong>(secretario de\u00a0<strong>Comunicaci\u00f3n<\/strong>), Ignacio Devitt y\u00a0<strong>Federico Esteban Sicilia<\/strong>\u00a0(secretario de\u00a0<strong>Coordinaci\u00f3n Legal y Administrativa<\/strong>). Aunque adelantaron que eso no ser\u00eda parte del contenido, en los \u00faltimos d\u00edas corri\u00f3 el rumor de que se estaban preparando para defenderse utilizando inconsistencias en las declaraciones juradas de los diputados.<\/p>\n<p>Su discurso estar\u00eda centrado en los logros de gesti\u00f3n y en la \u201cestabilidad macro lograda\u201d. Adem\u00e1s, desde la\u00a0<strong>Casa Rosada\u00a0<\/strong>repiten que no hablar\u00e1 de las causas judiciales en su contra ni de las inconsistencias en sus declaraciones juradas \u201cporque es un tema de la\u00a0<strong>Justicia<\/strong>\u201d. A su vez, hace unas semanas, Menem pidi\u00f3 que \u201ccompren pochoclos\u201d porque ser\u00e1 una \u201csesi\u00f3n picante\u201d.<\/p>\n<p>La oposici\u00f3n entiende que si el jefe de Gabinete intenta polarizar, ellos no deben caer en esa trampa y tienen que sostener el interrogatorio hasta el final. No quieren que suceda lo mismo que en la sesi\u00f3n informativa anterior, cuando\u00a0<strong>Guillermo Francos<\/strong>\u00a0se retir\u00f3 antes porque una senadora lo trat\u00f3 de \u201cmentiroso\u201d. Se reunir\u00e1n este lunes para terminar de definir la estrategia.<\/p>\n<p><strong>Maximiliano Ferraro<\/strong>, de la\u00a0<strong>Coalici\u00f3n C\u00edvica<\/strong>, le detall\u00f3 a\u00a0<strong>Clar\u00edn<\/strong>\u00a0que no deben \u201centrar en el show ni en el barro vulgar y violento que pueden llegar a proponer\u201d y que tienen que \u201cser precisos y muy contundentes en las preguntas sensibles sobre la gesti\u00f3n\u201d. En el mismo medio, una voz importante del bloque peronista detall\u00f3 que \u201cla idea es no entrar en el circo de Adorni y no dejar de hablar de los temas de la gente\u201d.<\/p>\n<p>En esa l\u00ednea tambi\u00e9n se pronunci\u00f3\u00a0<strong>Myriam Bregman<\/strong>\u00a0en conversaci\u00f3n con\u00a0<strong>TN<\/strong>: \u201cSe est\u00e1 armando un show y Milei est\u00e1 apoyando a una persona que tiene el desprestigio social m\u00e1s grande que puede haber en este momento. Adorni no puede entrar y salir del Congreso como si se tratase de una rendici\u00f3n de cuentas m\u00e1s. As\u00ed se esquiva el debate real. Tiene que haber una moci\u00f3n de censura, desde nuestro bloque hemos presentado un proyecto en ese sentido\u201d.<\/p>\n<p>Dentro de las opciones que plantea la oposici\u00f3n, el portal\u00a0<strong>La Pol\u00edtica Online<\/strong>\u00a0se\u00f1ala que fuentes parlamentarias le confiaron que \u201cse est\u00e1 pensando en bloquear las salidas del recinto para que Adorni no se pueda escapar como Guillermo Francos\u201d.<\/p>\n<p>La sesi\u00f3n contar\u00e1 con la presencia de Javier y Karina Milei y de varios de sus ministros como muestra de apoyo a Manuel Adorni.\u00a0<strong><a href=\"https:\/\/x.com\/EstebanPaulon\/status\/2048843676999459319\"><mark class=\"has-inline-color has-light-green-cyan-color\">Esteban Paul\u00f3n<\/mark><\/a><\/strong>, con el fin de que no se genere un clima \u201cpoco favorable\u201d, present\u00f3 una nota al presidente de la\u00a0<strong>C\u00e1mara de Diputados<\/strong>\u00a0para que se restrinja quienes ingresan para que no suceda lo que pas\u00f3 en la apertura de las sesiones ordinarias del 1\u00b0 de marzo.<\/p>\n<\/div>\n<\/div>\n<\/div>\n<\/div>\n<\/div>\n<\/div>\n<p>&nbsp;<\/p>\n<div class=\"addtoany_header\">\n<div class=\"td_block_wrap tdb_single_reading_time tdi_70 td-pb-border-top td_block_template_1 tdb-post-meta\" data-td-block-uid=\"tdi_70\">\n<div class=\"tdb-block-inner td-fix-index\"><\/div>\n<\/div>\n<div class=\"wpb_wrapper td_block_wrap td_block_wrap tdb_global_shortcode tdi_71  td-pb-border-top td_block_template_1\">\n<div class=\"td-fix-index\">\n<div class=\"pp-multiple-authors-boxes-wrapper pp-multiple-authors-wrapper pp-multiple-authors-layout-simple_list multiple-authors-target-shortcode box-post-id-78334 box-instance-id-1 ppma_boxes_78334\" data-post_id=\"78334\" data-instance_id=\"1\" data-additional_class=\"pp-multiple-authors-layout-simple_list.multiple-authors-target-shortcode\" data-original_class=\"pp-multiple-authors-boxes-wrapper pp-multiple-authors-wrapper box-post-id-78334 box-instance-id-1\">\n<div class=\"ppma-author-category-wrap\">\n<ul class=\"pp-multiple-authors-boxes-ul author-ul-0\">\n<li class=\"pp-multiple-authors-boxes-li author_index_0 author_nahuelisella has-avatar\">\n<div class=\"pp-author-boxes-avatar\">\n<div class=\"avatar-image\"><img loading=\"lazy\" decoding=\"async\" class=\"multiple_authors_guest_author_avatar avatar entered lazyloaded td-animation-stack-type0-2\" src=\"https:\/\/www.notaalpie.com.ar\/wp-content\/uploads\/2023\/03\/117-Nahuel-Isella-Muscato.png\" srcset=\"https:\/\/www.notaalpie.com.ar\/wp-content\/uploads\/2023\/03\/117-Nahuel-Isella-Muscato.png\" alt=\"\" width=\"35\" height=\"35\" data-lazy-srcset=\"https:\/\/www.notaalpie.com.ar\/wp-content\/uploads\/2023\/03\/117-Nahuel-Isella-Muscato.png\" data-lazy-src=\"https:\/\/www.notaalpie.com.ar\/wp-content\/uploads\/2023\/03\/117-Nahuel-Isella-Muscato.png\" data-ll-status=\"loaded\" \/><\/div>\n<\/div>\n<div class=\"pp-author-boxes-avatar-details\">\n<div class=\"pp-author-boxes-name multiple-authors-name\"><a class=\"author url fn\" title=\"Nahuel Isella Muscato\" href=\"https:\/\/www.notaalpie.com.ar\/author\/nahuelisella\/\" rel=\"author\">Nahuel Isella Muscato &#8211; Nota al Pie<\/a><\/div>\n<\/div>\n<\/li>\n<\/ul>\n<\/div>\n<\/div>\n<\/div>\n<\/div>\n<\/div>\n<div><\/div>\n<p>&nbsp;<\/p>\n","protected":false},"excerpt":{"rendered":"<p>Este mi\u00e9rcoles, el jefe de Gabinete dar\u00e1 su primer informe de gesti\u00f3n con Milei en el palco y y responder\u00e1 a miles de preguntas pendientes. Universidades, discapacidad y PAMI son algunos de los temas que se tratar\u00e1n, adem\u00e1s de los problemas judiciales de Adorni.<\/p>\n","protected":false},"author":3,"featured_media":134602,"comment_status":"closed","ping_status":"closed","sticky":false,"template":"","format":"standard","meta":{"footnotes":""},"categories":[24],"tags":[],"class_list":["post-136530","post","type-post","status-publish","format-standard","has-post-thumbnail","hentry","category-politica"],"yoast_head":"<!-- This site is optimized with the Yoast SEO plugin v25.9 - https:\/\/yoast.com\/wordpress\/plugins\/seo\/ -->\n<title>Entre denuncias y blindaje oficial, Adorni va al Congreso a dar su primer informe de gesti\u00f3n - Noticias Radio Reflejos<\/title>\n<meta name=\"robots\" content=\"index, follow, max-snippet:-1, max-image-preview:large, max-video-preview:-1\" \/>\n<link rel=\"canonical\" href=\"https:\/\/www.noticiasradioreflejos.com.ar\/2021\/entre-denuncias-y-blindaje-oficial-adorni-va-al-congreso-a-dar-su-primer-informe-de-gestion\/\" \/>\n<meta property=\"og:locale\" content=\"es_ES\" \/>\n<meta property=\"og:type\" content=\"article\" \/>\n<meta property=\"og:title\" content=\"Entre denuncias y blindaje oficial, Adorni va al Congreso a dar su primer informe de gesti\u00f3n - Noticias Radio Reflejos\" \/>\n<meta property=\"og:description\" content=\"Este mi\u00e9rcoles, el jefe de Gabinete dar\u00e1 su primer informe de gesti\u00f3n con Milei en el palco y y responder\u00e1 a miles de preguntas pendientes. Universidades, discapacidad y PAMI son algunos de los temas que se tratar\u00e1n, adem\u00e1s de los problemas judiciales de Adorni.\" \/>\n<meta property=\"og:url\" content=\"https:\/\/www.noticiasradioreflejos.com.ar\/2021\/entre-denuncias-y-blindaje-oficial-adorni-va-al-congreso-a-dar-su-primer-informe-de-gestion\/\" \/>\n<meta property=\"og:site_name\" content=\"Noticias Radio Reflejos\" \/>\n<meta property=\"article:published_time\" content=\"2026-04-28T10:21:28+00:00\" \/>\n<meta property=\"og:image\" content=\"https:\/\/www.noticiasradioreflejos.com.ar\/2021\/wp-content\/uploads\/2026\/03\/adorni.webp\" \/>\n\t<meta property=\"og:image:width\" content=\"886\" \/>\n\t<meta property=\"og:image:height\" content=\"720\" \/>\n\t<meta property=\"og:image:type\" content=\"image\/webp\" \/>\n<meta name=\"author\" content=\"Arnaldo Botto\" \/>\n<meta name=\"twitter:card\" content=\"summary_large_image\" \/>\n<script type=\"application\/ld+json\" class=\"yoast-schema-graph\">{\"@context\":\"https:\/\/schema.org\",\"@graph\":[{\"@type\":\"WebPage\",\"@id\":\"https:\/\/www.noticiasradioreflejos.com.ar\/2021\/entre-denuncias-y-blindaje-oficial-adorni-va-al-congreso-a-dar-su-primer-informe-de-gestion\/\",\"url\":\"https:\/\/www.noticiasradioreflejos.com.ar\/2021\/entre-denuncias-y-blindaje-oficial-adorni-va-al-congreso-a-dar-su-primer-informe-de-gestion\/\",\"name\":\"Entre denuncias y blindaje oficial, Adorni va al Congreso a dar su primer informe de gesti\u00f3n - Noticias Radio Reflejos\",\"isPartOf\":{\"@id\":\"https:\/\/www.noticiasradioreflejos.com.ar\/2021\/#website\"},\"primaryImageOfPage\":{\"@id\":\"https:\/\/www.noticiasradioreflejos.com.ar\/2021\/entre-denuncias-y-blindaje-oficial-adorni-va-al-congreso-a-dar-su-primer-informe-de-gestion\/#primaryimage\"},\"image\":{\"@id\":\"https:\/\/www.noticiasradioreflejos.com.ar\/2021\/entre-denuncias-y-blindaje-oficial-adorni-va-al-congreso-a-dar-su-primer-informe-de-gestion\/#primaryimage\"},\"thumbnailUrl\":\"https:\/\/www.noticiasradioreflejos.com.ar\/2021\/wp-content\/uploads\/2026\/03\/adorni.webp\",\"datePublished\":\"2026-04-28T10:21:28+00:00\",\"author\":{\"@id\":\"https:\/\/www.noticiasradioreflejos.com.ar\/2021\/#\/schema\/person\/ad82545263dcc5ec0996818884fd5fb1\"},\"breadcrumb\":{\"@id\":\"https:\/\/www.noticiasradioreflejos.com.ar\/2021\/entre-denuncias-y-blindaje-oficial-adorni-va-al-congreso-a-dar-su-primer-informe-de-gestion\/#breadcrumb\"},\"inLanguage\":\"es\",\"potentialAction\":[{\"@type\":\"ReadAction\",\"target\":[\"https:\/\/www.noticiasradioreflejos.com.ar\/2021\/entre-denuncias-y-blindaje-oficial-adorni-va-al-congreso-a-dar-su-primer-informe-de-gestion\/\"]}]},{\"@type\":\"ImageObject\",\"inLanguage\":\"es\",\"@id\":\"https:\/\/www.noticiasradioreflejos.com.ar\/2021\/entre-denuncias-y-blindaje-oficial-adorni-va-al-congreso-a-dar-su-primer-informe-de-gestion\/#primaryimage\",\"url\":\"https:\/\/www.noticiasradioreflejos.com.ar\/2021\/wp-content\/uploads\/2026\/03\/adorni.webp\",\"contentUrl\":\"https:\/\/www.noticiasradioreflejos.com.ar\/2021\/wp-content\/uploads\/2026\/03\/adorni.webp\",\"width\":886,\"height\":720},{\"@type\":\"BreadcrumbList\",\"@id\":\"https:\/\/www.noticiasradioreflejos.com.ar\/2021\/entre-denuncias-y-blindaje-oficial-adorni-va-al-congreso-a-dar-su-primer-informe-de-gestion\/#breadcrumb\",\"itemListElement\":[{\"@type\":\"ListItem\",\"position\":1,\"name\":\"Portada\",\"item\":\"https:\/\/www.noticiasradioreflejos.com.ar\/2021\/\"},{\"@type\":\"ListItem\",\"position\":2,\"name\":\"Entre denuncias y blindaje oficial, Adorni va al Congreso a dar su primer informe de gesti\u00f3n\"}]},{\"@type\":\"WebSite\",\"@id\":\"https:\/\/www.noticiasradioreflejos.com.ar\/2021\/#website\",\"url\":\"https:\/\/www.noticiasradioreflejos.com.ar\/2021\/\",\"name\":\"Noticias Radio Reflejos\",\"description\":\"Las noticias de mi comarca\",\"potentialAction\":[{\"@type\":\"SearchAction\",\"target\":{\"@type\":\"EntryPoint\",\"urlTemplate\":\"https:\/\/www.noticiasradioreflejos.com.ar\/2021\/?s={search_term_string}\"},\"query-input\":{\"@type\":\"PropertyValueSpecification\",\"valueRequired\":true,\"valueName\":\"search_term_string\"}}],\"inLanguage\":\"es\"},{\"@type\":\"Person\",\"@id\":\"https:\/\/www.noticiasradioreflejos.com.ar\/2021\/#\/schema\/person\/ad82545263dcc5ec0996818884fd5fb1\",\"name\":\"Arnaldo Botto\",\"image\":{\"@type\":\"ImageObject\",\"inLanguage\":\"es\",\"@id\":\"https:\/\/www.noticiasradioreflejos.com.ar\/2021\/#\/schema\/person\/image\/\",\"url\":\"https:\/\/secure.gravatar.com\/avatar\/55cb5e37c1efa326397366e6974cb338056df65cb50e7d64d1cf314e87504837?s=96&d=mm&r=g\",\"contentUrl\":\"https:\/\/secure.gravatar.com\/avatar\/55cb5e37c1efa326397366e6974cb338056df65cb50e7d64d1cf314e87504837?s=96&d=mm&r=g\",\"caption\":\"Arnaldo Botto\"},\"url\":\"https:\/\/www.noticiasradioreflejos.com.ar\/2021\/author\/arnaldo\/\"}]}<\/script>\n<!-- \/ Yoast SEO plugin. -->","yoast_head_json":{"title":"Entre denuncias y blindaje oficial, Adorni va al Congreso a dar su primer informe de gesti\u00f3n - Noticias Radio Reflejos","robots":{"index":"index","follow":"follow","max-snippet":"max-snippet:-1","max-image-preview":"max-image-preview:large","max-video-preview":"max-video-preview:-1"},"canonical":"https:\/\/www.noticiasradioreflejos.com.ar\/2021\/entre-denuncias-y-blindaje-oficial-adorni-va-al-congreso-a-dar-su-primer-informe-de-gestion\/","og_locale":"es_ES","og_type":"article","og_title":"Entre denuncias y blindaje oficial, Adorni va al Congreso a dar su primer informe de gesti\u00f3n - Noticias Radio Reflejos","og_description":"Este mi\u00e9rcoles, el jefe de Gabinete dar\u00e1 su primer informe de gesti\u00f3n con Milei en el palco y y responder\u00e1 a miles de preguntas pendientes. Universidades, discapacidad y PAMI son algunos de los temas que se tratar\u00e1n, adem\u00e1s de los problemas judiciales de Adorni.","og_url":"https:\/\/www.noticiasradioreflejos.com.ar\/2021\/entre-denuncias-y-blindaje-oficial-adorni-va-al-congreso-a-dar-su-primer-informe-de-gestion\/","og_site_name":"Noticias Radio Reflejos","article_published_time":"2026-04-28T10:21:28+00:00","og_image":[{"width":886,"height":720,"url":"https:\/\/www.noticiasradioreflejos.com.ar\/2021\/wp-content\/uploads\/2026\/03\/adorni.webp","type":"image\/webp"}],"author":"Arnaldo Botto","twitter_card":"summary_large_image","schema":{"@context":"https:\/\/schema.org","@graph":[{"@type":"WebPage","@id":"https:\/\/www.noticiasradioreflejos.com.ar\/2021\/entre-denuncias-y-blindaje-oficial-adorni-va-al-congreso-a-dar-su-primer-informe-de-gestion\/","url":"https:\/\/www.noticiasradioreflejos.com.ar\/2021\/entre-denuncias-y-blindaje-oficial-adorni-va-al-congreso-a-dar-su-primer-informe-de-gestion\/","name":"Entre denuncias y blindaje oficial, Adorni va al Congreso a dar su primer informe de gesti\u00f3n - Noticias Radio Reflejos","isPartOf":{"@id":"https:\/\/www.noticiasradioreflejos.com.ar\/2021\/#website"},"primaryImageOfPage":{"@id":"https:\/\/www.noticiasradioreflejos.com.ar\/2021\/entre-denuncias-y-blindaje-oficial-adorni-va-al-congreso-a-dar-su-primer-informe-de-gestion\/#primaryimage"},"image":{"@id":"https:\/\/www.noticiasradioreflejos.com.ar\/2021\/entre-denuncias-y-blindaje-oficial-adorni-va-al-congreso-a-dar-su-primer-informe-de-gestion\/#primaryimage"},"thumbnailUrl":"https:\/\/www.noticiasradioreflejos.com.ar\/2021\/wp-content\/uploads\/2026\/03\/adorni.webp","datePublished":"2026-04-28T10:21:28+00:00","author":{"@id":"https:\/\/www.noticiasradioreflejos.com.ar\/2021\/#\/schema\/person\/ad82545263dcc5ec0996818884fd5fb1"},"breadcrumb":{"@id":"https:\/\/www.noticiasradioreflejos.com.ar\/2021\/entre-denuncias-y-blindaje-oficial-adorni-va-al-congreso-a-dar-su-primer-informe-de-gestion\/#breadcrumb"},"inLanguage":"es","potentialAction":[{"@type":"ReadAction","target":["https:\/\/www.noticiasradioreflejos.com.ar\/2021\/entre-denuncias-y-blindaje-oficial-adorni-va-al-congreso-a-dar-su-primer-informe-de-gestion\/"]}]},{"@type":"ImageObject","inLanguage":"es","@id":"https:\/\/www.noticiasradioreflejos.com.ar\/2021\/entre-denuncias-y-blindaje-oficial-adorni-va-al-congreso-a-dar-su-primer-informe-de-gestion\/#primaryimage","url":"https:\/\/www.noticiasradioreflejos.com.ar\/2021\/wp-content\/uploads\/2026\/03\/adorni.webp","contentUrl":"https:\/\/www.noticiasradioreflejos.com.ar\/2021\/wp-content\/uploads\/2026\/03\/adorni.webp","width":886,"height":720},{"@type":"BreadcrumbList","@id":"https:\/\/www.noticiasradioreflejos.com.ar\/2021\/entre-denuncias-y-blindaje-oficial-adorni-va-al-congreso-a-dar-su-primer-informe-de-gestion\/#breadcrumb","itemListElement":[{"@type":"ListItem","position":1,"name":"Portada","item":"https:\/\/www.noticiasradioreflejos.com.ar\/2021\/"},{"@type":"ListItem","position":2,"name":"Entre denuncias y blindaje oficial, Adorni va al Congreso a dar su primer informe de gesti\u00f3n"}]},{"@type":"WebSite","@id":"https:\/\/www.noticiasradioreflejos.com.ar\/2021\/#website","url":"https:\/\/www.noticiasradioreflejos.com.ar\/2021\/","name":"Noticias Radio Reflejos","description":"Las noticias de mi comarca","potentialAction":[{"@type":"SearchAction","target":{"@type":"EntryPoint","urlTemplate":"https:\/\/www.noticiasradioreflejos.com.ar\/2021\/?s={search_term_string}"},"query-input":{"@type":"PropertyValueSpecification","valueRequired":true,"valueName":"search_term_string"}}],"inLanguage":"es"},{"@type":"Person","@id":"https:\/\/www.noticiasradioreflejos.com.ar\/2021\/#\/schema\/person\/ad82545263dcc5ec0996818884fd5fb1","name":"Arnaldo Botto","image":{"@type":"ImageObject","inLanguage":"es","@id":"https:\/\/www.noticiasradioreflejos.com.ar\/2021\/#\/schema\/person\/image\/","url":"https:\/\/secure.gravatar.com\/avatar\/55cb5e37c1efa326397366e6974cb338056df65cb50e7d64d1cf314e87504837?s=96&d=mm&r=g","contentUrl":"https:\/\/secure.gravatar.com\/avatar\/55cb5e37c1efa326397366e6974cb338056df65cb50e7d64d1cf314e87504837?s=96&d=mm&r=g","caption":"Arnaldo Botto"},"url":"https:\/\/www.noticiasradioreflejos.com.ar\/2021\/author\/arnaldo\/"}]}},"_links":{"self":[{"href":"https:\/\/www.noticiasradioreflejos.com.ar\/2021\/wp-json\/wp\/v2\/posts\/136530","targetHints":{"allow":["GET"]}}],"collection":[{"href":"https:\/\/www.noticiasradioreflejos.com.ar\/2021\/wp-json\/wp\/v2\/posts"}],"about":[{"href":"https:\/\/www.noticiasradioreflejos.com.ar\/2021\/wp-json\/wp\/v2\/types\/post"}],"author":[{"embeddable":true,"href":"https:\/\/www.noticiasradioreflejos.com.ar\/2021\/wp-json\/wp\/v2\/users\/3"}],"replies":[{"embeddable":true,"href":"https:\/\/www.noticiasradioreflejos.com.ar\/2021\/wp-json\/wp\/v2\/comments?post=136530"}],"version-history":[{"count":1,"href":"https:\/\/www.noticiasradioreflejos.com.ar\/2021\/wp-json\/wp\/v2\/posts\/136530\/revisions"}],"predecessor-version":[{"id":136531,"href":"https:\/\/www.noticiasradioreflejos.com.ar\/2021\/wp-json\/wp\/v2\/posts\/136530\/revisions\/136531"}],"wp:featuredmedia":[{"embeddable":true,"href":"https:\/\/www.noticiasradioreflejos.com.ar\/2021\/wp-json\/wp\/v2\/media\/134602"}],"wp:attachment":[{"href":"https:\/\/www.noticiasradioreflejos.com.ar\/2021\/wp-json\/wp\/v2\/media?parent=136530"}],"wp:term":[{"taxonomy":"category","embeddable":true,"href":"https:\/\/www.noticiasradioreflejos.com.ar\/2021\/wp-json\/wp\/v2\/categories?post=136530"},{"taxonomy":"post_tag","embeddable":true,"href":"https:\/\/www.noticiasradioreflejos.com.ar\/2021\/wp-json\/wp\/v2\/tags?post=136530"}],"curies":[{"name":"wp","href":"https:\/\/api.w.org\/{rel}","templated":true}]}}