{"id":136525,"date":"2026-04-28T07:16:51","date_gmt":"2026-04-28T10:16:51","guid":{"rendered":"https:\/\/www.noticiasradioreflejos.com.ar\/2021\/?p=136525"},"modified":"2026-04-28T07:16:53","modified_gmt":"2026-04-28T10:16:53","slug":"de-san-nicolas-a-toda-la-provincia-el-proyecto-que-busca-compactar-motos-con-escapes-ruidosos","status":"publish","type":"post","link":"https:\/\/www.noticiasradioreflejos.com.ar\/2021\/de-san-nicolas-a-toda-la-provincia-el-proyecto-que-busca-compactar-motos-con-escapes-ruidosos\/","title":{"rendered":"De San Nicol\u00e1s a toda la Provincia: El proyecto que busca compactar motos con escapes ruidosos"},"content":{"rendered":"<p data-path-to-node=\"3\">La Legislatura de la provincia de Buenos Aires analiza una iniciativa que busca endurecer dr\u00e1sticamente las sanciones contra veh\u00edculos que generen contaminaci\u00f3n sonora. La propuesta no solo incluye multas, sino el <b data-path-to-node=\"3\" data-index-in-node=\"214\">decomiso y la destrucci\u00f3n definitiva<\/b> de las unidades en infracci\u00f3n.<!--more--><\/p>\n<p data-path-to-node=\"3\">Lo que ya es una realidad en la ciudad de <b data-path-to-node=\"3\" data-index-in-node=\"42\">San Nicol\u00e1s<\/b> podr\u00eda transformarse en ley para todo el territorio bonaerense. El diputado Manuel Passaglia present\u00f3 un proyecto en la Legislatura provincial para endurecer las sanciones contra los veh\u00edculos que generan contaminaci\u00f3n sonora, proponiendo el <b data-path-to-node=\"3\" data-index-in-node=\"296\">secuestro y la compactaci\u00f3n<\/b> de las unidades en infracci\u00f3n.<\/p>\n<h4 data-path-to-node=\"4\"><b data-path-to-node=\"4\" data-index-in-node=\"0\">El modelo de San Nicol\u00e1s como referente<\/b><\/h4>\n<p data-path-to-node=\"5\">La iniciativa no parte de cero. En <b data-path-to-node=\"5\" data-index-in-node=\"35\">San Nicol\u00e1s<\/b>, la gesti\u00f3n local ya implementa pol\u00edticas de tolerancia cero contra los ruidos molestos. En dicha ciudad, los operativos de control terminan frecuentemente con la <b data-path-to-node=\"5\" data-index-in-node=\"210\">destrucci\u00f3n de ca\u00f1os de escape y la compactaci\u00f3n de motos<\/b> que no cumplen con la normativa vigente.<\/p>\n<blockquote data-path-to-node=\"6\">\n<p data-path-to-node=\"6,0\">\u00abBuscamos extender a toda la provincia un modelo que prioriza el descanso y la salud de los vecinos por sobre el capricho de circular con escapes libres\u00bb, explicaron desde el entorno del legislador.<\/p>\n<\/blockquote>\n<h3 data-path-to-node=\"8\"><a href=\"https:\/\/www.noticiasradioreflejos.com.ar\/2021\/de-san-nicolas-a-toda-la-provincia-el-proyecto-que-busca-compactar-motos-con-escapes-ruidosos\/compactacion_motos_1-1024x768\/\" rel=\"attachment wp-att-136526\"><img loading=\"lazy\" decoding=\"async\" class=\"aligncenter size-full wp-image-136526\" src=\"https:\/\/www.noticiasradioreflejos.com.ar\/2021\/wp-content\/uploads\/2026\/04\/compactacion_motos_1-1024x768-1.jpeg\" alt=\"\" width=\"1024\" height=\"768\" srcset=\"https:\/\/www.noticiasradioreflejos.com.ar\/2021\/wp-content\/uploads\/2026\/04\/compactacion_motos_1-1024x768-1.jpeg 1024w, https:\/\/www.noticiasradioreflejos.com.ar\/2021\/wp-content\/uploads\/2026\/04\/compactacion_motos_1-1024x768-1-300x225.jpeg 300w, https:\/\/www.noticiasradioreflejos.com.ar\/2021\/wp-content\/uploads\/2026\/04\/compactacion_motos_1-1024x768-1-768x576.jpeg 768w, https:\/\/www.noticiasradioreflejos.com.ar\/2021\/wp-content\/uploads\/2026\/04\/compactacion_motos_1-1024x768-1-750x563.jpeg 750w\" sizes=\"auto, (max-width: 1024px) 100vw, 1024px\" \/><\/a><\/h3>\n<h4 data-path-to-node=\"8\"><\/h4>\n<h4 data-path-to-node=\"8\"><b data-path-to-node=\"8\" data-index-in-node=\"0\">Claves de la propuesta legislativa<\/b><\/h4>\n<p data-path-to-node=\"9\">El proyecto de ley bonaerense busca dotar a todos los municipios de las herramientas legales que hoy permiten a San Nicol\u00e1s mantener sus calles en orden:<\/p>\n<ul data-path-to-node=\"10\">\n<li>\n<p data-path-to-node=\"10,0,0\"><b data-path-to-node=\"10,0,0\" data-index-in-node=\"0\">Destrucci\u00f3n inmediata:<\/b> Se establece el decomiso y destrucci\u00f3n de los escapes adulterados.<\/p>\n<\/li>\n<li>\n<p data-path-to-node=\"10,1,0\"><b data-path-to-node=\"10,1,0\" data-index-in-node=\"0\">Compactaci\u00f3n del rodado:<\/b> En casos de reincidencia o gravedad extrema (niveles de ruido excesivos), el juez podr\u00e1 ordenar la destrucci\u00f3n total del veh\u00edculo.<\/p>\n<\/li>\n<li>\n<p data-path-to-node=\"10,2,0\"><b data-path-to-node=\"10,2,0\" data-index-in-node=\"0\">Corte de la cadena comercial:<\/b> Se proh\u00edbe la fabricaci\u00f3n, venta e instalaci\u00f3n de estos dispositivos en toda la provincia.<\/p>\n<\/li>\n<li>\n<p data-path-to-node=\"10,3,0\"><b data-path-to-node=\"10,3,0\" data-index-in-node=\"0\">Agravantes:<\/b> Las multas ser\u00e1n m\u00e1s severas si las infracciones ocurren cerca de hospitales o colegios.<\/p>\n<\/li>\n<\/ul>\n<h3 data-path-to-node=\"12\"><\/h3>\n<h4 data-path-to-node=\"12\"><b data-path-to-node=\"12\" data-index-in-node=\"0\">Impacto en otras jurisdicciones<\/b><\/h4>\n<p data-path-to-node=\"13\">El fen\u00f3meno contra el ruido se expande. Recientemente, la municipalidad de <b data-path-to-node=\"13\" data-index-in-node=\"75\">San Luis<\/b> tambi\u00e9n procedi\u00f3 a la destrucci\u00f3n de <b data-path-to-node=\"13\" data-index-in-node=\"121\">210 ca\u00f1os de escape<\/b>, sum\u00e1ndose a la tendencia de ciudades que, como San Nicol\u00e1s, han decidido que la contaminaci\u00f3n sonora es un problema de salud p\u00fablica y no solo una falta de tr\u00e1nsito menor.<\/p>\n<p data-path-to-node=\"14\">Para el diputado Passaglia, las multas econ\u00f3micas ya no alcanzan: <i data-path-to-node=\"14\" data-index-in-node=\"66\">\u00abLas herramientas actuales son insuficientes. El ruido constante rompe la convivencia diaria y el descanso. La medida es fuerte, pero proporcional al da\u00f1o que se genera\u00bb<\/i>.<\/p>\n","protected":false},"excerpt":{"rendered":"<p>La Legislatura de la provincia de Buenos Aires analiza una iniciativa que busca endurecer dr\u00e1sticamente las sanciones contra veh\u00edculos que generen contaminaci\u00f3n sonora. La propuesta no solo incluye multas, sino el decomiso y la destrucci\u00f3n definitiva de las unidades en infracci\u00f3n.<\/p>\n","protected":false},"author":3,"featured_media":136527,"comment_status":"closed","ping_status":"closed","sticky":false,"template":"","format":"standard","meta":{"footnotes":""},"categories":[29,24],"tags":[48],"class_list":["post-136525","post","type-post","status-publish","format-standard","has-post-thumbnail","hentry","category-policiales","category-politica","tag-destacada"],"yoast_head":"<!-- This site is optimized with the Yoast SEO plugin v25.9 - https:\/\/yoast.com\/wordpress\/plugins\/seo\/ -->\n<title>De San Nicol\u00e1s a toda la Provincia: El proyecto que busca compactar motos con escapes ruidosos - Noticias Radio Reflejos<\/title>\n<meta name=\"robots\" content=\"index, follow, max-snippet:-1, max-image-preview:large, max-video-preview:-1\" \/>\n<link rel=\"canonical\" href=\"https:\/\/www.noticiasradioreflejos.com.ar\/2021\/de-san-nicolas-a-toda-la-provincia-el-proyecto-que-busca-compactar-motos-con-escapes-ruidosos\/\" \/>\n<meta property=\"og:locale\" content=\"es_ES\" \/>\n<meta property=\"og:type\" content=\"article\" \/>\n<meta property=\"og:title\" content=\"De San Nicol\u00e1s a toda la Provincia: El proyecto que busca compactar motos con escapes ruidosos - Noticias Radio Reflejos\" \/>\n<meta property=\"og:description\" content=\"La Legislatura de la provincia de Buenos Aires analiza una iniciativa que busca endurecer dr\u00e1sticamente las sanciones contra veh\u00edculos que generen contaminaci\u00f3n sonora. La propuesta no solo incluye multas, sino el decomiso y la destrucci\u00f3n definitiva de las unidades en infracci\u00f3n.\" \/>\n<meta property=\"og:url\" content=\"https:\/\/www.noticiasradioreflejos.com.ar\/2021\/de-san-nicolas-a-toda-la-provincia-el-proyecto-que-busca-compactar-motos-con-escapes-ruidosos\/\" \/>\n<meta property=\"og:site_name\" content=\"Noticias Radio Reflejos\" \/>\n<meta property=\"article:published_time\" content=\"2026-04-28T10:16:51+00:00\" \/>\n<meta property=\"article:modified_time\" content=\"2026-04-28T10:16:53+00:00\" \/>\n<meta property=\"og:image\" content=\"https:\/\/www.noticiasradioreflejos.com.ar\/2021\/wp-content\/uploads\/2026\/04\/COMPACTACION-DE-MOTOS-2.webp\" \/>\n\t<meta property=\"og:image:width\" content=\"1200\" \/>\n\t<meta property=\"og:image:height\" content=\"675\" \/>\n\t<meta property=\"og:image:type\" content=\"image\/webp\" \/>\n<meta name=\"author\" content=\"Arnaldo Botto\" \/>\n<meta name=\"twitter:card\" content=\"summary_large_image\" \/>\n<script type=\"application\/ld+json\" class=\"yoast-schema-graph\">{\"@context\":\"https:\/\/schema.org\",\"@graph\":[{\"@type\":\"WebPage\",\"@id\":\"https:\/\/www.noticiasradioreflejos.com.ar\/2021\/de-san-nicolas-a-toda-la-provincia-el-proyecto-que-busca-compactar-motos-con-escapes-ruidosos\/\",\"url\":\"https:\/\/www.noticiasradioreflejos.com.ar\/2021\/de-san-nicolas-a-toda-la-provincia-el-proyecto-que-busca-compactar-motos-con-escapes-ruidosos\/\",\"name\":\"De San Nicol\u00e1s a toda la Provincia: El proyecto que busca compactar motos con escapes ruidosos - Noticias Radio Reflejos\",\"isPartOf\":{\"@id\":\"https:\/\/www.noticiasradioreflejos.com.ar\/2021\/#website\"},\"primaryImageOfPage\":{\"@id\":\"https:\/\/www.noticiasradioreflejos.com.ar\/2021\/de-san-nicolas-a-toda-la-provincia-el-proyecto-que-busca-compactar-motos-con-escapes-ruidosos\/#primaryimage\"},\"image\":{\"@id\":\"https:\/\/www.noticiasradioreflejos.com.ar\/2021\/de-san-nicolas-a-toda-la-provincia-el-proyecto-que-busca-compactar-motos-con-escapes-ruidosos\/#primaryimage\"},\"thumbnailUrl\":\"https:\/\/www.noticiasradioreflejos.com.ar\/2021\/wp-content\/uploads\/2026\/04\/COMPACTACION-DE-MOTOS-2.webp\",\"datePublished\":\"2026-04-28T10:16:51+00:00\",\"dateModified\":\"2026-04-28T10:16:53+00:00\",\"author\":{\"@id\":\"https:\/\/www.noticiasradioreflejos.com.ar\/2021\/#\/schema\/person\/ad82545263dcc5ec0996818884fd5fb1\"},\"breadcrumb\":{\"@id\":\"https:\/\/www.noticiasradioreflejos.com.ar\/2021\/de-san-nicolas-a-toda-la-provincia-el-proyecto-que-busca-compactar-motos-con-escapes-ruidosos\/#breadcrumb\"},\"inLanguage\":\"es\",\"potentialAction\":[{\"@type\":\"ReadAction\",\"target\":[\"https:\/\/www.noticiasradioreflejos.com.ar\/2021\/de-san-nicolas-a-toda-la-provincia-el-proyecto-que-busca-compactar-motos-con-escapes-ruidosos\/\"]}]},{\"@type\":\"ImageObject\",\"inLanguage\":\"es\",\"@id\":\"https:\/\/www.noticiasradioreflejos.com.ar\/2021\/de-san-nicolas-a-toda-la-provincia-el-proyecto-que-busca-compactar-motos-con-escapes-ruidosos\/#primaryimage\",\"url\":\"https:\/\/www.noticiasradioreflejos.com.ar\/2021\/wp-content\/uploads\/2026\/04\/COMPACTACION-DE-MOTOS-2.webp\",\"contentUrl\":\"https:\/\/www.noticiasradioreflejos.com.ar\/2021\/wp-content\/uploads\/2026\/04\/COMPACTACION-DE-MOTOS-2.webp\",\"width\":1200,\"height\":675},{\"@type\":\"BreadcrumbList\",\"@id\":\"https:\/\/www.noticiasradioreflejos.com.ar\/2021\/de-san-nicolas-a-toda-la-provincia-el-proyecto-que-busca-compactar-motos-con-escapes-ruidosos\/#breadcrumb\",\"itemListElement\":[{\"@type\":\"ListItem\",\"position\":1,\"name\":\"Portada\",\"item\":\"https:\/\/www.noticiasradioreflejos.com.ar\/2021\/\"},{\"@type\":\"ListItem\",\"position\":2,\"name\":\"De San Nicol\u00e1s a toda la Provincia: El proyecto que busca compactar motos con escapes ruidosos\"}]},{\"@type\":\"WebSite\",\"@id\":\"https:\/\/www.noticiasradioreflejos.com.ar\/2021\/#website\",\"url\":\"https:\/\/www.noticiasradioreflejos.com.ar\/2021\/\",\"name\":\"Noticias Radio Reflejos\",\"description\":\"Las noticias de mi comarca\",\"potentialAction\":[{\"@type\":\"SearchAction\",\"target\":{\"@type\":\"EntryPoint\",\"urlTemplate\":\"https:\/\/www.noticiasradioreflejos.com.ar\/2021\/?s={search_term_string}\"},\"query-input\":{\"@type\":\"PropertyValueSpecification\",\"valueRequired\":true,\"valueName\":\"search_term_string\"}}],\"inLanguage\":\"es\"},{\"@type\":\"Person\",\"@id\":\"https:\/\/www.noticiasradioreflejos.com.ar\/2021\/#\/schema\/person\/ad82545263dcc5ec0996818884fd5fb1\",\"name\":\"Arnaldo Botto\",\"image\":{\"@type\":\"ImageObject\",\"inLanguage\":\"es\",\"@id\":\"https:\/\/www.noticiasradioreflejos.com.ar\/2021\/#\/schema\/person\/image\/\",\"url\":\"https:\/\/secure.gravatar.com\/avatar\/55cb5e37c1efa326397366e6974cb338056df65cb50e7d64d1cf314e87504837?s=96&d=mm&r=g\",\"contentUrl\":\"https:\/\/secure.gravatar.com\/avatar\/55cb5e37c1efa326397366e6974cb338056df65cb50e7d64d1cf314e87504837?s=96&d=mm&r=g\",\"caption\":\"Arnaldo Botto\"},\"url\":\"https:\/\/www.noticiasradioreflejos.com.ar\/2021\/author\/arnaldo\/\"}]}<\/script>\n<!-- \/ Yoast SEO plugin. -->","yoast_head_json":{"title":"De San Nicol\u00e1s a toda la Provincia: El proyecto que busca compactar motos con escapes ruidosos - Noticias Radio Reflejos","robots":{"index":"index","follow":"follow","max-snippet":"max-snippet:-1","max-image-preview":"max-image-preview:large","max-video-preview":"max-video-preview:-1"},"canonical":"https:\/\/www.noticiasradioreflejos.com.ar\/2021\/de-san-nicolas-a-toda-la-provincia-el-proyecto-que-busca-compactar-motos-con-escapes-ruidosos\/","og_locale":"es_ES","og_type":"article","og_title":"De San Nicol\u00e1s a toda la Provincia: El proyecto que busca compactar motos con escapes ruidosos - Noticias Radio Reflejos","og_description":"La Legislatura de la provincia de Buenos Aires analiza una iniciativa que busca endurecer dr\u00e1sticamente las sanciones contra veh\u00edculos que generen contaminaci\u00f3n sonora. La propuesta no solo incluye multas, sino el decomiso y la destrucci\u00f3n definitiva de las unidades en infracci\u00f3n.","og_url":"https:\/\/www.noticiasradioreflejos.com.ar\/2021\/de-san-nicolas-a-toda-la-provincia-el-proyecto-que-busca-compactar-motos-con-escapes-ruidosos\/","og_site_name":"Noticias Radio Reflejos","article_published_time":"2026-04-28T10:16:51+00:00","article_modified_time":"2026-04-28T10:16:53+00:00","og_image":[{"width":1200,"height":675,"url":"https:\/\/www.noticiasradioreflejos.com.ar\/2021\/wp-content\/uploads\/2026\/04\/COMPACTACION-DE-MOTOS-2.webp","type":"image\/webp"}],"author":"Arnaldo Botto","twitter_card":"summary_large_image","schema":{"@context":"https:\/\/schema.org","@graph":[{"@type":"WebPage","@id":"https:\/\/www.noticiasradioreflejos.com.ar\/2021\/de-san-nicolas-a-toda-la-provincia-el-proyecto-que-busca-compactar-motos-con-escapes-ruidosos\/","url":"https:\/\/www.noticiasradioreflejos.com.ar\/2021\/de-san-nicolas-a-toda-la-provincia-el-proyecto-que-busca-compactar-motos-con-escapes-ruidosos\/","name":"De San Nicol\u00e1s a toda la Provincia: El proyecto que busca compactar motos con escapes ruidosos - Noticias Radio Reflejos","isPartOf":{"@id":"https:\/\/www.noticiasradioreflejos.com.ar\/2021\/#website"},"primaryImageOfPage":{"@id":"https:\/\/www.noticiasradioreflejos.com.ar\/2021\/de-san-nicolas-a-toda-la-provincia-el-proyecto-que-busca-compactar-motos-con-escapes-ruidosos\/#primaryimage"},"image":{"@id":"https:\/\/www.noticiasradioreflejos.com.ar\/2021\/de-san-nicolas-a-toda-la-provincia-el-proyecto-que-busca-compactar-motos-con-escapes-ruidosos\/#primaryimage"},"thumbnailUrl":"https:\/\/www.noticiasradioreflejos.com.ar\/2021\/wp-content\/uploads\/2026\/04\/COMPACTACION-DE-MOTOS-2.webp","datePublished":"2026-04-28T10:16:51+00:00","dateModified":"2026-04-28T10:16:53+00:00","author":{"@id":"https:\/\/www.noticiasradioreflejos.com.ar\/2021\/#\/schema\/person\/ad82545263dcc5ec0996818884fd5fb1"},"breadcrumb":{"@id":"https:\/\/www.noticiasradioreflejos.com.ar\/2021\/de-san-nicolas-a-toda-la-provincia-el-proyecto-que-busca-compactar-motos-con-escapes-ruidosos\/#breadcrumb"},"inLanguage":"es","potentialAction":[{"@type":"ReadAction","target":["https:\/\/www.noticiasradioreflejos.com.ar\/2021\/de-san-nicolas-a-toda-la-provincia-el-proyecto-que-busca-compactar-motos-con-escapes-ruidosos\/"]}]},{"@type":"ImageObject","inLanguage":"es","@id":"https:\/\/www.noticiasradioreflejos.com.ar\/2021\/de-san-nicolas-a-toda-la-provincia-el-proyecto-que-busca-compactar-motos-con-escapes-ruidosos\/#primaryimage","url":"https:\/\/www.noticiasradioreflejos.com.ar\/2021\/wp-content\/uploads\/2026\/04\/COMPACTACION-DE-MOTOS-2.webp","contentUrl":"https:\/\/www.noticiasradioreflejos.com.ar\/2021\/wp-content\/uploads\/2026\/04\/COMPACTACION-DE-MOTOS-2.webp","width":1200,"height":675},{"@type":"BreadcrumbList","@id":"https:\/\/www.noticiasradioreflejos.com.ar\/2021\/de-san-nicolas-a-toda-la-provincia-el-proyecto-que-busca-compactar-motos-con-escapes-ruidosos\/#breadcrumb","itemListElement":[{"@type":"ListItem","position":1,"name":"Portada","item":"https:\/\/www.noticiasradioreflejos.com.ar\/2021\/"},{"@type":"ListItem","position":2,"name":"De San Nicol\u00e1s a toda la Provincia: El proyecto que busca compactar motos con escapes ruidosos"}]},{"@type":"WebSite","@id":"https:\/\/www.noticiasradioreflejos.com.ar\/2021\/#website","url":"https:\/\/www.noticiasradioreflejos.com.ar\/2021\/","name":"Noticias Radio Reflejos","description":"Las noticias de mi comarca","potentialAction":[{"@type":"SearchAction","target":{"@type":"EntryPoint","urlTemplate":"https:\/\/www.noticiasradioreflejos.com.ar\/2021\/?s={search_term_string}"},"query-input":{"@type":"PropertyValueSpecification","valueRequired":true,"valueName":"search_term_string"}}],"inLanguage":"es"},{"@type":"Person","@id":"https:\/\/www.noticiasradioreflejos.com.ar\/2021\/#\/schema\/person\/ad82545263dcc5ec0996818884fd5fb1","name":"Arnaldo Botto","image":{"@type":"ImageObject","inLanguage":"es","@id":"https:\/\/www.noticiasradioreflejos.com.ar\/2021\/#\/schema\/person\/image\/","url":"https:\/\/secure.gravatar.com\/avatar\/55cb5e37c1efa326397366e6974cb338056df65cb50e7d64d1cf314e87504837?s=96&d=mm&r=g","contentUrl":"https:\/\/secure.gravatar.com\/avatar\/55cb5e37c1efa326397366e6974cb338056df65cb50e7d64d1cf314e87504837?s=96&d=mm&r=g","caption":"Arnaldo Botto"},"url":"https:\/\/www.noticiasradioreflejos.com.ar\/2021\/author\/arnaldo\/"}]}},"_links":{"self":[{"href":"https:\/\/www.noticiasradioreflejos.com.ar\/2021\/wp-json\/wp\/v2\/posts\/136525","targetHints":{"allow":["GET"]}}],"collection":[{"href":"https:\/\/www.noticiasradioreflejos.com.ar\/2021\/wp-json\/wp\/v2\/posts"}],"about":[{"href":"https:\/\/www.noticiasradioreflejos.com.ar\/2021\/wp-json\/wp\/v2\/types\/post"}],"author":[{"embeddable":true,"href":"https:\/\/www.noticiasradioreflejos.com.ar\/2021\/wp-json\/wp\/v2\/users\/3"}],"replies":[{"embeddable":true,"href":"https:\/\/www.noticiasradioreflejos.com.ar\/2021\/wp-json\/wp\/v2\/comments?post=136525"}],"version-history":[{"count":2,"href":"https:\/\/www.noticiasradioreflejos.com.ar\/2021\/wp-json\/wp\/v2\/posts\/136525\/revisions"}],"predecessor-version":[{"id":136529,"href":"https:\/\/www.noticiasradioreflejos.com.ar\/2021\/wp-json\/wp\/v2\/posts\/136525\/revisions\/136529"}],"wp:featuredmedia":[{"embeddable":true,"href":"https:\/\/www.noticiasradioreflejos.com.ar\/2021\/wp-json\/wp\/v2\/media\/136527"}],"wp:attachment":[{"href":"https:\/\/www.noticiasradioreflejos.com.ar\/2021\/wp-json\/wp\/v2\/media?parent=136525"}],"wp:term":[{"taxonomy":"category","embeddable":true,"href":"https:\/\/www.noticiasradioreflejos.com.ar\/2021\/wp-json\/wp\/v2\/categories?post=136525"},{"taxonomy":"post_tag","embeddable":true,"href":"https:\/\/www.noticiasradioreflejos.com.ar\/2021\/wp-json\/wp\/v2\/tags?post=136525"}],"curies":[{"name":"wp","href":"https:\/\/api.w.org\/{rel}","templated":true}]}}