{"id":136515,"date":"2026-04-27T18:52:19","date_gmt":"2026-04-27T21:52:19","guid":{"rendered":"https:\/\/www.noticiasradioreflejos.com.ar\/2021\/?p=136515"},"modified":"2026-04-27T18:52:19","modified_gmt":"2026-04-27T21:52:19","slug":"la-cgt-recusa-a-los-jueces-que-habilitaron-la-reforma-laboral-y-denuncia-intercambio-de-favores-con-el-gobierno","status":"publish","type":"post","link":"https:\/\/www.noticiasradioreflejos.com.ar\/2021\/la-cgt-recusa-a-los-jueces-que-habilitaron-la-reforma-laboral-y-denuncia-intercambio-de-favores-con-el-gobierno\/","title":{"rendered":"La CGT recusa a los jueces que habilitaron la reforma laboral y denuncia \u201cintercambio de favores\u201d con el Gobierno"},"content":{"rendered":"<p>La central sindical present\u00f3 un escrito ante la C\u00e1mara del Trabajo para apartar a los camaristas V\u00edctor Pesino y Mar\u00eda Dora Gonz\u00e1lez de la Sala VIII, que votaron a favor de suspender la cautelar que frenaba la ley 27.802. La Casa Rosada incluy\u00f3 el pliego de Pesino para extender su cargo como juez.<!--more--><br \/>\nLa Confederaci\u00f3n General del Trabajo (CGT) present\u00f3 este lunes un escrito ante la C\u00e1mara Nacional de Apelaciones del Trabajo en el que recusa con expresi\u00f3n de causa a los dos integrantes de la Sala VIII que el 23 de abril habilitaron la reforma laboral, luego de que fuera suspendida por una medida cautelar de primera instancia. La central obrera plantea adem\u00e1s la nulidad absoluta de esa resoluci\u00f3n.<\/p>\n<p class=\"article-text\">La medida de la CGT va contra los camaristas V\u00edctor Arturo Pesino y Mar\u00eda Dora Gonz\u00e1lez. El viernes pasado en el Bolet\u00edn Oficial el Ministerio de Justicia public\u00f3 la propuesta formal de mantener a Pesino en su cargo m\u00e1s all\u00e1 de los 75 a\u00f1os, edad a la que la Constituci\u00f3n Nacional establece que los magistrados deben jubilarse salvo que cuenten con el aval del Presidente y del Senado.<\/p>\n<p class=\"article-text\">El conflicto se origin\u00f3 el 7 de abril, cuando el juez de primera instancia Ra\u00fal Ojeda hizo lugar a la medida cautelar solicitada por la CGT y concedi\u00f3 el recurso de apelaci\u00f3n del Estado con efecto devolutivo \u2014es decir, sin suspender la cautelar mientras se resolv\u00eda la apelaci\u00f3n. El 23 de abril, la Sala VIII modific\u00f3 esa resoluci\u00f3n y le otorg\u00f3 efecto suspensivo al recurso, lo que permiti\u00f3 que la ley 27.802 de reforma laboral volviera a tener vigencia plena. Un d\u00eda despu\u00e9s el nombre de Pesino apareci\u00f3 en el BO.<\/p>\n<p class=\"article-text\">Seg\u00fan la CGT, la reforma laboral provoca modificaciones regresivas en materia de indemnizaciones, restricciones al ejercicio del derecho de huelga, limitaciones a la representaci\u00f3n colectiva, afectaciones a la negociaci\u00f3n colectiva y cambios en la definici\u00f3n de servicios esenciales. El Fondo de Asistencia Laboral (FAL) para financiar las privatizaciones, coraz\u00f3n de la reforma de Javier Milei, hab\u00eda sido suspendido en el primer amparo que pidi\u00f3 la CGT.<\/p>\n<figure><picture class=\"news-image\"><source srcset=\"https:\/\/static.eldiario.es\/clip\/78c19b6c-0b56-431c-85c2-ca45e9adc51e_16-9-discover-aspect-ratio_50p_0.webp\" type=\"image\/webp\" media=\"(max-width: 576px)\" \/><source srcset=\"https:\/\/static.eldiario.es\/clip\/78c19b6c-0b56-431c-85c2-ca45e9adc51e_16-9-discover-aspect-ratio_50p_0.jpg\" type=\"image\/jpg\" media=\"(max-width: 576px)\" \/><source srcset=\"https:\/\/static.eldiario.es\/clip\/78c19b6c-0b56-431c-85c2-ca45e9adc51e_16-9-discover-aspect-ratio_75p_0.webp\" type=\"image\/webp\" media=\"(max-width: 767px)\" \/><source srcset=\"https:\/\/static.eldiario.es\/clip\/78c19b6c-0b56-431c-85c2-ca45e9adc51e_16-9-discover-aspect-ratio_75p_0.jpg\" type=\"image\/jpg\" media=\"(max-width: 767px)\" \/><source srcset=\"https:\/\/static.eldiario.es\/clip\/78c19b6c-0b56-431c-85c2-ca45e9adc51e_16-9-discover-aspect-ratio_default_0.webp\" type=\"image\/webp\" media=\"(min-width: 768px)\" \/><source srcset=\"https:\/\/static.eldiario.es\/clip\/78c19b6c-0b56-431c-85c2-ca45e9adc51e_16-9-discover-aspect-ratio_default_0.jpg\" type=\"image\/jpg\" media=\"(min-width: 768px)\" \/><source srcset=\"https:\/\/static.eldiario.es\/clip\/78c19b6c-0b56-431c-85c2-ca45e9adc51e_16-9-discover-aspect-ratio_default_0.webp\" type=\"image\/webp\" \/><img decoding=\"async\" class=\"lazy entered loaded\" src=\"https:\/\/static.eldiario.es\/clip\/78c19b6c-0b56-431c-85c2-ca45e9adc51e_16-9-discover-aspect-ratio_default_0.jpg\" alt=\"Los camaristas V\u00edctor Pesino y Mar\u00eda Dora Gonz\u00e1lez de la Sala VIII votaron a favor de suspender la cautelar que frenaba la ley 27.802\" data-src=\"https:\/\/static.eldiario.es\/clip\/78c19b6c-0b56-431c-85c2-ca45e9adc51e_16-9-discover-aspect-ratio_default_0.jpg\" data-ll-status=\"loaded\" \/><\/picture><figcaption class=\"image-footer\"><span class=\"title\">Los camaristas V\u00edctor Pesino y Mar\u00eda Dora Gonz\u00e1lez de la Sala VIII votaron a favor de suspender la cautelar que frenaba la ley 27.802<\/span><\/figcaption><\/figure>\n<h2 class=\"article-text\">\u201cDevoluci\u00f3n de favores\u201d<\/h2>\n<p class=\"article-text\">El punto m\u00e1s sensible del escrito firmado por el abogado Pablo Arnaldo Topet, en representaci\u00f3n de la CGT, apunta directamente a Pesino. La CGT lo recusa en los t\u00e9rminos del art\u00edculo 17, inciso 8, del C\u00f3digo Procesal Civil y Comercial de la Naci\u00f3n, que contempla la recusaci\u00f3n cuando un juez ha recibido \u201cbeneficios de importancia\u201d de alguna de las partes. La central sostiene que la publicaci\u00f3n en el Bolet\u00edn Oficial \u2014que formaliz\u00f3 el inicio del tr\u00e1mite para que el magistrado contin\u00fae en funciones\u2014 configura exactamente ese supuesto.<\/p>\n<p class=\"article-text\">\u201cEl se\u00f1or Pesino pod\u00eda ser beneficiado por el Poder Ejecutivo y el Estado Nacional podr\u00eda ser beneficiado por la actividad del recusado\u201d, se\u00f1ala la presentaci\u00f3n. El escrito agrega que la situaci\u00f3n fue reflejada de manera inmediata por distintos medios: Perfil titul\u00f3 \u201cEl Gobierno impulsa que uno de los jueces que fall\u00f3 a favor de la reforma laboral siga en su cargo despu\u00e9s de los 75 a\u00f1os\u201d; La Naci\u00f3n public\u00f3 \u201cEl Gobierno busca extender la magistratura del juez que fall\u00f3 a favor de la reforma laboral\u201d; y Diario Popular habl\u00f3 directamente de un \u201cpremio\u201d.<\/p>\n<figure><picture class=\"news-image\"><source srcset=\"https:\/\/static.eldiario.es\/clip\/3757c463-90b1-47d2-b252-ccc2440767b0_16-9-discover-aspect-ratio_50p_0.webp\" type=\"image\/webp\" media=\"(max-width: 576px)\" \/><source srcset=\"https:\/\/static.eldiario.es\/clip\/3757c463-90b1-47d2-b252-ccc2440767b0_16-9-discover-aspect-ratio_50p_0.jpg\" type=\"image\/jpg\" media=\"(max-width: 576px)\" \/><source srcset=\"https:\/\/static.eldiario.es\/clip\/3757c463-90b1-47d2-b252-ccc2440767b0_16-9-discover-aspect-ratio_75p_0.webp\" type=\"image\/webp\" media=\"(max-width: 767px)\" \/><source srcset=\"https:\/\/static.eldiario.es\/clip\/3757c463-90b1-47d2-b252-ccc2440767b0_16-9-discover-aspect-ratio_75p_0.jpg\" type=\"image\/jpg\" media=\"(max-width: 767px)\" \/><source srcset=\"https:\/\/static.eldiario.es\/clip\/3757c463-90b1-47d2-b252-ccc2440767b0_16-9-discover-aspect-ratio_default_0.webp\" type=\"image\/webp\" media=\"(min-width: 768px)\" \/><source srcset=\"https:\/\/static.eldiario.es\/clip\/3757c463-90b1-47d2-b252-ccc2440767b0_16-9-discover-aspect-ratio_default_0.jpg\" type=\"image\/jpg\" media=\"(min-width: 768px)\" \/><source srcset=\"https:\/\/static.eldiario.es\/clip\/3757c463-90b1-47d2-b252-ccc2440767b0_16-9-discover-aspect-ratio_default_0.webp\" type=\"image\/webp\" \/><img decoding=\"async\" class=\"lazy entered loaded\" src=\"https:\/\/static.eldiario.es\/clip\/3757c463-90b1-47d2-b252-ccc2440767b0_16-9-discover-aspect-ratio_default_0.jpg\" alt=\"Victor Arturo Pesino (en el centro de la imagen), el juez que fall\u00f3 a favor de la reforma laboral y que ahora es promovido por el ministro de Justicia para seguir como magistrado.\" data-src=\"https:\/\/static.eldiario.es\/clip\/3757c463-90b1-47d2-b252-ccc2440767b0_16-9-discover-aspect-ratio_default_0.jpg\" data-ll-status=\"loaded\" \/><\/picture><figcaption class=\"image-footer\"><span class=\"title\">Victor Arturo Pesino (en el centro de la imagen), el juez que fall\u00f3 a favor de la reforma laboral y que ahora es promovido por el ministro de Justicia para seguir como magistrado.<\/span><\/figcaption><\/figure>\n<p class=\"article-text\">La CGT tambi\u00e9n se\u00f1ala que la aceleraci\u00f3n del tr\u00e1mite de Pesino contrasta con la situaci\u00f3n del juez federal Mart\u00edn Irurzun, quien habr\u00eda solicitado lo mismo pero cuyo pliego todav\u00eda no fue enviado al Congreso. Adem\u00e1s, subraya que el impulso del Ejecutivo contradice el \u201cAcuerdo de Transferencia de la Funci\u00f3n Judicial en Materia Laboral\u201d, firmado entre el Estado Nacional y el Gobierno porte\u00f1o el 9 de febrero de 2026, que establec\u00eda no promover nuevas designaciones de magistrados laborales durante el per\u00edodo de transici\u00f3n.<\/p>\n<h2 class=\"article-text\">Prejuzgamiento<\/h2>\n<p class=\"article-text\">El segundo planteo de recusaci\u00f3n alcanza tanto a Pesino como a Gonz\u00e1lez, tambi\u00e9n por la causal del inciso 7 del mismo art\u00edculo: haber emitido opini\u00f3n sobre el fondo del asunto antes de que la causa estuviera en condiciones de ser resuelta.<\/p>\n<p class=\"article-text\">La CGT critica que los jueces hayan descartado \u2014sin fundamentaci\u00f3n suficiente\u2014 la excepci\u00f3n prevista en el art\u00edculo 2, inciso 2, de la ley 26.854 de medidas cautelares contra el Estado, que exime del efecto suspensivo cuando est\u00e1n en juego sectores socialmente vulnerables, la vida digna en los t\u00e9rminos de la Convenci\u00f3n Americana de Derechos Humanos, o derechos de naturaleza alimentaria. En el escrito se afirma que la propia Sala VIII hab\u00eda sostenido el criterio contrario en causas anteriores, citando dos fallos de 2017 y 2018 en los que el mismo tribunal consider\u00f3 que los derechos laborales tienen naturaleza alimentaria.<\/p>\n<p class=\"article-text\">\u201cLa desaz\u00f3n que provoca que jueces con especial versaci\u00f3n laboral consideren \u2014aunque sea prima facie\u2014 que no son socialmente vulnerables quienes trabajan en relaci\u00f3n de dependencia es desconocer la ley de medidas cautelares contra el Estado que dicen aplicar\u201d, sostiene la presentaci\u00f3n.<\/p>\n<h2 class=\"article-text\">Nulidad por falta de competencia<\/h2>\n<p class=\"article-text\">Un tercer eje del planteo es la nulidad absoluta de la resoluci\u00f3n del 23 de abril por falta de jurisdicci\u00f3n. La CGT argumenta que, por el principio de prevenci\u00f3n, la causa deb\u00eda ser resuelta por la Sala I y no por la Sala VIII. Seg\u00fan el escrito, la Sala I hab\u00eda intervenido en el expediente 10.000\/2026 caratulado \u201cAsociaci\u00f3n Agentes de Propaganda M\u00e9dica de la Rep\u00fablica Argentina y otros c\/ Estado Nacional\u201d \u2014que tramitaba por ante el Juzgado Nacional del Trabajo N\u00ba 63 y al que se acumularon por conexidad las dem\u00e1s causas que impugnan la ley 27.802, incluyendo la de la CGT\u2014, lo que le otorgaba prevenci\u00f3n sobre todas las incidencias recursivas ulteriores.<\/p>\n<p class=\"article-text\">La CGT sostiene que la Sala VIII actu\u00f3 \u201ccon premura\u201d, sin dar traslado de la queja a su parte y antes de que se consintiera su intervenci\u00f3n, lo que impidi\u00f3 a la central plantear la inhibitoria a tiempo. \u201cSi la Sala VIII hubiera respetado los pasos procesales para consentir su actuaci\u00f3n, esta parte hubiera tenido oportunidad de advertirle que carec\u00eda de competencia\u201d, se\u00f1ala el escrito.<\/p>\n<div id=\"container-after-news-outlook\"><\/div>\n<p class=\"article-text\">Por esta raz\u00f3n, la CGT solicita que la causa sea remitida a la Sala I para que resuelva tanto la nulidad como el fondo del recurso.<\/p>\n<figure class=\"embed-container embed-container--type-embed \"><iframe loading=\"lazy\" class=\"scribd_iframe_embed\" tabindex=\"0\" title=\"CGT por Reforma Laboral\" src=\"https:\/\/www.scribd.com\/embeds\/1031876177\/content?start_page=1&amp;view_mode=scroll&amp;access_key=key-mgL4SPIdSyDEXMl7fpKx\" width=\"100%\" height=\"600\" frameborder=\"0\" scrolling=\"no\" data-auto-height=\"true\" data-aspect-ratio=\"0.7068965517241379\" data-gtm-yt-inspected-32=\"true\" data-gtm-yt-inspected-34399851_303=\"true\" data-gtm-yt-inspected-34399851_396=\"true\" data-mce-fragment=\"1\"><\/iframe><a title=\"View CGT por Reforma Laboral on Scribd\" href=\"https:\/\/www.scribd.com\/document\/1031876177\/CGT-por-Reforma-Laboral#from_embed\">CGT por Reforma Laboral<\/a><\/figure>\n<h2 class=\"article-text\">Caso federal y organismos internacionales<\/h2>\n<p class=\"article-text\">La presentaci\u00f3n reitera el planteo del caso federal para habilitar el recurso extraordinario ante la Corte Suprema de Justicia de la Naci\u00f3n, e incluye la reserva de acudir a la OIT, a la Comisi\u00f3n Interamericana de Derechos Humanos (CIDH) y a la Corte Interamericana de Derechos Humanos.<\/p>\n<p>&nbsp;<\/p>\n<p><strong>Fuente elDiarioAR<\/strong><\/p>\n","protected":false},"excerpt":{"rendered":"<p>La central sindical present\u00f3 un escrito ante la C\u00e1mara del Trabajo para apartar a los camaristas V\u00edctor Pesino y Mar\u00eda Dora Gonz\u00e1lez de la Sala VIII, que votaron a favor de suspender la cautelar que frenaba la ley 27.802. La Casa Rosada incluy\u00f3 el pliego de Pesino para extender su cargo como juez.<\/p>\n","protected":false},"author":3,"featured_media":136516,"comment_status":"closed","ping_status":"closed","sticky":false,"template":"","format":"standard","meta":{"footnotes":""},"categories":[24],"tags":[],"class_list":["post-136515","post","type-post","status-publish","format-standard","has-post-thumbnail","hentry","category-politica"],"yoast_head":"<!-- This site is optimized with the Yoast SEO plugin v25.9 - https:\/\/yoast.com\/wordpress\/plugins\/seo\/ -->\n<title>La CGT recusa a los jueces que habilitaron la reforma laboral y denuncia \u201cintercambio de favores\u201d con el Gobierno - Noticias Radio Reflejos<\/title>\n<meta name=\"robots\" content=\"index, follow, max-snippet:-1, max-image-preview:large, max-video-preview:-1\" \/>\n<link rel=\"canonical\" href=\"https:\/\/www.noticiasradioreflejos.com.ar\/2021\/la-cgt-recusa-a-los-jueces-que-habilitaron-la-reforma-laboral-y-denuncia-intercambio-de-favores-con-el-gobierno\/\" \/>\n<meta property=\"og:locale\" content=\"es_ES\" \/>\n<meta property=\"og:type\" content=\"article\" \/>\n<meta property=\"og:title\" content=\"La CGT recusa a los jueces que habilitaron la reforma laboral y denuncia \u201cintercambio de favores\u201d con el Gobierno - Noticias Radio Reflejos\" \/>\n<meta property=\"og:description\" content=\"La central sindical present\u00f3 un escrito ante la C\u00e1mara del Trabajo para apartar a los camaristas V\u00edctor Pesino y Mar\u00eda Dora Gonz\u00e1lez de la Sala VIII, que votaron a favor de suspender la cautelar que frenaba la ley 27.802. La Casa Rosada incluy\u00f3 el pliego de Pesino para extender su cargo como juez.\" \/>\n<meta property=\"og:url\" content=\"https:\/\/www.noticiasradioreflejos.com.ar\/2021\/la-cgt-recusa-a-los-jueces-que-habilitaron-la-reforma-laboral-y-denuncia-intercambio-de-favores-con-el-gobierno\/\" \/>\n<meta property=\"og:site_name\" content=\"Noticias Radio Reflejos\" \/>\n<meta property=\"article:published_time\" content=\"2026-04-27T21:52:19+00:00\" \/>\n<meta property=\"og:image\" content=\"https:\/\/www.noticiasradioreflejos.com.ar\/2021\/wp-content\/uploads\/2026\/04\/Sola-CGT.webp\" \/>\n\t<meta property=\"og:image:width\" content=\"1200\" \/>\n\t<meta property=\"og:image:height\" content=\"675\" \/>\n\t<meta property=\"og:image:type\" content=\"image\/webp\" \/>\n<meta name=\"author\" content=\"Arnaldo Botto\" \/>\n<meta name=\"twitter:card\" content=\"summary_large_image\" \/>\n<script type=\"application\/ld+json\" class=\"yoast-schema-graph\">{\"@context\":\"https:\/\/schema.org\",\"@graph\":[{\"@type\":\"WebPage\",\"@id\":\"https:\/\/www.noticiasradioreflejos.com.ar\/2021\/la-cgt-recusa-a-los-jueces-que-habilitaron-la-reforma-laboral-y-denuncia-intercambio-de-favores-con-el-gobierno\/\",\"url\":\"https:\/\/www.noticiasradioreflejos.com.ar\/2021\/la-cgt-recusa-a-los-jueces-que-habilitaron-la-reforma-laboral-y-denuncia-intercambio-de-favores-con-el-gobierno\/\",\"name\":\"La CGT recusa a los jueces que habilitaron la reforma laboral y denuncia \u201cintercambio de favores\u201d con el Gobierno - Noticias Radio Reflejos\",\"isPartOf\":{\"@id\":\"https:\/\/www.noticiasradioreflejos.com.ar\/2021\/#website\"},\"primaryImageOfPage\":{\"@id\":\"https:\/\/www.noticiasradioreflejos.com.ar\/2021\/la-cgt-recusa-a-los-jueces-que-habilitaron-la-reforma-laboral-y-denuncia-intercambio-de-favores-con-el-gobierno\/#primaryimage\"},\"image\":{\"@id\":\"https:\/\/www.noticiasradioreflejos.com.ar\/2021\/la-cgt-recusa-a-los-jueces-que-habilitaron-la-reforma-laboral-y-denuncia-intercambio-de-favores-con-el-gobierno\/#primaryimage\"},\"thumbnailUrl\":\"https:\/\/www.noticiasradioreflejos.com.ar\/2021\/wp-content\/uploads\/2026\/04\/Sola-CGT.webp\",\"datePublished\":\"2026-04-27T21:52:19+00:00\",\"author\":{\"@id\":\"https:\/\/www.noticiasradioreflejos.com.ar\/2021\/#\/schema\/person\/ad82545263dcc5ec0996818884fd5fb1\"},\"breadcrumb\":{\"@id\":\"https:\/\/www.noticiasradioreflejos.com.ar\/2021\/la-cgt-recusa-a-los-jueces-que-habilitaron-la-reforma-laboral-y-denuncia-intercambio-de-favores-con-el-gobierno\/#breadcrumb\"},\"inLanguage\":\"es\",\"potentialAction\":[{\"@type\":\"ReadAction\",\"target\":[\"https:\/\/www.noticiasradioreflejos.com.ar\/2021\/la-cgt-recusa-a-los-jueces-que-habilitaron-la-reforma-laboral-y-denuncia-intercambio-de-favores-con-el-gobierno\/\"]}]},{\"@type\":\"ImageObject\",\"inLanguage\":\"es\",\"@id\":\"https:\/\/www.noticiasradioreflejos.com.ar\/2021\/la-cgt-recusa-a-los-jueces-que-habilitaron-la-reforma-laboral-y-denuncia-intercambio-de-favores-con-el-gobierno\/#primaryimage\",\"url\":\"https:\/\/www.noticiasradioreflejos.com.ar\/2021\/wp-content\/uploads\/2026\/04\/Sola-CGT.webp\",\"contentUrl\":\"https:\/\/www.noticiasradioreflejos.com.ar\/2021\/wp-content\/uploads\/2026\/04\/Sola-CGT.webp\",\"width\":1200,\"height\":675},{\"@type\":\"BreadcrumbList\",\"@id\":\"https:\/\/www.noticiasradioreflejos.com.ar\/2021\/la-cgt-recusa-a-los-jueces-que-habilitaron-la-reforma-laboral-y-denuncia-intercambio-de-favores-con-el-gobierno\/#breadcrumb\",\"itemListElement\":[{\"@type\":\"ListItem\",\"position\":1,\"name\":\"Portada\",\"item\":\"https:\/\/www.noticiasradioreflejos.com.ar\/2021\/\"},{\"@type\":\"ListItem\",\"position\":2,\"name\":\"La CGT recusa a los jueces que habilitaron la reforma laboral y denuncia \u201cintercambio de favores\u201d con el Gobierno\"}]},{\"@type\":\"WebSite\",\"@id\":\"https:\/\/www.noticiasradioreflejos.com.ar\/2021\/#website\",\"url\":\"https:\/\/www.noticiasradioreflejos.com.ar\/2021\/\",\"name\":\"Noticias Radio Reflejos\",\"description\":\"Las noticias de mi comarca\",\"potentialAction\":[{\"@type\":\"SearchAction\",\"target\":{\"@type\":\"EntryPoint\",\"urlTemplate\":\"https:\/\/www.noticiasradioreflejos.com.ar\/2021\/?s={search_term_string}\"},\"query-input\":{\"@type\":\"PropertyValueSpecification\",\"valueRequired\":true,\"valueName\":\"search_term_string\"}}],\"inLanguage\":\"es\"},{\"@type\":\"Person\",\"@id\":\"https:\/\/www.noticiasradioreflejos.com.ar\/2021\/#\/schema\/person\/ad82545263dcc5ec0996818884fd5fb1\",\"name\":\"Arnaldo Botto\",\"image\":{\"@type\":\"ImageObject\",\"inLanguage\":\"es\",\"@id\":\"https:\/\/www.noticiasradioreflejos.com.ar\/2021\/#\/schema\/person\/image\/\",\"url\":\"https:\/\/secure.gravatar.com\/avatar\/55cb5e37c1efa326397366e6974cb338056df65cb50e7d64d1cf314e87504837?s=96&d=mm&r=g\",\"contentUrl\":\"https:\/\/secure.gravatar.com\/avatar\/55cb5e37c1efa326397366e6974cb338056df65cb50e7d64d1cf314e87504837?s=96&d=mm&r=g\",\"caption\":\"Arnaldo Botto\"},\"url\":\"https:\/\/www.noticiasradioreflejos.com.ar\/2021\/author\/arnaldo\/\"}]}<\/script>\n<!-- \/ Yoast SEO plugin. -->","yoast_head_json":{"title":"La CGT recusa a los jueces que habilitaron la reforma laboral y denuncia \u201cintercambio de favores\u201d con el Gobierno - Noticias Radio Reflejos","robots":{"index":"index","follow":"follow","max-snippet":"max-snippet:-1","max-image-preview":"max-image-preview:large","max-video-preview":"max-video-preview:-1"},"canonical":"https:\/\/www.noticiasradioreflejos.com.ar\/2021\/la-cgt-recusa-a-los-jueces-que-habilitaron-la-reforma-laboral-y-denuncia-intercambio-de-favores-con-el-gobierno\/","og_locale":"es_ES","og_type":"article","og_title":"La CGT recusa a los jueces que habilitaron la reforma laboral y denuncia \u201cintercambio de favores\u201d con el Gobierno - Noticias Radio Reflejos","og_description":"La central sindical present\u00f3 un escrito ante la C\u00e1mara del Trabajo para apartar a los camaristas V\u00edctor Pesino y Mar\u00eda Dora Gonz\u00e1lez de la Sala VIII, que votaron a favor de suspender la cautelar que frenaba la ley 27.802. La Casa Rosada incluy\u00f3 el pliego de Pesino para extender su cargo como juez.","og_url":"https:\/\/www.noticiasradioreflejos.com.ar\/2021\/la-cgt-recusa-a-los-jueces-que-habilitaron-la-reforma-laboral-y-denuncia-intercambio-de-favores-con-el-gobierno\/","og_site_name":"Noticias Radio Reflejos","article_published_time":"2026-04-27T21:52:19+00:00","og_image":[{"width":1200,"height":675,"url":"https:\/\/www.noticiasradioreflejos.com.ar\/2021\/wp-content\/uploads\/2026\/04\/Sola-CGT.webp","type":"image\/webp"}],"author":"Arnaldo Botto","twitter_card":"summary_large_image","schema":{"@context":"https:\/\/schema.org","@graph":[{"@type":"WebPage","@id":"https:\/\/www.noticiasradioreflejos.com.ar\/2021\/la-cgt-recusa-a-los-jueces-que-habilitaron-la-reforma-laboral-y-denuncia-intercambio-de-favores-con-el-gobierno\/","url":"https:\/\/www.noticiasradioreflejos.com.ar\/2021\/la-cgt-recusa-a-los-jueces-que-habilitaron-la-reforma-laboral-y-denuncia-intercambio-de-favores-con-el-gobierno\/","name":"La CGT recusa a los jueces que habilitaron la reforma laboral y denuncia \u201cintercambio de favores\u201d con el Gobierno - Noticias Radio Reflejos","isPartOf":{"@id":"https:\/\/www.noticiasradioreflejos.com.ar\/2021\/#website"},"primaryImageOfPage":{"@id":"https:\/\/www.noticiasradioreflejos.com.ar\/2021\/la-cgt-recusa-a-los-jueces-que-habilitaron-la-reforma-laboral-y-denuncia-intercambio-de-favores-con-el-gobierno\/#primaryimage"},"image":{"@id":"https:\/\/www.noticiasradioreflejos.com.ar\/2021\/la-cgt-recusa-a-los-jueces-que-habilitaron-la-reforma-laboral-y-denuncia-intercambio-de-favores-con-el-gobierno\/#primaryimage"},"thumbnailUrl":"https:\/\/www.noticiasradioreflejos.com.ar\/2021\/wp-content\/uploads\/2026\/04\/Sola-CGT.webp","datePublished":"2026-04-27T21:52:19+00:00","author":{"@id":"https:\/\/www.noticiasradioreflejos.com.ar\/2021\/#\/schema\/person\/ad82545263dcc5ec0996818884fd5fb1"},"breadcrumb":{"@id":"https:\/\/www.noticiasradioreflejos.com.ar\/2021\/la-cgt-recusa-a-los-jueces-que-habilitaron-la-reforma-laboral-y-denuncia-intercambio-de-favores-con-el-gobierno\/#breadcrumb"},"inLanguage":"es","potentialAction":[{"@type":"ReadAction","target":["https:\/\/www.noticiasradioreflejos.com.ar\/2021\/la-cgt-recusa-a-los-jueces-que-habilitaron-la-reforma-laboral-y-denuncia-intercambio-de-favores-con-el-gobierno\/"]}]},{"@type":"ImageObject","inLanguage":"es","@id":"https:\/\/www.noticiasradioreflejos.com.ar\/2021\/la-cgt-recusa-a-los-jueces-que-habilitaron-la-reforma-laboral-y-denuncia-intercambio-de-favores-con-el-gobierno\/#primaryimage","url":"https:\/\/www.noticiasradioreflejos.com.ar\/2021\/wp-content\/uploads\/2026\/04\/Sola-CGT.webp","contentUrl":"https:\/\/www.noticiasradioreflejos.com.ar\/2021\/wp-content\/uploads\/2026\/04\/Sola-CGT.webp","width":1200,"height":675},{"@type":"BreadcrumbList","@id":"https:\/\/www.noticiasradioreflejos.com.ar\/2021\/la-cgt-recusa-a-los-jueces-que-habilitaron-la-reforma-laboral-y-denuncia-intercambio-de-favores-con-el-gobierno\/#breadcrumb","itemListElement":[{"@type":"ListItem","position":1,"name":"Portada","item":"https:\/\/www.noticiasradioreflejos.com.ar\/2021\/"},{"@type":"ListItem","position":2,"name":"La CGT recusa a los jueces que habilitaron la reforma laboral y denuncia \u201cintercambio de favores\u201d con el Gobierno"}]},{"@type":"WebSite","@id":"https:\/\/www.noticiasradioreflejos.com.ar\/2021\/#website","url":"https:\/\/www.noticiasradioreflejos.com.ar\/2021\/","name":"Noticias Radio Reflejos","description":"Las noticias de mi comarca","potentialAction":[{"@type":"SearchAction","target":{"@type":"EntryPoint","urlTemplate":"https:\/\/www.noticiasradioreflejos.com.ar\/2021\/?s={search_term_string}"},"query-input":{"@type":"PropertyValueSpecification","valueRequired":true,"valueName":"search_term_string"}}],"inLanguage":"es"},{"@type":"Person","@id":"https:\/\/www.noticiasradioreflejos.com.ar\/2021\/#\/schema\/person\/ad82545263dcc5ec0996818884fd5fb1","name":"Arnaldo Botto","image":{"@type":"ImageObject","inLanguage":"es","@id":"https:\/\/www.noticiasradioreflejos.com.ar\/2021\/#\/schema\/person\/image\/","url":"https:\/\/secure.gravatar.com\/avatar\/55cb5e37c1efa326397366e6974cb338056df65cb50e7d64d1cf314e87504837?s=96&d=mm&r=g","contentUrl":"https:\/\/secure.gravatar.com\/avatar\/55cb5e37c1efa326397366e6974cb338056df65cb50e7d64d1cf314e87504837?s=96&d=mm&r=g","caption":"Arnaldo Botto"},"url":"https:\/\/www.noticiasradioreflejos.com.ar\/2021\/author\/arnaldo\/"}]}},"_links":{"self":[{"href":"https:\/\/www.noticiasradioreflejos.com.ar\/2021\/wp-json\/wp\/v2\/posts\/136515","targetHints":{"allow":["GET"]}}],"collection":[{"href":"https:\/\/www.noticiasradioreflejos.com.ar\/2021\/wp-json\/wp\/v2\/posts"}],"about":[{"href":"https:\/\/www.noticiasradioreflejos.com.ar\/2021\/wp-json\/wp\/v2\/types\/post"}],"author":[{"embeddable":true,"href":"https:\/\/www.noticiasradioreflejos.com.ar\/2021\/wp-json\/wp\/v2\/users\/3"}],"replies":[{"embeddable":true,"href":"https:\/\/www.noticiasradioreflejos.com.ar\/2021\/wp-json\/wp\/v2\/comments?post=136515"}],"version-history":[{"count":1,"href":"https:\/\/www.noticiasradioreflejos.com.ar\/2021\/wp-json\/wp\/v2\/posts\/136515\/revisions"}],"predecessor-version":[{"id":136517,"href":"https:\/\/www.noticiasradioreflejos.com.ar\/2021\/wp-json\/wp\/v2\/posts\/136515\/revisions\/136517"}],"wp:featuredmedia":[{"embeddable":true,"href":"https:\/\/www.noticiasradioreflejos.com.ar\/2021\/wp-json\/wp\/v2\/media\/136516"}],"wp:attachment":[{"href":"https:\/\/www.noticiasradioreflejos.com.ar\/2021\/wp-json\/wp\/v2\/media?parent=136515"}],"wp:term":[{"taxonomy":"category","embeddable":true,"href":"https:\/\/www.noticiasradioreflejos.com.ar\/2021\/wp-json\/wp\/v2\/categories?post=136515"},{"taxonomy":"post_tag","embeddable":true,"href":"https:\/\/www.noticiasradioreflejos.com.ar\/2021\/wp-json\/wp\/v2\/tags?post=136515"}],"curies":[{"name":"wp","href":"https:\/\/api.w.org\/{rel}","templated":true}]}}