{"id":136500,"date":"2026-04-27T16:33:14","date_gmt":"2026-04-27T19:33:14","guid":{"rendered":"https:\/\/www.noticiasradioreflejos.com.ar\/2021\/?p=136500"},"modified":"2026-04-27T16:33:15","modified_gmt":"2026-04-27T19:33:15","slug":"la-naturaleza-desafia-al-asfalto-nueva-intervencion-en-la-ruta-76-por-la-vertiente-del-abra-de-la-ventana","status":"publish","type":"post","link":"https:\/\/www.noticiasradioreflejos.com.ar\/2021\/la-naturaleza-desafia-al-asfalto-nueva-intervencion-en-la-ruta-76-por-la-vertiente-del-abra-de-la-ventana\/","title":{"rendered":"La naturaleza desaf\u00eda al asfalto: nueva intervenci\u00f3n en la Ruta 76 por la vertiente del Abra de la Ventana"},"content":{"rendered":"<p>Pese a las sucesivas obras realizadas en la \u00faltima d\u00e9cada, el agua subterr\u00e1nea volvi\u00f3 a romper la calzada entre los kil\u00f3metros 222 y 225. La UCR present\u00f3 un reclamo formal en el HCD exigiendo soluciones definitivas ante la peligrosidad del sector en v\u00edsperas del invierno.<!--more--><\/p>\n<p data-path-to-node=\"5\">La persistencia de la naturaleza frente a la ingenier\u00eda humana tiene un escenario cr\u00edtico en el Partido de Tornquist. En el sector conocido como el <b data-path-to-node=\"5\" data-index-in-node=\"148\">\u201cAbra de la Ventana\u201d<\/b>, sobre la <b data-path-to-node=\"5\" data-index-in-node=\"179\">Ruta Provincial N\u00b0 76<\/b>, una vertiente natural ha vuelto a emerger, destruyendo una vez m\u00e1s la cinta asf\u00e1ltica en el tramo comprendido entre los <b data-path-to-node=\"5\" data-index-in-node=\"322\">kil\u00f3metros 222 y 225<\/b>. Ante el deterioro del sector, se realiz\u00f3 recientemente un operativo de bacheo de emergencia, aunque se reconoce como una medida paliativa frente a un problema estructural que lleva m\u00e1s de doce a\u00f1os sin soluci\u00f3n definitiva.<\/p>\n<h4 data-path-to-node=\"6\">Un historial de intentos fallidos<\/h4>\n<p data-path-to-node=\"7\">A lo largo de los \u00faltimos 12 a\u00f1os, diversas empresas han intervenido en el lugar con el objetivo de sellar o desviar el flujo de agua, pero la vertiente se sigue imponiendo sistem\u00e1ticamente. Los antecedentes m\u00e1s destacados incluyen:<\/p>\n<ul data-path-to-node=\"8\">\n<li>\n<p data-path-to-node=\"8,0,0\"><b data-path-to-node=\"8,0,0\" data-index-in-node=\"0\">2016:<\/b> Durante la gesti\u00f3n de Mar\u00eda Eugenia Vidal, se llev\u00f3 a cabo la primera reparaci\u00f3n de gran magnitud mediante un bacheo profundo.<\/p>\n<\/li>\n<li>\n<p data-path-to-node=\"8,1,0\"><b data-path-to-node=\"8,1,0\" data-index-in-node=\"0\">2021:<\/b> Se realiz\u00f3 una obra de mayor complejidad t\u00e9cnica que incluy\u00f3 la instalaci\u00f3n de ca\u00f1os de desag\u00fce por debajo de la ruta, cubiertos nuevamente con asfalto.<\/p>\n<\/li>\n<\/ul>\n<p data-path-to-node=\"9\">Si bien durante los per\u00edodos de sequ\u00eda el inconveniente parece desaparecer, las intensas lluvias de la pasada primavera y las registradas en lo que va de este a\u00f1o han provocado el resurgimiento triunfador del agua, que quiebra el pavimento y genera un peligro latente para los conductores.<\/p>\n<p data-path-to-node=\"9\"><a href=\"https:\/\/www.noticiasradioreflejos.com.ar\/2021\/la-naturaleza-desafia-al-asfalto-nueva-intervencion-en-la-ruta-76-por-la-vertiente-del-abra-de-la-ventana\/ruta-76-km-223-abra-3\/\" rel=\"attachment wp-att-136502\"><img loading=\"lazy\" decoding=\"async\" class=\"aligncenter size-full wp-image-136502\" src=\"https:\/\/www.noticiasradioreflejos.com.ar\/2021\/wp-content\/uploads\/2026\/04\/Ruta-76-Km-223-abra-3.jpeg\" alt=\"\" width=\"1600\" height=\"1200\" srcset=\"https:\/\/www.noticiasradioreflejos.com.ar\/2021\/wp-content\/uploads\/2026\/04\/Ruta-76-Km-223-abra-3.jpeg 1600w, https:\/\/www.noticiasradioreflejos.com.ar\/2021\/wp-content\/uploads\/2026\/04\/Ruta-76-Km-223-abra-3-300x225.jpeg 300w, https:\/\/www.noticiasradioreflejos.com.ar\/2021\/wp-content\/uploads\/2026\/04\/Ruta-76-Km-223-abra-3-1024x768.jpeg 1024w, https:\/\/www.noticiasradioreflejos.com.ar\/2021\/wp-content\/uploads\/2026\/04\/Ruta-76-Km-223-abra-3-768x576.jpeg 768w, https:\/\/www.noticiasradioreflejos.com.ar\/2021\/wp-content\/uploads\/2026\/04\/Ruta-76-Km-223-abra-3-1536x1152.jpeg 1536w, https:\/\/www.noticiasradioreflejos.com.ar\/2021\/wp-content\/uploads\/2026\/04\/Ruta-76-Km-223-abra-3-750x563.jpeg 750w, https:\/\/www.noticiasradioreflejos.com.ar\/2021\/wp-content\/uploads\/2026\/04\/Ruta-76-Km-223-abra-3-1140x855.jpeg 1140w\" sizes=\"auto, (max-width: 1600px) 100vw, 1600px\" \/><\/a><\/p>\n<h3 data-path-to-node=\"10\">El factor clim\u00e1tico y la seguridad vial<\/h3>\n<p data-path-to-node=\"11\">La ubicaci\u00f3n de la vertiente agrava la situaci\u00f3n: se encuentra en un sector <b data-path-to-node=\"11\" data-index-in-node=\"76\">sumamente sinuoso y de gran altura<\/b>. Con la llegada de las bajas temperaturas, el agua sobre la calzada se transforma en capas de escarcha y hielo, fen\u00f3meno que en invierno es casi constante y se potencia con las nevadas frecuentes del distrito.<\/p>\n<p data-path-to-node=\"12\">Desde la <b data-path-to-node=\"12\" data-index-in-node=\"9\">Jefatura XI de Vialidad<\/b> han asegurado que en los pr\u00f3ximos d\u00edas arribar\u00e1n al lugar con retroexcavadoras de gran porte para iniciar una obra con un \u00abnuevo formato de soluci\u00f3n\u00bb. La urgencia es m\u00e1xima, ya que los trabajos deben concluirse antes de que el clima invernal impida las tareas operativas.<\/p>\n<h3 data-path-to-node=\"13\">Reclamo pol\u00edtico en el HCD<\/h3>\n<p data-path-to-node=\"14\">La problem\u00e1tica ha escalado al plano legislativo local. El bloque de la <b data-path-to-node=\"14\" data-index-in-node=\"72\">Uni\u00f3n C\u00edvica Radical (UCR)<\/b> present\u00f3 recientemente una <b data-path-to-node=\"14\" data-index-in-node=\"126\">minuta de comunicaci\u00f3n en el Honorable Concejo Delante (HCD)<\/b>, haci\u00e9ndose eco del malestar de los vecinos y usuarios de la ruta. En el documento, se solicita a las autoridades provinciales una intervenci\u00f3n t\u00e9cnica que no sea un mero \u00abparche\u00bb, subrayando el riesgo de accidentes en una de las v\u00edas tur\u00edsticas y comerciales m\u00e1s importantes de la regi\u00f3n.<\/p>\n<p data-path-to-node=\"14\">\n<p data-path-to-node=\"14\"><a href=\"https:\/\/www.noticiasradioreflejos.com.ar\/2021\/la-naturaleza-desafia-al-asfalto-nueva-intervencion-en-la-ruta-76-por-la-vertiente-del-abra-de-la-ventana\/ruta-76-km-223-abra-2\/\" rel=\"attachment wp-att-136503\"><img loading=\"lazy\" decoding=\"async\" class=\"aligncenter size-full wp-image-136503\" src=\"https:\/\/www.noticiasradioreflejos.com.ar\/2021\/wp-content\/uploads\/2026\/04\/Ruta-76-Km-223-abra-2.jpeg\" alt=\"\" width=\"1600\" height=\"1200\" srcset=\"https:\/\/www.noticiasradioreflejos.com.ar\/2021\/wp-content\/uploads\/2026\/04\/Ruta-76-Km-223-abra-2.jpeg 1600w, https:\/\/www.noticiasradioreflejos.com.ar\/2021\/wp-content\/uploads\/2026\/04\/Ruta-76-Km-223-abra-2-300x225.jpeg 300w, https:\/\/www.noticiasradioreflejos.com.ar\/2021\/wp-content\/uploads\/2026\/04\/Ruta-76-Km-223-abra-2-1024x768.jpeg 1024w, https:\/\/www.noticiasradioreflejos.com.ar\/2021\/wp-content\/uploads\/2026\/04\/Ruta-76-Km-223-abra-2-768x576.jpeg 768w, https:\/\/www.noticiasradioreflejos.com.ar\/2021\/wp-content\/uploads\/2026\/04\/Ruta-76-Km-223-abra-2-1536x1152.jpeg 1536w, https:\/\/www.noticiasradioreflejos.com.ar\/2021\/wp-content\/uploads\/2026\/04\/Ruta-76-Km-223-abra-2-750x563.jpeg 750w, https:\/\/www.noticiasradioreflejos.com.ar\/2021\/wp-content\/uploads\/2026\/04\/Ruta-76-Km-223-abra-2-1140x855.jpeg 1140w\" sizes=\"auto, (max-width: 1600px) 100vw, 1600px\" \/><\/a><\/p>\n","protected":false},"excerpt":{"rendered":"<p>Pese a las sucesivas obras realizadas en la \u00faltima d\u00e9cada, el agua subterr\u00e1nea volvi\u00f3 a romper la calzada entre los kil\u00f3metros 222 y 225. La UCR present\u00f3 un reclamo formal en el HCD exigiendo soluciones definitivas ante la peligrosidad del sector en v\u00edsperas del invierno.<\/p>\n","protected":false},"author":3,"featured_media":136501,"comment_status":"closed","ping_status":"closed","sticky":false,"template":"","format":"standard","meta":{"footnotes":""},"categories":[26,33],"tags":[48],"class_list":["post-136500","post","type-post","status-publish","format-standard","has-post-thumbnail","hentry","category-sociedad","category-turismo","tag-destacada"],"yoast_head":"<!-- This site is optimized with the Yoast SEO plugin v25.9 - https:\/\/yoast.com\/wordpress\/plugins\/seo\/ -->\n<title>La naturaleza desaf\u00eda al asfalto: nueva intervenci\u00f3n en la Ruta 76 por la vertiente del Abra de la Ventana - Noticias Radio Reflejos<\/title>\n<meta name=\"robots\" content=\"index, follow, max-snippet:-1, max-image-preview:large, max-video-preview:-1\" \/>\n<link rel=\"canonical\" href=\"https:\/\/www.noticiasradioreflejos.com.ar\/2021\/la-naturaleza-desafia-al-asfalto-nueva-intervencion-en-la-ruta-76-por-la-vertiente-del-abra-de-la-ventana\/\" \/>\n<meta property=\"og:locale\" content=\"es_ES\" \/>\n<meta property=\"og:type\" content=\"article\" \/>\n<meta property=\"og:title\" content=\"La naturaleza desaf\u00eda al asfalto: nueva intervenci\u00f3n en la Ruta 76 por la vertiente del Abra de la Ventana - Noticias Radio Reflejos\" \/>\n<meta property=\"og:description\" content=\"Pese a las sucesivas obras realizadas en la \u00faltima d\u00e9cada, el agua subterr\u00e1nea volvi\u00f3 a romper la calzada entre los kil\u00f3metros 222 y 225. La UCR present\u00f3 un reclamo formal en el HCD exigiendo soluciones definitivas ante la peligrosidad del sector en v\u00edsperas del invierno.\" \/>\n<meta property=\"og:url\" content=\"https:\/\/www.noticiasradioreflejos.com.ar\/2021\/la-naturaleza-desafia-al-asfalto-nueva-intervencion-en-la-ruta-76-por-la-vertiente-del-abra-de-la-ventana\/\" \/>\n<meta property=\"og:site_name\" content=\"Noticias Radio Reflejos\" \/>\n<meta property=\"article:published_time\" content=\"2026-04-27T19:33:14+00:00\" \/>\n<meta property=\"article:modified_time\" content=\"2026-04-27T19:33:15+00:00\" \/>\n<meta property=\"og:image\" content=\"https:\/\/www.noticiasradioreflejos.com.ar\/2021\/wp-content\/uploads\/2026\/04\/Ruta-76-Km-223-abra-1.jpeg\" \/>\n\t<meta property=\"og:image:width\" content=\"1600\" \/>\n\t<meta property=\"og:image:height\" content=\"1200\" \/>\n\t<meta property=\"og:image:type\" content=\"image\/jpeg\" \/>\n<meta name=\"author\" content=\"Arnaldo Botto\" \/>\n<meta name=\"twitter:card\" content=\"summary_large_image\" \/>\n<script type=\"application\/ld+json\" class=\"yoast-schema-graph\">{\"@context\":\"https:\/\/schema.org\",\"@graph\":[{\"@type\":\"WebPage\",\"@id\":\"https:\/\/www.noticiasradioreflejos.com.ar\/2021\/la-naturaleza-desafia-al-asfalto-nueva-intervencion-en-la-ruta-76-por-la-vertiente-del-abra-de-la-ventana\/\",\"url\":\"https:\/\/www.noticiasradioreflejos.com.ar\/2021\/la-naturaleza-desafia-al-asfalto-nueva-intervencion-en-la-ruta-76-por-la-vertiente-del-abra-de-la-ventana\/\",\"name\":\"La naturaleza desaf\u00eda al asfalto: nueva intervenci\u00f3n en la Ruta 76 por la vertiente del Abra de la Ventana - Noticias Radio Reflejos\",\"isPartOf\":{\"@id\":\"https:\/\/www.noticiasradioreflejos.com.ar\/2021\/#website\"},\"primaryImageOfPage\":{\"@id\":\"https:\/\/www.noticiasradioreflejos.com.ar\/2021\/la-naturaleza-desafia-al-asfalto-nueva-intervencion-en-la-ruta-76-por-la-vertiente-del-abra-de-la-ventana\/#primaryimage\"},\"image\":{\"@id\":\"https:\/\/www.noticiasradioreflejos.com.ar\/2021\/la-naturaleza-desafia-al-asfalto-nueva-intervencion-en-la-ruta-76-por-la-vertiente-del-abra-de-la-ventana\/#primaryimage\"},\"thumbnailUrl\":\"https:\/\/www.noticiasradioreflejos.com.ar\/2021\/wp-content\/uploads\/2026\/04\/Ruta-76-Km-223-abra-1.jpeg\",\"datePublished\":\"2026-04-27T19:33:14+00:00\",\"dateModified\":\"2026-04-27T19:33:15+00:00\",\"author\":{\"@id\":\"https:\/\/www.noticiasradioreflejos.com.ar\/2021\/#\/schema\/person\/ad82545263dcc5ec0996818884fd5fb1\"},\"breadcrumb\":{\"@id\":\"https:\/\/www.noticiasradioreflejos.com.ar\/2021\/la-naturaleza-desafia-al-asfalto-nueva-intervencion-en-la-ruta-76-por-la-vertiente-del-abra-de-la-ventana\/#breadcrumb\"},\"inLanguage\":\"es\",\"potentialAction\":[{\"@type\":\"ReadAction\",\"target\":[\"https:\/\/www.noticiasradioreflejos.com.ar\/2021\/la-naturaleza-desafia-al-asfalto-nueva-intervencion-en-la-ruta-76-por-la-vertiente-del-abra-de-la-ventana\/\"]}]},{\"@type\":\"ImageObject\",\"inLanguage\":\"es\",\"@id\":\"https:\/\/www.noticiasradioreflejos.com.ar\/2021\/la-naturaleza-desafia-al-asfalto-nueva-intervencion-en-la-ruta-76-por-la-vertiente-del-abra-de-la-ventana\/#primaryimage\",\"url\":\"https:\/\/www.noticiasradioreflejos.com.ar\/2021\/wp-content\/uploads\/2026\/04\/Ruta-76-Km-223-abra-1.jpeg\",\"contentUrl\":\"https:\/\/www.noticiasradioreflejos.com.ar\/2021\/wp-content\/uploads\/2026\/04\/Ruta-76-Km-223-abra-1.jpeg\",\"width\":1600,\"height\":1200},{\"@type\":\"BreadcrumbList\",\"@id\":\"https:\/\/www.noticiasradioreflejos.com.ar\/2021\/la-naturaleza-desafia-al-asfalto-nueva-intervencion-en-la-ruta-76-por-la-vertiente-del-abra-de-la-ventana\/#breadcrumb\",\"itemListElement\":[{\"@type\":\"ListItem\",\"position\":1,\"name\":\"Portada\",\"item\":\"https:\/\/www.noticiasradioreflejos.com.ar\/2021\/\"},{\"@type\":\"ListItem\",\"position\":2,\"name\":\"La naturaleza desaf\u00eda al asfalto: nueva intervenci\u00f3n en la Ruta 76 por la vertiente del Abra de la Ventana\"}]},{\"@type\":\"WebSite\",\"@id\":\"https:\/\/www.noticiasradioreflejos.com.ar\/2021\/#website\",\"url\":\"https:\/\/www.noticiasradioreflejos.com.ar\/2021\/\",\"name\":\"Noticias Radio Reflejos\",\"description\":\"Las noticias de mi comarca\",\"potentialAction\":[{\"@type\":\"SearchAction\",\"target\":{\"@type\":\"EntryPoint\",\"urlTemplate\":\"https:\/\/www.noticiasradioreflejos.com.ar\/2021\/?s={search_term_string}\"},\"query-input\":{\"@type\":\"PropertyValueSpecification\",\"valueRequired\":true,\"valueName\":\"search_term_string\"}}],\"inLanguage\":\"es\"},{\"@type\":\"Person\",\"@id\":\"https:\/\/www.noticiasradioreflejos.com.ar\/2021\/#\/schema\/person\/ad82545263dcc5ec0996818884fd5fb1\",\"name\":\"Arnaldo Botto\",\"image\":{\"@type\":\"ImageObject\",\"inLanguage\":\"es\",\"@id\":\"https:\/\/www.noticiasradioreflejos.com.ar\/2021\/#\/schema\/person\/image\/\",\"url\":\"https:\/\/secure.gravatar.com\/avatar\/55cb5e37c1efa326397366e6974cb338056df65cb50e7d64d1cf314e87504837?s=96&d=mm&r=g\",\"contentUrl\":\"https:\/\/secure.gravatar.com\/avatar\/55cb5e37c1efa326397366e6974cb338056df65cb50e7d64d1cf314e87504837?s=96&d=mm&r=g\",\"caption\":\"Arnaldo Botto\"},\"url\":\"https:\/\/www.noticiasradioreflejos.com.ar\/2021\/author\/arnaldo\/\"}]}<\/script>\n<!-- \/ Yoast SEO plugin. -->","yoast_head_json":{"title":"La naturaleza desaf\u00eda al asfalto: nueva intervenci\u00f3n en la Ruta 76 por la vertiente del Abra de la Ventana - Noticias Radio Reflejos","robots":{"index":"index","follow":"follow","max-snippet":"max-snippet:-1","max-image-preview":"max-image-preview:large","max-video-preview":"max-video-preview:-1"},"canonical":"https:\/\/www.noticiasradioreflejos.com.ar\/2021\/la-naturaleza-desafia-al-asfalto-nueva-intervencion-en-la-ruta-76-por-la-vertiente-del-abra-de-la-ventana\/","og_locale":"es_ES","og_type":"article","og_title":"La naturaleza desaf\u00eda al asfalto: nueva intervenci\u00f3n en la Ruta 76 por la vertiente del Abra de la Ventana - Noticias Radio Reflejos","og_description":"Pese a las sucesivas obras realizadas en la \u00faltima d\u00e9cada, el agua subterr\u00e1nea volvi\u00f3 a romper la calzada entre los kil\u00f3metros 222 y 225. La UCR present\u00f3 un reclamo formal en el HCD exigiendo soluciones definitivas ante la peligrosidad del sector en v\u00edsperas del invierno.","og_url":"https:\/\/www.noticiasradioreflejos.com.ar\/2021\/la-naturaleza-desafia-al-asfalto-nueva-intervencion-en-la-ruta-76-por-la-vertiente-del-abra-de-la-ventana\/","og_site_name":"Noticias Radio Reflejos","article_published_time":"2026-04-27T19:33:14+00:00","article_modified_time":"2026-04-27T19:33:15+00:00","og_image":[{"width":1600,"height":1200,"url":"https:\/\/www.noticiasradioreflejos.com.ar\/2021\/wp-content\/uploads\/2026\/04\/Ruta-76-Km-223-abra-1.jpeg","type":"image\/jpeg"}],"author":"Arnaldo Botto","twitter_card":"summary_large_image","schema":{"@context":"https:\/\/schema.org","@graph":[{"@type":"WebPage","@id":"https:\/\/www.noticiasradioreflejos.com.ar\/2021\/la-naturaleza-desafia-al-asfalto-nueva-intervencion-en-la-ruta-76-por-la-vertiente-del-abra-de-la-ventana\/","url":"https:\/\/www.noticiasradioreflejos.com.ar\/2021\/la-naturaleza-desafia-al-asfalto-nueva-intervencion-en-la-ruta-76-por-la-vertiente-del-abra-de-la-ventana\/","name":"La naturaleza desaf\u00eda al asfalto: nueva intervenci\u00f3n en la Ruta 76 por la vertiente del Abra de la Ventana - Noticias Radio Reflejos","isPartOf":{"@id":"https:\/\/www.noticiasradioreflejos.com.ar\/2021\/#website"},"primaryImageOfPage":{"@id":"https:\/\/www.noticiasradioreflejos.com.ar\/2021\/la-naturaleza-desafia-al-asfalto-nueva-intervencion-en-la-ruta-76-por-la-vertiente-del-abra-de-la-ventana\/#primaryimage"},"image":{"@id":"https:\/\/www.noticiasradioreflejos.com.ar\/2021\/la-naturaleza-desafia-al-asfalto-nueva-intervencion-en-la-ruta-76-por-la-vertiente-del-abra-de-la-ventana\/#primaryimage"},"thumbnailUrl":"https:\/\/www.noticiasradioreflejos.com.ar\/2021\/wp-content\/uploads\/2026\/04\/Ruta-76-Km-223-abra-1.jpeg","datePublished":"2026-04-27T19:33:14+00:00","dateModified":"2026-04-27T19:33:15+00:00","author":{"@id":"https:\/\/www.noticiasradioreflejos.com.ar\/2021\/#\/schema\/person\/ad82545263dcc5ec0996818884fd5fb1"},"breadcrumb":{"@id":"https:\/\/www.noticiasradioreflejos.com.ar\/2021\/la-naturaleza-desafia-al-asfalto-nueva-intervencion-en-la-ruta-76-por-la-vertiente-del-abra-de-la-ventana\/#breadcrumb"},"inLanguage":"es","potentialAction":[{"@type":"ReadAction","target":["https:\/\/www.noticiasradioreflejos.com.ar\/2021\/la-naturaleza-desafia-al-asfalto-nueva-intervencion-en-la-ruta-76-por-la-vertiente-del-abra-de-la-ventana\/"]}]},{"@type":"ImageObject","inLanguage":"es","@id":"https:\/\/www.noticiasradioreflejos.com.ar\/2021\/la-naturaleza-desafia-al-asfalto-nueva-intervencion-en-la-ruta-76-por-la-vertiente-del-abra-de-la-ventana\/#primaryimage","url":"https:\/\/www.noticiasradioreflejos.com.ar\/2021\/wp-content\/uploads\/2026\/04\/Ruta-76-Km-223-abra-1.jpeg","contentUrl":"https:\/\/www.noticiasradioreflejos.com.ar\/2021\/wp-content\/uploads\/2026\/04\/Ruta-76-Km-223-abra-1.jpeg","width":1600,"height":1200},{"@type":"BreadcrumbList","@id":"https:\/\/www.noticiasradioreflejos.com.ar\/2021\/la-naturaleza-desafia-al-asfalto-nueva-intervencion-en-la-ruta-76-por-la-vertiente-del-abra-de-la-ventana\/#breadcrumb","itemListElement":[{"@type":"ListItem","position":1,"name":"Portada","item":"https:\/\/www.noticiasradioreflejos.com.ar\/2021\/"},{"@type":"ListItem","position":2,"name":"La naturaleza desaf\u00eda al asfalto: nueva intervenci\u00f3n en la Ruta 76 por la vertiente del Abra de la Ventana"}]},{"@type":"WebSite","@id":"https:\/\/www.noticiasradioreflejos.com.ar\/2021\/#website","url":"https:\/\/www.noticiasradioreflejos.com.ar\/2021\/","name":"Noticias Radio Reflejos","description":"Las noticias de mi comarca","potentialAction":[{"@type":"SearchAction","target":{"@type":"EntryPoint","urlTemplate":"https:\/\/www.noticiasradioreflejos.com.ar\/2021\/?s={search_term_string}"},"query-input":{"@type":"PropertyValueSpecification","valueRequired":true,"valueName":"search_term_string"}}],"inLanguage":"es"},{"@type":"Person","@id":"https:\/\/www.noticiasradioreflejos.com.ar\/2021\/#\/schema\/person\/ad82545263dcc5ec0996818884fd5fb1","name":"Arnaldo Botto","image":{"@type":"ImageObject","inLanguage":"es","@id":"https:\/\/www.noticiasradioreflejos.com.ar\/2021\/#\/schema\/person\/image\/","url":"https:\/\/secure.gravatar.com\/avatar\/55cb5e37c1efa326397366e6974cb338056df65cb50e7d64d1cf314e87504837?s=96&d=mm&r=g","contentUrl":"https:\/\/secure.gravatar.com\/avatar\/55cb5e37c1efa326397366e6974cb338056df65cb50e7d64d1cf314e87504837?s=96&d=mm&r=g","caption":"Arnaldo Botto"},"url":"https:\/\/www.noticiasradioreflejos.com.ar\/2021\/author\/arnaldo\/"}]}},"_links":{"self":[{"href":"https:\/\/www.noticiasradioreflejos.com.ar\/2021\/wp-json\/wp\/v2\/posts\/136500","targetHints":{"allow":["GET"]}}],"collection":[{"href":"https:\/\/www.noticiasradioreflejos.com.ar\/2021\/wp-json\/wp\/v2\/posts"}],"about":[{"href":"https:\/\/www.noticiasradioreflejos.com.ar\/2021\/wp-json\/wp\/v2\/types\/post"}],"author":[{"embeddable":true,"href":"https:\/\/www.noticiasradioreflejos.com.ar\/2021\/wp-json\/wp\/v2\/users\/3"}],"replies":[{"embeddable":true,"href":"https:\/\/www.noticiasradioreflejos.com.ar\/2021\/wp-json\/wp\/v2\/comments?post=136500"}],"version-history":[{"count":2,"href":"https:\/\/www.noticiasradioreflejos.com.ar\/2021\/wp-json\/wp\/v2\/posts\/136500\/revisions"}],"predecessor-version":[{"id":136505,"href":"https:\/\/www.noticiasradioreflejos.com.ar\/2021\/wp-json\/wp\/v2\/posts\/136500\/revisions\/136505"}],"wp:featuredmedia":[{"embeddable":true,"href":"https:\/\/www.noticiasradioreflejos.com.ar\/2021\/wp-json\/wp\/v2\/media\/136501"}],"wp:attachment":[{"href":"https:\/\/www.noticiasradioreflejos.com.ar\/2021\/wp-json\/wp\/v2\/media?parent=136500"}],"wp:term":[{"taxonomy":"category","embeddable":true,"href":"https:\/\/www.noticiasradioreflejos.com.ar\/2021\/wp-json\/wp\/v2\/categories?post=136500"},{"taxonomy":"post_tag","embeddable":true,"href":"https:\/\/www.noticiasradioreflejos.com.ar\/2021\/wp-json\/wp\/v2\/tags?post=136500"}],"curies":[{"name":"wp","href":"https:\/\/api.w.org\/{rel}","templated":true}]}}