{"id":136493,"date":"2026-04-27T16:12:23","date_gmt":"2026-04-27T19:12:23","guid":{"rendered":"https:\/\/www.noticiasradioreflejos.com.ar\/2021\/?p=136493"},"modified":"2026-04-27T16:12:28","modified_gmt":"2026-04-27T19:12:28","slug":"mantenimiento-integral-en-ruta-51-vialidad-provincial-intensifica-los-trabajos-de-cara-al-fin-de-semana-largo","status":"publish","type":"post","link":"https:\/\/www.noticiasradioreflejos.com.ar\/2021\/mantenimiento-integral-en-ruta-51-vialidad-provincial-intensifica-los-trabajos-de-cara-al-fin-de-semana-largo\/","title":{"rendered":"Mantenimiento integral en Ruta 51: Vialidad Provincial intensifica los trabajos de cara al fin de semana largo"},"content":{"rendered":"<p>Con el objetivo de garantizar la seguridad vial ante el incremento del flujo vehicular por el 1\u00b0 de mayo, se realizan tareas de desmalezamiento entre Coronel Pringles y Bah\u00eda Blanca. Adem\u00e1s, se ejecutan trabajos cr\u00edticos de remoci\u00f3n de rocas y reparaci\u00f3n de defensas en el sector del Abra \u00abLos Despe\u00f1aderos\u00bb.<!--more--><\/p>\n<p data-path-to-node=\"5\">Bajo los lineamientos del Administrador General de Vialidad Provincial, <b data-path-to-node=\"5\" data-index-in-node=\"72\">Sr. Roberto Nicol\u00e1s Caggiano<\/b>, y con una fuerte presencia operativa en el territorio, la <b data-path-to-node=\"5\" data-index-in-node=\"160\">Jefatura de la Regi\u00f3n XI<\/b>, liderada por <b data-path-to-node=\"5\" data-index-in-node=\"199\">Jos\u00e9 Alberto Pino<\/b>, dispuso un despliegue extraordinario de maquinaria y personal t\u00e9cnico durante el transcurso de esta semana sobre la <b data-path-to-node=\"5\" data-index-in-node=\"334\">Ruta Provincial 51<\/b>.<\/p>\n<p data-path-to-node=\"6\">Las intervenciones se dividen en dos frentes principales que buscan optimizar la transitabilidad en un corredor clave para el sudoeste bonaerense:<\/p>\n<p data-path-to-node=\"8\">En el tramo comprendido entre <b data-path-to-node=\"8\" data-index-in-node=\"30\">Coronel Pringles y Bah\u00eda Blanca<\/b>, las cuadrillas avanzan con intensas tareas de <b data-path-to-node=\"8\" data-index-in-node=\"109\">desmalezamiento y corte de pasto<\/b> en las m\u00e1rgenes de la calzada. Estas labores son fundamentales para mejorar la visibilidad de los conductores y despejar las se\u00f1ales viales, especialmente ante la proximidad del feriado por el D\u00eda del Trabajador, donde se espera un alto movimiento tur\u00edstico y comercial.<\/p>\n<p data-path-to-node=\"8\"><a href=\"https:\/\/www.noticiasradioreflejos.com.ar\/2021\/mantenimiento-integral-en-ruta-51-vialidad-provincial-intensifica-los-trabajos-de-cara-al-fin-de-semana-largo\/ruta-51-corte-de-pasto\/\" rel=\"attachment wp-att-136497\"><img loading=\"lazy\" decoding=\"async\" class=\"aligncenter size-full wp-image-136497\" src=\"https:\/\/www.noticiasradioreflejos.com.ar\/2021\/wp-content\/uploads\/2026\/04\/Ruta-51-corte-de-pasto.jpg\" alt=\"\" width=\"1280\" height=\"633\" srcset=\"https:\/\/www.noticiasradioreflejos.com.ar\/2021\/wp-content\/uploads\/2026\/04\/Ruta-51-corte-de-pasto.jpg 1280w, https:\/\/www.noticiasradioreflejos.com.ar\/2021\/wp-content\/uploads\/2026\/04\/Ruta-51-corte-de-pasto-300x148.jpg 300w, https:\/\/www.noticiasradioreflejos.com.ar\/2021\/wp-content\/uploads\/2026\/04\/Ruta-51-corte-de-pasto-1024x506.jpg 1024w, https:\/\/www.noticiasradioreflejos.com.ar\/2021\/wp-content\/uploads\/2026\/04\/Ruta-51-corte-de-pasto-768x380.jpg 768w, https:\/\/www.noticiasradioreflejos.com.ar\/2021\/wp-content\/uploads\/2026\/04\/Ruta-51-corte-de-pasto-750x371.jpg 750w, https:\/\/www.noticiasradioreflejos.com.ar\/2021\/wp-content\/uploads\/2026\/04\/Ruta-51-corte-de-pasto-1140x564.jpg 1140w\" sizes=\"auto, (max-width: 1280px) 100vw, 1280px\" \/><\/a><\/p>\n<h3 data-path-to-node=\"9\"><b data-path-to-node=\"9\" data-index-in-node=\"0\">Intervenci\u00f3n en el Abra \u00abLos Despe\u00f1aderos\u00bb<\/b><\/h3>\n<p data-path-to-node=\"10\">Uno de los puntos m\u00e1s sensibles de la jornada es el sector conocido como el <b data-path-to-node=\"10\" data-index-in-node=\"76\">Abra \u00abLos Despe\u00f1aderos\u00bb<\/b>. En esta zona, se lleva adelante una <b data-path-to-node=\"10\" data-index-in-node=\"137\">limpieza profunda y la remoci\u00f3n de rocas<\/b> de gran porte que hab\u00edan quedado a la vera de la ruta producto de recientes derrumbes naturales.<\/p>\n<p data-path-to-node=\"11\">La fuerza de los desplazamientos de tierra no solo afect\u00f3 el paso, sino que tambi\u00e9n provoc\u00f3 da\u00f1os estructurales en las <b data-path-to-node=\"11\" data-index-in-node=\"119\">defensas y sistemas de contenci\u00f3n<\/b>. Por ello, el personal de Vialidad trabaja en la reparaci\u00f3n de estos elementos de seguridad para asegurar que la arteria recupere su capacidad de protecci\u00f3n ante eventuales nuevos desprendimientos.<\/p>\n<p data-path-to-node=\"11\"><a href=\"https:\/\/www.noticiasradioreflejos.com.ar\/2021\/mantenimiento-integral-en-ruta-51-vialidad-provincial-intensifica-los-trabajos-de-cara-al-fin-de-semana-largo\/ruta-51-despenaderos-1\/\" rel=\"attachment wp-att-136495\"><img loading=\"lazy\" decoding=\"async\" class=\"aligncenter size-full wp-image-136495\" src=\"https:\/\/www.noticiasradioreflejos.com.ar\/2021\/wp-content\/uploads\/2026\/04\/ruta-51-despenaderos-1.jpg\" alt=\"\" width=\"1280\" height=\"671\" srcset=\"https:\/\/www.noticiasradioreflejos.com.ar\/2021\/wp-content\/uploads\/2026\/04\/ruta-51-despenaderos-1.jpg 1280w, https:\/\/www.noticiasradioreflejos.com.ar\/2021\/wp-content\/uploads\/2026\/04\/ruta-51-despenaderos-1-300x157.jpg 300w, https:\/\/www.noticiasradioreflejos.com.ar\/2021\/wp-content\/uploads\/2026\/04\/ruta-51-despenaderos-1-1024x537.jpg 1024w, https:\/\/www.noticiasradioreflejos.com.ar\/2021\/wp-content\/uploads\/2026\/04\/ruta-51-despenaderos-1-768x403.jpg 768w, https:\/\/www.noticiasradioreflejos.com.ar\/2021\/wp-content\/uploads\/2026\/04\/ruta-51-despenaderos-1-750x393.jpg 750w, https:\/\/www.noticiasradioreflejos.com.ar\/2021\/wp-content\/uploads\/2026\/04\/ruta-51-despenaderos-1-1140x598.jpg 1140w\" sizes=\"auto, (max-width: 1280px) 100vw, 1280px\" \/><\/a><\/p>\n<h3 data-path-to-node=\"12\"><b data-path-to-node=\"12\" data-index-in-node=\"0\">Presencia permanente<\/b><\/h3>\n<p data-path-to-node=\"13\">Desde la Jefatura Regional destacaron que estas obras forman parte de un plan de mantenimiento continuo. La gesti\u00f3n actual busca no solo responder a las contingencias clim\u00e1ticas, sino mantener una <b data-path-to-node=\"13\" data-index-in-node=\"197\">presencia activa<\/b> que prevenga incidentes y mejore la infraestructura vial de la provincia.<\/p>\n<p data-path-to-node=\"14\">Se recomienda a los automovilistas circular con precauci\u00f3n en las zonas de trabajo, respetar la se\u00f1alizaci\u00f3n transitoria y las indicaciones del personal vial que se encuentra operando sobre la calzada.<\/p>\n<p data-path-to-node=\"14\"><a href=\"https:\/\/www.noticiasradioreflejos.com.ar\/2021\/mantenimiento-integral-en-ruta-51-vialidad-provincial-intensifica-los-trabajos-de-cara-al-fin-de-semana-largo\/ruta-51-despenaderos\/\" rel=\"attachment wp-att-136496\"><img loading=\"lazy\" decoding=\"async\" class=\"aligncenter size-full wp-image-136496\" src=\"https:\/\/www.noticiasradioreflejos.com.ar\/2021\/wp-content\/uploads\/2026\/04\/ruta-51-despenaderos.jpg\" alt=\"\" width=\"1280\" height=\"664\" srcset=\"https:\/\/www.noticiasradioreflejos.com.ar\/2021\/wp-content\/uploads\/2026\/04\/ruta-51-despenaderos.jpg 1280w, https:\/\/www.noticiasradioreflejos.com.ar\/2021\/wp-content\/uploads\/2026\/04\/ruta-51-despenaderos-300x156.jpg 300w, https:\/\/www.noticiasradioreflejos.com.ar\/2021\/wp-content\/uploads\/2026\/04\/ruta-51-despenaderos-1024x531.jpg 1024w, https:\/\/www.noticiasradioreflejos.com.ar\/2021\/wp-content\/uploads\/2026\/04\/ruta-51-despenaderos-768x398.jpg 768w, https:\/\/www.noticiasradioreflejos.com.ar\/2021\/wp-content\/uploads\/2026\/04\/ruta-51-despenaderos-750x389.jpg 750w, https:\/\/www.noticiasradioreflejos.com.ar\/2021\/wp-content\/uploads\/2026\/04\/ruta-51-despenaderos-1140x591.jpg 1140w\" sizes=\"auto, (max-width: 1280px) 100vw, 1280px\" \/><\/a><\/p>\n","protected":false},"excerpt":{"rendered":"<p>Con el objetivo de garantizar la seguridad vial ante el incremento del flujo vehicular por el 1\u00b0 de mayo, se realizan tareas de desmalezamiento entre Coronel Pringles y Bah\u00eda Blanca. Adem\u00e1s, se ejecutan trabajos cr\u00edticos de remoci\u00f3n de rocas y reparaci\u00f3n de defensas en el sector del Abra \u00abLos Despe\u00f1aderos\u00bb.<\/p>\n","protected":false},"author":3,"featured_media":136494,"comment_status":"closed","ping_status":"closed","sticky":false,"template":"","format":"standard","meta":{"footnotes":""},"categories":[58,24,26],"tags":[48],"class_list":["post-136493","post","type-post","status-publish","format-standard","has-post-thumbnail","hentry","category-gobierno","category-politica","category-sociedad","tag-destacada"],"yoast_head":"<!-- This site is optimized with the Yoast SEO plugin v25.9 - https:\/\/yoast.com\/wordpress\/plugins\/seo\/ -->\n<title>Mantenimiento integral en Ruta 51: Vialidad Provincial intensifica los trabajos de cara al fin de semana largo - Noticias Radio Reflejos<\/title>\n<meta name=\"robots\" content=\"index, follow, max-snippet:-1, max-image-preview:large, max-video-preview:-1\" \/>\n<link rel=\"canonical\" href=\"https:\/\/www.noticiasradioreflejos.com.ar\/2021\/mantenimiento-integral-en-ruta-51-vialidad-provincial-intensifica-los-trabajos-de-cara-al-fin-de-semana-largo\/\" \/>\n<meta property=\"og:locale\" content=\"es_ES\" \/>\n<meta property=\"og:type\" content=\"article\" \/>\n<meta property=\"og:title\" content=\"Mantenimiento integral en Ruta 51: Vialidad Provincial intensifica los trabajos de cara al fin de semana largo - Noticias Radio Reflejos\" \/>\n<meta property=\"og:description\" content=\"Con el objetivo de garantizar la seguridad vial ante el incremento del flujo vehicular por el 1\u00b0 de mayo, se realizan tareas de desmalezamiento entre Coronel Pringles y Bah\u00eda Blanca. Adem\u00e1s, se ejecutan trabajos cr\u00edticos de remoci\u00f3n de rocas y reparaci\u00f3n de defensas en el sector del Abra \u00abLos Despe\u00f1aderos\u00bb.\" \/>\n<meta property=\"og:url\" content=\"https:\/\/www.noticiasradioreflejos.com.ar\/2021\/mantenimiento-integral-en-ruta-51-vialidad-provincial-intensifica-los-trabajos-de-cara-al-fin-de-semana-largo\/\" \/>\n<meta property=\"og:site_name\" content=\"Noticias Radio Reflejos\" \/>\n<meta property=\"article:published_time\" content=\"2026-04-27T19:12:23+00:00\" \/>\n<meta property=\"article:modified_time\" content=\"2026-04-27T19:12:28+00:00\" \/>\n<meta property=\"og:image\" content=\"https:\/\/www.noticiasradioreflejos.com.ar\/2021\/wp-content\/uploads\/2026\/04\/ruta-51-despenaderos-2.jpg\" \/>\n\t<meta property=\"og:image:width\" content=\"1280\" \/>\n\t<meta property=\"og:image:height\" content=\"672\" \/>\n\t<meta property=\"og:image:type\" content=\"image\/jpeg\" \/>\n<meta name=\"author\" content=\"Arnaldo Botto\" \/>\n<meta name=\"twitter:card\" content=\"summary_large_image\" \/>\n<script type=\"application\/ld+json\" class=\"yoast-schema-graph\">{\"@context\":\"https:\/\/schema.org\",\"@graph\":[{\"@type\":\"WebPage\",\"@id\":\"https:\/\/www.noticiasradioreflejos.com.ar\/2021\/mantenimiento-integral-en-ruta-51-vialidad-provincial-intensifica-los-trabajos-de-cara-al-fin-de-semana-largo\/\",\"url\":\"https:\/\/www.noticiasradioreflejos.com.ar\/2021\/mantenimiento-integral-en-ruta-51-vialidad-provincial-intensifica-los-trabajos-de-cara-al-fin-de-semana-largo\/\",\"name\":\"Mantenimiento integral en Ruta 51: Vialidad Provincial intensifica los trabajos de cara al fin de semana largo - Noticias Radio Reflejos\",\"isPartOf\":{\"@id\":\"https:\/\/www.noticiasradioreflejos.com.ar\/2021\/#website\"},\"primaryImageOfPage\":{\"@id\":\"https:\/\/www.noticiasradioreflejos.com.ar\/2021\/mantenimiento-integral-en-ruta-51-vialidad-provincial-intensifica-los-trabajos-de-cara-al-fin-de-semana-largo\/#primaryimage\"},\"image\":{\"@id\":\"https:\/\/www.noticiasradioreflejos.com.ar\/2021\/mantenimiento-integral-en-ruta-51-vialidad-provincial-intensifica-los-trabajos-de-cara-al-fin-de-semana-largo\/#primaryimage\"},\"thumbnailUrl\":\"https:\/\/www.noticiasradioreflejos.com.ar\/2021\/wp-content\/uploads\/2026\/04\/ruta-51-despenaderos-2.jpg\",\"datePublished\":\"2026-04-27T19:12:23+00:00\",\"dateModified\":\"2026-04-27T19:12:28+00:00\",\"author\":{\"@id\":\"https:\/\/www.noticiasradioreflejos.com.ar\/2021\/#\/schema\/person\/ad82545263dcc5ec0996818884fd5fb1\"},\"breadcrumb\":{\"@id\":\"https:\/\/www.noticiasradioreflejos.com.ar\/2021\/mantenimiento-integral-en-ruta-51-vialidad-provincial-intensifica-los-trabajos-de-cara-al-fin-de-semana-largo\/#breadcrumb\"},\"inLanguage\":\"es\",\"potentialAction\":[{\"@type\":\"ReadAction\",\"target\":[\"https:\/\/www.noticiasradioreflejos.com.ar\/2021\/mantenimiento-integral-en-ruta-51-vialidad-provincial-intensifica-los-trabajos-de-cara-al-fin-de-semana-largo\/\"]}]},{\"@type\":\"ImageObject\",\"inLanguage\":\"es\",\"@id\":\"https:\/\/www.noticiasradioreflejos.com.ar\/2021\/mantenimiento-integral-en-ruta-51-vialidad-provincial-intensifica-los-trabajos-de-cara-al-fin-de-semana-largo\/#primaryimage\",\"url\":\"https:\/\/www.noticiasradioreflejos.com.ar\/2021\/wp-content\/uploads\/2026\/04\/ruta-51-despenaderos-2.jpg\",\"contentUrl\":\"https:\/\/www.noticiasradioreflejos.com.ar\/2021\/wp-content\/uploads\/2026\/04\/ruta-51-despenaderos-2.jpg\",\"width\":1280,\"height\":672},{\"@type\":\"BreadcrumbList\",\"@id\":\"https:\/\/www.noticiasradioreflejos.com.ar\/2021\/mantenimiento-integral-en-ruta-51-vialidad-provincial-intensifica-los-trabajos-de-cara-al-fin-de-semana-largo\/#breadcrumb\",\"itemListElement\":[{\"@type\":\"ListItem\",\"position\":1,\"name\":\"Portada\",\"item\":\"https:\/\/www.noticiasradioreflejos.com.ar\/2021\/\"},{\"@type\":\"ListItem\",\"position\":2,\"name\":\"Mantenimiento integral en Ruta 51: Vialidad Provincial intensifica los trabajos de cara al fin de semana largo\"}]},{\"@type\":\"WebSite\",\"@id\":\"https:\/\/www.noticiasradioreflejos.com.ar\/2021\/#website\",\"url\":\"https:\/\/www.noticiasradioreflejos.com.ar\/2021\/\",\"name\":\"Noticias Radio Reflejos\",\"description\":\"Las noticias de mi comarca\",\"potentialAction\":[{\"@type\":\"SearchAction\",\"target\":{\"@type\":\"EntryPoint\",\"urlTemplate\":\"https:\/\/www.noticiasradioreflejos.com.ar\/2021\/?s={search_term_string}\"},\"query-input\":{\"@type\":\"PropertyValueSpecification\",\"valueRequired\":true,\"valueName\":\"search_term_string\"}}],\"inLanguage\":\"es\"},{\"@type\":\"Person\",\"@id\":\"https:\/\/www.noticiasradioreflejos.com.ar\/2021\/#\/schema\/person\/ad82545263dcc5ec0996818884fd5fb1\",\"name\":\"Arnaldo Botto\",\"image\":{\"@type\":\"ImageObject\",\"inLanguage\":\"es\",\"@id\":\"https:\/\/www.noticiasradioreflejos.com.ar\/2021\/#\/schema\/person\/image\/\",\"url\":\"https:\/\/secure.gravatar.com\/avatar\/55cb5e37c1efa326397366e6974cb338056df65cb50e7d64d1cf314e87504837?s=96&d=mm&r=g\",\"contentUrl\":\"https:\/\/secure.gravatar.com\/avatar\/55cb5e37c1efa326397366e6974cb338056df65cb50e7d64d1cf314e87504837?s=96&d=mm&r=g\",\"caption\":\"Arnaldo Botto\"},\"url\":\"https:\/\/www.noticiasradioreflejos.com.ar\/2021\/author\/arnaldo\/\"}]}<\/script>\n<!-- \/ Yoast SEO plugin. -->","yoast_head_json":{"title":"Mantenimiento integral en Ruta 51: Vialidad Provincial intensifica los trabajos de cara al fin de semana largo - Noticias Radio Reflejos","robots":{"index":"index","follow":"follow","max-snippet":"max-snippet:-1","max-image-preview":"max-image-preview:large","max-video-preview":"max-video-preview:-1"},"canonical":"https:\/\/www.noticiasradioreflejos.com.ar\/2021\/mantenimiento-integral-en-ruta-51-vialidad-provincial-intensifica-los-trabajos-de-cara-al-fin-de-semana-largo\/","og_locale":"es_ES","og_type":"article","og_title":"Mantenimiento integral en Ruta 51: Vialidad Provincial intensifica los trabajos de cara al fin de semana largo - Noticias Radio Reflejos","og_description":"Con el objetivo de garantizar la seguridad vial ante el incremento del flujo vehicular por el 1\u00b0 de mayo, se realizan tareas de desmalezamiento entre Coronel Pringles y Bah\u00eda Blanca. Adem\u00e1s, se ejecutan trabajos cr\u00edticos de remoci\u00f3n de rocas y reparaci\u00f3n de defensas en el sector del Abra \u00abLos Despe\u00f1aderos\u00bb.","og_url":"https:\/\/www.noticiasradioreflejos.com.ar\/2021\/mantenimiento-integral-en-ruta-51-vialidad-provincial-intensifica-los-trabajos-de-cara-al-fin-de-semana-largo\/","og_site_name":"Noticias Radio Reflejos","article_published_time":"2026-04-27T19:12:23+00:00","article_modified_time":"2026-04-27T19:12:28+00:00","og_image":[{"width":1280,"height":672,"url":"https:\/\/www.noticiasradioreflejos.com.ar\/2021\/wp-content\/uploads\/2026\/04\/ruta-51-despenaderos-2.jpg","type":"image\/jpeg"}],"author":"Arnaldo Botto","twitter_card":"summary_large_image","schema":{"@context":"https:\/\/schema.org","@graph":[{"@type":"WebPage","@id":"https:\/\/www.noticiasradioreflejos.com.ar\/2021\/mantenimiento-integral-en-ruta-51-vialidad-provincial-intensifica-los-trabajos-de-cara-al-fin-de-semana-largo\/","url":"https:\/\/www.noticiasradioreflejos.com.ar\/2021\/mantenimiento-integral-en-ruta-51-vialidad-provincial-intensifica-los-trabajos-de-cara-al-fin-de-semana-largo\/","name":"Mantenimiento integral en Ruta 51: Vialidad Provincial intensifica los trabajos de cara al fin de semana largo - Noticias Radio Reflejos","isPartOf":{"@id":"https:\/\/www.noticiasradioreflejos.com.ar\/2021\/#website"},"primaryImageOfPage":{"@id":"https:\/\/www.noticiasradioreflejos.com.ar\/2021\/mantenimiento-integral-en-ruta-51-vialidad-provincial-intensifica-los-trabajos-de-cara-al-fin-de-semana-largo\/#primaryimage"},"image":{"@id":"https:\/\/www.noticiasradioreflejos.com.ar\/2021\/mantenimiento-integral-en-ruta-51-vialidad-provincial-intensifica-los-trabajos-de-cara-al-fin-de-semana-largo\/#primaryimage"},"thumbnailUrl":"https:\/\/www.noticiasradioreflejos.com.ar\/2021\/wp-content\/uploads\/2026\/04\/ruta-51-despenaderos-2.jpg","datePublished":"2026-04-27T19:12:23+00:00","dateModified":"2026-04-27T19:12:28+00:00","author":{"@id":"https:\/\/www.noticiasradioreflejos.com.ar\/2021\/#\/schema\/person\/ad82545263dcc5ec0996818884fd5fb1"},"breadcrumb":{"@id":"https:\/\/www.noticiasradioreflejos.com.ar\/2021\/mantenimiento-integral-en-ruta-51-vialidad-provincial-intensifica-los-trabajos-de-cara-al-fin-de-semana-largo\/#breadcrumb"},"inLanguage":"es","potentialAction":[{"@type":"ReadAction","target":["https:\/\/www.noticiasradioreflejos.com.ar\/2021\/mantenimiento-integral-en-ruta-51-vialidad-provincial-intensifica-los-trabajos-de-cara-al-fin-de-semana-largo\/"]}]},{"@type":"ImageObject","inLanguage":"es","@id":"https:\/\/www.noticiasradioreflejos.com.ar\/2021\/mantenimiento-integral-en-ruta-51-vialidad-provincial-intensifica-los-trabajos-de-cara-al-fin-de-semana-largo\/#primaryimage","url":"https:\/\/www.noticiasradioreflejos.com.ar\/2021\/wp-content\/uploads\/2026\/04\/ruta-51-despenaderos-2.jpg","contentUrl":"https:\/\/www.noticiasradioreflejos.com.ar\/2021\/wp-content\/uploads\/2026\/04\/ruta-51-despenaderos-2.jpg","width":1280,"height":672},{"@type":"BreadcrumbList","@id":"https:\/\/www.noticiasradioreflejos.com.ar\/2021\/mantenimiento-integral-en-ruta-51-vialidad-provincial-intensifica-los-trabajos-de-cara-al-fin-de-semana-largo\/#breadcrumb","itemListElement":[{"@type":"ListItem","position":1,"name":"Portada","item":"https:\/\/www.noticiasradioreflejos.com.ar\/2021\/"},{"@type":"ListItem","position":2,"name":"Mantenimiento integral en Ruta 51: Vialidad Provincial intensifica los trabajos de cara al fin de semana largo"}]},{"@type":"WebSite","@id":"https:\/\/www.noticiasradioreflejos.com.ar\/2021\/#website","url":"https:\/\/www.noticiasradioreflejos.com.ar\/2021\/","name":"Noticias Radio Reflejos","description":"Las noticias de mi comarca","potentialAction":[{"@type":"SearchAction","target":{"@type":"EntryPoint","urlTemplate":"https:\/\/www.noticiasradioreflejos.com.ar\/2021\/?s={search_term_string}"},"query-input":{"@type":"PropertyValueSpecification","valueRequired":true,"valueName":"search_term_string"}}],"inLanguage":"es"},{"@type":"Person","@id":"https:\/\/www.noticiasradioreflejos.com.ar\/2021\/#\/schema\/person\/ad82545263dcc5ec0996818884fd5fb1","name":"Arnaldo Botto","image":{"@type":"ImageObject","inLanguage":"es","@id":"https:\/\/www.noticiasradioreflejos.com.ar\/2021\/#\/schema\/person\/image\/","url":"https:\/\/secure.gravatar.com\/avatar\/55cb5e37c1efa326397366e6974cb338056df65cb50e7d64d1cf314e87504837?s=96&d=mm&r=g","contentUrl":"https:\/\/secure.gravatar.com\/avatar\/55cb5e37c1efa326397366e6974cb338056df65cb50e7d64d1cf314e87504837?s=96&d=mm&r=g","caption":"Arnaldo Botto"},"url":"https:\/\/www.noticiasradioreflejos.com.ar\/2021\/author\/arnaldo\/"}]}},"_links":{"self":[{"href":"https:\/\/www.noticiasradioreflejos.com.ar\/2021\/wp-json\/wp\/v2\/posts\/136493","targetHints":{"allow":["GET"]}}],"collection":[{"href":"https:\/\/www.noticiasradioreflejos.com.ar\/2021\/wp-json\/wp\/v2\/posts"}],"about":[{"href":"https:\/\/www.noticiasradioreflejos.com.ar\/2021\/wp-json\/wp\/v2\/types\/post"}],"author":[{"embeddable":true,"href":"https:\/\/www.noticiasradioreflejos.com.ar\/2021\/wp-json\/wp\/v2\/users\/3"}],"replies":[{"embeddable":true,"href":"https:\/\/www.noticiasradioreflejos.com.ar\/2021\/wp-json\/wp\/v2\/comments?post=136493"}],"version-history":[{"count":2,"href":"https:\/\/www.noticiasradioreflejos.com.ar\/2021\/wp-json\/wp\/v2\/posts\/136493\/revisions"}],"predecessor-version":[{"id":136499,"href":"https:\/\/www.noticiasradioreflejos.com.ar\/2021\/wp-json\/wp\/v2\/posts\/136493\/revisions\/136499"}],"wp:featuredmedia":[{"embeddable":true,"href":"https:\/\/www.noticiasradioreflejos.com.ar\/2021\/wp-json\/wp\/v2\/media\/136494"}],"wp:attachment":[{"href":"https:\/\/www.noticiasradioreflejos.com.ar\/2021\/wp-json\/wp\/v2\/media?parent=136493"}],"wp:term":[{"taxonomy":"category","embeddable":true,"href":"https:\/\/www.noticiasradioreflejos.com.ar\/2021\/wp-json\/wp\/v2\/categories?post=136493"},{"taxonomy":"post_tag","embeddable":true,"href":"https:\/\/www.noticiasradioreflejos.com.ar\/2021\/wp-json\/wp\/v2\/tags?post=136493"}],"curies":[{"name":"wp","href":"https:\/\/api.w.org\/{rel}","templated":true}]}}