{"id":136490,"date":"2026-04-27T15:39:39","date_gmt":"2026-04-27T18:39:39","guid":{"rendered":"https:\/\/www.noticiasradioreflejos.com.ar\/2021\/?p=136490"},"modified":"2026-04-27T15:39:39","modified_gmt":"2026-04-27T18:39:39","slug":"nueva-vertiente-en-el-abra-de-la-ventana-la-ucr-solicita-obras-urgentes-en-la-ruta-76","status":"publish","type":"post","link":"https:\/\/www.noticiasradioreflejos.com.ar\/2021\/nueva-vertiente-en-el-abra-de-la-ventana-la-ucr-solicita-obras-urgentes-en-la-ruta-76\/","title":{"rendered":"Nueva vertiente en el Abra de la Ventana: la UCR solicita obras urgentes en la Ruta 76"},"content":{"rendered":"<p id=\"p-rc_b1f72b8a73e1a9f4-33\" data-path-to-node=\"2\"><span data-path-to-node=\"2,0\"><span class=\"citation-81\">El bloque de concejales de la Uni\u00f3n C\u00edvica Radical present\u00f3 una minuta de comunicaci\u00f3n ante el riesgo de accidentes entre los kil\u00f3metros 222 y 225 de la traza provincial<\/span><\/span><span data-path-to-node=\"2,2\">. <\/span><span data-path-to-node=\"2,4\"><span class=\"citation-80\">El pedido exige a Vialidad Provincial una soluci\u00f3n hidr\u00e1ulica definitiva para evitar el escurrimiento de agua sobre la calzada, la formaci\u00f3n de hielo en invierno y el deterioro de las banquinas.<\/span><\/span><!--more--><\/p>\n<p><iframe loading=\"lazy\" class=\"scribd_iframe_embed\" tabindex=\"0\" title=\"Minuta de Comunicacion - Ucr- Ruta 76 - Vertiente Zona Xi -Abra de La Ventana\" src=\"https:\/\/www.scribd.com\/embeds\/1031963882\/content?start_page=1&amp;view_mode=scroll&amp;access_key=key-wgHLR57piaRCZM6cd4Yt\" width=\"100%\" height=\"600\" frameborder=\"0\" scrolling=\"no\" data-auto-height=\"true\" data-aspect-ratio=\"0.7080062794348508\"><\/iframe><\/p>\n<p style=\"margin: 12px auto 6px auto; font-family: Helvetica,Arial,Sans-serif; font-size: 14px; line-height: normal; display: block;\"><a style=\"color: #098642; text-decoration: underline;\" title=\"View Minuta de Comunicacion - Ucr- Ruta 76 - Vertiente Zona Xi -Abra de La Ventana on Scribd\" href=\"https:\/\/www.scribd.com\/document\/1031963882\/Minuta-de-Comunicacion-Ucr-Ruta-76-Vertiente-Zona-Xi-Abra-de-La-Ventana#from_embed\"> Minuta de Comunicacion &#8211; Ucr- Ruta 76 &#8211; Vertiente Zona Xi -Abra de La Ventana <\/a> by <a style=\"color: #098642; text-decoration: underline;\" title=\"View FM Reflejos Sierra de la Ventana's profile on Scribd\" href=\"https:\/\/www.scribd.com\/user\/128459674\/FM-Reflejos-Sierra-de-la-Ventana#from_embed\"> FM Reflejos Sierra de la Ventana <\/a><\/p>\n","protected":false},"excerpt":{"rendered":"<p>El bloque de concejales de la Uni\u00f3n C\u00edvica Radical present\u00f3 una minuta de comunicaci\u00f3n ante el riesgo de accidentes entre los kil\u00f3metros 222 y 225 de la traza provincial. El pedido exige a Vialidad Provincial una soluci\u00f3n hidr\u00e1ulica definitiva para evitar el escurrimiento de agua sobre la calzada, la formaci\u00f3n de hielo en invierno y [&hellip;]<\/p>\n","protected":false},"author":3,"featured_media":136491,"comment_status":"closed","ping_status":"closed","sticky":false,"template":"","format":"standard","meta":{"footnotes":""},"categories":[24],"tags":[],"class_list":["post-136490","post","type-post","status-publish","format-standard","has-post-thumbnail","hentry","category-politica"],"yoast_head":"<!-- This site is optimized with the Yoast SEO plugin v25.9 - https:\/\/yoast.com\/wordpress\/plugins\/seo\/ -->\n<title>Nueva vertiente en el Abra de la Ventana: la UCR solicita obras urgentes en la Ruta 76 - Noticias Radio Reflejos<\/title>\n<meta name=\"robots\" content=\"index, follow, max-snippet:-1, max-image-preview:large, max-video-preview:-1\" \/>\n<link rel=\"canonical\" href=\"https:\/\/www.noticiasradioreflejos.com.ar\/2021\/nueva-vertiente-en-el-abra-de-la-ventana-la-ucr-solicita-obras-urgentes-en-la-ruta-76\/\" \/>\n<meta property=\"og:locale\" content=\"es_ES\" \/>\n<meta property=\"og:type\" content=\"article\" \/>\n<meta property=\"og:title\" content=\"Nueva vertiente en el Abra de la Ventana: la UCR solicita obras urgentes en la Ruta 76 - Noticias Radio Reflejos\" \/>\n<meta property=\"og:description\" content=\"El bloque de concejales de la Uni\u00f3n C\u00edvica Radical present\u00f3 una minuta de comunicaci\u00f3n ante el riesgo de accidentes entre los kil\u00f3metros 222 y 225 de la traza provincial. El pedido exige a Vialidad Provincial una soluci\u00f3n hidr\u00e1ulica definitiva para evitar el escurrimiento de agua sobre la calzada, la formaci\u00f3n de hielo en invierno y [&hellip;]\" \/>\n<meta property=\"og:url\" content=\"https:\/\/www.noticiasradioreflejos.com.ar\/2021\/nueva-vertiente-en-el-abra-de-la-ventana-la-ucr-solicita-obras-urgentes-en-la-ruta-76\/\" \/>\n<meta property=\"og:site_name\" content=\"Noticias Radio Reflejos\" \/>\n<meta property=\"article:published_time\" content=\"2026-04-27T18:39:39+00:00\" \/>\n<meta property=\"og:image\" content=\"https:\/\/www.noticiasradioreflejos.com.ar\/2021\/wp-content\/uploads\/2026\/04\/WhatsApp-Image-2026-04-27-at-14.50.09.jpeg\" \/>\n\t<meta property=\"og:image:width\" content=\"940\" \/>\n\t<meta property=\"og:image:height\" content=\"788\" \/>\n\t<meta property=\"og:image:type\" content=\"image\/jpeg\" \/>\n<meta name=\"author\" content=\"Arnaldo Botto\" \/>\n<meta name=\"twitter:card\" content=\"summary_large_image\" \/>\n<script type=\"application\/ld+json\" class=\"yoast-schema-graph\">{\"@context\":\"https:\/\/schema.org\",\"@graph\":[{\"@type\":\"WebPage\",\"@id\":\"https:\/\/www.noticiasradioreflejos.com.ar\/2021\/nueva-vertiente-en-el-abra-de-la-ventana-la-ucr-solicita-obras-urgentes-en-la-ruta-76\/\",\"url\":\"https:\/\/www.noticiasradioreflejos.com.ar\/2021\/nueva-vertiente-en-el-abra-de-la-ventana-la-ucr-solicita-obras-urgentes-en-la-ruta-76\/\",\"name\":\"Nueva vertiente en el Abra de la Ventana: la UCR solicita obras urgentes en la Ruta 76 - Noticias Radio Reflejos\",\"isPartOf\":{\"@id\":\"https:\/\/www.noticiasradioreflejos.com.ar\/2021\/#website\"},\"primaryImageOfPage\":{\"@id\":\"https:\/\/www.noticiasradioreflejos.com.ar\/2021\/nueva-vertiente-en-el-abra-de-la-ventana-la-ucr-solicita-obras-urgentes-en-la-ruta-76\/#primaryimage\"},\"image\":{\"@id\":\"https:\/\/www.noticiasradioreflejos.com.ar\/2021\/nueva-vertiente-en-el-abra-de-la-ventana-la-ucr-solicita-obras-urgentes-en-la-ruta-76\/#primaryimage\"},\"thumbnailUrl\":\"https:\/\/www.noticiasradioreflejos.com.ar\/2021\/wp-content\/uploads\/2026\/04\/WhatsApp-Image-2026-04-27-at-14.50.09.jpeg\",\"datePublished\":\"2026-04-27T18:39:39+00:00\",\"author\":{\"@id\":\"https:\/\/www.noticiasradioreflejos.com.ar\/2021\/#\/schema\/person\/ad82545263dcc5ec0996818884fd5fb1\"},\"breadcrumb\":{\"@id\":\"https:\/\/www.noticiasradioreflejos.com.ar\/2021\/nueva-vertiente-en-el-abra-de-la-ventana-la-ucr-solicita-obras-urgentes-en-la-ruta-76\/#breadcrumb\"},\"inLanguage\":\"es\",\"potentialAction\":[{\"@type\":\"ReadAction\",\"target\":[\"https:\/\/www.noticiasradioreflejos.com.ar\/2021\/nueva-vertiente-en-el-abra-de-la-ventana-la-ucr-solicita-obras-urgentes-en-la-ruta-76\/\"]}]},{\"@type\":\"ImageObject\",\"inLanguage\":\"es\",\"@id\":\"https:\/\/www.noticiasradioreflejos.com.ar\/2021\/nueva-vertiente-en-el-abra-de-la-ventana-la-ucr-solicita-obras-urgentes-en-la-ruta-76\/#primaryimage\",\"url\":\"https:\/\/www.noticiasradioreflejos.com.ar\/2021\/wp-content\/uploads\/2026\/04\/WhatsApp-Image-2026-04-27-at-14.50.09.jpeg\",\"contentUrl\":\"https:\/\/www.noticiasradioreflejos.com.ar\/2021\/wp-content\/uploads\/2026\/04\/WhatsApp-Image-2026-04-27-at-14.50.09.jpeg\",\"width\":940,\"height\":788},{\"@type\":\"BreadcrumbList\",\"@id\":\"https:\/\/www.noticiasradioreflejos.com.ar\/2021\/nueva-vertiente-en-el-abra-de-la-ventana-la-ucr-solicita-obras-urgentes-en-la-ruta-76\/#breadcrumb\",\"itemListElement\":[{\"@type\":\"ListItem\",\"position\":1,\"name\":\"Portada\",\"item\":\"https:\/\/www.noticiasradioreflejos.com.ar\/2021\/\"},{\"@type\":\"ListItem\",\"position\":2,\"name\":\"Nueva vertiente en el Abra de la Ventana: la UCR solicita obras urgentes en la Ruta 76\"}]},{\"@type\":\"WebSite\",\"@id\":\"https:\/\/www.noticiasradioreflejos.com.ar\/2021\/#website\",\"url\":\"https:\/\/www.noticiasradioreflejos.com.ar\/2021\/\",\"name\":\"Noticias Radio Reflejos\",\"description\":\"Las noticias de mi comarca\",\"potentialAction\":[{\"@type\":\"SearchAction\",\"target\":{\"@type\":\"EntryPoint\",\"urlTemplate\":\"https:\/\/www.noticiasradioreflejos.com.ar\/2021\/?s={search_term_string}\"},\"query-input\":{\"@type\":\"PropertyValueSpecification\",\"valueRequired\":true,\"valueName\":\"search_term_string\"}}],\"inLanguage\":\"es\"},{\"@type\":\"Person\",\"@id\":\"https:\/\/www.noticiasradioreflejos.com.ar\/2021\/#\/schema\/person\/ad82545263dcc5ec0996818884fd5fb1\",\"name\":\"Arnaldo Botto\",\"image\":{\"@type\":\"ImageObject\",\"inLanguage\":\"es\",\"@id\":\"https:\/\/www.noticiasradioreflejos.com.ar\/2021\/#\/schema\/person\/image\/\",\"url\":\"https:\/\/secure.gravatar.com\/avatar\/55cb5e37c1efa326397366e6974cb338056df65cb50e7d64d1cf314e87504837?s=96&d=mm&r=g\",\"contentUrl\":\"https:\/\/secure.gravatar.com\/avatar\/55cb5e37c1efa326397366e6974cb338056df65cb50e7d64d1cf314e87504837?s=96&d=mm&r=g\",\"caption\":\"Arnaldo Botto\"},\"url\":\"https:\/\/www.noticiasradioreflejos.com.ar\/2021\/author\/arnaldo\/\"}]}<\/script>\n<!-- \/ Yoast SEO plugin. -->","yoast_head_json":{"title":"Nueva vertiente en el Abra de la Ventana: la UCR solicita obras urgentes en la Ruta 76 - Noticias Radio Reflejos","robots":{"index":"index","follow":"follow","max-snippet":"max-snippet:-1","max-image-preview":"max-image-preview:large","max-video-preview":"max-video-preview:-1"},"canonical":"https:\/\/www.noticiasradioreflejos.com.ar\/2021\/nueva-vertiente-en-el-abra-de-la-ventana-la-ucr-solicita-obras-urgentes-en-la-ruta-76\/","og_locale":"es_ES","og_type":"article","og_title":"Nueva vertiente en el Abra de la Ventana: la UCR solicita obras urgentes en la Ruta 76 - Noticias Radio Reflejos","og_description":"El bloque de concejales de la Uni\u00f3n C\u00edvica Radical present\u00f3 una minuta de comunicaci\u00f3n ante el riesgo de accidentes entre los kil\u00f3metros 222 y 225 de la traza provincial. El pedido exige a Vialidad Provincial una soluci\u00f3n hidr\u00e1ulica definitiva para evitar el escurrimiento de agua sobre la calzada, la formaci\u00f3n de hielo en invierno y [&hellip;]","og_url":"https:\/\/www.noticiasradioreflejos.com.ar\/2021\/nueva-vertiente-en-el-abra-de-la-ventana-la-ucr-solicita-obras-urgentes-en-la-ruta-76\/","og_site_name":"Noticias Radio Reflejos","article_published_time":"2026-04-27T18:39:39+00:00","og_image":[{"width":940,"height":788,"url":"https:\/\/www.noticiasradioreflejos.com.ar\/2021\/wp-content\/uploads\/2026\/04\/WhatsApp-Image-2026-04-27-at-14.50.09.jpeg","type":"image\/jpeg"}],"author":"Arnaldo Botto","twitter_card":"summary_large_image","schema":{"@context":"https:\/\/schema.org","@graph":[{"@type":"WebPage","@id":"https:\/\/www.noticiasradioreflejos.com.ar\/2021\/nueva-vertiente-en-el-abra-de-la-ventana-la-ucr-solicita-obras-urgentes-en-la-ruta-76\/","url":"https:\/\/www.noticiasradioreflejos.com.ar\/2021\/nueva-vertiente-en-el-abra-de-la-ventana-la-ucr-solicita-obras-urgentes-en-la-ruta-76\/","name":"Nueva vertiente en el Abra de la Ventana: la UCR solicita obras urgentes en la Ruta 76 - Noticias Radio Reflejos","isPartOf":{"@id":"https:\/\/www.noticiasradioreflejos.com.ar\/2021\/#website"},"primaryImageOfPage":{"@id":"https:\/\/www.noticiasradioreflejos.com.ar\/2021\/nueva-vertiente-en-el-abra-de-la-ventana-la-ucr-solicita-obras-urgentes-en-la-ruta-76\/#primaryimage"},"image":{"@id":"https:\/\/www.noticiasradioreflejos.com.ar\/2021\/nueva-vertiente-en-el-abra-de-la-ventana-la-ucr-solicita-obras-urgentes-en-la-ruta-76\/#primaryimage"},"thumbnailUrl":"https:\/\/www.noticiasradioreflejos.com.ar\/2021\/wp-content\/uploads\/2026\/04\/WhatsApp-Image-2026-04-27-at-14.50.09.jpeg","datePublished":"2026-04-27T18:39:39+00:00","author":{"@id":"https:\/\/www.noticiasradioreflejos.com.ar\/2021\/#\/schema\/person\/ad82545263dcc5ec0996818884fd5fb1"},"breadcrumb":{"@id":"https:\/\/www.noticiasradioreflejos.com.ar\/2021\/nueva-vertiente-en-el-abra-de-la-ventana-la-ucr-solicita-obras-urgentes-en-la-ruta-76\/#breadcrumb"},"inLanguage":"es","potentialAction":[{"@type":"ReadAction","target":["https:\/\/www.noticiasradioreflejos.com.ar\/2021\/nueva-vertiente-en-el-abra-de-la-ventana-la-ucr-solicita-obras-urgentes-en-la-ruta-76\/"]}]},{"@type":"ImageObject","inLanguage":"es","@id":"https:\/\/www.noticiasradioreflejos.com.ar\/2021\/nueva-vertiente-en-el-abra-de-la-ventana-la-ucr-solicita-obras-urgentes-en-la-ruta-76\/#primaryimage","url":"https:\/\/www.noticiasradioreflejos.com.ar\/2021\/wp-content\/uploads\/2026\/04\/WhatsApp-Image-2026-04-27-at-14.50.09.jpeg","contentUrl":"https:\/\/www.noticiasradioreflejos.com.ar\/2021\/wp-content\/uploads\/2026\/04\/WhatsApp-Image-2026-04-27-at-14.50.09.jpeg","width":940,"height":788},{"@type":"BreadcrumbList","@id":"https:\/\/www.noticiasradioreflejos.com.ar\/2021\/nueva-vertiente-en-el-abra-de-la-ventana-la-ucr-solicita-obras-urgentes-en-la-ruta-76\/#breadcrumb","itemListElement":[{"@type":"ListItem","position":1,"name":"Portada","item":"https:\/\/www.noticiasradioreflejos.com.ar\/2021\/"},{"@type":"ListItem","position":2,"name":"Nueva vertiente en el Abra de la Ventana: la UCR solicita obras urgentes en la Ruta 76"}]},{"@type":"WebSite","@id":"https:\/\/www.noticiasradioreflejos.com.ar\/2021\/#website","url":"https:\/\/www.noticiasradioreflejos.com.ar\/2021\/","name":"Noticias Radio Reflejos","description":"Las noticias de mi comarca","potentialAction":[{"@type":"SearchAction","target":{"@type":"EntryPoint","urlTemplate":"https:\/\/www.noticiasradioreflejos.com.ar\/2021\/?s={search_term_string}"},"query-input":{"@type":"PropertyValueSpecification","valueRequired":true,"valueName":"search_term_string"}}],"inLanguage":"es"},{"@type":"Person","@id":"https:\/\/www.noticiasradioreflejos.com.ar\/2021\/#\/schema\/person\/ad82545263dcc5ec0996818884fd5fb1","name":"Arnaldo Botto","image":{"@type":"ImageObject","inLanguage":"es","@id":"https:\/\/www.noticiasradioreflejos.com.ar\/2021\/#\/schema\/person\/image\/","url":"https:\/\/secure.gravatar.com\/avatar\/55cb5e37c1efa326397366e6974cb338056df65cb50e7d64d1cf314e87504837?s=96&d=mm&r=g","contentUrl":"https:\/\/secure.gravatar.com\/avatar\/55cb5e37c1efa326397366e6974cb338056df65cb50e7d64d1cf314e87504837?s=96&d=mm&r=g","caption":"Arnaldo Botto"},"url":"https:\/\/www.noticiasradioreflejos.com.ar\/2021\/author\/arnaldo\/"}]}},"_links":{"self":[{"href":"https:\/\/www.noticiasradioreflejos.com.ar\/2021\/wp-json\/wp\/v2\/posts\/136490","targetHints":{"allow":["GET"]}}],"collection":[{"href":"https:\/\/www.noticiasradioreflejos.com.ar\/2021\/wp-json\/wp\/v2\/posts"}],"about":[{"href":"https:\/\/www.noticiasradioreflejos.com.ar\/2021\/wp-json\/wp\/v2\/types\/post"}],"author":[{"embeddable":true,"href":"https:\/\/www.noticiasradioreflejos.com.ar\/2021\/wp-json\/wp\/v2\/users\/3"}],"replies":[{"embeddable":true,"href":"https:\/\/www.noticiasradioreflejos.com.ar\/2021\/wp-json\/wp\/v2\/comments?post=136490"}],"version-history":[{"count":1,"href":"https:\/\/www.noticiasradioreflejos.com.ar\/2021\/wp-json\/wp\/v2\/posts\/136490\/revisions"}],"predecessor-version":[{"id":136492,"href":"https:\/\/www.noticiasradioreflejos.com.ar\/2021\/wp-json\/wp\/v2\/posts\/136490\/revisions\/136492"}],"wp:featuredmedia":[{"embeddable":true,"href":"https:\/\/www.noticiasradioreflejos.com.ar\/2021\/wp-json\/wp\/v2\/media\/136491"}],"wp:attachment":[{"href":"https:\/\/www.noticiasradioreflejos.com.ar\/2021\/wp-json\/wp\/v2\/media?parent=136490"}],"wp:term":[{"taxonomy":"category","embeddable":true,"href":"https:\/\/www.noticiasradioreflejos.com.ar\/2021\/wp-json\/wp\/v2\/categories?post=136490"},{"taxonomy":"post_tag","embeddable":true,"href":"https:\/\/www.noticiasradioreflejos.com.ar\/2021\/wp-json\/wp\/v2\/tags?post=136490"}],"curies":[{"name":"wp","href":"https:\/\/api.w.org\/{rel}","templated":true}]}}