{"id":136475,"date":"2026-04-27T12:35:18","date_gmt":"2026-04-27T15:35:18","guid":{"rendered":"https:\/\/www.noticiasradioreflejos.com.ar\/2021\/?p=136475"},"modified":"2026-04-27T12:35:18","modified_gmt":"2026-04-27T15:35:18","slug":"tornquist-refuerza-la-prevencion-por-intoxicacion-con-monoxido-de-carbono","status":"publish","type":"post","link":"https:\/\/www.noticiasradioreflejos.com.ar\/2021\/tornquist-refuerza-la-prevencion-por-intoxicacion-con-monoxido-de-carbono\/","title":{"rendered":"Tornquist refuerza la prevenci\u00f3n por intoxicaci\u00f3n con mon\u00f3xido de carbono"},"content":{"rendered":"<p>Tornquist Municipio recuerda a la comunidad la importancia de adoptar medidas de prevenci\u00f3n para evitar intoxicaciones por mon\u00f3xido de carbono, especialmente durante los meses de bajas temperaturas, cuando aumenta el uso de artefactos de calefacci\u00f3n en los hogares.<!--more--><\/p>\n<p>El mon\u00f3xido de carbono es un gas altamente peligroso, ya que no tiene color, olor ni sabor, lo que dificulta su detecci\u00f3n. Por este motivo, resulta fundamental extremar los cuidados y realizar controles peri\u00f3dicos de los equipos.<\/p>\n<p>Recomendaciones:<\/p>\n<p>-Mantener ventilados los ambientes calefaccionados para permitir la renovaci\u00f3n del aire.<\/p>\n<p>-Controlar que la llama de hornallas, calefactores y calefones sea de color azul.<\/p>\n<p>-Realizar revisiones peri\u00f3dicas de los artefactos con un gasista matriculado.<\/p>\n<p>-Verificar que los artefactos cuenten con una correcta salida de gases al exterior.<\/p>\n<p>-Evitar calefaccionar los ambientes con hornallas o el horno.<\/p>\n<p>-Apagar la estufa antes de dormir, salvo que sea de tiro balanceado.<\/p>\n<p>S\u00edntomas de intoxicaci\u00f3n:<\/p>\n<p>-Dolor de cabeza.<\/p>\n<p>-Decaimiento o falta de fuerza.<\/p>\n<p>-Dificultad para respirar.<\/p>\n<p>-N\u00e1useas o v\u00f3mitos.<\/p>\n<p>-Mareos o desmayos.<\/p>\n<p>Ante la presencia de estos s\u00edntomas, se debe ventilar inmediatamente el ambiente y acudir al centro de salud m\u00e1s cercano.<\/p>\n<p>&nbsp;<\/p>\n","protected":false},"excerpt":{"rendered":"<p>Tornquist Municipio recuerda a la comunidad la importancia de adoptar medidas de prevenci\u00f3n para evitar intoxicaciones por mon\u00f3xido de carbono, especialmente durante los meses de bajas temperaturas, cuando aumenta el uso de artefactos de calefacci\u00f3n en los hogares.<\/p>\n","protected":false},"author":3,"featured_media":136476,"comment_status":"closed","ping_status":"closed","sticky":false,"template":"","format":"standard","meta":{"footnotes":""},"categories":[28,26],"tags":[],"class_list":["post-136475","post","type-post","status-publish","format-standard","has-post-thumbnail","hentry","category-municipales","category-sociedad"],"yoast_head":"<!-- This site is optimized with the Yoast SEO plugin v25.9 - https:\/\/yoast.com\/wordpress\/plugins\/seo\/ -->\n<title>Tornquist refuerza la prevenci\u00f3n por intoxicaci\u00f3n con mon\u00f3xido de carbono - Noticias Radio Reflejos<\/title>\n<meta name=\"robots\" content=\"index, follow, max-snippet:-1, max-image-preview:large, max-video-preview:-1\" \/>\n<link rel=\"canonical\" href=\"https:\/\/www.noticiasradioreflejos.com.ar\/2021\/tornquist-refuerza-la-prevencion-por-intoxicacion-con-monoxido-de-carbono\/\" \/>\n<meta property=\"og:locale\" content=\"es_ES\" \/>\n<meta property=\"og:type\" content=\"article\" \/>\n<meta property=\"og:title\" content=\"Tornquist refuerza la prevenci\u00f3n por intoxicaci\u00f3n con mon\u00f3xido de carbono - Noticias Radio Reflejos\" \/>\n<meta property=\"og:description\" content=\"Tornquist Municipio recuerda a la comunidad la importancia de adoptar medidas de prevenci\u00f3n para evitar intoxicaciones por mon\u00f3xido de carbono, especialmente durante los meses de bajas temperaturas, cuando aumenta el uso de artefactos de calefacci\u00f3n en los hogares.\" \/>\n<meta property=\"og:url\" content=\"https:\/\/www.noticiasradioreflejos.com.ar\/2021\/tornquist-refuerza-la-prevencion-por-intoxicacion-con-monoxido-de-carbono\/\" \/>\n<meta property=\"og:site_name\" content=\"Noticias Radio Reflejos\" \/>\n<meta property=\"article:published_time\" content=\"2026-04-27T15:35:18+00:00\" \/>\n<meta property=\"og:image\" content=\"https:\/\/www.noticiasradioreflejos.com.ar\/2021\/wp-content\/uploads\/2026\/04\/MONOXIDO-1-OK.jpg.jpeg\" \/>\n\t<meta property=\"og:image:width\" content=\"1080\" \/>\n\t<meta property=\"og:image:height\" content=\"1350\" \/>\n\t<meta property=\"og:image:type\" content=\"image\/jpeg\" \/>\n<meta name=\"author\" content=\"Arnaldo Botto\" \/>\n<meta name=\"twitter:card\" content=\"summary_large_image\" \/>\n<script type=\"application\/ld+json\" class=\"yoast-schema-graph\">{\"@context\":\"https:\/\/schema.org\",\"@graph\":[{\"@type\":\"WebPage\",\"@id\":\"https:\/\/www.noticiasradioreflejos.com.ar\/2021\/tornquist-refuerza-la-prevencion-por-intoxicacion-con-monoxido-de-carbono\/\",\"url\":\"https:\/\/www.noticiasradioreflejos.com.ar\/2021\/tornquist-refuerza-la-prevencion-por-intoxicacion-con-monoxido-de-carbono\/\",\"name\":\"Tornquist refuerza la prevenci\u00f3n por intoxicaci\u00f3n con mon\u00f3xido de carbono - Noticias Radio Reflejos\",\"isPartOf\":{\"@id\":\"https:\/\/www.noticiasradioreflejos.com.ar\/2021\/#website\"},\"primaryImageOfPage\":{\"@id\":\"https:\/\/www.noticiasradioreflejos.com.ar\/2021\/tornquist-refuerza-la-prevencion-por-intoxicacion-con-monoxido-de-carbono\/#primaryimage\"},\"image\":{\"@id\":\"https:\/\/www.noticiasradioreflejos.com.ar\/2021\/tornquist-refuerza-la-prevencion-por-intoxicacion-con-monoxido-de-carbono\/#primaryimage\"},\"thumbnailUrl\":\"https:\/\/www.noticiasradioreflejos.com.ar\/2021\/wp-content\/uploads\/2026\/04\/MONOXIDO-1-OK.jpg.jpeg\",\"datePublished\":\"2026-04-27T15:35:18+00:00\",\"author\":{\"@id\":\"https:\/\/www.noticiasradioreflejos.com.ar\/2021\/#\/schema\/person\/ad82545263dcc5ec0996818884fd5fb1\"},\"breadcrumb\":{\"@id\":\"https:\/\/www.noticiasradioreflejos.com.ar\/2021\/tornquist-refuerza-la-prevencion-por-intoxicacion-con-monoxido-de-carbono\/#breadcrumb\"},\"inLanguage\":\"es\",\"potentialAction\":[{\"@type\":\"ReadAction\",\"target\":[\"https:\/\/www.noticiasradioreflejos.com.ar\/2021\/tornquist-refuerza-la-prevencion-por-intoxicacion-con-monoxido-de-carbono\/\"]}]},{\"@type\":\"ImageObject\",\"inLanguage\":\"es\",\"@id\":\"https:\/\/www.noticiasradioreflejos.com.ar\/2021\/tornquist-refuerza-la-prevencion-por-intoxicacion-con-monoxido-de-carbono\/#primaryimage\",\"url\":\"https:\/\/www.noticiasradioreflejos.com.ar\/2021\/wp-content\/uploads\/2026\/04\/MONOXIDO-1-OK.jpg.jpeg\",\"contentUrl\":\"https:\/\/www.noticiasradioreflejos.com.ar\/2021\/wp-content\/uploads\/2026\/04\/MONOXIDO-1-OK.jpg.jpeg\",\"width\":1080,\"height\":1350},{\"@type\":\"BreadcrumbList\",\"@id\":\"https:\/\/www.noticiasradioreflejos.com.ar\/2021\/tornquist-refuerza-la-prevencion-por-intoxicacion-con-monoxido-de-carbono\/#breadcrumb\",\"itemListElement\":[{\"@type\":\"ListItem\",\"position\":1,\"name\":\"Portada\",\"item\":\"https:\/\/www.noticiasradioreflejos.com.ar\/2021\/\"},{\"@type\":\"ListItem\",\"position\":2,\"name\":\"Tornquist refuerza la prevenci\u00f3n por intoxicaci\u00f3n con mon\u00f3xido de carbono\"}]},{\"@type\":\"WebSite\",\"@id\":\"https:\/\/www.noticiasradioreflejos.com.ar\/2021\/#website\",\"url\":\"https:\/\/www.noticiasradioreflejos.com.ar\/2021\/\",\"name\":\"Noticias Radio Reflejos\",\"description\":\"Las noticias de mi comarca\",\"potentialAction\":[{\"@type\":\"SearchAction\",\"target\":{\"@type\":\"EntryPoint\",\"urlTemplate\":\"https:\/\/www.noticiasradioreflejos.com.ar\/2021\/?s={search_term_string}\"},\"query-input\":{\"@type\":\"PropertyValueSpecification\",\"valueRequired\":true,\"valueName\":\"search_term_string\"}}],\"inLanguage\":\"es\"},{\"@type\":\"Person\",\"@id\":\"https:\/\/www.noticiasradioreflejos.com.ar\/2021\/#\/schema\/person\/ad82545263dcc5ec0996818884fd5fb1\",\"name\":\"Arnaldo Botto\",\"image\":{\"@type\":\"ImageObject\",\"inLanguage\":\"es\",\"@id\":\"https:\/\/www.noticiasradioreflejos.com.ar\/2021\/#\/schema\/person\/image\/\",\"url\":\"https:\/\/secure.gravatar.com\/avatar\/55cb5e37c1efa326397366e6974cb338056df65cb50e7d64d1cf314e87504837?s=96&d=mm&r=g\",\"contentUrl\":\"https:\/\/secure.gravatar.com\/avatar\/55cb5e37c1efa326397366e6974cb338056df65cb50e7d64d1cf314e87504837?s=96&d=mm&r=g\",\"caption\":\"Arnaldo Botto\"},\"url\":\"https:\/\/www.noticiasradioreflejos.com.ar\/2021\/author\/arnaldo\/\"}]}<\/script>\n<!-- \/ Yoast SEO plugin. -->","yoast_head_json":{"title":"Tornquist refuerza la prevenci\u00f3n por intoxicaci\u00f3n con mon\u00f3xido de carbono - Noticias Radio Reflejos","robots":{"index":"index","follow":"follow","max-snippet":"max-snippet:-1","max-image-preview":"max-image-preview:large","max-video-preview":"max-video-preview:-1"},"canonical":"https:\/\/www.noticiasradioreflejos.com.ar\/2021\/tornquist-refuerza-la-prevencion-por-intoxicacion-con-monoxido-de-carbono\/","og_locale":"es_ES","og_type":"article","og_title":"Tornquist refuerza la prevenci\u00f3n por intoxicaci\u00f3n con mon\u00f3xido de carbono - Noticias Radio Reflejos","og_description":"Tornquist Municipio recuerda a la comunidad la importancia de adoptar medidas de prevenci\u00f3n para evitar intoxicaciones por mon\u00f3xido de carbono, especialmente durante los meses de bajas temperaturas, cuando aumenta el uso de artefactos de calefacci\u00f3n en los hogares.","og_url":"https:\/\/www.noticiasradioreflejos.com.ar\/2021\/tornquist-refuerza-la-prevencion-por-intoxicacion-con-monoxido-de-carbono\/","og_site_name":"Noticias Radio Reflejos","article_published_time":"2026-04-27T15:35:18+00:00","og_image":[{"width":1080,"height":1350,"url":"https:\/\/www.noticiasradioreflejos.com.ar\/2021\/wp-content\/uploads\/2026\/04\/MONOXIDO-1-OK.jpg.jpeg","type":"image\/jpeg"}],"author":"Arnaldo Botto","twitter_card":"summary_large_image","schema":{"@context":"https:\/\/schema.org","@graph":[{"@type":"WebPage","@id":"https:\/\/www.noticiasradioreflejos.com.ar\/2021\/tornquist-refuerza-la-prevencion-por-intoxicacion-con-monoxido-de-carbono\/","url":"https:\/\/www.noticiasradioreflejos.com.ar\/2021\/tornquist-refuerza-la-prevencion-por-intoxicacion-con-monoxido-de-carbono\/","name":"Tornquist refuerza la prevenci\u00f3n por intoxicaci\u00f3n con mon\u00f3xido de carbono - Noticias Radio Reflejos","isPartOf":{"@id":"https:\/\/www.noticiasradioreflejos.com.ar\/2021\/#website"},"primaryImageOfPage":{"@id":"https:\/\/www.noticiasradioreflejos.com.ar\/2021\/tornquist-refuerza-la-prevencion-por-intoxicacion-con-monoxido-de-carbono\/#primaryimage"},"image":{"@id":"https:\/\/www.noticiasradioreflejos.com.ar\/2021\/tornquist-refuerza-la-prevencion-por-intoxicacion-con-monoxido-de-carbono\/#primaryimage"},"thumbnailUrl":"https:\/\/www.noticiasradioreflejos.com.ar\/2021\/wp-content\/uploads\/2026\/04\/MONOXIDO-1-OK.jpg.jpeg","datePublished":"2026-04-27T15:35:18+00:00","author":{"@id":"https:\/\/www.noticiasradioreflejos.com.ar\/2021\/#\/schema\/person\/ad82545263dcc5ec0996818884fd5fb1"},"breadcrumb":{"@id":"https:\/\/www.noticiasradioreflejos.com.ar\/2021\/tornquist-refuerza-la-prevencion-por-intoxicacion-con-monoxido-de-carbono\/#breadcrumb"},"inLanguage":"es","potentialAction":[{"@type":"ReadAction","target":["https:\/\/www.noticiasradioreflejos.com.ar\/2021\/tornquist-refuerza-la-prevencion-por-intoxicacion-con-monoxido-de-carbono\/"]}]},{"@type":"ImageObject","inLanguage":"es","@id":"https:\/\/www.noticiasradioreflejos.com.ar\/2021\/tornquist-refuerza-la-prevencion-por-intoxicacion-con-monoxido-de-carbono\/#primaryimage","url":"https:\/\/www.noticiasradioreflejos.com.ar\/2021\/wp-content\/uploads\/2026\/04\/MONOXIDO-1-OK.jpg.jpeg","contentUrl":"https:\/\/www.noticiasradioreflejos.com.ar\/2021\/wp-content\/uploads\/2026\/04\/MONOXIDO-1-OK.jpg.jpeg","width":1080,"height":1350},{"@type":"BreadcrumbList","@id":"https:\/\/www.noticiasradioreflejos.com.ar\/2021\/tornquist-refuerza-la-prevencion-por-intoxicacion-con-monoxido-de-carbono\/#breadcrumb","itemListElement":[{"@type":"ListItem","position":1,"name":"Portada","item":"https:\/\/www.noticiasradioreflejos.com.ar\/2021\/"},{"@type":"ListItem","position":2,"name":"Tornquist refuerza la prevenci\u00f3n por intoxicaci\u00f3n con mon\u00f3xido de carbono"}]},{"@type":"WebSite","@id":"https:\/\/www.noticiasradioreflejos.com.ar\/2021\/#website","url":"https:\/\/www.noticiasradioreflejos.com.ar\/2021\/","name":"Noticias Radio Reflejos","description":"Las noticias de mi comarca","potentialAction":[{"@type":"SearchAction","target":{"@type":"EntryPoint","urlTemplate":"https:\/\/www.noticiasradioreflejos.com.ar\/2021\/?s={search_term_string}"},"query-input":{"@type":"PropertyValueSpecification","valueRequired":true,"valueName":"search_term_string"}}],"inLanguage":"es"},{"@type":"Person","@id":"https:\/\/www.noticiasradioreflejos.com.ar\/2021\/#\/schema\/person\/ad82545263dcc5ec0996818884fd5fb1","name":"Arnaldo Botto","image":{"@type":"ImageObject","inLanguage":"es","@id":"https:\/\/www.noticiasradioreflejos.com.ar\/2021\/#\/schema\/person\/image\/","url":"https:\/\/secure.gravatar.com\/avatar\/55cb5e37c1efa326397366e6974cb338056df65cb50e7d64d1cf314e87504837?s=96&d=mm&r=g","contentUrl":"https:\/\/secure.gravatar.com\/avatar\/55cb5e37c1efa326397366e6974cb338056df65cb50e7d64d1cf314e87504837?s=96&d=mm&r=g","caption":"Arnaldo Botto"},"url":"https:\/\/www.noticiasradioreflejos.com.ar\/2021\/author\/arnaldo\/"}]}},"_links":{"self":[{"href":"https:\/\/www.noticiasradioreflejos.com.ar\/2021\/wp-json\/wp\/v2\/posts\/136475","targetHints":{"allow":["GET"]}}],"collection":[{"href":"https:\/\/www.noticiasradioreflejos.com.ar\/2021\/wp-json\/wp\/v2\/posts"}],"about":[{"href":"https:\/\/www.noticiasradioreflejos.com.ar\/2021\/wp-json\/wp\/v2\/types\/post"}],"author":[{"embeddable":true,"href":"https:\/\/www.noticiasradioreflejos.com.ar\/2021\/wp-json\/wp\/v2\/users\/3"}],"replies":[{"embeddable":true,"href":"https:\/\/www.noticiasradioreflejos.com.ar\/2021\/wp-json\/wp\/v2\/comments?post=136475"}],"version-history":[{"count":1,"href":"https:\/\/www.noticiasradioreflejos.com.ar\/2021\/wp-json\/wp\/v2\/posts\/136475\/revisions"}],"predecessor-version":[{"id":136477,"href":"https:\/\/www.noticiasradioreflejos.com.ar\/2021\/wp-json\/wp\/v2\/posts\/136475\/revisions\/136477"}],"wp:featuredmedia":[{"embeddable":true,"href":"https:\/\/www.noticiasradioreflejos.com.ar\/2021\/wp-json\/wp\/v2\/media\/136476"}],"wp:attachment":[{"href":"https:\/\/www.noticiasradioreflejos.com.ar\/2021\/wp-json\/wp\/v2\/media?parent=136475"}],"wp:term":[{"taxonomy":"category","embeddable":true,"href":"https:\/\/www.noticiasradioreflejos.com.ar\/2021\/wp-json\/wp\/v2\/categories?post=136475"},{"taxonomy":"post_tag","embeddable":true,"href":"https:\/\/www.noticiasradioreflejos.com.ar\/2021\/wp-json\/wp\/v2\/tags?post=136475"}],"curies":[{"name":"wp","href":"https:\/\/api.w.org\/{rel}","templated":true}]}}