{"id":136472,"date":"2026-04-27T15:14:22","date_gmt":"2026-04-27T18:14:22","guid":{"rendered":"https:\/\/www.noticiasradioreflejos.com.ar\/2021\/?p=136472"},"modified":"2026-04-27T15:16:54","modified_gmt":"2026-04-27T18:16:54","slug":"vamos-para-adelante-para-estos-50-anos-la-asociacion-rural-de-tornquist-celebra-su-aniversario-de-oro-con-una-ambiciosa-agenda","status":"publish","type":"post","link":"https:\/\/www.noticiasradioreflejos.com.ar\/2021\/vamos-para-adelante-para-estos-50-anos-la-asociacion-rural-de-tornquist-celebra-su-aniversario-de-oro-con-una-ambiciosa-agenda\/","title":{"rendered":"\u00abVamos para adelante para estos 50 a\u00f1os\u00bb: la Asociaci\u00f3n Rural de Tornquist celebra su aniversario de oro con una ambiciosa agenda"},"content":{"rendered":"<p>Con la presencia de figuras como Nicol\u00e1s Kasanzew y Gustavo Lazzari, la entidad que preside Julio Mayol se prepara para cuatro jornadas que fusionar\u00e1n la t\u00e9cnica ganadera, la historia y el sentimiento malvinense. \u00abNuestra expectativa es superior a lo que fue el a\u00f1o pasado\u00bb, afirm\u00f3 el dirigente sobre el evento que contar\u00e1 con entrada libre y gratuita.<!--more--><\/p>\n<p data-path-to-node=\"3\">Julio Mayol, presidente de la Asociaci\u00f3n Rural, brind\u00f3 detalles del gran evento que se desarrollar\u00e1 del 30 de abril al 3 de mayo. \u00abNuestra expectativa es superior a lo que fue el a\u00f1o pasado\u00bb, afirm\u00f3 el dirigente, quien destac\u00f3 la consolidaci\u00f3n del Concurso de Terneros del Sudoeste y una ambiciosa agenda que une la t\u00e9cnica agropecuaria con el homenaje a la Gesta de Malvinas.<\/p>\n<p data-path-to-node=\"3\"><a href=\"https:\/\/www.noticiasradioreflejos.com.ar\/2021\/vamos-para-adelante-para-estos-50-anos-la-asociacion-rural-de-tornquist-celebra-su-aniversario-de-oro-con-una-ambiciosa-agenda\/expo-rural\/\" rel=\"attachment wp-att-136483\"><img loading=\"lazy\" decoding=\"async\" class=\"aligncenter size-full wp-image-136483\" src=\"https:\/\/www.noticiasradioreflejos.com.ar\/2021\/wp-content\/uploads\/2026\/04\/expo-rural.jpg\" alt=\"\" width=\"2048\" height=\"1365\" srcset=\"https:\/\/www.noticiasradioreflejos.com.ar\/2021\/wp-content\/uploads\/2026\/04\/expo-rural.jpg 2048w, https:\/\/www.noticiasradioreflejos.com.ar\/2021\/wp-content\/uploads\/2026\/04\/expo-rural-300x200.jpg 300w, https:\/\/www.noticiasradioreflejos.com.ar\/2021\/wp-content\/uploads\/2026\/04\/expo-rural-1024x683.jpg 1024w, https:\/\/www.noticiasradioreflejos.com.ar\/2021\/wp-content\/uploads\/2026\/04\/expo-rural-768x512.jpg 768w, https:\/\/www.noticiasradioreflejos.com.ar\/2021\/wp-content\/uploads\/2026\/04\/expo-rural-1536x1024.jpg 1536w, https:\/\/www.noticiasradioreflejos.com.ar\/2021\/wp-content\/uploads\/2026\/04\/expo-rural-750x500.jpg 750w, https:\/\/www.noticiasradioreflejos.com.ar\/2021\/wp-content\/uploads\/2026\/04\/expo-rural-1140x760.jpg 1140w\" sizes=\"auto, (max-width: 2048px) 100vw, 2048px\" \/><\/a><\/p>\n<p data-path-to-node=\"4\">La Asociaci\u00f3n Rural de Tornquist se prepara para una de sus ediciones m\u00e1s significativas al cumplir medio siglo de trayectoria. Tras un proceso de recuperaci\u00f3n institucional, la entidad busca consolidar su v\u00ednculo con el sector y la comunidad. \u00abEl tema de los caballos, con la exposici\u00f3n de criollos, sumado a los remates de Echegu\u00eda Hnos., le da un poco de fortaleza a la Rural. Volvimos a hacerlo el a\u00f1o pasado y vamos para adelante para estos 50 a\u00f1os\u00bb, destac\u00f3 Mayol.<\/p>\n<p data-path-to-node=\"6\">El aniversario comenzar\u00e1 con un fuerte componente hist\u00f3rico el jueves 30 de abril. \u00abSiempre la base es traer cosas para la gente del campo, pero tambi\u00e9n para todos los que vivimos en nuestra comarca. Este a\u00f1o vamos por m\u00e1s: viene Nicol\u00e1s Kasanzew, que fue el \u00fanico reportero de guerra que estuvo de principio a fin\u00bb, se\u00f1al\u00f3 el presidente sobre la charla \u00abMitos y verdades de la Gesta de Malvinas\u00bb en el Teatro Rodolfo Funke.<\/p>\n<p data-path-to-node=\"8\">Uno de los pilares de este cincuentenario ser\u00e1 el ciclo de conferencias t\u00e9cnicas. Mayol hizo hincapi\u00e9 en la calidad de los disertantes: \u00abLo que es importante son las charlas de productores a productores que tenemos. Por ejemplo, Mart\u00edn Dumrauf nos va a dar una charla sobre c\u00f3mo se trabaja el suelo pensando en las futuras generaciones\u00bb.<\/p>\n<p data-path-to-node=\"9\">La agenda productiva tambi\u00e9n incluir\u00e1 al economista Gustavo Lazzari: \u00abEs un productor PYME, adem\u00e1s de economista; produce sus propias materias primas para su f\u00e1brica, es alguien que la tiene clara\u00bb, defini\u00f3 Mayol. Tambi\u00e9n habr\u00e1 espacio para la innovaci\u00f3n: \u00abTendremos una breve presentaci\u00f3n del Dr. M\u00e1ximo Braun con nuevas tecnolog\u00edas, como son los dardos somn\u00edferos para el buen manejo de la ganader\u00eda\u00bb.<\/p>\n<p data-path-to-node=\"9\"><a href=\"https:\/\/www.noticiasradioreflejos.com.ar\/2021\/vamos-para-adelante-para-estos-50-anos-la-asociacion-rural-de-tornquist-celebra-su-aniversario-de-oro-con-una-ambiciosa-agenda\/campo-ternero-aparte-campero\/\" rel=\"attachment wp-att-136484\"><img loading=\"lazy\" decoding=\"async\" class=\"aligncenter size-full wp-image-136484\" src=\"https:\/\/www.noticiasradioreflejos.com.ar\/2021\/wp-content\/uploads\/2026\/04\/campo-ternero-aparte-campero.jpg\" alt=\"\" width=\"2048\" height=\"1365\" srcset=\"https:\/\/www.noticiasradioreflejos.com.ar\/2021\/wp-content\/uploads\/2026\/04\/campo-ternero-aparte-campero.jpg 2048w, https:\/\/www.noticiasradioreflejos.com.ar\/2021\/wp-content\/uploads\/2026\/04\/campo-ternero-aparte-campero-300x200.jpg 300w, https:\/\/www.noticiasradioreflejos.com.ar\/2021\/wp-content\/uploads\/2026\/04\/campo-ternero-aparte-campero-1024x683.jpg 1024w, https:\/\/www.noticiasradioreflejos.com.ar\/2021\/wp-content\/uploads\/2026\/04\/campo-ternero-aparte-campero-768x512.jpg 768w, https:\/\/www.noticiasradioreflejos.com.ar\/2021\/wp-content\/uploads\/2026\/04\/campo-ternero-aparte-campero-1536x1024.jpg 1536w, https:\/\/www.noticiasradioreflejos.com.ar\/2021\/wp-content\/uploads\/2026\/04\/campo-ternero-aparte-campero-750x500.jpg 750w, https:\/\/www.noticiasradioreflejos.com.ar\/2021\/wp-content\/uploads\/2026\/04\/campo-ternero-aparte-campero-1140x760.jpg 1140w\" sizes=\"auto, (max-width: 2048px) 100vw, 2048px\" \/><\/a><\/p>\n<p data-path-to-node=\"11\">La competencia ganadera ser\u00e1 el coraz\u00f3n del fin de semana. El lunes 4 de mayo se realizar\u00e1 el remate de los ejemplares del concurso. \u00abNuestro objetivo es instalar los concursos de terneros del sudoeste, para que los productores se acostumbren a guardar ejemplares para este evento. El a\u00f1o pasado tuvimos m\u00e1s de 400 terneros buen\u00edsimos\u00bb, explic\u00f3 el dirigente.<\/p>\n<p data-path-to-node=\"12\">En cuanto a las destrezas criollas, el s\u00e1bado y domingo ser\u00e1n claves: \u00abEl s\u00e1bado estar\u00e1 la jura de los caballos e iniciar\u00e1 el ingreso de hacienda. Hay para todos los gustos: hacienda, terneras y caballos. El domingo ya es un poco m\u00e1s festivo; viene la clasificatoria del aparte campero y un espect\u00e1culo con una yegua amansada que es espectacular\u00bb.<\/p>\n<p data-path-to-node=\"12\"><a href=\"https:\/\/www.noticiasradioreflejos.com.ar\/2021\/vamos-para-adelante-para-estos-50-anos-la-asociacion-rural-de-tornquist-celebra-su-aniversario-de-oro-con-una-ambiciosa-agenda\/mayol\/\" rel=\"attachment wp-att-136488\"><img loading=\"lazy\" decoding=\"async\" class=\"aligncenter size-full wp-image-136488\" src=\"https:\/\/www.noticiasradioreflejos.com.ar\/2021\/wp-content\/uploads\/2026\/04\/Mayol.jpeg\" alt=\"\" width=\"1448\" height=\"1086\" srcset=\"https:\/\/www.noticiasradioreflejos.com.ar\/2021\/wp-content\/uploads\/2026\/04\/Mayol.jpeg 1448w, https:\/\/www.noticiasradioreflejos.com.ar\/2021\/wp-content\/uploads\/2026\/04\/Mayol-300x225.jpeg 300w, https:\/\/www.noticiasradioreflejos.com.ar\/2021\/wp-content\/uploads\/2026\/04\/Mayol-1024x768.jpeg 1024w, https:\/\/www.noticiasradioreflejos.com.ar\/2021\/wp-content\/uploads\/2026\/04\/Mayol-768x576.jpeg 768w, https:\/\/www.noticiasradioreflejos.com.ar\/2021\/wp-content\/uploads\/2026\/04\/Mayol-750x563.jpeg 750w, https:\/\/www.noticiasradioreflejos.com.ar\/2021\/wp-content\/uploads\/2026\/04\/Mayol-1140x855.jpeg 1140w\" sizes=\"auto, (max-width: 1448px) 100vw, 1448px\" \/><\/a><\/p>\n<p data-path-to-node=\"14\">Mayol subray\u00f3 que la muestra busca integrar a todo el distrito con entrada libre y gratuita. \u00abInvitamos a toda la comunidad, creemos que es un programa muy interesante para toda la familia. El servicio de cantina estar\u00e1 a cargo del Club Automoto y habr\u00e1 stands de artesanos y feria industrial\u00bb.<\/p>\n<p data-path-to-node=\"15\">Adem\u00e1s, destac\u00f3 la participaci\u00f3n de otras entidades: \u00abBomberos nos ayudar\u00e1 en la entrada y pondr\u00e1n un stand con cursos de RCP, algo muy interesante para tener hecho. Tambi\u00e9n estar\u00e1 la polic\u00eda rural, Defensa Civil y dem\u00e1s instituciones que trabajan para el bien com\u00fan\u00bb, concluy\u00f3, reafirmando que esta edici\u00f3n de oro ser\u00e1 un punto de encuentro para todos los sectores de la comarca.<\/p>\n<audio class=\"wp-audio-shortcode\" id=\"audio-136472-1\" preload=\"none\" style=\"width: 100%;\" controls=\"controls\"><source type=\"audio\/mpeg\" src=\"https:\/\/www.noticiasradioreflejos.com.ar\/2021\/wp-content\/uploads\/2026\/04\/Julio-Majol-27-04.mp3?_=1\" \/><a href=\"https:\/\/www.noticiasradioreflejos.com.ar\/2021\/wp-content\/uploads\/2026\/04\/Julio-Majol-27-04.mp3\">https:\/\/www.noticiasradioreflejos.com.ar\/2021\/wp-content\/uploads\/2026\/04\/Julio-Majol-27-04.mp3<\/a><\/audio>\n<p>&nbsp;<\/p>\n<p>&nbsp;<\/p>\n<p><a href=\"https:\/\/www.noticiasradioreflejos.com.ar\/2021\/vuelve-la-tradicion-a-tornquist-los-caballos-criollos-y-el-aparte-campero-protagonizan-una-rural-para-toda-la-familia\/50-expo-rural-2\/\" rel=\"attachment wp-att-136305\"><img loading=\"lazy\" decoding=\"async\" class=\"aligncenter size-full wp-image-136305\" src=\"https:\/\/www.noticiasradioreflejos.com.ar\/2021\/wp-content\/uploads\/2026\/04\/50-expo-rural-2.jpeg\" alt=\"\" width=\"1131\" height=\"1600\" srcset=\"https:\/\/www.noticiasradioreflejos.com.ar\/2021\/wp-content\/uploads\/2026\/04\/50-expo-rural-2.jpeg 1131w, https:\/\/www.noticiasradioreflejos.com.ar\/2021\/wp-content\/uploads\/2026\/04\/50-expo-rural-2-212x300.jpeg 212w, https:\/\/www.noticiasradioreflejos.com.ar\/2021\/wp-content\/uploads\/2026\/04\/50-expo-rural-2-724x1024.jpeg 724w, https:\/\/www.noticiasradioreflejos.com.ar\/2021\/wp-content\/uploads\/2026\/04\/50-expo-rural-2-768x1086.jpeg 768w, https:\/\/www.noticiasradioreflejos.com.ar\/2021\/wp-content\/uploads\/2026\/04\/50-expo-rural-2-1086x1536.jpeg 1086w, https:\/\/www.noticiasradioreflejos.com.ar\/2021\/wp-content\/uploads\/2026\/04\/50-expo-rural-2-750x1061.jpeg 750w\" sizes=\"auto, (max-width: 1131px) 100vw, 1131px\" \/><\/a><\/p>\n","protected":false},"excerpt":{"rendered":"<p>Con la presencia de figuras como Nicol\u00e1s Kasanzew y Gustavo Lazzari, la entidad que preside Julio Mayol se prepara para cuatro jornadas que fusionar\u00e1n la t\u00e9cnica ganadera, la historia y el sentimiento malvinense. \u00abNuestra expectativa es superior a lo que fue el a\u00f1o pasado\u00bb, afirm\u00f3 el dirigente sobre el evento que contar\u00e1 con entrada libre [&hellip;]<\/p>\n","protected":false},"author":3,"featured_media":136485,"comment_status":"closed","ping_status":"closed","sticky":false,"template":"","format":"standard","meta":{"footnotes":""},"categories":[35,26,33],"tags":[48],"class_list":["post-136472","post","type-post","status-publish","format-standard","has-post-thumbnail","hentry","category-cultura","category-sociedad","category-turismo","tag-destacada"],"yoast_head":"<!-- This site is optimized with the Yoast SEO plugin v25.9 - https:\/\/yoast.com\/wordpress\/plugins\/seo\/ -->\n<title>&quot;Vamos para adelante para estos 50 a\u00f1os&quot;: la Asociaci\u00f3n Rural de Tornquist celebra su aniversario de oro con una ambiciosa agenda - Noticias Radio Reflejos<\/title>\n<meta name=\"robots\" content=\"index, follow, max-snippet:-1, max-image-preview:large, max-video-preview:-1\" \/>\n<link rel=\"canonical\" href=\"https:\/\/www.noticiasradioreflejos.com.ar\/2021\/vamos-para-adelante-para-estos-50-anos-la-asociacion-rural-de-tornquist-celebra-su-aniversario-de-oro-con-una-ambiciosa-agenda\/\" \/>\n<meta property=\"og:locale\" content=\"es_ES\" \/>\n<meta property=\"og:type\" content=\"article\" \/>\n<meta property=\"og:title\" content=\"&quot;Vamos para adelante para estos 50 a\u00f1os&quot;: la Asociaci\u00f3n Rural de Tornquist celebra su aniversario de oro con una ambiciosa agenda - Noticias Radio Reflejos\" \/>\n<meta property=\"og:description\" content=\"Con la presencia de figuras como Nicol\u00e1s Kasanzew y Gustavo Lazzari, la entidad que preside Julio Mayol se prepara para cuatro jornadas que fusionar\u00e1n la t\u00e9cnica ganadera, la historia y el sentimiento malvinense. \u00abNuestra expectativa es superior a lo que fue el a\u00f1o pasado\u00bb, afirm\u00f3 el dirigente sobre el evento que contar\u00e1 con entrada libre [&hellip;]\" \/>\n<meta property=\"og:url\" content=\"https:\/\/www.noticiasradioreflejos.com.ar\/2021\/vamos-para-adelante-para-estos-50-anos-la-asociacion-rural-de-tornquist-celebra-su-aniversario-de-oro-con-una-ambiciosa-agenda\/\" \/>\n<meta property=\"og:site_name\" content=\"Noticias Radio Reflejos\" \/>\n<meta property=\"article:published_time\" content=\"2026-04-27T18:14:22+00:00\" \/>\n<meta property=\"article:modified_time\" content=\"2026-04-27T18:16:54+00:00\" \/>\n<meta property=\"og:image\" content=\"https:\/\/www.noticiasradioreflejos.com.ar\/2021\/wp-content\/uploads\/2026\/04\/436330571_10229285574238310_6865918164987062705_n.jpg\" \/>\n\t<meta property=\"og:image:width\" content=\"1024\" \/>\n\t<meta property=\"og:image:height\" content=\"675\" \/>\n\t<meta property=\"og:image:type\" content=\"image\/jpeg\" \/>\n<meta name=\"author\" content=\"Arnaldo Botto\" \/>\n<meta name=\"twitter:card\" content=\"summary_large_image\" \/>\n<script type=\"application\/ld+json\" class=\"yoast-schema-graph\">{\"@context\":\"https:\/\/schema.org\",\"@graph\":[{\"@type\":\"WebPage\",\"@id\":\"https:\/\/www.noticiasradioreflejos.com.ar\/2021\/vamos-para-adelante-para-estos-50-anos-la-asociacion-rural-de-tornquist-celebra-su-aniversario-de-oro-con-una-ambiciosa-agenda\/\",\"url\":\"https:\/\/www.noticiasradioreflejos.com.ar\/2021\/vamos-para-adelante-para-estos-50-anos-la-asociacion-rural-de-tornquist-celebra-su-aniversario-de-oro-con-una-ambiciosa-agenda\/\",\"name\":\"\\\"Vamos para adelante para estos 50 a\u00f1os\\\": la Asociaci\u00f3n Rural de Tornquist celebra su aniversario de oro con una ambiciosa agenda - Noticias Radio Reflejos\",\"isPartOf\":{\"@id\":\"https:\/\/www.noticiasradioreflejos.com.ar\/2021\/#website\"},\"primaryImageOfPage\":{\"@id\":\"https:\/\/www.noticiasradioreflejos.com.ar\/2021\/vamos-para-adelante-para-estos-50-anos-la-asociacion-rural-de-tornquist-celebra-su-aniversario-de-oro-con-una-ambiciosa-agenda\/#primaryimage\"},\"image\":{\"@id\":\"https:\/\/www.noticiasradioreflejos.com.ar\/2021\/vamos-para-adelante-para-estos-50-anos-la-asociacion-rural-de-tornquist-celebra-su-aniversario-de-oro-con-una-ambiciosa-agenda\/#primaryimage\"},\"thumbnailUrl\":\"https:\/\/www.noticiasradioreflejos.com.ar\/2021\/wp-content\/uploads\/2026\/04\/436330571_10229285574238310_6865918164987062705_n.jpg\",\"datePublished\":\"2026-04-27T18:14:22+00:00\",\"dateModified\":\"2026-04-27T18:16:54+00:00\",\"author\":{\"@id\":\"https:\/\/www.noticiasradioreflejos.com.ar\/2021\/#\/schema\/person\/ad82545263dcc5ec0996818884fd5fb1\"},\"breadcrumb\":{\"@id\":\"https:\/\/www.noticiasradioreflejos.com.ar\/2021\/vamos-para-adelante-para-estos-50-anos-la-asociacion-rural-de-tornquist-celebra-su-aniversario-de-oro-con-una-ambiciosa-agenda\/#breadcrumb\"},\"inLanguage\":\"es\",\"potentialAction\":[{\"@type\":\"ReadAction\",\"target\":[\"https:\/\/www.noticiasradioreflejos.com.ar\/2021\/vamos-para-adelante-para-estos-50-anos-la-asociacion-rural-de-tornquist-celebra-su-aniversario-de-oro-con-una-ambiciosa-agenda\/\"]}]},{\"@type\":\"ImageObject\",\"inLanguage\":\"es\",\"@id\":\"https:\/\/www.noticiasradioreflejos.com.ar\/2021\/vamos-para-adelante-para-estos-50-anos-la-asociacion-rural-de-tornquist-celebra-su-aniversario-de-oro-con-una-ambiciosa-agenda\/#primaryimage\",\"url\":\"https:\/\/www.noticiasradioreflejos.com.ar\/2021\/wp-content\/uploads\/2026\/04\/436330571_10229285574238310_6865918164987062705_n.jpg\",\"contentUrl\":\"https:\/\/www.noticiasradioreflejos.com.ar\/2021\/wp-content\/uploads\/2026\/04\/436330571_10229285574238310_6865918164987062705_n.jpg\",\"width\":1024,\"height\":675},{\"@type\":\"BreadcrumbList\",\"@id\":\"https:\/\/www.noticiasradioreflejos.com.ar\/2021\/vamos-para-adelante-para-estos-50-anos-la-asociacion-rural-de-tornquist-celebra-su-aniversario-de-oro-con-una-ambiciosa-agenda\/#breadcrumb\",\"itemListElement\":[{\"@type\":\"ListItem\",\"position\":1,\"name\":\"Portada\",\"item\":\"https:\/\/www.noticiasradioreflejos.com.ar\/2021\/\"},{\"@type\":\"ListItem\",\"position\":2,\"name\":\"\u00abVamos para adelante para estos 50 a\u00f1os\u00bb: la Asociaci\u00f3n Rural de Tornquist celebra su aniversario de oro con una ambiciosa agenda\"}]},{\"@type\":\"WebSite\",\"@id\":\"https:\/\/www.noticiasradioreflejos.com.ar\/2021\/#website\",\"url\":\"https:\/\/www.noticiasradioreflejos.com.ar\/2021\/\",\"name\":\"Noticias Radio Reflejos\",\"description\":\"Las noticias de mi comarca\",\"potentialAction\":[{\"@type\":\"SearchAction\",\"target\":{\"@type\":\"EntryPoint\",\"urlTemplate\":\"https:\/\/www.noticiasradioreflejos.com.ar\/2021\/?s={search_term_string}\"},\"query-input\":{\"@type\":\"PropertyValueSpecification\",\"valueRequired\":true,\"valueName\":\"search_term_string\"}}],\"inLanguage\":\"es\"},{\"@type\":\"Person\",\"@id\":\"https:\/\/www.noticiasradioreflejos.com.ar\/2021\/#\/schema\/person\/ad82545263dcc5ec0996818884fd5fb1\",\"name\":\"Arnaldo Botto\",\"image\":{\"@type\":\"ImageObject\",\"inLanguage\":\"es\",\"@id\":\"https:\/\/www.noticiasradioreflejos.com.ar\/2021\/#\/schema\/person\/image\/\",\"url\":\"https:\/\/secure.gravatar.com\/avatar\/55cb5e37c1efa326397366e6974cb338056df65cb50e7d64d1cf314e87504837?s=96&d=mm&r=g\",\"contentUrl\":\"https:\/\/secure.gravatar.com\/avatar\/55cb5e37c1efa326397366e6974cb338056df65cb50e7d64d1cf314e87504837?s=96&d=mm&r=g\",\"caption\":\"Arnaldo Botto\"},\"url\":\"https:\/\/www.noticiasradioreflejos.com.ar\/2021\/author\/arnaldo\/\"}]}<\/script>\n<!-- \/ Yoast SEO plugin. -->","yoast_head_json":{"title":"\"Vamos para adelante para estos 50 a\u00f1os\": la Asociaci\u00f3n Rural de Tornquist celebra su aniversario de oro con una ambiciosa agenda - Noticias Radio Reflejos","robots":{"index":"index","follow":"follow","max-snippet":"max-snippet:-1","max-image-preview":"max-image-preview:large","max-video-preview":"max-video-preview:-1"},"canonical":"https:\/\/www.noticiasradioreflejos.com.ar\/2021\/vamos-para-adelante-para-estos-50-anos-la-asociacion-rural-de-tornquist-celebra-su-aniversario-de-oro-con-una-ambiciosa-agenda\/","og_locale":"es_ES","og_type":"article","og_title":"\"Vamos para adelante para estos 50 a\u00f1os\": la Asociaci\u00f3n Rural de Tornquist celebra su aniversario de oro con una ambiciosa agenda - Noticias Radio Reflejos","og_description":"Con la presencia de figuras como Nicol\u00e1s Kasanzew y Gustavo Lazzari, la entidad que preside Julio Mayol se prepara para cuatro jornadas que fusionar\u00e1n la t\u00e9cnica ganadera, la historia y el sentimiento malvinense. \u00abNuestra expectativa es superior a lo que fue el a\u00f1o pasado\u00bb, afirm\u00f3 el dirigente sobre el evento que contar\u00e1 con entrada libre [&hellip;]","og_url":"https:\/\/www.noticiasradioreflejos.com.ar\/2021\/vamos-para-adelante-para-estos-50-anos-la-asociacion-rural-de-tornquist-celebra-su-aniversario-de-oro-con-una-ambiciosa-agenda\/","og_site_name":"Noticias Radio Reflejos","article_published_time":"2026-04-27T18:14:22+00:00","article_modified_time":"2026-04-27T18:16:54+00:00","og_image":[{"width":1024,"height":675,"url":"https:\/\/www.noticiasradioreflejos.com.ar\/2021\/wp-content\/uploads\/2026\/04\/436330571_10229285574238310_6865918164987062705_n.jpg","type":"image\/jpeg"}],"author":"Arnaldo Botto","twitter_card":"summary_large_image","schema":{"@context":"https:\/\/schema.org","@graph":[{"@type":"WebPage","@id":"https:\/\/www.noticiasradioreflejos.com.ar\/2021\/vamos-para-adelante-para-estos-50-anos-la-asociacion-rural-de-tornquist-celebra-su-aniversario-de-oro-con-una-ambiciosa-agenda\/","url":"https:\/\/www.noticiasradioreflejos.com.ar\/2021\/vamos-para-adelante-para-estos-50-anos-la-asociacion-rural-de-tornquist-celebra-su-aniversario-de-oro-con-una-ambiciosa-agenda\/","name":"\"Vamos para adelante para estos 50 a\u00f1os\": la Asociaci\u00f3n Rural de Tornquist celebra su aniversario de oro con una ambiciosa agenda - Noticias Radio Reflejos","isPartOf":{"@id":"https:\/\/www.noticiasradioreflejos.com.ar\/2021\/#website"},"primaryImageOfPage":{"@id":"https:\/\/www.noticiasradioreflejos.com.ar\/2021\/vamos-para-adelante-para-estos-50-anos-la-asociacion-rural-de-tornquist-celebra-su-aniversario-de-oro-con-una-ambiciosa-agenda\/#primaryimage"},"image":{"@id":"https:\/\/www.noticiasradioreflejos.com.ar\/2021\/vamos-para-adelante-para-estos-50-anos-la-asociacion-rural-de-tornquist-celebra-su-aniversario-de-oro-con-una-ambiciosa-agenda\/#primaryimage"},"thumbnailUrl":"https:\/\/www.noticiasradioreflejos.com.ar\/2021\/wp-content\/uploads\/2026\/04\/436330571_10229285574238310_6865918164987062705_n.jpg","datePublished":"2026-04-27T18:14:22+00:00","dateModified":"2026-04-27T18:16:54+00:00","author":{"@id":"https:\/\/www.noticiasradioreflejos.com.ar\/2021\/#\/schema\/person\/ad82545263dcc5ec0996818884fd5fb1"},"breadcrumb":{"@id":"https:\/\/www.noticiasradioreflejos.com.ar\/2021\/vamos-para-adelante-para-estos-50-anos-la-asociacion-rural-de-tornquist-celebra-su-aniversario-de-oro-con-una-ambiciosa-agenda\/#breadcrumb"},"inLanguage":"es","potentialAction":[{"@type":"ReadAction","target":["https:\/\/www.noticiasradioreflejos.com.ar\/2021\/vamos-para-adelante-para-estos-50-anos-la-asociacion-rural-de-tornquist-celebra-su-aniversario-de-oro-con-una-ambiciosa-agenda\/"]}]},{"@type":"ImageObject","inLanguage":"es","@id":"https:\/\/www.noticiasradioreflejos.com.ar\/2021\/vamos-para-adelante-para-estos-50-anos-la-asociacion-rural-de-tornquist-celebra-su-aniversario-de-oro-con-una-ambiciosa-agenda\/#primaryimage","url":"https:\/\/www.noticiasradioreflejos.com.ar\/2021\/wp-content\/uploads\/2026\/04\/436330571_10229285574238310_6865918164987062705_n.jpg","contentUrl":"https:\/\/www.noticiasradioreflejos.com.ar\/2021\/wp-content\/uploads\/2026\/04\/436330571_10229285574238310_6865918164987062705_n.jpg","width":1024,"height":675},{"@type":"BreadcrumbList","@id":"https:\/\/www.noticiasradioreflejos.com.ar\/2021\/vamos-para-adelante-para-estos-50-anos-la-asociacion-rural-de-tornquist-celebra-su-aniversario-de-oro-con-una-ambiciosa-agenda\/#breadcrumb","itemListElement":[{"@type":"ListItem","position":1,"name":"Portada","item":"https:\/\/www.noticiasradioreflejos.com.ar\/2021\/"},{"@type":"ListItem","position":2,"name":"\u00abVamos para adelante para estos 50 a\u00f1os\u00bb: la Asociaci\u00f3n Rural de Tornquist celebra su aniversario de oro con una ambiciosa agenda"}]},{"@type":"WebSite","@id":"https:\/\/www.noticiasradioreflejos.com.ar\/2021\/#website","url":"https:\/\/www.noticiasradioreflejos.com.ar\/2021\/","name":"Noticias Radio Reflejos","description":"Las noticias de mi comarca","potentialAction":[{"@type":"SearchAction","target":{"@type":"EntryPoint","urlTemplate":"https:\/\/www.noticiasradioreflejos.com.ar\/2021\/?s={search_term_string}"},"query-input":{"@type":"PropertyValueSpecification","valueRequired":true,"valueName":"search_term_string"}}],"inLanguage":"es"},{"@type":"Person","@id":"https:\/\/www.noticiasradioreflejos.com.ar\/2021\/#\/schema\/person\/ad82545263dcc5ec0996818884fd5fb1","name":"Arnaldo Botto","image":{"@type":"ImageObject","inLanguage":"es","@id":"https:\/\/www.noticiasradioreflejos.com.ar\/2021\/#\/schema\/person\/image\/","url":"https:\/\/secure.gravatar.com\/avatar\/55cb5e37c1efa326397366e6974cb338056df65cb50e7d64d1cf314e87504837?s=96&d=mm&r=g","contentUrl":"https:\/\/secure.gravatar.com\/avatar\/55cb5e37c1efa326397366e6974cb338056df65cb50e7d64d1cf314e87504837?s=96&d=mm&r=g","caption":"Arnaldo Botto"},"url":"https:\/\/www.noticiasradioreflejos.com.ar\/2021\/author\/arnaldo\/"}]}},"_links":{"self":[{"href":"https:\/\/www.noticiasradioreflejos.com.ar\/2021\/wp-json\/wp\/v2\/posts\/136472","targetHints":{"allow":["GET"]}}],"collection":[{"href":"https:\/\/www.noticiasradioreflejos.com.ar\/2021\/wp-json\/wp\/v2\/posts"}],"about":[{"href":"https:\/\/www.noticiasradioreflejos.com.ar\/2021\/wp-json\/wp\/v2\/types\/post"}],"author":[{"embeddable":true,"href":"https:\/\/www.noticiasradioreflejos.com.ar\/2021\/wp-json\/wp\/v2\/users\/3"}],"replies":[{"embeddable":true,"href":"https:\/\/www.noticiasradioreflejos.com.ar\/2021\/wp-json\/wp\/v2\/comments?post=136472"}],"version-history":[{"count":5,"href":"https:\/\/www.noticiasradioreflejos.com.ar\/2021\/wp-json\/wp\/v2\/posts\/136472\/revisions"}],"predecessor-version":[{"id":136489,"href":"https:\/\/www.noticiasradioreflejos.com.ar\/2021\/wp-json\/wp\/v2\/posts\/136472\/revisions\/136489"}],"wp:featuredmedia":[{"embeddable":true,"href":"https:\/\/www.noticiasradioreflejos.com.ar\/2021\/wp-json\/wp\/v2\/media\/136485"}],"wp:attachment":[{"href":"https:\/\/www.noticiasradioreflejos.com.ar\/2021\/wp-json\/wp\/v2\/media?parent=136472"}],"wp:term":[{"taxonomy":"category","embeddable":true,"href":"https:\/\/www.noticiasradioreflejos.com.ar\/2021\/wp-json\/wp\/v2\/categories?post=136472"},{"taxonomy":"post_tag","embeddable":true,"href":"https:\/\/www.noticiasradioreflejos.com.ar\/2021\/wp-json\/wp\/v2\/tags?post=136472"}],"curies":[{"name":"wp","href":"https:\/\/api.w.org\/{rel}","templated":true}]}}