{"id":136466,"date":"2026-04-27T14:15:28","date_gmt":"2026-04-27T17:15:28","guid":{"rendered":"https:\/\/www.noticiasradioreflejos.com.ar\/2021\/?p=136466"},"modified":"2026-04-27T14:15:28","modified_gmt":"2026-04-27T17:15:28","slug":"vialidad-en-crisis-ricardo-lasca-denuncio-que-el-traspaso-de-rutas-a-las-provincias-es-ilegal-y-una-estafa-al-usuario","status":"publish","type":"post","link":"https:\/\/www.noticiasradioreflejos.com.ar\/2021\/vialidad-en-crisis-ricardo-lasca-denuncio-que-el-traspaso-de-rutas-a-las-provincias-es-ilegal-y-una-estafa-al-usuario\/","title":{"rendered":"Vialidad en crisis: Ricardo Lasca denunci\u00f3 que el traspaso de rutas a las provincias es \u00abilegal\u00bb y una \u00abestafa\u00bb al usuario"},"content":{"rendered":"<p>El titular del Comit\u00e9 Nacional de Defensa del Usuario Vial (CONADUV) advirti\u00f3 que el sistema de peajes actual funciona como un \u00abimpuesto al tr\u00e1nsito\u00bb sin contraprestaci\u00f3n en obras. Critic\u00f3 la malversaci\u00f3n de los fondos espec\u00edficos del combustible y alert\u00f3 sobre el desmantelamiento de Vialidad Nacional frente a la falta de pol\u00edticas de infraestructura de fondo.<!--more--><\/p>\n<p data-path-to-node=\"3\">El Ingeniero Ricardo Lasca, titular del Comit\u00e9 Nacional de Defensa del Usuario Vial, denunci\u00f3 que el traspaso de rutas nacionales a las provincias es una medida \u00abilegal e inconstitucional\u00bb. Advirti\u00f3 sobre la falta de mantenimiento estructural, la malversaci\u00f3n de fondos espec\u00edficos y calific\u00f3 al sistema de peajes actual como un \u00abimpuesto al tr\u00e1nsito\u00bb que no se traduce en obras de seguridad.<\/p>\n<p data-path-to-node=\"4\">La crisis del sistema vial argentino ha sumado un nuevo cap\u00edtulo de tensi\u00f3n ante el intento de provincializar tramos de la red troncal nacional. Desde la <b data-path-to-node=\"4\" data-index-in-node=\"154\">CONADUV<\/b>, su coordinador <b data-path-to-node=\"4\" data-index-in-node=\"178\">Ricardo Lasca<\/b> fue contundente al calificar la situaci\u00f3n como una \u00abestafa\u00bb que afecta directamente al bolsillo del usuario y a la seguridad en los caminos. \u00abEsto no es un peaje; es un impuesto al tr\u00e1nsito. Lo que se recauda en las estaciones no se vuelca en el camino, se gasta en el costo operativo del cobro\u00bb, sentenci\u00f3 el ingeniero.<\/p>\n<p data-path-to-node=\"5\">Para Lasca, el argumento de la falta de recursos por parte del Estado es falaz. Seg\u00fan explica, el financiamiento para las obras de infraestructura ya existe a trav\u00e9s de grav\u00e1menes espec\u00edficos: \u00abEs falso cuando se dice que no hay plata, porque la plata est\u00e1 en el impuesto al combustible, al neum\u00e1tico y al lubricante. Sin embargo, no hay una pol\u00edtica de Estado seria de transporte terrestre ni fluvial\u00bb.<\/p>\n<p data-path-to-node=\"7\">El referente vial critic\u00f3 duramente la calidad de las intervenciones que se realizan tanto a nivel nacional como en las provincias de Buenos Aires y C\u00f3rdoba. \u00abHablan de bajar el costo argentino y mejorar la competitividad para encima hacer simples cortes de pasto o bacheo. Nadie hace autov\u00edas para evitar los choques frontales. Es todo un maquillaje, un virus que se contagia entre las administraciones\u00bb, denunci\u00f3.<\/p>\n<p data-path-to-node=\"8\">Asimismo, Lasca defendi\u00f3 el rol de los t\u00e9cnicos de carrera de <b data-path-to-node=\"8\" data-index-in-node=\"62\">Vialidad Nacional<\/b>, diferenci\u00e1ndolos de las conducciones pol\u00edticas: \u00abHay profesionales que laburan con fr\u00edo y con calor; el desastre lo hacen los administradores que pone cada gobierno. Est\u00e1n desmantelando la instituci\u00f3n como siempre quisieron hacerlo\u00bb.<\/p>\n<p data-path-to-node=\"10\">La frustraci\u00f3n de la comisi\u00f3n de usuarios viales radica en la falta de respuesta institucional. A pesar de haber presentado propuestas de ley y solicitado audiencias con las comisiones de Obras P\u00fablicas y Transporte, Lasca asegura que sus iniciativas son \u00abcajoneadas\u00bb sistem\u00e1ticamente.<\/p>\n<p data-path-to-node=\"11\">\u00abEs una desilusi\u00f3n incre\u00edble. No tenemos Defensores del Pueblo que valoren el esfuerzo que uno hace para defender a la comunidad. La malversaci\u00f3n de fondos est\u00e1 denunciada por legisladores hace tiempo, pero pasan los gobiernos y nadie hace nada. Seguimos iguales o peor\u00bb, lament\u00f3 el ingeniero, resaltando que la inestabilidad en los cargos nacionales \u2014con renuncias frecuentes\u2014 complica a\u00fan m\u00e1s cualquier posibilidad de di\u00e1logo t\u00e9cnico.<\/p>\n<audio class=\"wp-audio-shortcode\" id=\"audio-136466-1\" preload=\"none\" style=\"width: 100%;\" controls=\"controls\"><source type=\"audio\/mpeg\" src=\"https:\/\/www.noticiasradioreflejos.com.ar\/2021\/wp-content\/uploads\/2026\/04\/Ricardo-Lasca-27-04.mp3?_=1\" \/><a href=\"https:\/\/www.noticiasradioreflejos.com.ar\/2021\/wp-content\/uploads\/2026\/04\/Ricardo-Lasca-27-04.mp3\">https:\/\/www.noticiasradioreflejos.com.ar\/2021\/wp-content\/uploads\/2026\/04\/Ricardo-Lasca-27-04.mp3<\/a><\/audio>\n","protected":false},"excerpt":{"rendered":"<p>El titular del Comit\u00e9 Nacional de Defensa del Usuario Vial (CONADUV) advirti\u00f3 que el sistema de peajes actual funciona como un \u00abimpuesto al tr\u00e1nsito\u00bb sin contraprestaci\u00f3n en obras. Critic\u00f3 la malversaci\u00f3n de los fondos espec\u00edficos del combustible y alert\u00f3 sobre el desmantelamiento de Vialidad Nacional frente a la falta de pol\u00edticas de infraestructura de fondo.<\/p>\n","protected":false},"author":3,"featured_media":130904,"comment_status":"closed","ping_status":"closed","sticky":false,"template":"","format":"standard","meta":{"footnotes":""},"categories":[24,26],"tags":[48],"class_list":["post-136466","post","type-post","status-publish","format-standard","has-post-thumbnail","hentry","category-politica","category-sociedad","tag-destacada"],"yoast_head":"<!-- This site is optimized with the Yoast SEO plugin v25.9 - https:\/\/yoast.com\/wordpress\/plugins\/seo\/ -->\n<title>Vialidad en crisis: Ricardo Lasca denunci\u00f3 que el traspaso de rutas a las provincias es &quot;ilegal&quot; y una &quot;estafa&quot; al usuario - Noticias Radio Reflejos<\/title>\n<meta name=\"robots\" content=\"index, follow, max-snippet:-1, max-image-preview:large, max-video-preview:-1\" \/>\n<link rel=\"canonical\" href=\"https:\/\/www.noticiasradioreflejos.com.ar\/2021\/vialidad-en-crisis-ricardo-lasca-denuncio-que-el-traspaso-de-rutas-a-las-provincias-es-ilegal-y-una-estafa-al-usuario\/\" \/>\n<meta property=\"og:locale\" content=\"es_ES\" \/>\n<meta property=\"og:type\" content=\"article\" \/>\n<meta property=\"og:title\" content=\"Vialidad en crisis: Ricardo Lasca denunci\u00f3 que el traspaso de rutas a las provincias es &quot;ilegal&quot; y una &quot;estafa&quot; al usuario - Noticias Radio Reflejos\" \/>\n<meta property=\"og:description\" content=\"El titular del Comit\u00e9 Nacional de Defensa del Usuario Vial (CONADUV) advirti\u00f3 que el sistema de peajes actual funciona como un \u00abimpuesto al tr\u00e1nsito\u00bb sin contraprestaci\u00f3n en obras. Critic\u00f3 la malversaci\u00f3n de los fondos espec\u00edficos del combustible y alert\u00f3 sobre el desmantelamiento de Vialidad Nacional frente a la falta de pol\u00edticas de infraestructura de fondo.\" \/>\n<meta property=\"og:url\" content=\"https:\/\/www.noticiasradioreflejos.com.ar\/2021\/vialidad-en-crisis-ricardo-lasca-denuncio-que-el-traspaso-de-rutas-a-las-provincias-es-ilegal-y-una-estafa-al-usuario\/\" \/>\n<meta property=\"og:site_name\" content=\"Noticias Radio Reflejos\" \/>\n<meta property=\"article:published_time\" content=\"2026-04-27T17:15:28+00:00\" \/>\n<meta property=\"og:image\" content=\"https:\/\/www.noticiasradioreflejos.com.ar\/2021\/wp-content\/uploads\/2026\/01\/rutas.webp\" \/>\n\t<meta property=\"og:image:width\" content=\"1200\" \/>\n\t<meta property=\"og:image:height\" content=\"675\" \/>\n\t<meta property=\"og:image:type\" content=\"image\/webp\" \/>\n<meta name=\"author\" content=\"Arnaldo Botto\" \/>\n<meta name=\"twitter:card\" content=\"summary_large_image\" \/>\n<script type=\"application\/ld+json\" class=\"yoast-schema-graph\">{\"@context\":\"https:\/\/schema.org\",\"@graph\":[{\"@type\":\"WebPage\",\"@id\":\"https:\/\/www.noticiasradioreflejos.com.ar\/2021\/vialidad-en-crisis-ricardo-lasca-denuncio-que-el-traspaso-de-rutas-a-las-provincias-es-ilegal-y-una-estafa-al-usuario\/\",\"url\":\"https:\/\/www.noticiasradioreflejos.com.ar\/2021\/vialidad-en-crisis-ricardo-lasca-denuncio-que-el-traspaso-de-rutas-a-las-provincias-es-ilegal-y-una-estafa-al-usuario\/\",\"name\":\"Vialidad en crisis: Ricardo Lasca denunci\u00f3 que el traspaso de rutas a las provincias es \\\"ilegal\\\" y una \\\"estafa\\\" al usuario - Noticias Radio Reflejos\",\"isPartOf\":{\"@id\":\"https:\/\/www.noticiasradioreflejos.com.ar\/2021\/#website\"},\"primaryImageOfPage\":{\"@id\":\"https:\/\/www.noticiasradioreflejos.com.ar\/2021\/vialidad-en-crisis-ricardo-lasca-denuncio-que-el-traspaso-de-rutas-a-las-provincias-es-ilegal-y-una-estafa-al-usuario\/#primaryimage\"},\"image\":{\"@id\":\"https:\/\/www.noticiasradioreflejos.com.ar\/2021\/vialidad-en-crisis-ricardo-lasca-denuncio-que-el-traspaso-de-rutas-a-las-provincias-es-ilegal-y-una-estafa-al-usuario\/#primaryimage\"},\"thumbnailUrl\":\"https:\/\/www.noticiasradioreflejos.com.ar\/2021\/wp-content\/uploads\/2026\/01\/rutas.webp\",\"datePublished\":\"2026-04-27T17:15:28+00:00\",\"author\":{\"@id\":\"https:\/\/www.noticiasradioreflejos.com.ar\/2021\/#\/schema\/person\/ad82545263dcc5ec0996818884fd5fb1\"},\"breadcrumb\":{\"@id\":\"https:\/\/www.noticiasradioreflejos.com.ar\/2021\/vialidad-en-crisis-ricardo-lasca-denuncio-que-el-traspaso-de-rutas-a-las-provincias-es-ilegal-y-una-estafa-al-usuario\/#breadcrumb\"},\"inLanguage\":\"es\",\"potentialAction\":[{\"@type\":\"ReadAction\",\"target\":[\"https:\/\/www.noticiasradioreflejos.com.ar\/2021\/vialidad-en-crisis-ricardo-lasca-denuncio-que-el-traspaso-de-rutas-a-las-provincias-es-ilegal-y-una-estafa-al-usuario\/\"]}]},{\"@type\":\"ImageObject\",\"inLanguage\":\"es\",\"@id\":\"https:\/\/www.noticiasradioreflejos.com.ar\/2021\/vialidad-en-crisis-ricardo-lasca-denuncio-que-el-traspaso-de-rutas-a-las-provincias-es-ilegal-y-una-estafa-al-usuario\/#primaryimage\",\"url\":\"https:\/\/www.noticiasradioreflejos.com.ar\/2021\/wp-content\/uploads\/2026\/01\/rutas.webp\",\"contentUrl\":\"https:\/\/www.noticiasradioreflejos.com.ar\/2021\/wp-content\/uploads\/2026\/01\/rutas.webp\",\"width\":1200,\"height\":675},{\"@type\":\"BreadcrumbList\",\"@id\":\"https:\/\/www.noticiasradioreflejos.com.ar\/2021\/vialidad-en-crisis-ricardo-lasca-denuncio-que-el-traspaso-de-rutas-a-las-provincias-es-ilegal-y-una-estafa-al-usuario\/#breadcrumb\",\"itemListElement\":[{\"@type\":\"ListItem\",\"position\":1,\"name\":\"Portada\",\"item\":\"https:\/\/www.noticiasradioreflejos.com.ar\/2021\/\"},{\"@type\":\"ListItem\",\"position\":2,\"name\":\"Vialidad en crisis: Ricardo Lasca denunci\u00f3 que el traspaso de rutas a las provincias es \u00abilegal\u00bb y una \u00abestafa\u00bb al usuario\"}]},{\"@type\":\"WebSite\",\"@id\":\"https:\/\/www.noticiasradioreflejos.com.ar\/2021\/#website\",\"url\":\"https:\/\/www.noticiasradioreflejos.com.ar\/2021\/\",\"name\":\"Noticias Radio Reflejos\",\"description\":\"Las noticias de mi comarca\",\"potentialAction\":[{\"@type\":\"SearchAction\",\"target\":{\"@type\":\"EntryPoint\",\"urlTemplate\":\"https:\/\/www.noticiasradioreflejos.com.ar\/2021\/?s={search_term_string}\"},\"query-input\":{\"@type\":\"PropertyValueSpecification\",\"valueRequired\":true,\"valueName\":\"search_term_string\"}}],\"inLanguage\":\"es\"},{\"@type\":\"Person\",\"@id\":\"https:\/\/www.noticiasradioreflejos.com.ar\/2021\/#\/schema\/person\/ad82545263dcc5ec0996818884fd5fb1\",\"name\":\"Arnaldo Botto\",\"image\":{\"@type\":\"ImageObject\",\"inLanguage\":\"es\",\"@id\":\"https:\/\/www.noticiasradioreflejos.com.ar\/2021\/#\/schema\/person\/image\/\",\"url\":\"https:\/\/secure.gravatar.com\/avatar\/55cb5e37c1efa326397366e6974cb338056df65cb50e7d64d1cf314e87504837?s=96&d=mm&r=g\",\"contentUrl\":\"https:\/\/secure.gravatar.com\/avatar\/55cb5e37c1efa326397366e6974cb338056df65cb50e7d64d1cf314e87504837?s=96&d=mm&r=g\",\"caption\":\"Arnaldo Botto\"},\"url\":\"https:\/\/www.noticiasradioreflejos.com.ar\/2021\/author\/arnaldo\/\"}]}<\/script>\n<!-- \/ Yoast SEO plugin. -->","yoast_head_json":{"title":"Vialidad en crisis: Ricardo Lasca denunci\u00f3 que el traspaso de rutas a las provincias es \"ilegal\" y una \"estafa\" al usuario - Noticias Radio Reflejos","robots":{"index":"index","follow":"follow","max-snippet":"max-snippet:-1","max-image-preview":"max-image-preview:large","max-video-preview":"max-video-preview:-1"},"canonical":"https:\/\/www.noticiasradioreflejos.com.ar\/2021\/vialidad-en-crisis-ricardo-lasca-denuncio-que-el-traspaso-de-rutas-a-las-provincias-es-ilegal-y-una-estafa-al-usuario\/","og_locale":"es_ES","og_type":"article","og_title":"Vialidad en crisis: Ricardo Lasca denunci\u00f3 que el traspaso de rutas a las provincias es \"ilegal\" y una \"estafa\" al usuario - Noticias Radio Reflejos","og_description":"El titular del Comit\u00e9 Nacional de Defensa del Usuario Vial (CONADUV) advirti\u00f3 que el sistema de peajes actual funciona como un \u00abimpuesto al tr\u00e1nsito\u00bb sin contraprestaci\u00f3n en obras. Critic\u00f3 la malversaci\u00f3n de los fondos espec\u00edficos del combustible y alert\u00f3 sobre el desmantelamiento de Vialidad Nacional frente a la falta de pol\u00edticas de infraestructura de fondo.","og_url":"https:\/\/www.noticiasradioreflejos.com.ar\/2021\/vialidad-en-crisis-ricardo-lasca-denuncio-que-el-traspaso-de-rutas-a-las-provincias-es-ilegal-y-una-estafa-al-usuario\/","og_site_name":"Noticias Radio Reflejos","article_published_time":"2026-04-27T17:15:28+00:00","og_image":[{"width":1200,"height":675,"url":"https:\/\/www.noticiasradioreflejos.com.ar\/2021\/wp-content\/uploads\/2026\/01\/rutas.webp","type":"image\/webp"}],"author":"Arnaldo Botto","twitter_card":"summary_large_image","schema":{"@context":"https:\/\/schema.org","@graph":[{"@type":"WebPage","@id":"https:\/\/www.noticiasradioreflejos.com.ar\/2021\/vialidad-en-crisis-ricardo-lasca-denuncio-que-el-traspaso-de-rutas-a-las-provincias-es-ilegal-y-una-estafa-al-usuario\/","url":"https:\/\/www.noticiasradioreflejos.com.ar\/2021\/vialidad-en-crisis-ricardo-lasca-denuncio-que-el-traspaso-de-rutas-a-las-provincias-es-ilegal-y-una-estafa-al-usuario\/","name":"Vialidad en crisis: Ricardo Lasca denunci\u00f3 que el traspaso de rutas a las provincias es \"ilegal\" y una \"estafa\" al usuario - Noticias Radio Reflejos","isPartOf":{"@id":"https:\/\/www.noticiasradioreflejos.com.ar\/2021\/#website"},"primaryImageOfPage":{"@id":"https:\/\/www.noticiasradioreflejos.com.ar\/2021\/vialidad-en-crisis-ricardo-lasca-denuncio-que-el-traspaso-de-rutas-a-las-provincias-es-ilegal-y-una-estafa-al-usuario\/#primaryimage"},"image":{"@id":"https:\/\/www.noticiasradioreflejos.com.ar\/2021\/vialidad-en-crisis-ricardo-lasca-denuncio-que-el-traspaso-de-rutas-a-las-provincias-es-ilegal-y-una-estafa-al-usuario\/#primaryimage"},"thumbnailUrl":"https:\/\/www.noticiasradioreflejos.com.ar\/2021\/wp-content\/uploads\/2026\/01\/rutas.webp","datePublished":"2026-04-27T17:15:28+00:00","author":{"@id":"https:\/\/www.noticiasradioreflejos.com.ar\/2021\/#\/schema\/person\/ad82545263dcc5ec0996818884fd5fb1"},"breadcrumb":{"@id":"https:\/\/www.noticiasradioreflejos.com.ar\/2021\/vialidad-en-crisis-ricardo-lasca-denuncio-que-el-traspaso-de-rutas-a-las-provincias-es-ilegal-y-una-estafa-al-usuario\/#breadcrumb"},"inLanguage":"es","potentialAction":[{"@type":"ReadAction","target":["https:\/\/www.noticiasradioreflejos.com.ar\/2021\/vialidad-en-crisis-ricardo-lasca-denuncio-que-el-traspaso-de-rutas-a-las-provincias-es-ilegal-y-una-estafa-al-usuario\/"]}]},{"@type":"ImageObject","inLanguage":"es","@id":"https:\/\/www.noticiasradioreflejos.com.ar\/2021\/vialidad-en-crisis-ricardo-lasca-denuncio-que-el-traspaso-de-rutas-a-las-provincias-es-ilegal-y-una-estafa-al-usuario\/#primaryimage","url":"https:\/\/www.noticiasradioreflejos.com.ar\/2021\/wp-content\/uploads\/2026\/01\/rutas.webp","contentUrl":"https:\/\/www.noticiasradioreflejos.com.ar\/2021\/wp-content\/uploads\/2026\/01\/rutas.webp","width":1200,"height":675},{"@type":"BreadcrumbList","@id":"https:\/\/www.noticiasradioreflejos.com.ar\/2021\/vialidad-en-crisis-ricardo-lasca-denuncio-que-el-traspaso-de-rutas-a-las-provincias-es-ilegal-y-una-estafa-al-usuario\/#breadcrumb","itemListElement":[{"@type":"ListItem","position":1,"name":"Portada","item":"https:\/\/www.noticiasradioreflejos.com.ar\/2021\/"},{"@type":"ListItem","position":2,"name":"Vialidad en crisis: Ricardo Lasca denunci\u00f3 que el traspaso de rutas a las provincias es \u00abilegal\u00bb y una \u00abestafa\u00bb al usuario"}]},{"@type":"WebSite","@id":"https:\/\/www.noticiasradioreflejos.com.ar\/2021\/#website","url":"https:\/\/www.noticiasradioreflejos.com.ar\/2021\/","name":"Noticias Radio Reflejos","description":"Las noticias de mi comarca","potentialAction":[{"@type":"SearchAction","target":{"@type":"EntryPoint","urlTemplate":"https:\/\/www.noticiasradioreflejos.com.ar\/2021\/?s={search_term_string}"},"query-input":{"@type":"PropertyValueSpecification","valueRequired":true,"valueName":"search_term_string"}}],"inLanguage":"es"},{"@type":"Person","@id":"https:\/\/www.noticiasradioreflejos.com.ar\/2021\/#\/schema\/person\/ad82545263dcc5ec0996818884fd5fb1","name":"Arnaldo Botto","image":{"@type":"ImageObject","inLanguage":"es","@id":"https:\/\/www.noticiasradioreflejos.com.ar\/2021\/#\/schema\/person\/image\/","url":"https:\/\/secure.gravatar.com\/avatar\/55cb5e37c1efa326397366e6974cb338056df65cb50e7d64d1cf314e87504837?s=96&d=mm&r=g","contentUrl":"https:\/\/secure.gravatar.com\/avatar\/55cb5e37c1efa326397366e6974cb338056df65cb50e7d64d1cf314e87504837?s=96&d=mm&r=g","caption":"Arnaldo Botto"},"url":"https:\/\/www.noticiasradioreflejos.com.ar\/2021\/author\/arnaldo\/"}]}},"_links":{"self":[{"href":"https:\/\/www.noticiasradioreflejos.com.ar\/2021\/wp-json\/wp\/v2\/posts\/136466","targetHints":{"allow":["GET"]}}],"collection":[{"href":"https:\/\/www.noticiasradioreflejos.com.ar\/2021\/wp-json\/wp\/v2\/posts"}],"about":[{"href":"https:\/\/www.noticiasradioreflejos.com.ar\/2021\/wp-json\/wp\/v2\/types\/post"}],"author":[{"embeddable":true,"href":"https:\/\/www.noticiasradioreflejos.com.ar\/2021\/wp-json\/wp\/v2\/users\/3"}],"replies":[{"embeddable":true,"href":"https:\/\/www.noticiasradioreflejos.com.ar\/2021\/wp-json\/wp\/v2\/comments?post=136466"}],"version-history":[{"count":3,"href":"https:\/\/www.noticiasradioreflejos.com.ar\/2021\/wp-json\/wp\/v2\/posts\/136466\/revisions"}],"predecessor-version":[{"id":136480,"href":"https:\/\/www.noticiasradioreflejos.com.ar\/2021\/wp-json\/wp\/v2\/posts\/136466\/revisions\/136480"}],"wp:featuredmedia":[{"embeddable":true,"href":"https:\/\/www.noticiasradioreflejos.com.ar\/2021\/wp-json\/wp\/v2\/media\/130904"}],"wp:attachment":[{"href":"https:\/\/www.noticiasradioreflejos.com.ar\/2021\/wp-json\/wp\/v2\/media?parent=136466"}],"wp:term":[{"taxonomy":"category","embeddable":true,"href":"https:\/\/www.noticiasradioreflejos.com.ar\/2021\/wp-json\/wp\/v2\/categories?post=136466"},{"taxonomy":"post_tag","embeddable":true,"href":"https:\/\/www.noticiasradioreflejos.com.ar\/2021\/wp-json\/wp\/v2\/tags?post=136466"}],"curies":[{"name":"wp","href":"https:\/\/api.w.org\/{rel}","templated":true}]}}