{"id":136460,"date":"2026-04-27T18:19:53","date_gmt":"2026-04-27T21:19:53","guid":{"rendered":"https:\/\/www.noticiasradioreflejos.com.ar\/2021\/?p=136460"},"modified":"2026-04-27T18:23:48","modified_gmt":"2026-04-27T21:23:48","slug":"la-responsabilidad-de-mantener-el-arbol-es-del-vecino-el-polemico-criterio-de-gestion-de-poda-en-coronel-suarez","status":"publish","type":"post","link":"https:\/\/www.noticiasradioreflejos.com.ar\/2021\/la-responsabilidad-de-mantener-el-arbol-es-del-vecino-el-polemico-criterio-de-gestion-de-poda-en-coronel-suarez\/","title":{"rendered":"\u201cLa responsabilidad de mantener el \u00e1rbol es del vecino\u201d: el pol\u00e9mico criterio de gesti\u00f3n de poda en Coronel Su\u00e1rez"},"content":{"rendered":"<p>Ante la creciente preocupaci\u00f3n por el peligro que representan ejemplares de gran porte para la integridad f\u00edsica y los bienes, la postura municipal choca con el marco legal superior. Si bien el Secretario de Ambiente apel\u00f3 a la responsabilidad del frentista, tanto la Ley Provincial 12.276 como la Constituci\u00f3n de la Provincia ratifican que la gesti\u00f3n y conservaci\u00f3n del arbolado en aceras \u2014por ser dominio p\u00fablico\u2014 es competencia exclusiva del Estado Municipal, dejando en evidencia las contradicciones de la Ordenanza local 7550 frente a las normas de jerarqu\u00eda bonaerense.<!--more--><\/p>\n<p data-path-to-node=\"3\">El Secretario de Ambiente y Turismo de Coronel Su\u00e1rez anunci\u00f3 que este 1\u00b0 de mayo comienza el per\u00edodo de poda bajo un nuevo paradigma de mantenimiento. Con m\u00e1s de 150 podadores capacitados y una ordenanza que regula desde la extracci\u00f3n hasta la reposici\u00f3n de ejemplares, el municipio busca profesionalizar el cuidado de los \u00e1rboles y asesorar a los vecinos para evitar riesgos.<\/p>\n<p data-path-to-node=\"3\"><a href=\"https:\/\/www.noticiasradioreflejos.com.ar\/2021\/la-responsabilidad-de-mantener-el-arbol-es-del-vecino-el-polemico-criterio-de-gestion-de-poda-en-coronel-suarez\/arbolado-urbano-2\/\" rel=\"attachment wp-att-136509\"><img loading=\"lazy\" decoding=\"async\" class=\"aligncenter size-full wp-image-136509\" src=\"https:\/\/www.noticiasradioreflejos.com.ar\/2021\/wp-content\/uploads\/2026\/04\/arbolado-urbano-2.jpeg\" alt=\"\" width=\"1280\" height=\"960\" srcset=\"https:\/\/www.noticiasradioreflejos.com.ar\/2021\/wp-content\/uploads\/2026\/04\/arbolado-urbano-2.jpeg 1280w, https:\/\/www.noticiasradioreflejos.com.ar\/2021\/wp-content\/uploads\/2026\/04\/arbolado-urbano-2-300x225.jpeg 300w, https:\/\/www.noticiasradioreflejos.com.ar\/2021\/wp-content\/uploads\/2026\/04\/arbolado-urbano-2-1024x768.jpeg 1024w, https:\/\/www.noticiasradioreflejos.com.ar\/2021\/wp-content\/uploads\/2026\/04\/arbolado-urbano-2-768x576.jpeg 768w, https:\/\/www.noticiasradioreflejos.com.ar\/2021\/wp-content\/uploads\/2026\/04\/arbolado-urbano-2-750x563.jpeg 750w, https:\/\/www.noticiasradioreflejos.com.ar\/2021\/wp-content\/uploads\/2026\/04\/arbolado-urbano-2-1140x855.jpeg 1140w\" sizes=\"auto, (max-width: 1280px) 100vw, 1280px\" \/><\/a><\/p>\n<p data-path-to-node=\"4\">Coronel Su\u00e1rez se prepara para iniciar el ciclo de mantenimiento de su arbolado p\u00fablico con un enfoque que prioriza la planificaci\u00f3n t\u00e9cnica por sobre la tradici\u00f3n. <b data-path-to-node=\"4\" data-index-in-node=\"165\">I\u00f1aki Etcheverry<\/b>, Secretario de Ambiente y Turismo, destac\u00f3 que el \u00e1rea viene realizando un trabajo sostenido para cambiar la forma en que se interviene el paisaje urbano: <b data-path-to-node=\"4\" data-index-in-node=\"337\">\u00abA partir del 1\u00b0 de mayo arranca el per\u00edodo de poda. Se hace un trabajo muy a conciencia en cambiar el formato tradicional sobre c\u00f3mo se mantiene el arbolado p\u00fablico\u00bb<\/b>, explic\u00f3.<\/p>\n<p data-path-to-node=\"5\">Este nuevo modelo se apoya en la Ordenanza N\u00b0 7550, que establece un plan de reserva y manejo integral. Seg\u00fan el funcionario, el cuidado de los \u00e1rboles no recae en un solo actor: <b data-path-to-node=\"5\" data-index-in-node=\"179\">\u00abTiene una responsabilidad compartida; no es solo del vecino y del municipio, sino tambi\u00e9n del Consejo de Arbolado, que cuenta con especialistas externos y concejales de todas las fuerzas pol\u00edticas\u00bb<\/b>.<\/p>\n<p data-path-to-node=\"7\">Uno de los pilares de la gesti\u00f3n es la formaci\u00f3n de mano de obra calificada. Actualmente, la oficina de Ambiente ha capacitado a m\u00e1s de 150 podadores particulares tanto en la ciudad cabecera como en Huanguel\u00e9n. <b data-path-to-node=\"7\" data-index-in-node=\"211\">\u00abCapacitamos podadores que quedan en una lista que el vecino puede solicitar. Buscamos que el mantenimiento del \u00e1rbol tenga cada vez m\u00e1s par\u00e1metros t\u00e9cnicos\u00bb<\/b>, se\u00f1al\u00f3 Etcheverry.<\/p>\n<p data-path-to-node=\"7\">\n<p data-path-to-node=\"7\"><a href=\"https:\/\/www.noticiasradioreflejos.com.ar\/2021\/arbolado-publico-en-coronel-suarez-el-municipio-es-el-responsable-legal-ante-el-riesgo-de-los-ejemplares-anosos\/el-ceibo-y-pasaje-los-nogales-villa-la-arcadia-3\/\" rel=\"attachment wp-att-136346\"><img loading=\"lazy\" decoding=\"async\" class=\"aligncenter size-full wp-image-136346\" src=\"https:\/\/www.noticiasradioreflejos.com.ar\/2021\/wp-content\/uploads\/2026\/04\/El-ceibo-y-pasaje-los-nogales-Villa-La-Arcadia-3.jpg\" alt=\"\" width=\"1080\" height=\"1243\" srcset=\"https:\/\/www.noticiasradioreflejos.com.ar\/2021\/wp-content\/uploads\/2026\/04\/El-ceibo-y-pasaje-los-nogales-Villa-La-Arcadia-3.jpg 1080w, https:\/\/www.noticiasradioreflejos.com.ar\/2021\/wp-content\/uploads\/2026\/04\/El-ceibo-y-pasaje-los-nogales-Villa-La-Arcadia-3-261x300.jpg 261w, https:\/\/www.noticiasradioreflejos.com.ar\/2021\/wp-content\/uploads\/2026\/04\/El-ceibo-y-pasaje-los-nogales-Villa-La-Arcadia-3-890x1024.jpg 890w, https:\/\/www.noticiasradioreflejos.com.ar\/2021\/wp-content\/uploads\/2026\/04\/El-ceibo-y-pasaje-los-nogales-Villa-La-Arcadia-3-768x884.jpg 768w, https:\/\/www.noticiasradioreflejos.com.ar\/2021\/wp-content\/uploads\/2026\/04\/El-ceibo-y-pasaje-los-nogales-Villa-La-Arcadia-3-750x863.jpg 750w\" sizes=\"auto, (max-width: 1080px) 100vw, 1080px\" \/><\/a><\/p>\n<p data-path-to-node=\"9\">Ante la preocupaci\u00f3n de algunos frentistas por la estabilidad de ciertos ejemplares, el Secretario aclar\u00f3 el marco legal vigente. Si bien la Ley Provincial regula plazas y parques, en la zona urbana la situaci\u00f3n es distinta: <b data-path-to-node=\"9\" data-index-in-node=\"225\">\u00abLa responsabilidad del frente es del frentista y la responsabilidad de mantener el \u00e1rbol es del vecino. Si alguien ve la necesidad de extraerlo, nosotros mandamos personal a realizar la evaluaci\u00f3n\u00bb<\/b>.<\/p>\n<p data-path-to-node=\"10\">En caso de detectarse un riesgo real, la oficina de Ambiente emite una recomendaci\u00f3n espec\u00edfica. <b data-path-to-node=\"10\" data-index-in-node=\"97\">\u00abUna vez extra\u00eddo, la ordenanza establece que se tiene que reponer el ejemplar. Nosotros hacemos una recomendaci\u00f3n de qu\u00e9 tipo de \u00e1rbol plantar en funci\u00f3n de las condiciones del lugar, como el tama\u00f1o de la vereda o los servicios\u00bb<\/b>, detall\u00f3.<\/p>\n<p data-path-to-node=\"12\">El Plan Regulador de Arbolado tambi\u00e9n contempla el reemplazo paulatino de especies que no son aptas para el entorno urbano actual. Para facilitar esta tarea, el municipio pone a disposici\u00f3n sus propios recursos: <b data-path-to-node=\"12\" data-index-in-node=\"212\">\u00abTenemos el vivero municipal en Su\u00e1rez; para la vereda, el vecino puede solicitar un ejemplar y se le brinda\u00bb<\/b>, concluy\u00f3 Etcheverry, instando a la comunidad a acercarse a la oficina de Ambiente para asesorarse antes de realizar cualquier intervenci\u00f3n por cuenta propia.<\/p>\n<audio class=\"wp-audio-shortcode\" id=\"audio-136460-1\" preload=\"none\" style=\"width: 100%;\" controls=\"controls\"><source type=\"audio\/mpeg\" src=\"https:\/\/www.noticiasradioreflejos.com.ar\/2021\/wp-content\/uploads\/2026\/04\/inaki-Etcheberry-27-04.mp3?_=1\" \/><a href=\"https:\/\/www.noticiasradioreflejos.com.ar\/2021\/wp-content\/uploads\/2026\/04\/inaki-Etcheberry-27-04.mp3\">https:\/\/www.noticiasradioreflejos.com.ar\/2021\/wp-content\/uploads\/2026\/04\/inaki-Etcheberry-27-04.mp3<\/a><\/audio>\n","protected":false},"excerpt":{"rendered":"<p>Ante la creciente preocupaci\u00f3n por el peligro que representan ejemplares de gran porte para la integridad f\u00edsica y los bienes, la postura municipal choca con el marco legal superior. Si bien el Secretario de Ambiente apel\u00f3 a la responsabilidad del frentista, tanto la Ley Provincial 12.276 como la Constituci\u00f3n de la Provincia ratifican que la [&hellip;]<\/p>\n","protected":false},"author":3,"featured_media":136510,"comment_status":"closed","ping_status":"closed","sticky":false,"template":"","format":"standard","meta":{"footnotes":""},"categories":[28,26],"tags":[48],"class_list":["post-136460","post","type-post","status-publish","format-standard","has-post-thumbnail","hentry","category-municipales","category-sociedad","tag-destacada"],"yoast_head":"<!-- This site is optimized with the Yoast SEO plugin v25.9 - https:\/\/yoast.com\/wordpress\/plugins\/seo\/ -->\n<title>\u201cLa responsabilidad de mantener el \u00e1rbol es del vecino\u201d: el pol\u00e9mico criterio de gesti\u00f3n de poda en Coronel Su\u00e1rez - Noticias Radio Reflejos<\/title>\n<meta name=\"robots\" content=\"index, follow, max-snippet:-1, max-image-preview:large, max-video-preview:-1\" \/>\n<link rel=\"canonical\" href=\"https:\/\/www.noticiasradioreflejos.com.ar\/2021\/la-responsabilidad-de-mantener-el-arbol-es-del-vecino-el-polemico-criterio-de-gestion-de-poda-en-coronel-suarez\/\" \/>\n<meta property=\"og:locale\" content=\"es_ES\" \/>\n<meta property=\"og:type\" content=\"article\" \/>\n<meta property=\"og:title\" content=\"\u201cLa responsabilidad de mantener el \u00e1rbol es del vecino\u201d: el pol\u00e9mico criterio de gesti\u00f3n de poda en Coronel Su\u00e1rez - Noticias Radio Reflejos\" \/>\n<meta property=\"og:description\" content=\"Ante la creciente preocupaci\u00f3n por el peligro que representan ejemplares de gran porte para la integridad f\u00edsica y los bienes, la postura municipal choca con el marco legal superior. Si bien el Secretario de Ambiente apel\u00f3 a la responsabilidad del frentista, tanto la Ley Provincial 12.276 como la Constituci\u00f3n de la Provincia ratifican que la [&hellip;]\" \/>\n<meta property=\"og:url\" content=\"https:\/\/www.noticiasradioreflejos.com.ar\/2021\/la-responsabilidad-de-mantener-el-arbol-es-del-vecino-el-polemico-criterio-de-gestion-de-poda-en-coronel-suarez\/\" \/>\n<meta property=\"og:site_name\" content=\"Noticias Radio Reflejos\" \/>\n<meta property=\"article:published_time\" content=\"2026-04-27T21:19:53+00:00\" \/>\n<meta property=\"article:modified_time\" content=\"2026-04-27T21:23:48+00:00\" \/>\n<meta property=\"og:image\" content=\"https:\/\/www.noticiasradioreflejos.com.ar\/2021\/wp-content\/uploads\/2026\/04\/arbolado-urbano-1.jpeg\" \/>\n\t<meta property=\"og:image:width\" content=\"1600\" \/>\n\t<meta property=\"og:image:height\" content=\"1200\" \/>\n\t<meta property=\"og:image:type\" content=\"image\/jpeg\" \/>\n<meta name=\"author\" content=\"Arnaldo Botto\" \/>\n<meta name=\"twitter:card\" content=\"summary_large_image\" \/>\n<script type=\"application\/ld+json\" class=\"yoast-schema-graph\">{\"@context\":\"https:\/\/schema.org\",\"@graph\":[{\"@type\":\"WebPage\",\"@id\":\"https:\/\/www.noticiasradioreflejos.com.ar\/2021\/la-responsabilidad-de-mantener-el-arbol-es-del-vecino-el-polemico-criterio-de-gestion-de-poda-en-coronel-suarez\/\",\"url\":\"https:\/\/www.noticiasradioreflejos.com.ar\/2021\/la-responsabilidad-de-mantener-el-arbol-es-del-vecino-el-polemico-criterio-de-gestion-de-poda-en-coronel-suarez\/\",\"name\":\"\u201cLa responsabilidad de mantener el \u00e1rbol es del vecino\u201d: el pol\u00e9mico criterio de gesti\u00f3n de poda en Coronel Su\u00e1rez - Noticias Radio Reflejos\",\"isPartOf\":{\"@id\":\"https:\/\/www.noticiasradioreflejos.com.ar\/2021\/#website\"},\"primaryImageOfPage\":{\"@id\":\"https:\/\/www.noticiasradioreflejos.com.ar\/2021\/la-responsabilidad-de-mantener-el-arbol-es-del-vecino-el-polemico-criterio-de-gestion-de-poda-en-coronel-suarez\/#primaryimage\"},\"image\":{\"@id\":\"https:\/\/www.noticiasradioreflejos.com.ar\/2021\/la-responsabilidad-de-mantener-el-arbol-es-del-vecino-el-polemico-criterio-de-gestion-de-poda-en-coronel-suarez\/#primaryimage\"},\"thumbnailUrl\":\"https:\/\/www.noticiasradioreflejos.com.ar\/2021\/wp-content\/uploads\/2026\/04\/arbolado-urbano-1.jpeg\",\"datePublished\":\"2026-04-27T21:19:53+00:00\",\"dateModified\":\"2026-04-27T21:23:48+00:00\",\"author\":{\"@id\":\"https:\/\/www.noticiasradioreflejos.com.ar\/2021\/#\/schema\/person\/ad82545263dcc5ec0996818884fd5fb1\"},\"breadcrumb\":{\"@id\":\"https:\/\/www.noticiasradioreflejos.com.ar\/2021\/la-responsabilidad-de-mantener-el-arbol-es-del-vecino-el-polemico-criterio-de-gestion-de-poda-en-coronel-suarez\/#breadcrumb\"},\"inLanguage\":\"es\",\"potentialAction\":[{\"@type\":\"ReadAction\",\"target\":[\"https:\/\/www.noticiasradioreflejos.com.ar\/2021\/la-responsabilidad-de-mantener-el-arbol-es-del-vecino-el-polemico-criterio-de-gestion-de-poda-en-coronel-suarez\/\"]}]},{\"@type\":\"ImageObject\",\"inLanguage\":\"es\",\"@id\":\"https:\/\/www.noticiasradioreflejos.com.ar\/2021\/la-responsabilidad-de-mantener-el-arbol-es-del-vecino-el-polemico-criterio-de-gestion-de-poda-en-coronel-suarez\/#primaryimage\",\"url\":\"https:\/\/www.noticiasradioreflejos.com.ar\/2021\/wp-content\/uploads\/2026\/04\/arbolado-urbano-1.jpeg\",\"contentUrl\":\"https:\/\/www.noticiasradioreflejos.com.ar\/2021\/wp-content\/uploads\/2026\/04\/arbolado-urbano-1.jpeg\",\"width\":1600,\"height\":1200},{\"@type\":\"BreadcrumbList\",\"@id\":\"https:\/\/www.noticiasradioreflejos.com.ar\/2021\/la-responsabilidad-de-mantener-el-arbol-es-del-vecino-el-polemico-criterio-de-gestion-de-poda-en-coronel-suarez\/#breadcrumb\",\"itemListElement\":[{\"@type\":\"ListItem\",\"position\":1,\"name\":\"Portada\",\"item\":\"https:\/\/www.noticiasradioreflejos.com.ar\/2021\/\"},{\"@type\":\"ListItem\",\"position\":2,\"name\":\"\u201cLa responsabilidad de mantener el \u00e1rbol es del vecino\u201d: el pol\u00e9mico criterio de gesti\u00f3n de poda en Coronel Su\u00e1rez\"}]},{\"@type\":\"WebSite\",\"@id\":\"https:\/\/www.noticiasradioreflejos.com.ar\/2021\/#website\",\"url\":\"https:\/\/www.noticiasradioreflejos.com.ar\/2021\/\",\"name\":\"Noticias Radio Reflejos\",\"description\":\"Las noticias de mi comarca\",\"potentialAction\":[{\"@type\":\"SearchAction\",\"target\":{\"@type\":\"EntryPoint\",\"urlTemplate\":\"https:\/\/www.noticiasradioreflejos.com.ar\/2021\/?s={search_term_string}\"},\"query-input\":{\"@type\":\"PropertyValueSpecification\",\"valueRequired\":true,\"valueName\":\"search_term_string\"}}],\"inLanguage\":\"es\"},{\"@type\":\"Person\",\"@id\":\"https:\/\/www.noticiasradioreflejos.com.ar\/2021\/#\/schema\/person\/ad82545263dcc5ec0996818884fd5fb1\",\"name\":\"Arnaldo Botto\",\"image\":{\"@type\":\"ImageObject\",\"inLanguage\":\"es\",\"@id\":\"https:\/\/www.noticiasradioreflejos.com.ar\/2021\/#\/schema\/person\/image\/\",\"url\":\"https:\/\/secure.gravatar.com\/avatar\/55cb5e37c1efa326397366e6974cb338056df65cb50e7d64d1cf314e87504837?s=96&d=mm&r=g\",\"contentUrl\":\"https:\/\/secure.gravatar.com\/avatar\/55cb5e37c1efa326397366e6974cb338056df65cb50e7d64d1cf314e87504837?s=96&d=mm&r=g\",\"caption\":\"Arnaldo Botto\"},\"url\":\"https:\/\/www.noticiasradioreflejos.com.ar\/2021\/author\/arnaldo\/\"}]}<\/script>\n<!-- \/ Yoast SEO plugin. -->","yoast_head_json":{"title":"\u201cLa responsabilidad de mantener el \u00e1rbol es del vecino\u201d: el pol\u00e9mico criterio de gesti\u00f3n de poda en Coronel Su\u00e1rez - Noticias Radio Reflejos","robots":{"index":"index","follow":"follow","max-snippet":"max-snippet:-1","max-image-preview":"max-image-preview:large","max-video-preview":"max-video-preview:-1"},"canonical":"https:\/\/www.noticiasradioreflejos.com.ar\/2021\/la-responsabilidad-de-mantener-el-arbol-es-del-vecino-el-polemico-criterio-de-gestion-de-poda-en-coronel-suarez\/","og_locale":"es_ES","og_type":"article","og_title":"\u201cLa responsabilidad de mantener el \u00e1rbol es del vecino\u201d: el pol\u00e9mico criterio de gesti\u00f3n de poda en Coronel Su\u00e1rez - Noticias Radio Reflejos","og_description":"Ante la creciente preocupaci\u00f3n por el peligro que representan ejemplares de gran porte para la integridad f\u00edsica y los bienes, la postura municipal choca con el marco legal superior. Si bien el Secretario de Ambiente apel\u00f3 a la responsabilidad del frentista, tanto la Ley Provincial 12.276 como la Constituci\u00f3n de la Provincia ratifican que la [&hellip;]","og_url":"https:\/\/www.noticiasradioreflejos.com.ar\/2021\/la-responsabilidad-de-mantener-el-arbol-es-del-vecino-el-polemico-criterio-de-gestion-de-poda-en-coronel-suarez\/","og_site_name":"Noticias Radio Reflejos","article_published_time":"2026-04-27T21:19:53+00:00","article_modified_time":"2026-04-27T21:23:48+00:00","og_image":[{"width":1600,"height":1200,"url":"https:\/\/www.noticiasradioreflejos.com.ar\/2021\/wp-content\/uploads\/2026\/04\/arbolado-urbano-1.jpeg","type":"image\/jpeg"}],"author":"Arnaldo Botto","twitter_card":"summary_large_image","schema":{"@context":"https:\/\/schema.org","@graph":[{"@type":"WebPage","@id":"https:\/\/www.noticiasradioreflejos.com.ar\/2021\/la-responsabilidad-de-mantener-el-arbol-es-del-vecino-el-polemico-criterio-de-gestion-de-poda-en-coronel-suarez\/","url":"https:\/\/www.noticiasradioreflejos.com.ar\/2021\/la-responsabilidad-de-mantener-el-arbol-es-del-vecino-el-polemico-criterio-de-gestion-de-poda-en-coronel-suarez\/","name":"\u201cLa responsabilidad de mantener el \u00e1rbol es del vecino\u201d: el pol\u00e9mico criterio de gesti\u00f3n de poda en Coronel Su\u00e1rez - Noticias Radio Reflejos","isPartOf":{"@id":"https:\/\/www.noticiasradioreflejos.com.ar\/2021\/#website"},"primaryImageOfPage":{"@id":"https:\/\/www.noticiasradioreflejos.com.ar\/2021\/la-responsabilidad-de-mantener-el-arbol-es-del-vecino-el-polemico-criterio-de-gestion-de-poda-en-coronel-suarez\/#primaryimage"},"image":{"@id":"https:\/\/www.noticiasradioreflejos.com.ar\/2021\/la-responsabilidad-de-mantener-el-arbol-es-del-vecino-el-polemico-criterio-de-gestion-de-poda-en-coronel-suarez\/#primaryimage"},"thumbnailUrl":"https:\/\/www.noticiasradioreflejos.com.ar\/2021\/wp-content\/uploads\/2026\/04\/arbolado-urbano-1.jpeg","datePublished":"2026-04-27T21:19:53+00:00","dateModified":"2026-04-27T21:23:48+00:00","author":{"@id":"https:\/\/www.noticiasradioreflejos.com.ar\/2021\/#\/schema\/person\/ad82545263dcc5ec0996818884fd5fb1"},"breadcrumb":{"@id":"https:\/\/www.noticiasradioreflejos.com.ar\/2021\/la-responsabilidad-de-mantener-el-arbol-es-del-vecino-el-polemico-criterio-de-gestion-de-poda-en-coronel-suarez\/#breadcrumb"},"inLanguage":"es","potentialAction":[{"@type":"ReadAction","target":["https:\/\/www.noticiasradioreflejos.com.ar\/2021\/la-responsabilidad-de-mantener-el-arbol-es-del-vecino-el-polemico-criterio-de-gestion-de-poda-en-coronel-suarez\/"]}]},{"@type":"ImageObject","inLanguage":"es","@id":"https:\/\/www.noticiasradioreflejos.com.ar\/2021\/la-responsabilidad-de-mantener-el-arbol-es-del-vecino-el-polemico-criterio-de-gestion-de-poda-en-coronel-suarez\/#primaryimage","url":"https:\/\/www.noticiasradioreflejos.com.ar\/2021\/wp-content\/uploads\/2026\/04\/arbolado-urbano-1.jpeg","contentUrl":"https:\/\/www.noticiasradioreflejos.com.ar\/2021\/wp-content\/uploads\/2026\/04\/arbolado-urbano-1.jpeg","width":1600,"height":1200},{"@type":"BreadcrumbList","@id":"https:\/\/www.noticiasradioreflejos.com.ar\/2021\/la-responsabilidad-de-mantener-el-arbol-es-del-vecino-el-polemico-criterio-de-gestion-de-poda-en-coronel-suarez\/#breadcrumb","itemListElement":[{"@type":"ListItem","position":1,"name":"Portada","item":"https:\/\/www.noticiasradioreflejos.com.ar\/2021\/"},{"@type":"ListItem","position":2,"name":"\u201cLa responsabilidad de mantener el \u00e1rbol es del vecino\u201d: el pol\u00e9mico criterio de gesti\u00f3n de poda en Coronel Su\u00e1rez"}]},{"@type":"WebSite","@id":"https:\/\/www.noticiasradioreflejos.com.ar\/2021\/#website","url":"https:\/\/www.noticiasradioreflejos.com.ar\/2021\/","name":"Noticias Radio Reflejos","description":"Las noticias de mi comarca","potentialAction":[{"@type":"SearchAction","target":{"@type":"EntryPoint","urlTemplate":"https:\/\/www.noticiasradioreflejos.com.ar\/2021\/?s={search_term_string}"},"query-input":{"@type":"PropertyValueSpecification","valueRequired":true,"valueName":"search_term_string"}}],"inLanguage":"es"},{"@type":"Person","@id":"https:\/\/www.noticiasradioreflejos.com.ar\/2021\/#\/schema\/person\/ad82545263dcc5ec0996818884fd5fb1","name":"Arnaldo Botto","image":{"@type":"ImageObject","inLanguage":"es","@id":"https:\/\/www.noticiasradioreflejos.com.ar\/2021\/#\/schema\/person\/image\/","url":"https:\/\/secure.gravatar.com\/avatar\/55cb5e37c1efa326397366e6974cb338056df65cb50e7d64d1cf314e87504837?s=96&d=mm&r=g","contentUrl":"https:\/\/secure.gravatar.com\/avatar\/55cb5e37c1efa326397366e6974cb338056df65cb50e7d64d1cf314e87504837?s=96&d=mm&r=g","caption":"Arnaldo Botto"},"url":"https:\/\/www.noticiasradioreflejos.com.ar\/2021\/author\/arnaldo\/"}]}},"_links":{"self":[{"href":"https:\/\/www.noticiasradioreflejos.com.ar\/2021\/wp-json\/wp\/v2\/posts\/136460","targetHints":{"allow":["GET"]}}],"collection":[{"href":"https:\/\/www.noticiasradioreflejos.com.ar\/2021\/wp-json\/wp\/v2\/posts"}],"about":[{"href":"https:\/\/www.noticiasradioreflejos.com.ar\/2021\/wp-json\/wp\/v2\/types\/post"}],"author":[{"embeddable":true,"href":"https:\/\/www.noticiasradioreflejos.com.ar\/2021\/wp-json\/wp\/v2\/users\/3"}],"replies":[{"embeddable":true,"href":"https:\/\/www.noticiasradioreflejos.com.ar\/2021\/wp-json\/wp\/v2\/comments?post=136460"}],"version-history":[{"count":6,"href":"https:\/\/www.noticiasradioreflejos.com.ar\/2021\/wp-json\/wp\/v2\/posts\/136460\/revisions"}],"predecessor-version":[{"id":136514,"href":"https:\/\/www.noticiasradioreflejos.com.ar\/2021\/wp-json\/wp\/v2\/posts\/136460\/revisions\/136514"}],"wp:featuredmedia":[{"embeddable":true,"href":"https:\/\/www.noticiasradioreflejos.com.ar\/2021\/wp-json\/wp\/v2\/media\/136510"}],"wp:attachment":[{"href":"https:\/\/www.noticiasradioreflejos.com.ar\/2021\/wp-json\/wp\/v2\/media?parent=136460"}],"wp:term":[{"taxonomy":"category","embeddable":true,"href":"https:\/\/www.noticiasradioreflejos.com.ar\/2021\/wp-json\/wp\/v2\/categories?post=136460"},{"taxonomy":"post_tag","embeddable":true,"href":"https:\/\/www.noticiasradioreflejos.com.ar\/2021\/wp-json\/wp\/v2\/tags?post=136460"}],"curies":[{"name":"wp","href":"https:\/\/api.w.org\/{rel}","templated":true}]}}