{"id":136457,"date":"2026-04-27T11:30:18","date_gmt":"2026-04-27T14:30:18","guid":{"rendered":"https:\/\/www.noticiasradioreflejos.com.ar\/2021\/?p=136457"},"modified":"2026-04-27T14:38:23","modified_gmt":"2026-04-27T17:38:23","slug":"bienestar-animal-los-cuidados-clave-para-perros-y-gatos-ante-la-llegada-del-frio","status":"publish","type":"post","link":"https:\/\/www.noticiasradioreflejos.com.ar\/2021\/bienestar-animal-los-cuidados-clave-para-perros-y-gatos-ante-la-llegada-del-frio\/","title":{"rendered":"Bienestar animal: los cuidados clave para perros y gatos ante la llegada del fr\u00edo"},"content":{"rendered":"<p style=\"font-weight: 400;\">En el marco del\u00a0<strong>D\u00eda del Animal, celebrado en Argentina cada 29 de abril,<\/strong>\u00a0especialistas en salud veterinaria brindan consejos para evitar que los animales dom\u00e9sticos sufran cuando el clima se torna fr\u00edo, y ponen el foco en la importancia de la medicina preventiva como estrategia clave para detectar posibles malestares y\/o enfermedades.<!--more--><\/p>\n<p>La responsabilidad del bienestar animal es integral y supone una vigilancia constante, adapt\u00e1ndose a los cambios estacionales. Entender c\u00f3mo los perros y gatos enfrentan las bajas temperaturas que llegan con el oto\u00f1o e invierno, es un componente crucial de la responsabilidad del tutor.<\/p>\n<p style=\"font-weight: 400;\">La m\u00e9dica veterinaria Silvina Mu\u00f1iz, presidenta de la Asociaci\u00f3n de Veterinarios Especializados, consultora de Vetify, y representante argentina en la Federaci\u00f3n Iberoamericana de Asociaciones Veterinarias de Animales de Compa\u00f1\u00eda (FIAVAC), ofrece una serie de consejos que sirven para brindar una vida m\u00e1s saludable a las mascotas, y evitar problemas de salud.<\/p>\n<ul>\n<li style=\"font-weight: 400;\"><strong>Abrigarse y acondicionar el entorno:<\/strong>\u00a0si bien el pelo les protege del fr\u00edo, hay razas de pelo corto que son muy friolentas. Aunque la ropa no es estrictamente necesaria, si se utiliza, debe ser de un g\u00e9nero suave, suelto y c\u00f3modo. Es fundamental ofrecer un entorno c\u00e1lido, con un colch\u00f3n mullido para descansar, permitirles acurrucarse junto a otros animales o cerca de una fuente de calor (como una estufa), algo que muchos disfrutan enormemente. Aunque es importante que los tutores verifiquen la distancia del animal con el artefacto, para evitar accidentes dom\u00e9sticos. Los perros peque\u00f1os, en particular, disfrutan de ser tapados y arropados, ya que les brinda calor y protecci\u00f3n, mientras que los gatos no necesitan estar vestidos y abrigados, aunque s\u00ed un ambiente c\u00e1lido.<\/li>\n<\/ul>\n<ul>\n<li style=\"font-weight: 400;\"><strong>Mantener la actividad f\u00edsica:<\/strong>\u00a0los perros dom\u00e9sticos son actualmente menos activos que antes, lo que lleva a un aumento en su sensaci\u00f3n de fr\u00edo. Si no se promueve el ejercicio, esto puede llevar a generar sobrepeso durante los climas fr\u00edos. Por lo tanto, esta \u00e9poca es buena para fomentar la actividad: una caminata matutina, por ejemplo, ayuda a generar el calor corporal necesario para sentirse bien durante todo el d\u00eda, y es clave para mantener los h\u00e1bitos saludables.<\/li>\n<\/ul>\n<p style=\"font-weight: 400;\">Hoy, el concepto de bienestar animal, entendido como el estado en el que el animal se encuentra c\u00f3modo, sin dolor y emocionalmente equilibrado, se vuelve central. Los animales son seres sensibles, y su cuidado requiere comprender no solo sus necesidades m\u00e9dicas, sino tambi\u00e9n su entorno, comportamiento y forma de vincularse. Este compromiso se ha vuelto central en Argentina, donde los n\u00fameros hablan por s\u00ed solos: 8 de cada 10 hogares comparten su vida con un perro o un gato.<\/p>\n<p style=\"font-weight: 400;\">\u201cLos cambios de clima son un factor de riesgo que a menudo se subestima. La llegada del invierno exige que seamos proactivos con el bienestar de nuestras mascotas, asegurando que su entorno, nutrici\u00f3n y actividad f\u00edsica se adapten para prevenir resfr\u00edos o problemas articulares que se agudizan con el fr\u00edo. La prevenci\u00f3n es la mejor herramienta contra los efectos del clima. Adem\u00e1s, hoy vemos que los tutores buscan cada vez m\u00e1s previsibilidad y acompa\u00f1amiento en el cuidado de sus mascotas. Desde nuestro lugar, trabajamos en concientizar sobre la prevenci\u00f3n, facilitando el acceso a controles regulares, que son clave para una vida m\u00e1s larga y saludable\u201d, se\u00f1ala Sabrina Pfeifer, directora de Vetify. Se trata de una propuesta con distintos planes de salud, que incluye acceso a consultas veterinarias ilimitadas dentro de la red de m\u00e9dicos veterinarios, cobertura total de vacunas y desparasitaciones de calendario, y acceso a pr\u00e1cticas de mayor complejidad, que se extiende en todo el pa\u00eds.<\/p>\n<p style=\"font-weight: 400;\">En definitiva, existe un cambio de paradigma en el cuidado animal que se enfoca en el bienestar integral de perros y gatos, e implica un compromiso que va m\u00e1s all\u00e1 de la atenci\u00f3n ante una enfermedad. Se trata de tener proactividad, asegurando cuidados esenciales como la prevenci\u00f3n veterinaria y la adaptaci\u00f3n a desaf\u00edos estacionales como el fr\u00edo. Al invertir en planes de salud, los tutores no s\u00f3lo garantizan el acceso a chequeos, vacunas y tratamientos clave, sino que consolidan un modelo de cuidado continuo y previsible. Este enfoque \u2014que combina prevenci\u00f3n m\u00e9dica, atenci\u00f3n a la temperatura y actividad f\u00edsica\u2014 se traduce en una vida m\u00e1s larga, plena y feliz para nuestros compa\u00f1eros animales.<\/p>\n","protected":false},"excerpt":{"rendered":"<p>En el marco del\u00a0D\u00eda del Animal, celebrado en Argentina cada 29 de abril,\u00a0especialistas en salud veterinaria brindan consejos para evitar que los animales dom\u00e9sticos sufran cuando el clima se torna fr\u00edo, y ponen el foco en la importancia de la medicina preventiva como estrategia clave para detectar posibles malestares y\/o enfermedades.<\/p>\n","protected":false},"author":3,"featured_media":135305,"comment_status":"closed","ping_status":"closed","sticky":false,"template":"","format":"standard","meta":{"footnotes":""},"categories":[26],"tags":[],"class_list":["post-136457","post","type-post","status-publish","format-standard","has-post-thumbnail","hentry","category-sociedad"],"yoast_head":"<!-- This site is optimized with the Yoast SEO plugin v25.9 - https:\/\/yoast.com\/wordpress\/plugins\/seo\/ -->\n<title>Bienestar animal: los cuidados clave para perros y gatos ante la llegada del fr\u00edo - Noticias Radio Reflejos<\/title>\n<meta name=\"robots\" content=\"index, follow, max-snippet:-1, max-image-preview:large, max-video-preview:-1\" \/>\n<link rel=\"canonical\" href=\"https:\/\/www.noticiasradioreflejos.com.ar\/2021\/bienestar-animal-los-cuidados-clave-para-perros-y-gatos-ante-la-llegada-del-frio\/\" \/>\n<meta property=\"og:locale\" content=\"es_ES\" \/>\n<meta property=\"og:type\" content=\"article\" \/>\n<meta property=\"og:title\" content=\"Bienestar animal: los cuidados clave para perros y gatos ante la llegada del fr\u00edo - Noticias Radio Reflejos\" \/>\n<meta property=\"og:description\" content=\"En el marco del\u00a0D\u00eda del Animal, celebrado en Argentina cada 29 de abril,\u00a0especialistas en salud veterinaria brindan consejos para evitar que los animales dom\u00e9sticos sufran cuando el clima se torna fr\u00edo, y ponen el foco en la importancia de la medicina preventiva como estrategia clave para detectar posibles malestares y\/o enfermedades.\" \/>\n<meta property=\"og:url\" content=\"https:\/\/www.noticiasradioreflejos.com.ar\/2021\/bienestar-animal-los-cuidados-clave-para-perros-y-gatos-ante-la-llegada-del-frio\/\" \/>\n<meta property=\"og:site_name\" content=\"Noticias Radio Reflejos\" \/>\n<meta property=\"article:published_time\" content=\"2026-04-27T14:30:18+00:00\" \/>\n<meta property=\"article:modified_time\" content=\"2026-04-27T17:38:23+00:00\" \/>\n<meta property=\"og:image\" content=\"https:\/\/www.noticiasradioreflejos.com.ar\/2021\/wp-content\/uploads\/2026\/04\/mascotas.jpeg\" \/>\n\t<meta property=\"og:image:width\" content=\"990\" \/>\n\t<meta property=\"og:image:height\" content=\"484\" \/>\n\t<meta property=\"og:image:type\" content=\"image\/jpeg\" \/>\n<meta name=\"author\" content=\"Arnaldo Botto\" \/>\n<meta name=\"twitter:card\" content=\"summary_large_image\" \/>\n<script type=\"application\/ld+json\" class=\"yoast-schema-graph\">{\"@context\":\"https:\/\/schema.org\",\"@graph\":[{\"@type\":\"WebPage\",\"@id\":\"https:\/\/www.noticiasradioreflejos.com.ar\/2021\/bienestar-animal-los-cuidados-clave-para-perros-y-gatos-ante-la-llegada-del-frio\/\",\"url\":\"https:\/\/www.noticiasradioreflejos.com.ar\/2021\/bienestar-animal-los-cuidados-clave-para-perros-y-gatos-ante-la-llegada-del-frio\/\",\"name\":\"Bienestar animal: los cuidados clave para perros y gatos ante la llegada del fr\u00edo - Noticias Radio Reflejos\",\"isPartOf\":{\"@id\":\"https:\/\/www.noticiasradioreflejos.com.ar\/2021\/#website\"},\"primaryImageOfPage\":{\"@id\":\"https:\/\/www.noticiasradioreflejos.com.ar\/2021\/bienestar-animal-los-cuidados-clave-para-perros-y-gatos-ante-la-llegada-del-frio\/#primaryimage\"},\"image\":{\"@id\":\"https:\/\/www.noticiasradioreflejos.com.ar\/2021\/bienestar-animal-los-cuidados-clave-para-perros-y-gatos-ante-la-llegada-del-frio\/#primaryimage\"},\"thumbnailUrl\":\"https:\/\/www.noticiasradioreflejos.com.ar\/2021\/wp-content\/uploads\/2026\/04\/mascotas.jpeg\",\"datePublished\":\"2026-04-27T14:30:18+00:00\",\"dateModified\":\"2026-04-27T17:38:23+00:00\",\"author\":{\"@id\":\"https:\/\/www.noticiasradioreflejos.com.ar\/2021\/#\/schema\/person\/ad82545263dcc5ec0996818884fd5fb1\"},\"breadcrumb\":{\"@id\":\"https:\/\/www.noticiasradioreflejos.com.ar\/2021\/bienestar-animal-los-cuidados-clave-para-perros-y-gatos-ante-la-llegada-del-frio\/#breadcrumb\"},\"inLanguage\":\"es\",\"potentialAction\":[{\"@type\":\"ReadAction\",\"target\":[\"https:\/\/www.noticiasradioreflejos.com.ar\/2021\/bienestar-animal-los-cuidados-clave-para-perros-y-gatos-ante-la-llegada-del-frio\/\"]}]},{\"@type\":\"ImageObject\",\"inLanguage\":\"es\",\"@id\":\"https:\/\/www.noticiasradioreflejos.com.ar\/2021\/bienestar-animal-los-cuidados-clave-para-perros-y-gatos-ante-la-llegada-del-frio\/#primaryimage\",\"url\":\"https:\/\/www.noticiasradioreflejos.com.ar\/2021\/wp-content\/uploads\/2026\/04\/mascotas.jpeg\",\"contentUrl\":\"https:\/\/www.noticiasradioreflejos.com.ar\/2021\/wp-content\/uploads\/2026\/04\/mascotas.jpeg\",\"width\":990,\"height\":484},{\"@type\":\"BreadcrumbList\",\"@id\":\"https:\/\/www.noticiasradioreflejos.com.ar\/2021\/bienestar-animal-los-cuidados-clave-para-perros-y-gatos-ante-la-llegada-del-frio\/#breadcrumb\",\"itemListElement\":[{\"@type\":\"ListItem\",\"position\":1,\"name\":\"Portada\",\"item\":\"https:\/\/www.noticiasradioreflejos.com.ar\/2021\/\"},{\"@type\":\"ListItem\",\"position\":2,\"name\":\"Bienestar animal: los cuidados clave para perros y gatos ante la llegada del fr\u00edo\"}]},{\"@type\":\"WebSite\",\"@id\":\"https:\/\/www.noticiasradioreflejos.com.ar\/2021\/#website\",\"url\":\"https:\/\/www.noticiasradioreflejos.com.ar\/2021\/\",\"name\":\"Noticias Radio Reflejos\",\"description\":\"Las noticias de mi comarca\",\"potentialAction\":[{\"@type\":\"SearchAction\",\"target\":{\"@type\":\"EntryPoint\",\"urlTemplate\":\"https:\/\/www.noticiasradioreflejos.com.ar\/2021\/?s={search_term_string}\"},\"query-input\":{\"@type\":\"PropertyValueSpecification\",\"valueRequired\":true,\"valueName\":\"search_term_string\"}}],\"inLanguage\":\"es\"},{\"@type\":\"Person\",\"@id\":\"https:\/\/www.noticiasradioreflejos.com.ar\/2021\/#\/schema\/person\/ad82545263dcc5ec0996818884fd5fb1\",\"name\":\"Arnaldo Botto\",\"image\":{\"@type\":\"ImageObject\",\"inLanguage\":\"es\",\"@id\":\"https:\/\/www.noticiasradioreflejos.com.ar\/2021\/#\/schema\/person\/image\/\",\"url\":\"https:\/\/secure.gravatar.com\/avatar\/55cb5e37c1efa326397366e6974cb338056df65cb50e7d64d1cf314e87504837?s=96&d=mm&r=g\",\"contentUrl\":\"https:\/\/secure.gravatar.com\/avatar\/55cb5e37c1efa326397366e6974cb338056df65cb50e7d64d1cf314e87504837?s=96&d=mm&r=g\",\"caption\":\"Arnaldo Botto\"},\"url\":\"https:\/\/www.noticiasradioreflejos.com.ar\/2021\/author\/arnaldo\/\"}]}<\/script>\n<!-- \/ Yoast SEO plugin. -->","yoast_head_json":{"title":"Bienestar animal: los cuidados clave para perros y gatos ante la llegada del fr\u00edo - Noticias Radio Reflejos","robots":{"index":"index","follow":"follow","max-snippet":"max-snippet:-1","max-image-preview":"max-image-preview:large","max-video-preview":"max-video-preview:-1"},"canonical":"https:\/\/www.noticiasradioreflejos.com.ar\/2021\/bienestar-animal-los-cuidados-clave-para-perros-y-gatos-ante-la-llegada-del-frio\/","og_locale":"es_ES","og_type":"article","og_title":"Bienestar animal: los cuidados clave para perros y gatos ante la llegada del fr\u00edo - Noticias Radio Reflejos","og_description":"En el marco del\u00a0D\u00eda del Animal, celebrado en Argentina cada 29 de abril,\u00a0especialistas en salud veterinaria brindan consejos para evitar que los animales dom\u00e9sticos sufran cuando el clima se torna fr\u00edo, y ponen el foco en la importancia de la medicina preventiva como estrategia clave para detectar posibles malestares y\/o enfermedades.","og_url":"https:\/\/www.noticiasradioreflejos.com.ar\/2021\/bienestar-animal-los-cuidados-clave-para-perros-y-gatos-ante-la-llegada-del-frio\/","og_site_name":"Noticias Radio Reflejos","article_published_time":"2026-04-27T14:30:18+00:00","article_modified_time":"2026-04-27T17:38:23+00:00","og_image":[{"width":990,"height":484,"url":"https:\/\/www.noticiasradioreflejos.com.ar\/2021\/wp-content\/uploads\/2026\/04\/mascotas.jpeg","type":"image\/jpeg"}],"author":"Arnaldo Botto","twitter_card":"summary_large_image","schema":{"@context":"https:\/\/schema.org","@graph":[{"@type":"WebPage","@id":"https:\/\/www.noticiasradioreflejos.com.ar\/2021\/bienestar-animal-los-cuidados-clave-para-perros-y-gatos-ante-la-llegada-del-frio\/","url":"https:\/\/www.noticiasradioreflejos.com.ar\/2021\/bienestar-animal-los-cuidados-clave-para-perros-y-gatos-ante-la-llegada-del-frio\/","name":"Bienestar animal: los cuidados clave para perros y gatos ante la llegada del fr\u00edo - Noticias Radio Reflejos","isPartOf":{"@id":"https:\/\/www.noticiasradioreflejos.com.ar\/2021\/#website"},"primaryImageOfPage":{"@id":"https:\/\/www.noticiasradioreflejos.com.ar\/2021\/bienestar-animal-los-cuidados-clave-para-perros-y-gatos-ante-la-llegada-del-frio\/#primaryimage"},"image":{"@id":"https:\/\/www.noticiasradioreflejos.com.ar\/2021\/bienestar-animal-los-cuidados-clave-para-perros-y-gatos-ante-la-llegada-del-frio\/#primaryimage"},"thumbnailUrl":"https:\/\/www.noticiasradioreflejos.com.ar\/2021\/wp-content\/uploads\/2026\/04\/mascotas.jpeg","datePublished":"2026-04-27T14:30:18+00:00","dateModified":"2026-04-27T17:38:23+00:00","author":{"@id":"https:\/\/www.noticiasradioreflejos.com.ar\/2021\/#\/schema\/person\/ad82545263dcc5ec0996818884fd5fb1"},"breadcrumb":{"@id":"https:\/\/www.noticiasradioreflejos.com.ar\/2021\/bienestar-animal-los-cuidados-clave-para-perros-y-gatos-ante-la-llegada-del-frio\/#breadcrumb"},"inLanguage":"es","potentialAction":[{"@type":"ReadAction","target":["https:\/\/www.noticiasradioreflejos.com.ar\/2021\/bienestar-animal-los-cuidados-clave-para-perros-y-gatos-ante-la-llegada-del-frio\/"]}]},{"@type":"ImageObject","inLanguage":"es","@id":"https:\/\/www.noticiasradioreflejos.com.ar\/2021\/bienestar-animal-los-cuidados-clave-para-perros-y-gatos-ante-la-llegada-del-frio\/#primaryimage","url":"https:\/\/www.noticiasradioreflejos.com.ar\/2021\/wp-content\/uploads\/2026\/04\/mascotas.jpeg","contentUrl":"https:\/\/www.noticiasradioreflejos.com.ar\/2021\/wp-content\/uploads\/2026\/04\/mascotas.jpeg","width":990,"height":484},{"@type":"BreadcrumbList","@id":"https:\/\/www.noticiasradioreflejos.com.ar\/2021\/bienestar-animal-los-cuidados-clave-para-perros-y-gatos-ante-la-llegada-del-frio\/#breadcrumb","itemListElement":[{"@type":"ListItem","position":1,"name":"Portada","item":"https:\/\/www.noticiasradioreflejos.com.ar\/2021\/"},{"@type":"ListItem","position":2,"name":"Bienestar animal: los cuidados clave para perros y gatos ante la llegada del fr\u00edo"}]},{"@type":"WebSite","@id":"https:\/\/www.noticiasradioreflejos.com.ar\/2021\/#website","url":"https:\/\/www.noticiasradioreflejos.com.ar\/2021\/","name":"Noticias Radio Reflejos","description":"Las noticias de mi comarca","potentialAction":[{"@type":"SearchAction","target":{"@type":"EntryPoint","urlTemplate":"https:\/\/www.noticiasradioreflejos.com.ar\/2021\/?s={search_term_string}"},"query-input":{"@type":"PropertyValueSpecification","valueRequired":true,"valueName":"search_term_string"}}],"inLanguage":"es"},{"@type":"Person","@id":"https:\/\/www.noticiasradioreflejos.com.ar\/2021\/#\/schema\/person\/ad82545263dcc5ec0996818884fd5fb1","name":"Arnaldo Botto","image":{"@type":"ImageObject","inLanguage":"es","@id":"https:\/\/www.noticiasradioreflejos.com.ar\/2021\/#\/schema\/person\/image\/","url":"https:\/\/secure.gravatar.com\/avatar\/55cb5e37c1efa326397366e6974cb338056df65cb50e7d64d1cf314e87504837?s=96&d=mm&r=g","contentUrl":"https:\/\/secure.gravatar.com\/avatar\/55cb5e37c1efa326397366e6974cb338056df65cb50e7d64d1cf314e87504837?s=96&d=mm&r=g","caption":"Arnaldo Botto"},"url":"https:\/\/www.noticiasradioreflejos.com.ar\/2021\/author\/arnaldo\/"}]}},"_links":{"self":[{"href":"https:\/\/www.noticiasradioreflejos.com.ar\/2021\/wp-json\/wp\/v2\/posts\/136457","targetHints":{"allow":["GET"]}}],"collection":[{"href":"https:\/\/www.noticiasradioreflejos.com.ar\/2021\/wp-json\/wp\/v2\/posts"}],"about":[{"href":"https:\/\/www.noticiasradioreflejos.com.ar\/2021\/wp-json\/wp\/v2\/types\/post"}],"author":[{"embeddable":true,"href":"https:\/\/www.noticiasradioreflejos.com.ar\/2021\/wp-json\/wp\/v2\/users\/3"}],"replies":[{"embeddable":true,"href":"https:\/\/www.noticiasradioreflejos.com.ar\/2021\/wp-json\/wp\/v2\/comments?post=136457"}],"version-history":[{"count":1,"href":"https:\/\/www.noticiasradioreflejos.com.ar\/2021\/wp-json\/wp\/v2\/posts\/136457\/revisions"}],"predecessor-version":[{"id":136464,"href":"https:\/\/www.noticiasradioreflejos.com.ar\/2021\/wp-json\/wp\/v2\/posts\/136457\/revisions\/136464"}],"wp:featuredmedia":[{"embeddable":true,"href":"https:\/\/www.noticiasradioreflejos.com.ar\/2021\/wp-json\/wp\/v2\/media\/135305"}],"wp:attachment":[{"href":"https:\/\/www.noticiasradioreflejos.com.ar\/2021\/wp-json\/wp\/v2\/media?parent=136457"}],"wp:term":[{"taxonomy":"category","embeddable":true,"href":"https:\/\/www.noticiasradioreflejos.com.ar\/2021\/wp-json\/wp\/v2\/categories?post=136457"},{"taxonomy":"post_tag","embeddable":true,"href":"https:\/\/www.noticiasradioreflejos.com.ar\/2021\/wp-json\/wp\/v2\/tags?post=136457"}],"curies":[{"name":"wp","href":"https:\/\/api.w.org\/{rel}","templated":true}]}}