{"id":136450,"date":"2026-04-27T09:18:33","date_gmt":"2026-04-27T12:18:33","guid":{"rendered":"https:\/\/www.noticiasradioreflejos.com.ar\/2021\/?p=136450"},"modified":"2026-04-27T09:18:33","modified_gmt":"2026-04-27T12:18:33","slug":"dia-mundial-del-diseno-grafico-por-que-se-celebra-el-27-de-abril","status":"publish","type":"post","link":"https:\/\/www.noticiasradioreflejos.com.ar\/2021\/dia-mundial-del-diseno-grafico-por-que-se-celebra-el-27-de-abril\/","title":{"rendered":"D\u00eda Mundial del Dise\u00f1o Gr\u00e1fico: \u00bfPor qu\u00e9 se celebra el 27 de abril?"},"content":{"rendered":"<p>Cada 27 de abril se conmemora esta fecha impulsada por el Consejo Internacional de Asociaciones de Dise\u00f1o Gr\u00e1fico para visibilizar el rol del dise\u00f1o en la vida cotidiana y su impacto en m\u00faltiples sectores.<!--more--><br \/>\nEl D\u00eda Mundial del Dise\u00f1o Gr\u00e1fico se celebra cada 27 de abril desde 1995, en conmemoraci\u00f3n de la fundaci\u00f3n del Consejo Internacional de Asociaciones de Dise\u00f1o Gr\u00e1fico (Icograda, hoy conocido como International Council of Design), creado en 1963 en Londres. La iniciativa busca destacar la relevancia del dise\u00f1o como herramienta de comunicaci\u00f3n y como motor de desarrollo cultural, social y econ\u00f3mico.<\/p>\n<div class=\"partner-wrapper article-page__body-row\">\n<div class=\"second-col\">\n<p class=\"article-text\">A lo largo de las \u00faltimas d\u00e9cadas, el dise\u00f1o gr\u00e1fico ampli\u00f3 su campo de acci\u00f3n m\u00e1s all\u00e1 de lo estrictamente visual: hoy interviene en la construcci\u00f3n de identidades, en la experiencia de usuarios, en campa\u00f1as p\u00fablicas y en entornos digitales cada vez m\u00e1s complejos.<\/p>\n<h2 class=\"article-text\">Entre la comunicaci\u00f3n y la vida cotidiana<\/h2>\n<p class=\"article-text\">Desde la se\u00f1al\u00e9tica urbana hasta las interfaces de aplicaciones, el dise\u00f1o gr\u00e1fico forma parte de la vida diaria. Su funci\u00f3n principal \u2014organizar y transmitir informaci\u00f3n de manera clara y efectiva\u2014 se volvi\u00f3 central en un contexto atravesado por la sobreabundancia de contenidos.<\/p>\n<p class=\"article-text\">En ese sentido, especialistas del sector coinciden en que el dise\u00f1o no solo aporta valor est\u00e9tico, sino tambi\u00e9n estrat\u00e9gico: define c\u00f3mo circula la informaci\u00f3n, qu\u00e9 mensajes se priorizan y de qu\u00e9 manera se interpretan.<\/p>\n<h2 class=\"article-text\">Impacto econ\u00f3mico y profesionalizaci\u00f3n<\/h2>\n<p class=\"article-text\">El dise\u00f1o gr\u00e1fico tambi\u00e9n se consolid\u00f3 como un sector econ\u00f3mico en expansi\u00f3n. En industrias como la publicidad, la tecnolog\u00eda, la edici\u00f3n y el comercio electr\u00f3nico, su rol es cada vez m\u00e1s demandado.<\/p>\n<p class=\"article-text\">La profesionalizaci\u00f3n del \u00e1rea avanz\u00f3 en paralelo con la incorporaci\u00f3n de nuevas herramientas digitales y con la especializaci\u00f3n en campos como el dise\u00f1o UX\/UI, el branding y la animaci\u00f3n. En Am\u00e9rica Latina, adem\u00e1s, el crecimiento de econom\u00edas creativas posicion\u00f3 al dise\u00f1o como un actor relevante en la generaci\u00f3n de empleo.<\/p>\n<h2 class=\"article-text\">Desaf\u00edos actuales: tecnolog\u00eda, \u00e9tica y acceso<\/h2>\n<p class=\"article-text\">Entre los principales desaf\u00edos que enfrenta la disciplina se encuentran la adaptaci\u00f3n a tecnolog\u00edas emergentes \u2014como la inteligencia artificial\u2014, la discusi\u00f3n sobre derechos de autor y la necesidad de promover pr\u00e1cticas inclusivas y accesibles.<\/p>\n<div id=\"container-after-news-outlook\"><\/div>\n<p class=\"article-text\">Organizaciones internacionales como el International Council of Design impulsan cada a\u00f1o consignas que invitan a reflexionar sobre estos temas y a pensar el dise\u00f1o como una herramienta para mejorar la calidad de vida.<\/p>\n<h2 class=\"article-text\">Una pr\u00e1ctica en constante transformaci\u00f3n<\/h2>\n<p class=\"article-text\">Lejos de ser una actividad est\u00e1tica, el dise\u00f1o gr\u00e1fico evoluciona al ritmo de los cambios tecnol\u00f3gicos y culturales. La conmemoraci\u00f3n del 27 de abril funciona, en ese marco, como una instancia para poner en agenda su importancia y para repensar su rol en sociedades cada vez m\u00e1s mediadas por lo visual.<\/p>\n<\/div>\n<\/div>\n","protected":false},"excerpt":{"rendered":"<p>Cada 27 de abril se conmemora esta fecha impulsada por el Consejo Internacional de Asociaciones de Dise\u00f1o Gr\u00e1fico para visibilizar el rol del dise\u00f1o en la vida cotidiana y su impacto en m\u00faltiples sectores.<\/p>\n","protected":false},"author":3,"featured_media":136452,"comment_status":"closed","ping_status":"closed","sticky":false,"template":"","format":"standard","meta":{"footnotes":""},"categories":[35,26],"tags":[],"class_list":["post-136450","post","type-post","status-publish","format-standard","has-post-thumbnail","hentry","category-cultura","category-sociedad"],"yoast_head":"<!-- This site is optimized with the Yoast SEO plugin v25.9 - https:\/\/yoast.com\/wordpress\/plugins\/seo\/ -->\n<title>D\u00eda Mundial del Dise\u00f1o Gr\u00e1fico: \u00bfPor qu\u00e9 se celebra el 27 de abril? - Noticias Radio Reflejos<\/title>\n<meta name=\"robots\" content=\"index, follow, max-snippet:-1, max-image-preview:large, max-video-preview:-1\" \/>\n<link rel=\"canonical\" href=\"https:\/\/www.noticiasradioreflejos.com.ar\/2021\/dia-mundial-del-diseno-grafico-por-que-se-celebra-el-27-de-abril\/\" \/>\n<meta property=\"og:locale\" content=\"es_ES\" \/>\n<meta property=\"og:type\" content=\"article\" \/>\n<meta property=\"og:title\" content=\"D\u00eda Mundial del Dise\u00f1o Gr\u00e1fico: \u00bfPor qu\u00e9 se celebra el 27 de abril? - Noticias Radio Reflejos\" \/>\n<meta property=\"og:description\" content=\"Cada 27 de abril se conmemora esta fecha impulsada por el Consejo Internacional de Asociaciones de Dise\u00f1o Gr\u00e1fico para visibilizar el rol del dise\u00f1o en la vida cotidiana y su impacto en m\u00faltiples sectores.\" \/>\n<meta property=\"og:url\" content=\"https:\/\/www.noticiasradioreflejos.com.ar\/2021\/dia-mundial-del-diseno-grafico-por-que-se-celebra-el-27-de-abril\/\" \/>\n<meta property=\"og:site_name\" content=\"Noticias Radio Reflejos\" \/>\n<meta property=\"article:published_time\" content=\"2026-04-27T12:18:33+00:00\" \/>\n<meta property=\"og:image\" content=\"https:\/\/www.noticiasradioreflejos.com.ar\/2021\/wp-content\/uploads\/2026\/04\/diseno-grafico.webp\" \/>\n\t<meta property=\"og:image:width\" content=\"1200\" \/>\n\t<meta property=\"og:image:height\" content=\"675\" \/>\n\t<meta property=\"og:image:type\" content=\"image\/webp\" \/>\n<meta name=\"author\" content=\"Arnaldo Botto\" \/>\n<meta name=\"twitter:card\" content=\"summary_large_image\" \/>\n<script type=\"application\/ld+json\" class=\"yoast-schema-graph\">{\"@context\":\"https:\/\/schema.org\",\"@graph\":[{\"@type\":\"WebPage\",\"@id\":\"https:\/\/www.noticiasradioreflejos.com.ar\/2021\/dia-mundial-del-diseno-grafico-por-que-se-celebra-el-27-de-abril\/\",\"url\":\"https:\/\/www.noticiasradioreflejos.com.ar\/2021\/dia-mundial-del-diseno-grafico-por-que-se-celebra-el-27-de-abril\/\",\"name\":\"D\u00eda Mundial del Dise\u00f1o Gr\u00e1fico: \u00bfPor qu\u00e9 se celebra el 27 de abril? - Noticias Radio Reflejos\",\"isPartOf\":{\"@id\":\"https:\/\/www.noticiasradioreflejos.com.ar\/2021\/#website\"},\"primaryImageOfPage\":{\"@id\":\"https:\/\/www.noticiasradioreflejos.com.ar\/2021\/dia-mundial-del-diseno-grafico-por-que-se-celebra-el-27-de-abril\/#primaryimage\"},\"image\":{\"@id\":\"https:\/\/www.noticiasradioreflejos.com.ar\/2021\/dia-mundial-del-diseno-grafico-por-que-se-celebra-el-27-de-abril\/#primaryimage\"},\"thumbnailUrl\":\"https:\/\/www.noticiasradioreflejos.com.ar\/2021\/wp-content\/uploads\/2026\/04\/diseno-grafico.webp\",\"datePublished\":\"2026-04-27T12:18:33+00:00\",\"author\":{\"@id\":\"https:\/\/www.noticiasradioreflejos.com.ar\/2021\/#\/schema\/person\/ad82545263dcc5ec0996818884fd5fb1\"},\"breadcrumb\":{\"@id\":\"https:\/\/www.noticiasradioreflejos.com.ar\/2021\/dia-mundial-del-diseno-grafico-por-que-se-celebra-el-27-de-abril\/#breadcrumb\"},\"inLanguage\":\"es\",\"potentialAction\":[{\"@type\":\"ReadAction\",\"target\":[\"https:\/\/www.noticiasradioreflejos.com.ar\/2021\/dia-mundial-del-diseno-grafico-por-que-se-celebra-el-27-de-abril\/\"]}]},{\"@type\":\"ImageObject\",\"inLanguage\":\"es\",\"@id\":\"https:\/\/www.noticiasradioreflejos.com.ar\/2021\/dia-mundial-del-diseno-grafico-por-que-se-celebra-el-27-de-abril\/#primaryimage\",\"url\":\"https:\/\/www.noticiasradioreflejos.com.ar\/2021\/wp-content\/uploads\/2026\/04\/diseno-grafico.webp\",\"contentUrl\":\"https:\/\/www.noticiasradioreflejos.com.ar\/2021\/wp-content\/uploads\/2026\/04\/diseno-grafico.webp\",\"width\":1200,\"height\":675},{\"@type\":\"BreadcrumbList\",\"@id\":\"https:\/\/www.noticiasradioreflejos.com.ar\/2021\/dia-mundial-del-diseno-grafico-por-que-se-celebra-el-27-de-abril\/#breadcrumb\",\"itemListElement\":[{\"@type\":\"ListItem\",\"position\":1,\"name\":\"Portada\",\"item\":\"https:\/\/www.noticiasradioreflejos.com.ar\/2021\/\"},{\"@type\":\"ListItem\",\"position\":2,\"name\":\"D\u00eda Mundial del Dise\u00f1o Gr\u00e1fico: \u00bfPor qu\u00e9 se celebra el 27 de abril?\"}]},{\"@type\":\"WebSite\",\"@id\":\"https:\/\/www.noticiasradioreflejos.com.ar\/2021\/#website\",\"url\":\"https:\/\/www.noticiasradioreflejos.com.ar\/2021\/\",\"name\":\"Noticias Radio Reflejos\",\"description\":\"Las noticias de mi comarca\",\"potentialAction\":[{\"@type\":\"SearchAction\",\"target\":{\"@type\":\"EntryPoint\",\"urlTemplate\":\"https:\/\/www.noticiasradioreflejos.com.ar\/2021\/?s={search_term_string}\"},\"query-input\":{\"@type\":\"PropertyValueSpecification\",\"valueRequired\":true,\"valueName\":\"search_term_string\"}}],\"inLanguage\":\"es\"},{\"@type\":\"Person\",\"@id\":\"https:\/\/www.noticiasradioreflejos.com.ar\/2021\/#\/schema\/person\/ad82545263dcc5ec0996818884fd5fb1\",\"name\":\"Arnaldo Botto\",\"image\":{\"@type\":\"ImageObject\",\"inLanguage\":\"es\",\"@id\":\"https:\/\/www.noticiasradioreflejos.com.ar\/2021\/#\/schema\/person\/image\/\",\"url\":\"https:\/\/secure.gravatar.com\/avatar\/55cb5e37c1efa326397366e6974cb338056df65cb50e7d64d1cf314e87504837?s=96&d=mm&r=g\",\"contentUrl\":\"https:\/\/secure.gravatar.com\/avatar\/55cb5e37c1efa326397366e6974cb338056df65cb50e7d64d1cf314e87504837?s=96&d=mm&r=g\",\"caption\":\"Arnaldo Botto\"},\"url\":\"https:\/\/www.noticiasradioreflejos.com.ar\/2021\/author\/arnaldo\/\"}]}<\/script>\n<!-- \/ Yoast SEO plugin. -->","yoast_head_json":{"title":"D\u00eda Mundial del Dise\u00f1o Gr\u00e1fico: \u00bfPor qu\u00e9 se celebra el 27 de abril? - Noticias Radio Reflejos","robots":{"index":"index","follow":"follow","max-snippet":"max-snippet:-1","max-image-preview":"max-image-preview:large","max-video-preview":"max-video-preview:-1"},"canonical":"https:\/\/www.noticiasradioreflejos.com.ar\/2021\/dia-mundial-del-diseno-grafico-por-que-se-celebra-el-27-de-abril\/","og_locale":"es_ES","og_type":"article","og_title":"D\u00eda Mundial del Dise\u00f1o Gr\u00e1fico: \u00bfPor qu\u00e9 se celebra el 27 de abril? - Noticias Radio Reflejos","og_description":"Cada 27 de abril se conmemora esta fecha impulsada por el Consejo Internacional de Asociaciones de Dise\u00f1o Gr\u00e1fico para visibilizar el rol del dise\u00f1o en la vida cotidiana y su impacto en m\u00faltiples sectores.","og_url":"https:\/\/www.noticiasradioreflejos.com.ar\/2021\/dia-mundial-del-diseno-grafico-por-que-se-celebra-el-27-de-abril\/","og_site_name":"Noticias Radio Reflejos","article_published_time":"2026-04-27T12:18:33+00:00","og_image":[{"width":1200,"height":675,"url":"https:\/\/www.noticiasradioreflejos.com.ar\/2021\/wp-content\/uploads\/2026\/04\/diseno-grafico.webp","type":"image\/webp"}],"author":"Arnaldo Botto","twitter_card":"summary_large_image","schema":{"@context":"https:\/\/schema.org","@graph":[{"@type":"WebPage","@id":"https:\/\/www.noticiasradioreflejos.com.ar\/2021\/dia-mundial-del-diseno-grafico-por-que-se-celebra-el-27-de-abril\/","url":"https:\/\/www.noticiasradioreflejos.com.ar\/2021\/dia-mundial-del-diseno-grafico-por-que-se-celebra-el-27-de-abril\/","name":"D\u00eda Mundial del Dise\u00f1o Gr\u00e1fico: \u00bfPor qu\u00e9 se celebra el 27 de abril? - Noticias Radio Reflejos","isPartOf":{"@id":"https:\/\/www.noticiasradioreflejos.com.ar\/2021\/#website"},"primaryImageOfPage":{"@id":"https:\/\/www.noticiasradioreflejos.com.ar\/2021\/dia-mundial-del-diseno-grafico-por-que-se-celebra-el-27-de-abril\/#primaryimage"},"image":{"@id":"https:\/\/www.noticiasradioreflejos.com.ar\/2021\/dia-mundial-del-diseno-grafico-por-que-se-celebra-el-27-de-abril\/#primaryimage"},"thumbnailUrl":"https:\/\/www.noticiasradioreflejos.com.ar\/2021\/wp-content\/uploads\/2026\/04\/diseno-grafico.webp","datePublished":"2026-04-27T12:18:33+00:00","author":{"@id":"https:\/\/www.noticiasradioreflejos.com.ar\/2021\/#\/schema\/person\/ad82545263dcc5ec0996818884fd5fb1"},"breadcrumb":{"@id":"https:\/\/www.noticiasradioreflejos.com.ar\/2021\/dia-mundial-del-diseno-grafico-por-que-se-celebra-el-27-de-abril\/#breadcrumb"},"inLanguage":"es","potentialAction":[{"@type":"ReadAction","target":["https:\/\/www.noticiasradioreflejos.com.ar\/2021\/dia-mundial-del-diseno-grafico-por-que-se-celebra-el-27-de-abril\/"]}]},{"@type":"ImageObject","inLanguage":"es","@id":"https:\/\/www.noticiasradioreflejos.com.ar\/2021\/dia-mundial-del-diseno-grafico-por-que-se-celebra-el-27-de-abril\/#primaryimage","url":"https:\/\/www.noticiasradioreflejos.com.ar\/2021\/wp-content\/uploads\/2026\/04\/diseno-grafico.webp","contentUrl":"https:\/\/www.noticiasradioreflejos.com.ar\/2021\/wp-content\/uploads\/2026\/04\/diseno-grafico.webp","width":1200,"height":675},{"@type":"BreadcrumbList","@id":"https:\/\/www.noticiasradioreflejos.com.ar\/2021\/dia-mundial-del-diseno-grafico-por-que-se-celebra-el-27-de-abril\/#breadcrumb","itemListElement":[{"@type":"ListItem","position":1,"name":"Portada","item":"https:\/\/www.noticiasradioreflejos.com.ar\/2021\/"},{"@type":"ListItem","position":2,"name":"D\u00eda Mundial del Dise\u00f1o Gr\u00e1fico: \u00bfPor qu\u00e9 se celebra el 27 de abril?"}]},{"@type":"WebSite","@id":"https:\/\/www.noticiasradioreflejos.com.ar\/2021\/#website","url":"https:\/\/www.noticiasradioreflejos.com.ar\/2021\/","name":"Noticias Radio Reflejos","description":"Las noticias de mi comarca","potentialAction":[{"@type":"SearchAction","target":{"@type":"EntryPoint","urlTemplate":"https:\/\/www.noticiasradioreflejos.com.ar\/2021\/?s={search_term_string}"},"query-input":{"@type":"PropertyValueSpecification","valueRequired":true,"valueName":"search_term_string"}}],"inLanguage":"es"},{"@type":"Person","@id":"https:\/\/www.noticiasradioreflejos.com.ar\/2021\/#\/schema\/person\/ad82545263dcc5ec0996818884fd5fb1","name":"Arnaldo Botto","image":{"@type":"ImageObject","inLanguage":"es","@id":"https:\/\/www.noticiasradioreflejos.com.ar\/2021\/#\/schema\/person\/image\/","url":"https:\/\/secure.gravatar.com\/avatar\/55cb5e37c1efa326397366e6974cb338056df65cb50e7d64d1cf314e87504837?s=96&d=mm&r=g","contentUrl":"https:\/\/secure.gravatar.com\/avatar\/55cb5e37c1efa326397366e6974cb338056df65cb50e7d64d1cf314e87504837?s=96&d=mm&r=g","caption":"Arnaldo Botto"},"url":"https:\/\/www.noticiasradioreflejos.com.ar\/2021\/author\/arnaldo\/"}]}},"_links":{"self":[{"href":"https:\/\/www.noticiasradioreflejos.com.ar\/2021\/wp-json\/wp\/v2\/posts\/136450","targetHints":{"allow":["GET"]}}],"collection":[{"href":"https:\/\/www.noticiasradioreflejos.com.ar\/2021\/wp-json\/wp\/v2\/posts"}],"about":[{"href":"https:\/\/www.noticiasradioreflejos.com.ar\/2021\/wp-json\/wp\/v2\/types\/post"}],"author":[{"embeddable":true,"href":"https:\/\/www.noticiasradioreflejos.com.ar\/2021\/wp-json\/wp\/v2\/users\/3"}],"replies":[{"embeddable":true,"href":"https:\/\/www.noticiasradioreflejos.com.ar\/2021\/wp-json\/wp\/v2\/comments?post=136450"}],"version-history":[{"count":1,"href":"https:\/\/www.noticiasradioreflejos.com.ar\/2021\/wp-json\/wp\/v2\/posts\/136450\/revisions"}],"predecessor-version":[{"id":136453,"href":"https:\/\/www.noticiasradioreflejos.com.ar\/2021\/wp-json\/wp\/v2\/posts\/136450\/revisions\/136453"}],"wp:featuredmedia":[{"embeddable":true,"href":"https:\/\/www.noticiasradioreflejos.com.ar\/2021\/wp-json\/wp\/v2\/media\/136452"}],"wp:attachment":[{"href":"https:\/\/www.noticiasradioreflejos.com.ar\/2021\/wp-json\/wp\/v2\/media?parent=136450"}],"wp:term":[{"taxonomy":"category","embeddable":true,"href":"https:\/\/www.noticiasradioreflejos.com.ar\/2021\/wp-json\/wp\/v2\/categories?post=136450"},{"taxonomy":"post_tag","embeddable":true,"href":"https:\/\/www.noticiasradioreflejos.com.ar\/2021\/wp-json\/wp\/v2\/tags?post=136450"}],"curies":[{"name":"wp","href":"https:\/\/api.w.org\/{rel}","templated":true}]}}