{"id":136448,"date":"2026-04-27T08:46:02","date_gmt":"2026-04-27T11:46:02","guid":{"rendered":"https:\/\/www.noticiasradioreflejos.com.ar\/2021\/?p=136448"},"modified":"2026-04-27T08:46:02","modified_gmt":"2026-04-27T11:46:02","slug":"confirman-la-fecha-de-las-vacaciones-de-invierno-cuando-seran-en-la-provincia-de-buenos-aires","status":"publish","type":"post","link":"https:\/\/www.noticiasradioreflejos.com.ar\/2021\/confirman-la-fecha-de-las-vacaciones-de-invierno-cuando-seran-en-la-provincia-de-buenos-aires\/","title":{"rendered":"Confirman la fecha de las vacaciones de invierno: cu\u00e1ndo ser\u00e1n en la provincia de Buenos Aires"},"content":{"rendered":"<header id=\"mvp-post-head\" class=\"left relative\">El Consejo Federal de Educaci\u00f3n indic\u00f3 que el receso escolar para este 2026 ser\u00e1 en julio, aunque las fechas no son iguales en el pa\u00eds<br \/>\n<!--more--><\/header>\n<div class=\"mvp-post-main-out left relative\">\n<div class=\"mvp-post-main-in\">\n<div id=\"mvp-post-content\" class=\"left relative\">\n<div id=\"mvp-post-feat-img\" class=\"left relative mvp-post-feat-img-wide2\"><\/div>\n<div id=\"mvp-content-wrap\" class=\"left relative\">\n<div class=\"mvp-post-soc-out right relative\">\n<div class=\"mvp-post-soc-in\">\n<div id=\"mvp-content-body\" class=\"left relative\">\n<div id=\"mvp-content-body-top\" class=\"left relative\">\n<div id=\"mvp-content-main\" class=\"left relative\">\n<p>Si bien resta un tiempo para que lleguen las vacaciones de invierno para los chicos, muchos padres ya miran las hojas del calendario escolar 2026 para saber cu\u00e1ndo llegar\u00e1 el descanso en cada provincia.<\/p>\n<p>Para este a\u00f1o, el receso escolar estar\u00e1 fijado en el mes de julio, pero las fechas no son iguales en todo el pa\u00eds, ya que cada regi\u00f3n tiene autonom\u00eda para establecer su propio cronograma educativo dentro de los lineamientos del Consejo Federal de Educaci\u00f3n.<\/p>\n<p>Es por eso que conviene tenerlas claras con tiempo, sobre todo, si hay un viaje o una actividad planificada en familia.<\/p>\n<h3 class=\"wp-block-heading\">Las fechas del receso, provincia por provincia<\/h3>\n<p>En tanto, las vacaciones de invierno tendr\u00e1n una duraci\u00f3n de dos semanas en todos los niveles educativos, y las fechas, seg\u00fan el calendario oficial publicado por el Ministerio de Capital Humano, son las siguientes:<\/p>\n<ul class=\"wp-block-list\">\n<li><strong>Buenos Aires y CABA:<\/strong>\u00a0del 20 al 31 de julio.<\/li>\n<li>Chaco y Santiago del Estero:\u00a0del 20 al 31 de julio.<\/li>\n<li>C\u00f3rdoba, Entre R\u00edos, Mendoza, San Juan, San Luis y Santa Fe:\u00a0del 6 al 17 de julio.<\/li>\n<li>Catamarca, Corrientes, Chubut, Formosa, Jujuy, La Pampa, La Rioja, Misiones, Neuqu\u00e9n, R\u00edo Negro, Salta, Santa Cruz, Tierra del Fuego y Tucum\u00e1n:\u00a0del 13 al 24 de julio<\/li>\n<\/ul>\n<p>Es fundamental recordar que estas fechas corresponden a d\u00edas h\u00e1biles, por lo que los fines de semana previos y posteriores prolongan la pausa.<\/p>\n<p>Esta informaci\u00f3n ayudar\u00e1 a millones de familias que planean con anticipaci\u00f3n un viaje, un descanso o alguna actividad durante el receso invernal escolar.<\/p>\n<h3 class=\"wp-block-heading\">Un dato \u00fatil para estudiantes<\/h3>\n<p>En este marco, las familias pueden gestionar la Ayuda Escolar Anual a trav\u00e9s de la plataforma Mi ANSES, un beneficio de pago \u00fanico destinado a acompa\u00f1ar los gastos educativos.<\/p>\n<p>Si bien no tiene relaci\u00f3n directa con el receso invernal, el per\u00edodo de vacaciones puede ser un buen momento para ponerse al d\u00eda con tr\u00e1mites y documentaci\u00f3n escolar antes de que arranque el segundo semestre.<\/p>\n<p><strong>Fuente:<\/strong>\u00a0LB24 \/ Cr\u00f3nica.<\/p>\n<\/div>\n<\/div>\n<\/div>\n<\/div>\n<\/div>\n<\/div>\n<\/div>\n<\/div>\n<\/div>\n","protected":false},"excerpt":{"rendered":"<p>El Consejo Federal de Educaci\u00f3n indic\u00f3 que el receso escolar para este 2026 ser\u00e1 en julio, aunque las fechas no son iguales en el pa\u00eds<\/p>\n","protected":false},"author":3,"featured_media":136449,"comment_status":"closed","ping_status":"closed","sticky":false,"template":"","format":"standard","meta":{"footnotes":""},"categories":[34],"tags":[],"class_list":["post-136448","post","type-post","status-publish","format-standard","has-post-thumbnail","hentry","category-educacion"],"yoast_head":"<!-- This site is optimized with the Yoast SEO plugin v25.9 - https:\/\/yoast.com\/wordpress\/plugins\/seo\/ -->\n<title>Confirman la fecha de las vacaciones de invierno: cu\u00e1ndo ser\u00e1n en la provincia de Buenos Aires - Noticias Radio Reflejos<\/title>\n<meta name=\"robots\" content=\"index, follow, max-snippet:-1, max-image-preview:large, max-video-preview:-1\" \/>\n<link rel=\"canonical\" href=\"https:\/\/www.noticiasradioreflejos.com.ar\/2021\/confirman-la-fecha-de-las-vacaciones-de-invierno-cuando-seran-en-la-provincia-de-buenos-aires\/\" \/>\n<meta property=\"og:locale\" content=\"es_ES\" \/>\n<meta property=\"og:type\" content=\"article\" \/>\n<meta property=\"og:title\" content=\"Confirman la fecha de las vacaciones de invierno: cu\u00e1ndo ser\u00e1n en la provincia de Buenos Aires - Noticias Radio Reflejos\" \/>\n<meta property=\"og:description\" content=\"El Consejo Federal de Educaci\u00f3n indic\u00f3 que el receso escolar para este 2026 ser\u00e1 en julio, aunque las fechas no son iguales en el pa\u00eds\" \/>\n<meta property=\"og:url\" content=\"https:\/\/www.noticiasradioreflejos.com.ar\/2021\/confirman-la-fecha-de-las-vacaciones-de-invierno-cuando-seran-en-la-provincia-de-buenos-aires\/\" \/>\n<meta property=\"og:site_name\" content=\"Noticias Radio Reflejos\" \/>\n<meta property=\"article:published_time\" content=\"2026-04-27T11:46:02+00:00\" \/>\n<meta property=\"og:image\" content=\"https:\/\/www.noticiasradioreflejos.com.ar\/2021\/wp-content\/uploads\/2026\/04\/vacaciones-aulas-vacias.webp\" \/>\n\t<meta property=\"og:image:width\" content=\"1500\" \/>\n\t<meta property=\"og:image:height\" content=\"843\" \/>\n\t<meta property=\"og:image:type\" content=\"image\/webp\" \/>\n<meta name=\"author\" content=\"Arnaldo Botto\" \/>\n<meta name=\"twitter:card\" content=\"summary_large_image\" \/>\n<script type=\"application\/ld+json\" class=\"yoast-schema-graph\">{\"@context\":\"https:\/\/schema.org\",\"@graph\":[{\"@type\":\"WebPage\",\"@id\":\"https:\/\/www.noticiasradioreflejos.com.ar\/2021\/confirman-la-fecha-de-las-vacaciones-de-invierno-cuando-seran-en-la-provincia-de-buenos-aires\/\",\"url\":\"https:\/\/www.noticiasradioreflejos.com.ar\/2021\/confirman-la-fecha-de-las-vacaciones-de-invierno-cuando-seran-en-la-provincia-de-buenos-aires\/\",\"name\":\"Confirman la fecha de las vacaciones de invierno: cu\u00e1ndo ser\u00e1n en la provincia de Buenos Aires - Noticias Radio Reflejos\",\"isPartOf\":{\"@id\":\"https:\/\/www.noticiasradioreflejos.com.ar\/2021\/#website\"},\"primaryImageOfPage\":{\"@id\":\"https:\/\/www.noticiasradioreflejos.com.ar\/2021\/confirman-la-fecha-de-las-vacaciones-de-invierno-cuando-seran-en-la-provincia-de-buenos-aires\/#primaryimage\"},\"image\":{\"@id\":\"https:\/\/www.noticiasradioreflejos.com.ar\/2021\/confirman-la-fecha-de-las-vacaciones-de-invierno-cuando-seran-en-la-provincia-de-buenos-aires\/#primaryimage\"},\"thumbnailUrl\":\"https:\/\/www.noticiasradioreflejos.com.ar\/2021\/wp-content\/uploads\/2026\/04\/vacaciones-aulas-vacias.webp\",\"datePublished\":\"2026-04-27T11:46:02+00:00\",\"author\":{\"@id\":\"https:\/\/www.noticiasradioreflejos.com.ar\/2021\/#\/schema\/person\/ad82545263dcc5ec0996818884fd5fb1\"},\"breadcrumb\":{\"@id\":\"https:\/\/www.noticiasradioreflejos.com.ar\/2021\/confirman-la-fecha-de-las-vacaciones-de-invierno-cuando-seran-en-la-provincia-de-buenos-aires\/#breadcrumb\"},\"inLanguage\":\"es\",\"potentialAction\":[{\"@type\":\"ReadAction\",\"target\":[\"https:\/\/www.noticiasradioreflejos.com.ar\/2021\/confirman-la-fecha-de-las-vacaciones-de-invierno-cuando-seran-en-la-provincia-de-buenos-aires\/\"]}]},{\"@type\":\"ImageObject\",\"inLanguage\":\"es\",\"@id\":\"https:\/\/www.noticiasradioreflejos.com.ar\/2021\/confirman-la-fecha-de-las-vacaciones-de-invierno-cuando-seran-en-la-provincia-de-buenos-aires\/#primaryimage\",\"url\":\"https:\/\/www.noticiasradioreflejos.com.ar\/2021\/wp-content\/uploads\/2026\/04\/vacaciones-aulas-vacias.webp\",\"contentUrl\":\"https:\/\/www.noticiasradioreflejos.com.ar\/2021\/wp-content\/uploads\/2026\/04\/vacaciones-aulas-vacias.webp\",\"width\":1500,\"height\":843},{\"@type\":\"BreadcrumbList\",\"@id\":\"https:\/\/www.noticiasradioreflejos.com.ar\/2021\/confirman-la-fecha-de-las-vacaciones-de-invierno-cuando-seran-en-la-provincia-de-buenos-aires\/#breadcrumb\",\"itemListElement\":[{\"@type\":\"ListItem\",\"position\":1,\"name\":\"Portada\",\"item\":\"https:\/\/www.noticiasradioreflejos.com.ar\/2021\/\"},{\"@type\":\"ListItem\",\"position\":2,\"name\":\"Confirman la fecha de las vacaciones de invierno: cu\u00e1ndo ser\u00e1n en la provincia de Buenos Aires\"}]},{\"@type\":\"WebSite\",\"@id\":\"https:\/\/www.noticiasradioreflejos.com.ar\/2021\/#website\",\"url\":\"https:\/\/www.noticiasradioreflejos.com.ar\/2021\/\",\"name\":\"Noticias Radio Reflejos\",\"description\":\"Las noticias de mi comarca\",\"potentialAction\":[{\"@type\":\"SearchAction\",\"target\":{\"@type\":\"EntryPoint\",\"urlTemplate\":\"https:\/\/www.noticiasradioreflejos.com.ar\/2021\/?s={search_term_string}\"},\"query-input\":{\"@type\":\"PropertyValueSpecification\",\"valueRequired\":true,\"valueName\":\"search_term_string\"}}],\"inLanguage\":\"es\"},{\"@type\":\"Person\",\"@id\":\"https:\/\/www.noticiasradioreflejos.com.ar\/2021\/#\/schema\/person\/ad82545263dcc5ec0996818884fd5fb1\",\"name\":\"Arnaldo Botto\",\"image\":{\"@type\":\"ImageObject\",\"inLanguage\":\"es\",\"@id\":\"https:\/\/www.noticiasradioreflejos.com.ar\/2021\/#\/schema\/person\/image\/\",\"url\":\"https:\/\/secure.gravatar.com\/avatar\/55cb5e37c1efa326397366e6974cb338056df65cb50e7d64d1cf314e87504837?s=96&d=mm&r=g\",\"contentUrl\":\"https:\/\/secure.gravatar.com\/avatar\/55cb5e37c1efa326397366e6974cb338056df65cb50e7d64d1cf314e87504837?s=96&d=mm&r=g\",\"caption\":\"Arnaldo Botto\"},\"url\":\"https:\/\/www.noticiasradioreflejos.com.ar\/2021\/author\/arnaldo\/\"}]}<\/script>\n<!-- \/ Yoast SEO plugin. -->","yoast_head_json":{"title":"Confirman la fecha de las vacaciones de invierno: cu\u00e1ndo ser\u00e1n en la provincia de Buenos Aires - Noticias Radio Reflejos","robots":{"index":"index","follow":"follow","max-snippet":"max-snippet:-1","max-image-preview":"max-image-preview:large","max-video-preview":"max-video-preview:-1"},"canonical":"https:\/\/www.noticiasradioreflejos.com.ar\/2021\/confirman-la-fecha-de-las-vacaciones-de-invierno-cuando-seran-en-la-provincia-de-buenos-aires\/","og_locale":"es_ES","og_type":"article","og_title":"Confirman la fecha de las vacaciones de invierno: cu\u00e1ndo ser\u00e1n en la provincia de Buenos Aires - Noticias Radio Reflejos","og_description":"El Consejo Federal de Educaci\u00f3n indic\u00f3 que el receso escolar para este 2026 ser\u00e1 en julio, aunque las fechas no son iguales en el pa\u00eds","og_url":"https:\/\/www.noticiasradioreflejos.com.ar\/2021\/confirman-la-fecha-de-las-vacaciones-de-invierno-cuando-seran-en-la-provincia-de-buenos-aires\/","og_site_name":"Noticias Radio Reflejos","article_published_time":"2026-04-27T11:46:02+00:00","og_image":[{"width":1500,"height":843,"url":"https:\/\/www.noticiasradioreflejos.com.ar\/2021\/wp-content\/uploads\/2026\/04\/vacaciones-aulas-vacias.webp","type":"image\/webp"}],"author":"Arnaldo Botto","twitter_card":"summary_large_image","schema":{"@context":"https:\/\/schema.org","@graph":[{"@type":"WebPage","@id":"https:\/\/www.noticiasradioreflejos.com.ar\/2021\/confirman-la-fecha-de-las-vacaciones-de-invierno-cuando-seran-en-la-provincia-de-buenos-aires\/","url":"https:\/\/www.noticiasradioreflejos.com.ar\/2021\/confirman-la-fecha-de-las-vacaciones-de-invierno-cuando-seran-en-la-provincia-de-buenos-aires\/","name":"Confirman la fecha de las vacaciones de invierno: cu\u00e1ndo ser\u00e1n en la provincia de Buenos Aires - Noticias Radio Reflejos","isPartOf":{"@id":"https:\/\/www.noticiasradioreflejos.com.ar\/2021\/#website"},"primaryImageOfPage":{"@id":"https:\/\/www.noticiasradioreflejos.com.ar\/2021\/confirman-la-fecha-de-las-vacaciones-de-invierno-cuando-seran-en-la-provincia-de-buenos-aires\/#primaryimage"},"image":{"@id":"https:\/\/www.noticiasradioreflejos.com.ar\/2021\/confirman-la-fecha-de-las-vacaciones-de-invierno-cuando-seran-en-la-provincia-de-buenos-aires\/#primaryimage"},"thumbnailUrl":"https:\/\/www.noticiasradioreflejos.com.ar\/2021\/wp-content\/uploads\/2026\/04\/vacaciones-aulas-vacias.webp","datePublished":"2026-04-27T11:46:02+00:00","author":{"@id":"https:\/\/www.noticiasradioreflejos.com.ar\/2021\/#\/schema\/person\/ad82545263dcc5ec0996818884fd5fb1"},"breadcrumb":{"@id":"https:\/\/www.noticiasradioreflejos.com.ar\/2021\/confirman-la-fecha-de-las-vacaciones-de-invierno-cuando-seran-en-la-provincia-de-buenos-aires\/#breadcrumb"},"inLanguage":"es","potentialAction":[{"@type":"ReadAction","target":["https:\/\/www.noticiasradioreflejos.com.ar\/2021\/confirman-la-fecha-de-las-vacaciones-de-invierno-cuando-seran-en-la-provincia-de-buenos-aires\/"]}]},{"@type":"ImageObject","inLanguage":"es","@id":"https:\/\/www.noticiasradioreflejos.com.ar\/2021\/confirman-la-fecha-de-las-vacaciones-de-invierno-cuando-seran-en-la-provincia-de-buenos-aires\/#primaryimage","url":"https:\/\/www.noticiasradioreflejos.com.ar\/2021\/wp-content\/uploads\/2026\/04\/vacaciones-aulas-vacias.webp","contentUrl":"https:\/\/www.noticiasradioreflejos.com.ar\/2021\/wp-content\/uploads\/2026\/04\/vacaciones-aulas-vacias.webp","width":1500,"height":843},{"@type":"BreadcrumbList","@id":"https:\/\/www.noticiasradioreflejos.com.ar\/2021\/confirman-la-fecha-de-las-vacaciones-de-invierno-cuando-seran-en-la-provincia-de-buenos-aires\/#breadcrumb","itemListElement":[{"@type":"ListItem","position":1,"name":"Portada","item":"https:\/\/www.noticiasradioreflejos.com.ar\/2021\/"},{"@type":"ListItem","position":2,"name":"Confirman la fecha de las vacaciones de invierno: cu\u00e1ndo ser\u00e1n en la provincia de Buenos Aires"}]},{"@type":"WebSite","@id":"https:\/\/www.noticiasradioreflejos.com.ar\/2021\/#website","url":"https:\/\/www.noticiasradioreflejos.com.ar\/2021\/","name":"Noticias Radio Reflejos","description":"Las noticias de mi comarca","potentialAction":[{"@type":"SearchAction","target":{"@type":"EntryPoint","urlTemplate":"https:\/\/www.noticiasradioreflejos.com.ar\/2021\/?s={search_term_string}"},"query-input":{"@type":"PropertyValueSpecification","valueRequired":true,"valueName":"search_term_string"}}],"inLanguage":"es"},{"@type":"Person","@id":"https:\/\/www.noticiasradioreflejos.com.ar\/2021\/#\/schema\/person\/ad82545263dcc5ec0996818884fd5fb1","name":"Arnaldo Botto","image":{"@type":"ImageObject","inLanguage":"es","@id":"https:\/\/www.noticiasradioreflejos.com.ar\/2021\/#\/schema\/person\/image\/","url":"https:\/\/secure.gravatar.com\/avatar\/55cb5e37c1efa326397366e6974cb338056df65cb50e7d64d1cf314e87504837?s=96&d=mm&r=g","contentUrl":"https:\/\/secure.gravatar.com\/avatar\/55cb5e37c1efa326397366e6974cb338056df65cb50e7d64d1cf314e87504837?s=96&d=mm&r=g","caption":"Arnaldo Botto"},"url":"https:\/\/www.noticiasradioreflejos.com.ar\/2021\/author\/arnaldo\/"}]}},"_links":{"self":[{"href":"https:\/\/www.noticiasradioreflejos.com.ar\/2021\/wp-json\/wp\/v2\/posts\/136448","targetHints":{"allow":["GET"]}}],"collection":[{"href":"https:\/\/www.noticiasradioreflejos.com.ar\/2021\/wp-json\/wp\/v2\/posts"}],"about":[{"href":"https:\/\/www.noticiasradioreflejos.com.ar\/2021\/wp-json\/wp\/v2\/types\/post"}],"author":[{"embeddable":true,"href":"https:\/\/www.noticiasradioreflejos.com.ar\/2021\/wp-json\/wp\/v2\/users\/3"}],"replies":[{"embeddable":true,"href":"https:\/\/www.noticiasradioreflejos.com.ar\/2021\/wp-json\/wp\/v2\/comments?post=136448"}],"version-history":[{"count":1,"href":"https:\/\/www.noticiasradioreflejos.com.ar\/2021\/wp-json\/wp\/v2\/posts\/136448\/revisions"}],"predecessor-version":[{"id":136451,"href":"https:\/\/www.noticiasradioreflejos.com.ar\/2021\/wp-json\/wp\/v2\/posts\/136448\/revisions\/136451"}],"wp:featuredmedia":[{"embeddable":true,"href":"https:\/\/www.noticiasradioreflejos.com.ar\/2021\/wp-json\/wp\/v2\/media\/136449"}],"wp:attachment":[{"href":"https:\/\/www.noticiasradioreflejos.com.ar\/2021\/wp-json\/wp\/v2\/media?parent=136448"}],"wp:term":[{"taxonomy":"category","embeddable":true,"href":"https:\/\/www.noticiasradioreflejos.com.ar\/2021\/wp-json\/wp\/v2\/categories?post=136448"},{"taxonomy":"post_tag","embeddable":true,"href":"https:\/\/www.noticiasradioreflejos.com.ar\/2021\/wp-json\/wp\/v2\/tags?post=136448"}],"curies":[{"name":"wp","href":"https:\/\/api.w.org\/{rel}","templated":true}]}}