{"id":136442,"date":"2026-04-27T07:25:57","date_gmt":"2026-04-27T10:25:57","guid":{"rendered":"https:\/\/www.noticiasradioreflejos.com.ar\/2021\/?p=136442"},"modified":"2026-04-27T07:25:57","modified_gmt":"2026-04-27T10:25:57","slug":"franco-colapinto-convoco-a-una-multitud-en-buenos-aires-y-protagonizo-un-show-con-autos-historicos-de-la-formula-1","status":"publish","type":"post","link":"https:\/\/www.noticiasradioreflejos.com.ar\/2021\/franco-colapinto-convoco-a-una-multitud-en-buenos-aires-y-protagonizo-un-show-con-autos-historicos-de-la-formula-1\/","title":{"rendered":"Franco Colapinto convoc\u00f3 a una multitud en Buenos Aires y protagoniz\u00f3 un show con autos hist\u00f3ricos de la F\u00f3rmula 1"},"content":{"rendered":"<p>El piloto argentino gir\u00f3 con el Lotus E20 y con la hist\u00f3rica \u201cFlecha de Plata\u201d de Juan Manuel Fangio ante unas 500 mil personas, en una exhibici\u00f3n que marc\u00f3 el regreso de la categor\u00eda al pa\u00eds tras m\u00e1s de una d\u00e9cada.<!--more--><\/p>\n<p>Franco Colapinto\u00a0fue el protagonista de una jornada at\u00edpica en la Ciudad de Buenos Aires, donde encabez\u00f3 un road show que reuni\u00f3 a\u00a0<strong>cerca de medio mill\u00f3n de personas<\/strong>\u00a0sobre un circuito callejero montado en\u00a0<strong>avenidas Del Libertador y Sarmiento<\/strong>.<\/p>\n<div class=\"partner-wrapper article-page__body-row\">\n<div class=\"second-col\">\n<p class=\"article-text\">La exhibici\u00f3n, que incluy\u00f3 varias salidas a lo largo del d\u00eda, comenz\u00f3 al mediod\u00eda y se extendi\u00f3 durante la tarde con distintas pasadas del piloto argentino, quien atraviesa su\u00a0<strong>tercera temporada en la F\u00f3rmula 1<\/strong>. El evento tuvo adem\u00e1s un componente simb\u00f3lico: signific\u00f3 el\u00a0<strong>regreso de un auto de la categor\u00eda al pa\u00eds despu\u00e9s de m\u00e1s de una d\u00e9cada<\/strong>.<\/p>\n<figure><picture class=\"news-image\"><source srcset=\"https:\/\/static.eldiario.es\/clip\/e0ec0d9d-b4ff-417c-aa83-6100092f5867_16-9-discover-aspect-ratio_50p_0.webp\" type=\"image\/webp\" media=\"(max-width: 576px)\" \/><source srcset=\"https:\/\/static.eldiario.es\/clip\/e0ec0d9d-b4ff-417c-aa83-6100092f5867_16-9-discover-aspect-ratio_50p_0.jpg\" type=\"image\/jpg\" media=\"(max-width: 576px)\" \/><source srcset=\"https:\/\/static.eldiario.es\/clip\/e0ec0d9d-b4ff-417c-aa83-6100092f5867_16-9-discover-aspect-ratio_75p_0.webp\" type=\"image\/webp\" media=\"(max-width: 767px)\" \/><source srcset=\"https:\/\/static.eldiario.es\/clip\/e0ec0d9d-b4ff-417c-aa83-6100092f5867_16-9-discover-aspect-ratio_75p_0.jpg\" type=\"image\/jpg\" media=\"(max-width: 767px)\" \/><source srcset=\"https:\/\/static.eldiario.es\/clip\/e0ec0d9d-b4ff-417c-aa83-6100092f5867_16-9-discover-aspect-ratio_default_0.webp\" type=\"image\/webp\" media=\"(min-width: 768px)\" \/><source srcset=\"https:\/\/static.eldiario.es\/clip\/e0ec0d9d-b4ff-417c-aa83-6100092f5867_16-9-discover-aspect-ratio_default_0.jpg\" type=\"image\/jpg\" media=\"(min-width: 768px)\" \/><source srcset=\"https:\/\/static.eldiario.es\/clip\/e0ec0d9d-b4ff-417c-aa83-6100092f5867_16-9-discover-aspect-ratio_default_0.webp\" type=\"image\/webp\" \/><img decoding=\"async\" class=\"lazy entered loaded\" src=\"https:\/\/static.eldiario.es\/clip\/e0ec0d9d-b4ff-417c-aa83-6100092f5867_16-9-discover-aspect-ratio_default_0.jpg\" alt=\"El piloto de Formula 1, Franco Colapinto durante la exhibici\u00f3n &quot;Road Show Buenos Aires 2026&quot;\" data-src=\"https:\/\/static.eldiario.es\/clip\/e0ec0d9d-b4ff-417c-aa83-6100092f5867_16-9-discover-aspect-ratio_default_0.jpg\" data-ll-status=\"loaded\" \/><\/picture><\/figure>\n<\/div>\n<\/div>\n<p><em><span class=\"title\">El piloto de Formula 1, Franco Colapinto durante la exhibici\u00f3n \u00abRoad Show Buenos Aires 2026\u00bb\u00a0<span class=\"author\">NA<\/span><\/span><\/em><\/p>\n<p>&nbsp;<\/p>\n<p class=\"article-text\">Durante cada intervenci\u00f3n, Colapinto mantuvo un contacto cercano con el p\u00fablico, que se acerc\u00f3 desde distintos puntos del pa\u00eds para verlo en acci\u00f3n en un formato poco habitual para la disciplina.<\/p>\n<h2 class=\"article-text\">Velocidad, maniobras y exigencia mec\u00e1nica<\/h2>\n<p class=\"article-text\">A bordo del Lotus E20 \u2014modelo que tuvo como protagonista al finland\u00e9s Kimi R\u00e4ikk\u00f6nen\u2014, el piloto realiz\u00f3 un primer stint de casi\u00a0<strong>20 minutos<\/strong>, en el que combin\u00f3\u00a0<strong>aceleraciones en tramos cortos<\/strong>\u00a0con maniobras de exhibici\u00f3n, como los cl\u00e1sicos\u00a0<strong>\u201cdonuts\u201d<\/strong>.<\/p>\n<figure class=\"embed-container embed-container--type-twitter \">\n<div class=\"twitter-tweet twitter-tweet-rendered\"><iframe id=\"twitter-widget-0\" class=\"\" title=\"X Post\" src=\"https:\/\/platform.twitter.com\/embed\/Tweet.html?dnt=false&amp;embedId=twitter-widget-0&amp;features=eyJ0ZndfdGltZWxpbmVfbGlzdCI6eyJidWNrZXQiOltdLCJ2ZXJzaW9uIjpudWxsfSwidGZ3X2ZvbGxvd2VyX2NvdW50X3N1bnNldCI6eyJidWNrZXQiOnRydWUsInZlcnNpb24iOm51bGx9LCJ0ZndfdHdlZXRfZWRpdF9iYWNrZW5kIjp7ImJ1Y2tldCI6Im9uIiwidmVyc2lvbiI6bnVsbH0sInRmd19yZWZzcmNfc2Vzc2lvbiI6eyJidWNrZXQiOiJvbiIsInZlcnNpb24iOm51bGx9LCJ0ZndfZm9zbnJfc29mdF9pbnRlcnZlbnRpb25zX2VuYWJsZWQiOnsiYnVja2V0Ijoib24iLCJ2ZXJzaW9uIjpudWxsfSwidGZ3X21peGVkX21lZGlhXzE1ODk3Ijp7ImJ1Y2tldCI6InRyZWF0bWVudCIsInZlcnNpb24iOm51bGx9LCJ0ZndfZXhwZXJpbWVudHNfY29va2llX2V4cGlyYXRpb24iOnsiYnVja2V0IjoxMjA5NjAwLCJ2ZXJzaW9uIjpudWxsfSwidGZ3X3Nob3dfYmlyZHdhdGNoX3Bpdm90c19lbmFibGVkIjp7ImJ1Y2tldCI6Im9uIiwidmVyc2lvbiI6bnVsbH0sInRmd19kdXBsaWNhdGVfc2NyaWJlc190b19zZXR0aW5ncyI6eyJidWNrZXQiOiJvbiIsInZlcnNpb24iOm51bGx9LCJ0ZndfdXNlX3Byb2ZpbGVfaW1hZ2Vfc2hhcGVfZW5hYmxlZCI6eyJidWNrZXQiOiJvbiIsInZlcnNpb24iOm51bGx9LCJ0ZndfdmlkZW9faGxzX2R5bmFtaWNfbWFuaWZlc3RzXzE1MDgyIjp7ImJ1Y2tldCI6InRydWVfYml0cmF0ZSIsInZlcnNpb24iOm51bGx9LCJ0ZndfbGVnYWN5X3RpbWVsaW5lX3N1bnNldCI6eyJidWNrZXQiOnRydWUsInZlcnNpb24iOm51bGx9LCJ0ZndfdHdlZXRfZWRpdF9mcm9udGVuZCI6eyJidWNrZXQiOiJvbiIsInZlcnNpb24iOm51bGx9fQ%3D%3D&amp;frame=false&amp;hideCard=false&amp;hideThread=false&amp;id=2048456560544817629&amp;lang=es&amp;origin=https%3A%2F%2Fwww.eldiarioar.com%2Fdeportes%2Ffranco-colapinto-convoco-multitud-buenos-aires-protagonizo-show-autos-historicos-formula-1_1_13174315.html&amp;sessionId=5ab331964a95370aa1ed2a60d849824d239b54b4&amp;theme=light&amp;widgetsVersion=2615f7e52b7e0%3A1702314776716&amp;width=550px\" frameborder=\"0\" scrolling=\"no\" allowfullscreen=\"allowfullscreen\" data-gtm-yt-inspected-34399851_303=\"true\" data-gtm-yt-inspected-34399851_396=\"true\" data-gtm-yt-inspected-41=\"true\" data-tweet-id=\"2048456560544817629\" data-mce-fragment=\"1\"><\/iframe><\/div>\n<\/figure>\n<p class=\"article-text\">El desgaste provocado por esas exigencias tuvo impacto en el auto:\u00a0<strong>la parte trasera se recalent\u00f3 y sufri\u00f3 da\u00f1os<\/strong>, mientras que uno de los neum\u00e1ticos present\u00f3\u00a0<strong>roturas en el parche debido a la alta temperatura<\/strong>. A pesar de eso, Colapinto complet\u00f3 el programa previsto y continu\u00f3 con sus siguientes salidas, incluida la tercera pasada, una de las m\u00e1s celebradas por el p\u00fablico.<\/p>\n<p class=\"article-text\">La jornada incluy\u00f3 adem\u00e1s shows musicales y otras actividades, en un formato pensado para ampliar la experiencia m\u00e1s all\u00e1 de lo estrictamente deportivo.<\/p>\n<h2 class=\"article-text\">De Fangio a Colapinto: historia y emoci\u00f3n en la pista<\/h2>\n<p class=\"article-text\">Uno de los momentos m\u00e1s destacados fue cuando Colapinto se subi\u00f3 al Mercedes-Benz W196, la hist\u00f3rica \u201cFlecha de Plata\u201d con la que Juan Manuel Fangio domin\u00f3 la F\u00f3rmula 1 en la d\u00e9cada de 1950.<\/p>\n<figure><picture class=\"news-image\"><source srcset=\"https:\/\/static.eldiario.es\/clip\/eb67d188-dffd-48d1-9621-be4c2c307131_16-9-discover-aspect-ratio_50p_0.webp\" type=\"image\/webp\" media=\"(max-width: 576px)\" \/><source srcset=\"https:\/\/static.eldiario.es\/clip\/eb67d188-dffd-48d1-9621-be4c2c307131_16-9-discover-aspect-ratio_50p_0.jpg\" type=\"image\/jpg\" media=\"(max-width: 576px)\" \/><source srcset=\"https:\/\/static.eldiario.es\/clip\/eb67d188-dffd-48d1-9621-be4c2c307131_16-9-discover-aspect-ratio_75p_0.webp\" type=\"image\/webp\" media=\"(max-width: 767px)\" \/><source srcset=\"https:\/\/static.eldiario.es\/clip\/eb67d188-dffd-48d1-9621-be4c2c307131_16-9-discover-aspect-ratio_75p_0.jpg\" type=\"image\/jpg\" media=\"(max-width: 767px)\" \/><source srcset=\"https:\/\/static.eldiario.es\/clip\/eb67d188-dffd-48d1-9621-be4c2c307131_16-9-discover-aspect-ratio_default_0.webp\" type=\"image\/webp\" media=\"(min-width: 768px)\" \/><source srcset=\"https:\/\/static.eldiario.es\/clip\/eb67d188-dffd-48d1-9621-be4c2c307131_16-9-discover-aspect-ratio_default_0.jpg\" type=\"image\/jpg\" media=\"(min-width: 768px)\" \/><source srcset=\"https:\/\/static.eldiario.es\/clip\/eb67d188-dffd-48d1-9621-be4c2c307131_16-9-discover-aspect-ratio_default_0.webp\" type=\"image\/webp\" \/><img decoding=\"async\" class=\"lazy entered loaded\" src=\"https:\/\/static.eldiario.es\/clip\/eb67d188-dffd-48d1-9621-be4c2c307131_16-9-discover-aspect-ratio_default_0.jpg\" alt=\"Franco Colapinto\" data-src=\"https:\/\/static.eldiario.es\/clip\/eb67d188-dffd-48d1-9621-be4c2c307131_16-9-discover-aspect-ratio_default_0.jpg\" data-ll-status=\"loaded\" \/><\/picture><figcaption class=\"image-footer\"><span class=\"title\">Franco Colapinto\u00a0<span class=\"author\">NA<\/span><\/span><\/figcaption><\/figure>\n<p class=\"article-text\">All\u00ed, el piloto no solo gir\u00f3 en un auto emblem\u00e1tico, sino que tambi\u00e9n\u00a0<strong>salud\u00f3 al p\u00fablico en un clima de fuerte carga simb\u00f3lica<\/strong>, en el que confluyeron distintas generaciones del automovilismo argentino. La escena condens\u00f3 el v\u00ednculo entre la historia de la categor\u00eda y su presente.<\/p>\n<div id=\"container-after-news-outlook\"><\/div>\n<figure class=\"embed-container embed-container--type-twitter \">\n<div class=\"twitter-tweet twitter-tweet-rendered\"><iframe id=\"twitter-widget-1\" class=\"\" title=\"X Post\" src=\"https:\/\/platform.twitter.com\/embed\/Tweet.html?dnt=false&amp;embedId=twitter-widget-1&amp;features=eyJ0ZndfdGltZWxpbmVfbGlzdCI6eyJidWNrZXQiOltdLCJ2ZXJzaW9uIjpudWxsfSwidGZ3X2ZvbGxvd2VyX2NvdW50X3N1bnNldCI6eyJidWNrZXQiOnRydWUsInZlcnNpb24iOm51bGx9LCJ0ZndfdHdlZXRfZWRpdF9iYWNrZW5kIjp7ImJ1Y2tldCI6Im9uIiwidmVyc2lvbiI6bnVsbH0sInRmd19yZWZzcmNfc2Vzc2lvbiI6eyJidWNrZXQiOiJvbiIsInZlcnNpb24iOm51bGx9LCJ0ZndfZm9zbnJfc29mdF9pbnRlcnZlbnRpb25zX2VuYWJsZWQiOnsiYnVja2V0Ijoib24iLCJ2ZXJzaW9uIjpudWxsfSwidGZ3X21peGVkX21lZGlhXzE1ODk3Ijp7ImJ1Y2tldCI6InRyZWF0bWVudCIsInZlcnNpb24iOm51bGx9LCJ0ZndfZXhwZXJpbWVudHNfY29va2llX2V4cGlyYXRpb24iOnsiYnVja2V0IjoxMjA5NjAwLCJ2ZXJzaW9uIjpudWxsfSwidGZ3X3Nob3dfYmlyZHdhdGNoX3Bpdm90c19lbmFibGVkIjp7ImJ1Y2tldCI6Im9uIiwidmVyc2lvbiI6bnVsbH0sInRmd19kdXBsaWNhdGVfc2NyaWJlc190b19zZXR0aW5ncyI6eyJidWNrZXQiOiJvbiIsInZlcnNpb24iOm51bGx9LCJ0ZndfdXNlX3Byb2ZpbGVfaW1hZ2Vfc2hhcGVfZW5hYmxlZCI6eyJidWNrZXQiOiJvbiIsInZlcnNpb24iOm51bGx9LCJ0ZndfdmlkZW9faGxzX2R5bmFtaWNfbWFuaWZlc3RzXzE1MDgyIjp7ImJ1Y2tldCI6InRydWVfYml0cmF0ZSIsInZlcnNpb24iOm51bGx9LCJ0ZndfbGVnYWN5X3RpbWVsaW5lX3N1bnNldCI6eyJidWNrZXQiOnRydWUsInZlcnNpb24iOm51bGx9LCJ0ZndfdHdlZXRfZWRpdF9mcm9udGVuZCI6eyJidWNrZXQiOiJvbiIsInZlcnNpb24iOm51bGx9fQ%3D%3D&amp;frame=false&amp;hideCard=false&amp;hideThread=false&amp;id=2048466551695687846&amp;lang=es&amp;origin=https%3A%2F%2Fwww.eldiarioar.com%2Fdeportes%2Ffranco-colapinto-convoco-multitud-buenos-aires-protagonizo-show-autos-historicos-formula-1_1_13174315.html&amp;sessionId=5ab331964a95370aa1ed2a60d849824d239b54b4&amp;theme=light&amp;widgetsVersion=2615f7e52b7e0%3A1702314776716&amp;width=550px\" frameborder=\"0\" scrolling=\"no\" allowfullscreen=\"allowfullscreen\" data-gtm-yt-inspected-34399851_303=\"true\" data-gtm-yt-inspected-34399851_396=\"true\" data-gtm-yt-inspected-41=\"true\" data-tweet-id=\"2048466551695687846\" data-mce-fragment=\"1\"><\/iframe><\/div>\n<\/figure>\n<p class=\"article-text\">El cierre del evento incluy\u00f3 una \u00faltima pasada y una despedida ante los asistentes, que siguieron cada tramo del recorrido. Para Colapinto, la jornada tuvo adem\u00e1s un car\u00e1cter personal: fue la posibilidad de\u00a0<strong>manejar un F\u00f3rmula 1 frente a su familia y sus fan\u00e1ticos en el pa\u00eds<\/strong>, en un contexto donde la categor\u00eda no tiene fechas oficiales en la Argentina.<\/p>\n<p class=\"article-text\"><em>Con informaci\u00f3n de NA<\/em><\/p>\n","protected":false},"excerpt":{"rendered":"<p>El piloto argentino gir\u00f3 con el Lotus E20 y con la hist\u00f3rica \u201cFlecha de Plata\u201d de Juan Manuel Fangio ante unas 500 mil personas, en una exhibici\u00f3n que marc\u00f3 el regreso de la categor\u00eda al pa\u00eds tras m\u00e1s de una d\u00e9cada.<\/p>\n","protected":false},"author":3,"featured_media":136443,"comment_status":"closed","ping_status":"closed","sticky":false,"template":"","format":"standard","meta":{"footnotes":""},"categories":[27],"tags":[],"class_list":["post-136442","post","type-post","status-publish","format-standard","has-post-thumbnail","hentry","category-deportes"],"yoast_head":"<!-- This site is optimized with the Yoast SEO plugin v25.9 - https:\/\/yoast.com\/wordpress\/plugins\/seo\/ -->\n<title>Franco Colapinto convoc\u00f3 a una multitud en Buenos Aires y protagoniz\u00f3 un show con autos hist\u00f3ricos de la F\u00f3rmula 1 - Noticias Radio Reflejos<\/title>\n<meta name=\"robots\" content=\"index, follow, max-snippet:-1, max-image-preview:large, max-video-preview:-1\" \/>\n<link rel=\"canonical\" href=\"https:\/\/www.noticiasradioreflejos.com.ar\/2021\/franco-colapinto-convoco-a-una-multitud-en-buenos-aires-y-protagonizo-un-show-con-autos-historicos-de-la-formula-1\/\" \/>\n<meta property=\"og:locale\" content=\"es_ES\" \/>\n<meta property=\"og:type\" content=\"article\" \/>\n<meta property=\"og:title\" content=\"Franco Colapinto convoc\u00f3 a una multitud en Buenos Aires y protagoniz\u00f3 un show con autos hist\u00f3ricos de la F\u00f3rmula 1 - Noticias Radio Reflejos\" \/>\n<meta property=\"og:description\" content=\"El piloto argentino gir\u00f3 con el Lotus E20 y con la hist\u00f3rica \u201cFlecha de Plata\u201d de Juan Manuel Fangio ante unas 500 mil personas, en una exhibici\u00f3n que marc\u00f3 el regreso de la categor\u00eda al pa\u00eds tras m\u00e1s de una d\u00e9cada.\" \/>\n<meta property=\"og:url\" content=\"https:\/\/www.noticiasradioreflejos.com.ar\/2021\/franco-colapinto-convoco-a-una-multitud-en-buenos-aires-y-protagonizo-un-show-con-autos-historicos-de-la-formula-1\/\" \/>\n<meta property=\"og:site_name\" content=\"Noticias Radio Reflejos\" \/>\n<meta property=\"article:published_time\" content=\"2026-04-27T10:25:57+00:00\" \/>\n<meta property=\"og:image\" content=\"https:\/\/www.noticiasradioreflejos.com.ar\/2021\/wp-content\/uploads\/2026\/04\/c9c7ed6b-b83c-42d5-a6e9-a89051dc8d43_16-9-discover-aspect-ratio_default_0.webp\" \/>\n\t<meta property=\"og:image:width\" content=\"1200\" \/>\n\t<meta property=\"og:image:height\" content=\"675\" \/>\n\t<meta property=\"og:image:type\" content=\"image\/webp\" \/>\n<meta name=\"author\" content=\"Arnaldo Botto\" \/>\n<meta name=\"twitter:card\" content=\"summary_large_image\" \/>\n<script type=\"application\/ld+json\" class=\"yoast-schema-graph\">{\"@context\":\"https:\/\/schema.org\",\"@graph\":[{\"@type\":\"WebPage\",\"@id\":\"https:\/\/www.noticiasradioreflejos.com.ar\/2021\/franco-colapinto-convoco-a-una-multitud-en-buenos-aires-y-protagonizo-un-show-con-autos-historicos-de-la-formula-1\/\",\"url\":\"https:\/\/www.noticiasradioreflejos.com.ar\/2021\/franco-colapinto-convoco-a-una-multitud-en-buenos-aires-y-protagonizo-un-show-con-autos-historicos-de-la-formula-1\/\",\"name\":\"Franco Colapinto convoc\u00f3 a una multitud en Buenos Aires y protagoniz\u00f3 un show con autos hist\u00f3ricos de la F\u00f3rmula 1 - Noticias Radio Reflejos\",\"isPartOf\":{\"@id\":\"https:\/\/www.noticiasradioreflejos.com.ar\/2021\/#website\"},\"primaryImageOfPage\":{\"@id\":\"https:\/\/www.noticiasradioreflejos.com.ar\/2021\/franco-colapinto-convoco-a-una-multitud-en-buenos-aires-y-protagonizo-un-show-con-autos-historicos-de-la-formula-1\/#primaryimage\"},\"image\":{\"@id\":\"https:\/\/www.noticiasradioreflejos.com.ar\/2021\/franco-colapinto-convoco-a-una-multitud-en-buenos-aires-y-protagonizo-un-show-con-autos-historicos-de-la-formula-1\/#primaryimage\"},\"thumbnailUrl\":\"https:\/\/www.noticiasradioreflejos.com.ar\/2021\/wp-content\/uploads\/2026\/04\/c9c7ed6b-b83c-42d5-a6e9-a89051dc8d43_16-9-discover-aspect-ratio_default_0.webp\",\"datePublished\":\"2026-04-27T10:25:57+00:00\",\"author\":{\"@id\":\"https:\/\/www.noticiasradioreflejos.com.ar\/2021\/#\/schema\/person\/ad82545263dcc5ec0996818884fd5fb1\"},\"breadcrumb\":{\"@id\":\"https:\/\/www.noticiasradioreflejos.com.ar\/2021\/franco-colapinto-convoco-a-una-multitud-en-buenos-aires-y-protagonizo-un-show-con-autos-historicos-de-la-formula-1\/#breadcrumb\"},\"inLanguage\":\"es\",\"potentialAction\":[{\"@type\":\"ReadAction\",\"target\":[\"https:\/\/www.noticiasradioreflejos.com.ar\/2021\/franco-colapinto-convoco-a-una-multitud-en-buenos-aires-y-protagonizo-un-show-con-autos-historicos-de-la-formula-1\/\"]}]},{\"@type\":\"ImageObject\",\"inLanguage\":\"es\",\"@id\":\"https:\/\/www.noticiasradioreflejos.com.ar\/2021\/franco-colapinto-convoco-a-una-multitud-en-buenos-aires-y-protagonizo-un-show-con-autos-historicos-de-la-formula-1\/#primaryimage\",\"url\":\"https:\/\/www.noticiasradioreflejos.com.ar\/2021\/wp-content\/uploads\/2026\/04\/c9c7ed6b-b83c-42d5-a6e9-a89051dc8d43_16-9-discover-aspect-ratio_default_0.webp\",\"contentUrl\":\"https:\/\/www.noticiasradioreflejos.com.ar\/2021\/wp-content\/uploads\/2026\/04\/c9c7ed6b-b83c-42d5-a6e9-a89051dc8d43_16-9-discover-aspect-ratio_default_0.webp\",\"width\":1200,\"height\":675},{\"@type\":\"BreadcrumbList\",\"@id\":\"https:\/\/www.noticiasradioreflejos.com.ar\/2021\/franco-colapinto-convoco-a-una-multitud-en-buenos-aires-y-protagonizo-un-show-con-autos-historicos-de-la-formula-1\/#breadcrumb\",\"itemListElement\":[{\"@type\":\"ListItem\",\"position\":1,\"name\":\"Portada\",\"item\":\"https:\/\/www.noticiasradioreflejos.com.ar\/2021\/\"},{\"@type\":\"ListItem\",\"position\":2,\"name\":\"Franco Colapinto convoc\u00f3 a una multitud en Buenos Aires y protagoniz\u00f3 un show con autos hist\u00f3ricos de la F\u00f3rmula 1\"}]},{\"@type\":\"WebSite\",\"@id\":\"https:\/\/www.noticiasradioreflejos.com.ar\/2021\/#website\",\"url\":\"https:\/\/www.noticiasradioreflejos.com.ar\/2021\/\",\"name\":\"Noticias Radio Reflejos\",\"description\":\"Las noticias de mi comarca\",\"potentialAction\":[{\"@type\":\"SearchAction\",\"target\":{\"@type\":\"EntryPoint\",\"urlTemplate\":\"https:\/\/www.noticiasradioreflejos.com.ar\/2021\/?s={search_term_string}\"},\"query-input\":{\"@type\":\"PropertyValueSpecification\",\"valueRequired\":true,\"valueName\":\"search_term_string\"}}],\"inLanguage\":\"es\"},{\"@type\":\"Person\",\"@id\":\"https:\/\/www.noticiasradioreflejos.com.ar\/2021\/#\/schema\/person\/ad82545263dcc5ec0996818884fd5fb1\",\"name\":\"Arnaldo Botto\",\"image\":{\"@type\":\"ImageObject\",\"inLanguage\":\"es\",\"@id\":\"https:\/\/www.noticiasradioreflejos.com.ar\/2021\/#\/schema\/person\/image\/\",\"url\":\"https:\/\/secure.gravatar.com\/avatar\/55cb5e37c1efa326397366e6974cb338056df65cb50e7d64d1cf314e87504837?s=96&d=mm&r=g\",\"contentUrl\":\"https:\/\/secure.gravatar.com\/avatar\/55cb5e37c1efa326397366e6974cb338056df65cb50e7d64d1cf314e87504837?s=96&d=mm&r=g\",\"caption\":\"Arnaldo Botto\"},\"url\":\"https:\/\/www.noticiasradioreflejos.com.ar\/2021\/author\/arnaldo\/\"}]}<\/script>\n<!-- \/ Yoast SEO plugin. -->","yoast_head_json":{"title":"Franco Colapinto convoc\u00f3 a una multitud en Buenos Aires y protagoniz\u00f3 un show con autos hist\u00f3ricos de la F\u00f3rmula 1 - Noticias Radio Reflejos","robots":{"index":"index","follow":"follow","max-snippet":"max-snippet:-1","max-image-preview":"max-image-preview:large","max-video-preview":"max-video-preview:-1"},"canonical":"https:\/\/www.noticiasradioreflejos.com.ar\/2021\/franco-colapinto-convoco-a-una-multitud-en-buenos-aires-y-protagonizo-un-show-con-autos-historicos-de-la-formula-1\/","og_locale":"es_ES","og_type":"article","og_title":"Franco Colapinto convoc\u00f3 a una multitud en Buenos Aires y protagoniz\u00f3 un show con autos hist\u00f3ricos de la F\u00f3rmula 1 - Noticias Radio Reflejos","og_description":"El piloto argentino gir\u00f3 con el Lotus E20 y con la hist\u00f3rica \u201cFlecha de Plata\u201d de Juan Manuel Fangio ante unas 500 mil personas, en una exhibici\u00f3n que marc\u00f3 el regreso de la categor\u00eda al pa\u00eds tras m\u00e1s de una d\u00e9cada.","og_url":"https:\/\/www.noticiasradioreflejos.com.ar\/2021\/franco-colapinto-convoco-a-una-multitud-en-buenos-aires-y-protagonizo-un-show-con-autos-historicos-de-la-formula-1\/","og_site_name":"Noticias Radio Reflejos","article_published_time":"2026-04-27T10:25:57+00:00","og_image":[{"width":1200,"height":675,"url":"https:\/\/www.noticiasradioreflejos.com.ar\/2021\/wp-content\/uploads\/2026\/04\/c9c7ed6b-b83c-42d5-a6e9-a89051dc8d43_16-9-discover-aspect-ratio_default_0.webp","type":"image\/webp"}],"author":"Arnaldo Botto","twitter_card":"summary_large_image","schema":{"@context":"https:\/\/schema.org","@graph":[{"@type":"WebPage","@id":"https:\/\/www.noticiasradioreflejos.com.ar\/2021\/franco-colapinto-convoco-a-una-multitud-en-buenos-aires-y-protagonizo-un-show-con-autos-historicos-de-la-formula-1\/","url":"https:\/\/www.noticiasradioreflejos.com.ar\/2021\/franco-colapinto-convoco-a-una-multitud-en-buenos-aires-y-protagonizo-un-show-con-autos-historicos-de-la-formula-1\/","name":"Franco Colapinto convoc\u00f3 a una multitud en Buenos Aires y protagoniz\u00f3 un show con autos hist\u00f3ricos de la F\u00f3rmula 1 - Noticias Radio Reflejos","isPartOf":{"@id":"https:\/\/www.noticiasradioreflejos.com.ar\/2021\/#website"},"primaryImageOfPage":{"@id":"https:\/\/www.noticiasradioreflejos.com.ar\/2021\/franco-colapinto-convoco-a-una-multitud-en-buenos-aires-y-protagonizo-un-show-con-autos-historicos-de-la-formula-1\/#primaryimage"},"image":{"@id":"https:\/\/www.noticiasradioreflejos.com.ar\/2021\/franco-colapinto-convoco-a-una-multitud-en-buenos-aires-y-protagonizo-un-show-con-autos-historicos-de-la-formula-1\/#primaryimage"},"thumbnailUrl":"https:\/\/www.noticiasradioreflejos.com.ar\/2021\/wp-content\/uploads\/2026\/04\/c9c7ed6b-b83c-42d5-a6e9-a89051dc8d43_16-9-discover-aspect-ratio_default_0.webp","datePublished":"2026-04-27T10:25:57+00:00","author":{"@id":"https:\/\/www.noticiasradioreflejos.com.ar\/2021\/#\/schema\/person\/ad82545263dcc5ec0996818884fd5fb1"},"breadcrumb":{"@id":"https:\/\/www.noticiasradioreflejos.com.ar\/2021\/franco-colapinto-convoco-a-una-multitud-en-buenos-aires-y-protagonizo-un-show-con-autos-historicos-de-la-formula-1\/#breadcrumb"},"inLanguage":"es","potentialAction":[{"@type":"ReadAction","target":["https:\/\/www.noticiasradioreflejos.com.ar\/2021\/franco-colapinto-convoco-a-una-multitud-en-buenos-aires-y-protagonizo-un-show-con-autos-historicos-de-la-formula-1\/"]}]},{"@type":"ImageObject","inLanguage":"es","@id":"https:\/\/www.noticiasradioreflejos.com.ar\/2021\/franco-colapinto-convoco-a-una-multitud-en-buenos-aires-y-protagonizo-un-show-con-autos-historicos-de-la-formula-1\/#primaryimage","url":"https:\/\/www.noticiasradioreflejos.com.ar\/2021\/wp-content\/uploads\/2026\/04\/c9c7ed6b-b83c-42d5-a6e9-a89051dc8d43_16-9-discover-aspect-ratio_default_0.webp","contentUrl":"https:\/\/www.noticiasradioreflejos.com.ar\/2021\/wp-content\/uploads\/2026\/04\/c9c7ed6b-b83c-42d5-a6e9-a89051dc8d43_16-9-discover-aspect-ratio_default_0.webp","width":1200,"height":675},{"@type":"BreadcrumbList","@id":"https:\/\/www.noticiasradioreflejos.com.ar\/2021\/franco-colapinto-convoco-a-una-multitud-en-buenos-aires-y-protagonizo-un-show-con-autos-historicos-de-la-formula-1\/#breadcrumb","itemListElement":[{"@type":"ListItem","position":1,"name":"Portada","item":"https:\/\/www.noticiasradioreflejos.com.ar\/2021\/"},{"@type":"ListItem","position":2,"name":"Franco Colapinto convoc\u00f3 a una multitud en Buenos Aires y protagoniz\u00f3 un show con autos hist\u00f3ricos de la F\u00f3rmula 1"}]},{"@type":"WebSite","@id":"https:\/\/www.noticiasradioreflejos.com.ar\/2021\/#website","url":"https:\/\/www.noticiasradioreflejos.com.ar\/2021\/","name":"Noticias Radio Reflejos","description":"Las noticias de mi comarca","potentialAction":[{"@type":"SearchAction","target":{"@type":"EntryPoint","urlTemplate":"https:\/\/www.noticiasradioreflejos.com.ar\/2021\/?s={search_term_string}"},"query-input":{"@type":"PropertyValueSpecification","valueRequired":true,"valueName":"search_term_string"}}],"inLanguage":"es"},{"@type":"Person","@id":"https:\/\/www.noticiasradioreflejos.com.ar\/2021\/#\/schema\/person\/ad82545263dcc5ec0996818884fd5fb1","name":"Arnaldo Botto","image":{"@type":"ImageObject","inLanguage":"es","@id":"https:\/\/www.noticiasradioreflejos.com.ar\/2021\/#\/schema\/person\/image\/","url":"https:\/\/secure.gravatar.com\/avatar\/55cb5e37c1efa326397366e6974cb338056df65cb50e7d64d1cf314e87504837?s=96&d=mm&r=g","contentUrl":"https:\/\/secure.gravatar.com\/avatar\/55cb5e37c1efa326397366e6974cb338056df65cb50e7d64d1cf314e87504837?s=96&d=mm&r=g","caption":"Arnaldo Botto"},"url":"https:\/\/www.noticiasradioreflejos.com.ar\/2021\/author\/arnaldo\/"}]}},"_links":{"self":[{"href":"https:\/\/www.noticiasradioreflejos.com.ar\/2021\/wp-json\/wp\/v2\/posts\/136442","targetHints":{"allow":["GET"]}}],"collection":[{"href":"https:\/\/www.noticiasradioreflejos.com.ar\/2021\/wp-json\/wp\/v2\/posts"}],"about":[{"href":"https:\/\/www.noticiasradioreflejos.com.ar\/2021\/wp-json\/wp\/v2\/types\/post"}],"author":[{"embeddable":true,"href":"https:\/\/www.noticiasradioreflejos.com.ar\/2021\/wp-json\/wp\/v2\/users\/3"}],"replies":[{"embeddable":true,"href":"https:\/\/www.noticiasradioreflejos.com.ar\/2021\/wp-json\/wp\/v2\/comments?post=136442"}],"version-history":[{"count":1,"href":"https:\/\/www.noticiasradioreflejos.com.ar\/2021\/wp-json\/wp\/v2\/posts\/136442\/revisions"}],"predecessor-version":[{"id":136444,"href":"https:\/\/www.noticiasradioreflejos.com.ar\/2021\/wp-json\/wp\/v2\/posts\/136442\/revisions\/136444"}],"wp:featuredmedia":[{"embeddable":true,"href":"https:\/\/www.noticiasradioreflejos.com.ar\/2021\/wp-json\/wp\/v2\/media\/136443"}],"wp:attachment":[{"href":"https:\/\/www.noticiasradioreflejos.com.ar\/2021\/wp-json\/wp\/v2\/media?parent=136442"}],"wp:term":[{"taxonomy":"category","embeddable":true,"href":"https:\/\/www.noticiasradioreflejos.com.ar\/2021\/wp-json\/wp\/v2\/categories?post=136442"},{"taxonomy":"post_tag","embeddable":true,"href":"https:\/\/www.noticiasradioreflejos.com.ar\/2021\/wp-json\/wp\/v2\/tags?post=136442"}],"curies":[{"name":"wp","href":"https:\/\/api.w.org\/{rel}","templated":true}]}}