{"id":136438,"date":"2026-04-27T07:23:18","date_gmt":"2026-04-27T10:23:18","guid":{"rendered":"https:\/\/www.noticiasradioreflejos.com.ar\/2021\/?p=136438"},"modified":"2026-04-27T07:23:39","modified_gmt":"2026-04-27T10:23:39","slug":"la-cgt-ratifico-la-movilizacion-por-el-1-de-mayo","status":"publish","type":"post","link":"https:\/\/www.noticiasradioreflejos.com.ar\/2021\/la-cgt-ratifico-la-movilizacion-por-el-1-de-mayo\/","title":{"rendered":"La CGT ratific\u00f3 la movilizaci\u00f3n por el 1\u00b0 de mayo"},"content":{"rendered":"<p>Esta manifestaci\u00f3n se dar\u00e1 en el marco por el D\u00eda del Trabajador y en rechazo al ajuste que lleva adelante el Gobierno Nacional.<!--more--><\/p>\n<div class=\"noticia-main-container\">\n<div class=\"noticia__rrss flex items-center gap-6\">El cosecretario general de la CGT y titular del Sindicato de Empleados de la Industria del Vidrio (SEIVARA), Cristian Jer\u00f3nimo, ratific\u00f3 la convocatoria a la pr\u00f3xima movilizaci\u00f3n del jueves 30 por el D\u00eda del Trabajador, y sostuvo: que \u201cson el basti\u00f3n de resistencia\u201d a la gesti\u00f3n del presidente Javier Milei.<\/div>\n<div class=\"noticia__desarrollo\">\n<p>En la misma l\u00ednea, repudi\u00f3\u00a0<strong>proyectos impulsados\u00a0<\/strong>desde el\u00a0<strong>Gobierno Nacional<\/strong>, particularmente sobre los vinculados al\u00a0<strong>sistema aduanero<\/strong>, en l\u00ednea con\u00a0<strong>iniciativas promovidas<\/strong>\u00a0por el ministro de\u00a0<strong>Desregulaci\u00f3n y Transformaci\u00f3n del Estado<\/strong>,\u00a0<strong>Federico Sturzenegger.\u00a0<\/strong>Tambi\u00e9n remarc\u00f3 que cualquier modificaci\u00f3n del<strong>\u00a0C\u00f3digo Aduanero\u00a0<\/strong>\u201ddebe ser analizada con responsabilidad\u201d, dado su impacto\u00a0<strong>estrat\u00e9gico en la econom\u00eda nacional<\/strong>.<\/p>\n<p>El gremialista manifest\u00f3 su preocupaci\u00f3n por el \u201cimpacto actual de las distintas medidas adoptadas\u201d por\u00a0<strong>Milei<\/strong>\u00a0y se\u00f1al\u00f3 una\u00a0<strong>creciente incertidumbre<\/strong>\u00a0en amplios sectores productivos: \u201cNo nos sorprende el rumbo que tiene este\u00a0<strong>Gobierno\u00a0<\/strong>y la\u00a0<strong>poca sensibilidad<\/strong>\u00a0que muestra ante las\u00a0<strong>consecuencias\u00a0<\/strong>que generan sus<strong>\u00a0pol\u00edticas econ\u00f3micas<\/strong>\u201d, agreg\u00f3.<\/p>\n<p>Por otra parte, el sindicalista se\u00f1al\u00f3 que en la movilizaci\u00f3n de este jueves tambi\u00e9n recordar\u00e1n al\u00a0<strong>Papa Francisco<\/strong>, fallecido el 21 de abril de 2025, para brindarle un\u00a0<strong>homenaje\u00a0<\/strong>desde la\u00a0<strong>CGT\u00a0<\/strong>por \u201csu<strong>\u00a0defensa\u00a0<\/strong>del\u00a0<strong>mundo\u00a0<\/strong>del\u00a0<strong>trabajo<\/strong>, de los\u00a0<strong>trabajadores\u00a0<\/strong>y de las\u00a0<strong>representaciones gremiales<\/strong>\u201c.<\/p>\n<p>\u201cEsta\u00a0<strong>movilizaci\u00f3n\u00a0<\/strong>es una expresi\u00f3n de\u00a0<strong>rechazo\u00a0<\/strong>a las\u00a0<strong>pol\u00edticas actuales\u00a0<\/strong>y un l<strong>lamado a reabrir el di\u00e1logo<\/strong>\u00a0en torno a un modelo econ\u00f3mico con eje en la\u00a0<strong>producci\u00f3n\u00a0<\/strong>y el\u00a0<strong>trabajo<\/strong>\u201d, concluy\u00f3 Jer\u00f3nimo.<\/p>\n<p>&nbsp;<\/p>\n<p><em><strong>Fuente: NA<\/strong><\/em><\/p>\n<\/div>\n<\/div>\n","protected":false},"excerpt":{"rendered":"<p>Esta manifestaci\u00f3n se dar\u00e1 en el marco por el D\u00eda del Trabajador y en rechazo al ajuste que lleva adelante el Gobierno Nacional.<\/p>\n","protected":false},"author":3,"featured_media":136439,"comment_status":"closed","ping_status":"closed","sticky":false,"template":"","format":"standard","meta":{"footnotes":""},"categories":[24],"tags":[],"class_list":["post-136438","post","type-post","status-publish","format-standard","has-post-thumbnail","hentry","category-politica"],"yoast_head":"<!-- This site is optimized with the Yoast SEO plugin v25.9 - https:\/\/yoast.com\/wordpress\/plugins\/seo\/ -->\n<title>La CGT ratific\u00f3 la movilizaci\u00f3n por el 1\u00b0 de mayo - Noticias Radio Reflejos<\/title>\n<meta name=\"robots\" content=\"index, follow, max-snippet:-1, max-image-preview:large, max-video-preview:-1\" \/>\n<link rel=\"canonical\" href=\"https:\/\/www.noticiasradioreflejos.com.ar\/2021\/la-cgt-ratifico-la-movilizacion-por-el-1-de-mayo\/\" \/>\n<meta property=\"og:locale\" content=\"es_ES\" \/>\n<meta property=\"og:type\" content=\"article\" \/>\n<meta property=\"og:title\" content=\"La CGT ratific\u00f3 la movilizaci\u00f3n por el 1\u00b0 de mayo - Noticias Radio Reflejos\" \/>\n<meta property=\"og:description\" content=\"Esta manifestaci\u00f3n se dar\u00e1 en el marco por el D\u00eda del Trabajador y en rechazo al ajuste que lleva adelante el Gobierno Nacional.\" \/>\n<meta property=\"og:url\" content=\"https:\/\/www.noticiasradioreflejos.com.ar\/2021\/la-cgt-ratifico-la-movilizacion-por-el-1-de-mayo\/\" \/>\n<meta property=\"og:site_name\" content=\"Noticias Radio Reflejos\" \/>\n<meta property=\"article:published_time\" content=\"2026-04-27T10:23:18+00:00\" \/>\n<meta property=\"article:modified_time\" content=\"2026-04-27T10:23:39+00:00\" \/>\n<meta property=\"og:image\" content=\"https:\/\/www.noticiasradioreflejos.com.ar\/2021\/wp-content\/uploads\/2026\/04\/CGT-2.webp\" \/>\n\t<meta property=\"og:image:width\" content=\"800\" \/>\n\t<meta property=\"og:image:height\" content=\"515\" \/>\n\t<meta property=\"og:image:type\" content=\"image\/webp\" \/>\n<meta name=\"author\" content=\"Arnaldo Botto\" \/>\n<meta name=\"twitter:card\" content=\"summary_large_image\" \/>\n<script type=\"application\/ld+json\" class=\"yoast-schema-graph\">{\"@context\":\"https:\/\/schema.org\",\"@graph\":[{\"@type\":\"WebPage\",\"@id\":\"https:\/\/www.noticiasradioreflejos.com.ar\/2021\/la-cgt-ratifico-la-movilizacion-por-el-1-de-mayo\/\",\"url\":\"https:\/\/www.noticiasradioreflejos.com.ar\/2021\/la-cgt-ratifico-la-movilizacion-por-el-1-de-mayo\/\",\"name\":\"La CGT ratific\u00f3 la movilizaci\u00f3n por el 1\u00b0 de mayo - Noticias Radio Reflejos\",\"isPartOf\":{\"@id\":\"https:\/\/www.noticiasradioreflejos.com.ar\/2021\/#website\"},\"primaryImageOfPage\":{\"@id\":\"https:\/\/www.noticiasradioreflejos.com.ar\/2021\/la-cgt-ratifico-la-movilizacion-por-el-1-de-mayo\/#primaryimage\"},\"image\":{\"@id\":\"https:\/\/www.noticiasradioreflejos.com.ar\/2021\/la-cgt-ratifico-la-movilizacion-por-el-1-de-mayo\/#primaryimage\"},\"thumbnailUrl\":\"https:\/\/www.noticiasradioreflejos.com.ar\/2021\/wp-content\/uploads\/2026\/04\/CGT-2.webp\",\"datePublished\":\"2026-04-27T10:23:18+00:00\",\"dateModified\":\"2026-04-27T10:23:39+00:00\",\"author\":{\"@id\":\"https:\/\/www.noticiasradioreflejos.com.ar\/2021\/#\/schema\/person\/ad82545263dcc5ec0996818884fd5fb1\"},\"breadcrumb\":{\"@id\":\"https:\/\/www.noticiasradioreflejos.com.ar\/2021\/la-cgt-ratifico-la-movilizacion-por-el-1-de-mayo\/#breadcrumb\"},\"inLanguage\":\"es\",\"potentialAction\":[{\"@type\":\"ReadAction\",\"target\":[\"https:\/\/www.noticiasradioreflejos.com.ar\/2021\/la-cgt-ratifico-la-movilizacion-por-el-1-de-mayo\/\"]}]},{\"@type\":\"ImageObject\",\"inLanguage\":\"es\",\"@id\":\"https:\/\/www.noticiasradioreflejos.com.ar\/2021\/la-cgt-ratifico-la-movilizacion-por-el-1-de-mayo\/#primaryimage\",\"url\":\"https:\/\/www.noticiasradioreflejos.com.ar\/2021\/wp-content\/uploads\/2026\/04\/CGT-2.webp\",\"contentUrl\":\"https:\/\/www.noticiasradioreflejos.com.ar\/2021\/wp-content\/uploads\/2026\/04\/CGT-2.webp\",\"width\":800,\"height\":515},{\"@type\":\"BreadcrumbList\",\"@id\":\"https:\/\/www.noticiasradioreflejos.com.ar\/2021\/la-cgt-ratifico-la-movilizacion-por-el-1-de-mayo\/#breadcrumb\",\"itemListElement\":[{\"@type\":\"ListItem\",\"position\":1,\"name\":\"Portada\",\"item\":\"https:\/\/www.noticiasradioreflejos.com.ar\/2021\/\"},{\"@type\":\"ListItem\",\"position\":2,\"name\":\"La CGT ratific\u00f3 la movilizaci\u00f3n por el 1\u00b0 de mayo\"}]},{\"@type\":\"WebSite\",\"@id\":\"https:\/\/www.noticiasradioreflejos.com.ar\/2021\/#website\",\"url\":\"https:\/\/www.noticiasradioreflejos.com.ar\/2021\/\",\"name\":\"Noticias Radio Reflejos\",\"description\":\"Las noticias de mi comarca\",\"potentialAction\":[{\"@type\":\"SearchAction\",\"target\":{\"@type\":\"EntryPoint\",\"urlTemplate\":\"https:\/\/www.noticiasradioreflejos.com.ar\/2021\/?s={search_term_string}\"},\"query-input\":{\"@type\":\"PropertyValueSpecification\",\"valueRequired\":true,\"valueName\":\"search_term_string\"}}],\"inLanguage\":\"es\"},{\"@type\":\"Person\",\"@id\":\"https:\/\/www.noticiasradioreflejos.com.ar\/2021\/#\/schema\/person\/ad82545263dcc5ec0996818884fd5fb1\",\"name\":\"Arnaldo Botto\",\"image\":{\"@type\":\"ImageObject\",\"inLanguage\":\"es\",\"@id\":\"https:\/\/www.noticiasradioreflejos.com.ar\/2021\/#\/schema\/person\/image\/\",\"url\":\"https:\/\/secure.gravatar.com\/avatar\/55cb5e37c1efa326397366e6974cb338056df65cb50e7d64d1cf314e87504837?s=96&d=mm&r=g\",\"contentUrl\":\"https:\/\/secure.gravatar.com\/avatar\/55cb5e37c1efa326397366e6974cb338056df65cb50e7d64d1cf314e87504837?s=96&d=mm&r=g\",\"caption\":\"Arnaldo Botto\"},\"url\":\"https:\/\/www.noticiasradioreflejos.com.ar\/2021\/author\/arnaldo\/\"}]}<\/script>\n<!-- \/ Yoast SEO plugin. -->","yoast_head_json":{"title":"La CGT ratific\u00f3 la movilizaci\u00f3n por el 1\u00b0 de mayo - Noticias Radio Reflejos","robots":{"index":"index","follow":"follow","max-snippet":"max-snippet:-1","max-image-preview":"max-image-preview:large","max-video-preview":"max-video-preview:-1"},"canonical":"https:\/\/www.noticiasradioreflejos.com.ar\/2021\/la-cgt-ratifico-la-movilizacion-por-el-1-de-mayo\/","og_locale":"es_ES","og_type":"article","og_title":"La CGT ratific\u00f3 la movilizaci\u00f3n por el 1\u00b0 de mayo - Noticias Radio Reflejos","og_description":"Esta manifestaci\u00f3n se dar\u00e1 en el marco por el D\u00eda del Trabajador y en rechazo al ajuste que lleva adelante el Gobierno Nacional.","og_url":"https:\/\/www.noticiasradioreflejos.com.ar\/2021\/la-cgt-ratifico-la-movilizacion-por-el-1-de-mayo\/","og_site_name":"Noticias Radio Reflejos","article_published_time":"2026-04-27T10:23:18+00:00","article_modified_time":"2026-04-27T10:23:39+00:00","og_image":[{"width":800,"height":515,"url":"https:\/\/www.noticiasradioreflejos.com.ar\/2021\/wp-content\/uploads\/2026\/04\/CGT-2.webp","type":"image\/webp"}],"author":"Arnaldo Botto","twitter_card":"summary_large_image","schema":{"@context":"https:\/\/schema.org","@graph":[{"@type":"WebPage","@id":"https:\/\/www.noticiasradioreflejos.com.ar\/2021\/la-cgt-ratifico-la-movilizacion-por-el-1-de-mayo\/","url":"https:\/\/www.noticiasradioreflejos.com.ar\/2021\/la-cgt-ratifico-la-movilizacion-por-el-1-de-mayo\/","name":"La CGT ratific\u00f3 la movilizaci\u00f3n por el 1\u00b0 de mayo - Noticias Radio Reflejos","isPartOf":{"@id":"https:\/\/www.noticiasradioreflejos.com.ar\/2021\/#website"},"primaryImageOfPage":{"@id":"https:\/\/www.noticiasradioreflejos.com.ar\/2021\/la-cgt-ratifico-la-movilizacion-por-el-1-de-mayo\/#primaryimage"},"image":{"@id":"https:\/\/www.noticiasradioreflejos.com.ar\/2021\/la-cgt-ratifico-la-movilizacion-por-el-1-de-mayo\/#primaryimage"},"thumbnailUrl":"https:\/\/www.noticiasradioreflejos.com.ar\/2021\/wp-content\/uploads\/2026\/04\/CGT-2.webp","datePublished":"2026-04-27T10:23:18+00:00","dateModified":"2026-04-27T10:23:39+00:00","author":{"@id":"https:\/\/www.noticiasradioreflejos.com.ar\/2021\/#\/schema\/person\/ad82545263dcc5ec0996818884fd5fb1"},"breadcrumb":{"@id":"https:\/\/www.noticiasradioreflejos.com.ar\/2021\/la-cgt-ratifico-la-movilizacion-por-el-1-de-mayo\/#breadcrumb"},"inLanguage":"es","potentialAction":[{"@type":"ReadAction","target":["https:\/\/www.noticiasradioreflejos.com.ar\/2021\/la-cgt-ratifico-la-movilizacion-por-el-1-de-mayo\/"]}]},{"@type":"ImageObject","inLanguage":"es","@id":"https:\/\/www.noticiasradioreflejos.com.ar\/2021\/la-cgt-ratifico-la-movilizacion-por-el-1-de-mayo\/#primaryimage","url":"https:\/\/www.noticiasradioreflejos.com.ar\/2021\/wp-content\/uploads\/2026\/04\/CGT-2.webp","contentUrl":"https:\/\/www.noticiasradioreflejos.com.ar\/2021\/wp-content\/uploads\/2026\/04\/CGT-2.webp","width":800,"height":515},{"@type":"BreadcrumbList","@id":"https:\/\/www.noticiasradioreflejos.com.ar\/2021\/la-cgt-ratifico-la-movilizacion-por-el-1-de-mayo\/#breadcrumb","itemListElement":[{"@type":"ListItem","position":1,"name":"Portada","item":"https:\/\/www.noticiasradioreflejos.com.ar\/2021\/"},{"@type":"ListItem","position":2,"name":"La CGT ratific\u00f3 la movilizaci\u00f3n por el 1\u00b0 de mayo"}]},{"@type":"WebSite","@id":"https:\/\/www.noticiasradioreflejos.com.ar\/2021\/#website","url":"https:\/\/www.noticiasradioreflejos.com.ar\/2021\/","name":"Noticias Radio Reflejos","description":"Las noticias de mi comarca","potentialAction":[{"@type":"SearchAction","target":{"@type":"EntryPoint","urlTemplate":"https:\/\/www.noticiasradioreflejos.com.ar\/2021\/?s={search_term_string}"},"query-input":{"@type":"PropertyValueSpecification","valueRequired":true,"valueName":"search_term_string"}}],"inLanguage":"es"},{"@type":"Person","@id":"https:\/\/www.noticiasradioreflejos.com.ar\/2021\/#\/schema\/person\/ad82545263dcc5ec0996818884fd5fb1","name":"Arnaldo Botto","image":{"@type":"ImageObject","inLanguage":"es","@id":"https:\/\/www.noticiasradioreflejos.com.ar\/2021\/#\/schema\/person\/image\/","url":"https:\/\/secure.gravatar.com\/avatar\/55cb5e37c1efa326397366e6974cb338056df65cb50e7d64d1cf314e87504837?s=96&d=mm&r=g","contentUrl":"https:\/\/secure.gravatar.com\/avatar\/55cb5e37c1efa326397366e6974cb338056df65cb50e7d64d1cf314e87504837?s=96&d=mm&r=g","caption":"Arnaldo Botto"},"url":"https:\/\/www.noticiasradioreflejos.com.ar\/2021\/author\/arnaldo\/"}]}},"_links":{"self":[{"href":"https:\/\/www.noticiasradioreflejos.com.ar\/2021\/wp-json\/wp\/v2\/posts\/136438","targetHints":{"allow":["GET"]}}],"collection":[{"href":"https:\/\/www.noticiasradioreflejos.com.ar\/2021\/wp-json\/wp\/v2\/posts"}],"about":[{"href":"https:\/\/www.noticiasradioreflejos.com.ar\/2021\/wp-json\/wp\/v2\/types\/post"}],"author":[{"embeddable":true,"href":"https:\/\/www.noticiasradioreflejos.com.ar\/2021\/wp-json\/wp\/v2\/users\/3"}],"replies":[{"embeddable":true,"href":"https:\/\/www.noticiasradioreflejos.com.ar\/2021\/wp-json\/wp\/v2\/comments?post=136438"}],"version-history":[{"count":2,"href":"https:\/\/www.noticiasradioreflejos.com.ar\/2021\/wp-json\/wp\/v2\/posts\/136438\/revisions"}],"predecessor-version":[{"id":136441,"href":"https:\/\/www.noticiasradioreflejos.com.ar\/2021\/wp-json\/wp\/v2\/posts\/136438\/revisions\/136441"}],"wp:featuredmedia":[{"embeddable":true,"href":"https:\/\/www.noticiasradioreflejos.com.ar\/2021\/wp-json\/wp\/v2\/media\/136439"}],"wp:attachment":[{"href":"https:\/\/www.noticiasradioreflejos.com.ar\/2021\/wp-json\/wp\/v2\/media?parent=136438"}],"wp:term":[{"taxonomy":"category","embeddable":true,"href":"https:\/\/www.noticiasradioreflejos.com.ar\/2021\/wp-json\/wp\/v2\/categories?post=136438"},{"taxonomy":"post_tag","embeddable":true,"href":"https:\/\/www.noticiasradioreflejos.com.ar\/2021\/wp-json\/wp\/v2\/tags?post=136438"}],"curies":[{"name":"wp","href":"https:\/\/api.w.org\/{rel}","templated":true}]}}