{"id":136436,"date":"2026-04-27T07:20:16","date_gmt":"2026-04-27T10:20:16","guid":{"rendered":"https:\/\/www.noticiasradioreflejos.com.ar\/2021\/?p=136436"},"modified":"2026-04-27T07:20:16","modified_gmt":"2026-04-27T10:20:16","slug":"sturzenegger-amenaza-con-pasar-la-motosierra-en-el-smn-y-echar-al-85-del-personal","status":"publish","type":"post","link":"https:\/\/www.noticiasradioreflejos.com.ar\/2021\/sturzenegger-amenaza-con-pasar-la-motosierra-en-el-smn-y-echar-al-85-del-personal\/","title":{"rendered":"Sturzenegger amenaza con pasar la motosierra en el SMN y echar al 85% del personal"},"content":{"rendered":"<p>El Ministro pidi\u00f3 una modernizaci\u00f3n profunda del Servicio Meteorol\u00f3gico Nacional, al cual acus\u00f3 de utilizar tecnolog\u00eda obsoleta: \u201cusan planillas y un sistema DOS\u201d.<!--more--><\/p>\n<p>El Ministro de Desregulaci\u00f3n y Transformaci\u00f3n del Estado, <strong>Federico Sturzenegger<\/strong>, sacudi\u00f3 las redes sociales al exponer en su cuenta oficial de X lo que describe como una \u00abhistoria incre\u00edble\u00bb de ineficiencia tecnol\u00f3gica en el\u00a0<strong>Servicio Meteorol\u00f3gico Nacional (SMN).<\/strong><\/p>\n<p>Seg\u00fan el funcionario, el organismo opera bajo un esquema que parece haberse detenido en el tiempo, priorizando procesos manuales por sobre la automatizaci\u00f3n que hoy es est\u00e1ndar global.<\/p>\n<p>&nbsp;<\/p>\n<div class=\"columns\" data-tadevel-template=\"web\/article-columns\">\n<div class=\"column-main\">\n<figure class=\"multimedia\" data-html=\"\" data-tadevel-template=\"web\/multimedia\" data-type=\"rich\" data-url=\"https:\/\/twitter.com\/fedesturze\/status\/2048456044498825614\">\n<div class=\"content\"><iframe src=\"https:\/\/alpha-app.tadevel-cdn.com\/hostname\/noticiasargentinas.com\/api\/v1\/sandbox\/PGJsb2NrcXVvdGUgY2xhc3M9InR3aXR0ZXItdHdlZXQiPjxwIGxhbmc9ImVzIiBkaXI9Imx0ciI%2BTEEgSU5DUkVJQkxFIEhJU1RPUklBIERFTCBTRVJWSUNJTyBNRVRFT1JPTMOTR0lDTyBOQUNJT05BTCAoU01OKS4gTGEgc2VtYW5hIHBhc2FkYSBodWJvIHZhcmlhcyBub3RhcyBlbiBtZWRpb3Mgc29icmUgZWwgU01OLiBFcyB1bmEgaGlzdG9yaWEgaW5jcmXDrWJsZSBxdWUgdmFsZSBsYSBwZW5hIGNvbnRhci4gVGUgdmFzIGEgc29ycHJlbmRlciAobyBubykuIFZlYW1vcy48YnI%2BPGJyPkVsIFNNTiBjdWVudGEgY29uIHVuYXMgMTAwIGVzdGFjaW9uZXMgbWV0ZW9yb2zDs2dpY2FzIGRpc3RyaWJ1aWRhcyBh4oCmIDxhIGhyZWY9Imh0dHBzOi8vdC5jby83UXdiQTEySU9IIj5waWMudHdpdHRlci5jb20vN1F3YkExMklPSDwvYT48L3A%2BJm1kYXNoOyBGZWRlIFN0dXJ6ZW5lZ2dlciAoQGZlZGVzdHVyemUpIDxhIGhyZWY9Imh0dHBzOi8vdHdpdHRlci5jb20vZmVkZXN0dXJ6ZS9zdGF0dXMvMjA0ODQ1NjA0NDQ5ODgyNTYxND9yZWZfc3JjPXR3c3JjJTVFdGZ3Ij5BcHJpbCAyNiwgMjAyNjwvYT48L2Jsb2NrcXVvdGU%2BCjxzY3JpcHQgYXN5bmMgc3JjPSJodHRwczovL3BsYXRmb3JtLnR3aXR0ZXIuY29tL3dpZGdldHMuanMiIGNoYXJzZXQ9InV0Zi04Ij48L3NjcmlwdD4KCg%3D%3D?v=9be9a3d8b5bd05140e9f8931d5044b41&amp;s=9e6d82a4a6daa70c44e1444ecdc05f29\" scrolling=\"no\" sandbox=\"allow-scripts allow-forms allow-same-origin allow-popups allow-popups-to-escape-sandbox\" data-mce-fragment=\"1\"><\/iframe><\/div><figcaption class=\"caption\">\n<div class=\"description\">X de Fede Sturzenegger<\/div>\n<div class=\"attribution\"><\/div>\n<\/figcaption><\/figure>\n<div class=\"article-body\" data-tadevel-template=\"web\/article-body\">\n<div class=\"article-body-content\">\n<h4><strong>El diagn\u00f3stico seg\u00fan Sturzenegger: Mucho personal, poca tecnolog\u00eda<\/strong><\/h4>\n<p>La estructura actual del SMN, de acuerdo con los datos presentados por el ministro, revela una desproporci\u00f3n llamativa entre el personal de apoyo y el cuerpo profesional:<\/p>\n<ul>\n<li>Dotaci\u00f3n: Unas 1.000 personas en total.<\/li>\n<li>Especialistas: Solo 20 meteor\u00f3logos.<\/li>\n<li>Infraestructura: Aproximadamente 100 estaciones meteorol\u00f3gicas, muchas con m\u00e1s de 50 a\u00f1os de antig\u00fcedad.<\/li>\n<\/ul>\n<p>Lo que m\u00e1s resalta en el relato es el m\u00e9todo de recolecci\u00f3n de datos. En plena era de sat\u00e9lites y Big Data, el SMN todav\u00eda depender\u00eda de\u00a0<strong>operadores que anotan mediciones en planillas de papel<\/strong>. Luego, esa informaci\u00f3n se vuelca en un sistema operativo\u00a0<strong>DOS<\/strong>\u00a0(tecnolog\u00eda de los a\u00f1os 80) para ser enviada a los meteor\u00f3logos.<\/p>\n<h4><strong>El costo de la ineficiencia<\/strong><\/h4>\n<p>Sturzenegger plantea que este modelo no solo es obsoleto, sino extremadamente costoso:<\/p>\n<p>\u00abLos sueldos de esas 7 personas [por estaci\u00f3n] permiten pagar una estaci\u00f3n moderna (la mejor disponible a nivel mundial) que transmite esos datos en tiempo real y sin necesidad de personal alguno\u00bb.<\/p>\n<p>El ministro sostiene que el organismo podr\u00eda funcionar con mayor precisi\u00f3n y un presupuesto significativamente menor, operando con unas 150 personas en lugar de las 1.000 actuales, si se aplicara una modernizaci\u00f3n dr\u00e1stica.<\/p>\n<h4><strong>Productividad y seguridad nacional<\/strong><\/h4>\n<p>La cr\u00edtica no se queda solo en lo presupuestario. El ministro vincula la falta de modernizaci\u00f3n con una mayor vulnerabilidad ante desastres clim\u00e1ticos, citando tragedias pasadas en\u00a0<strong>La Plata<\/strong>\u00a0o\u00a0<strong>Bah\u00eda Blanca<\/strong>. Para el gobierno actual, la desidia de gestiones anteriores en el \u00e1rea de Defensa dej\u00f3 a la poblaci\u00f3n desguarnecida en t\u00e9rminos de alertas tempranas.<\/p>\n<h4><strong>Puntos clave de la propuesta de modernizaci\u00f3n:<\/strong><\/h4>\n<ol>\n<li>Automatizaci\u00f3n: Reemplazar instrumentos de hace medio siglo por sensores digitales de transmisi\u00f3n en tiempo real.<\/li>\n<li>Reducci\u00f3n de personal: Reconvertir la estructura para pasar de un modelo de \u00abrecolectores manuales\u00bb a uno de an\u00e1lisis t\u00e9cnico.<\/li>\n<li>Eficiencia fiscal: El ahorro generado por la reducci\u00f3n de salarios destinados a tareas mec\u00e1nicas podr\u00eda financiar la renovaci\u00f3n total de la red de estaciones.<\/li>\n<\/ol>\n<p>El cierre del mensaje del ministro refuerza el cambio de rumbo bajo la presidencia de\u00a0<strong>Javier Milei<\/strong>, se\u00f1alando que esta gesti\u00f3n busca poner \u00abracionalidad\u00bb y \u00aborden\u00bb para mejorar tanto la productividad del Estado como la seguridad de los ciudadanos.<\/p>\n<p>&nbsp;<\/p>\n<p><a href=\"https:\/\/noticiasargentinas.com\/-agenciana_t6916e70a4551e78eb9423f59\">#AgenciaNA<\/a><\/p>\n<\/div>\n<\/div>\n<\/div>\n<\/div>\n","protected":false},"excerpt":{"rendered":"<p>El Ministro pidi\u00f3 una modernizaci\u00f3n profunda del Servicio Meteorol\u00f3gico Nacional, al cual acus\u00f3 de utilizar tecnolog\u00eda obsoleta: \u201cusan planillas y un sistema DOS\u201d.<\/p>\n","protected":false},"author":3,"featured_media":115030,"comment_status":"closed","ping_status":"closed","sticky":false,"template":"","format":"standard","meta":{"footnotes":""},"categories":[58],"tags":[],"class_list":["post-136436","post","type-post","status-publish","format-standard","has-post-thumbnail","hentry","category-gobierno"],"yoast_head":"<!-- This site is optimized with the Yoast SEO plugin v25.9 - https:\/\/yoast.com\/wordpress\/plugins\/seo\/ -->\n<title>Sturzenegger amenaza con pasar la motosierra en el SMN y echar al 85% del personal - Noticias Radio Reflejos<\/title>\n<meta name=\"robots\" content=\"index, follow, max-snippet:-1, max-image-preview:large, max-video-preview:-1\" \/>\n<link rel=\"canonical\" href=\"https:\/\/www.noticiasradioreflejos.com.ar\/2021\/sturzenegger-amenaza-con-pasar-la-motosierra-en-el-smn-y-echar-al-85-del-personal\/\" \/>\n<meta property=\"og:locale\" content=\"es_ES\" \/>\n<meta property=\"og:type\" content=\"article\" \/>\n<meta property=\"og:title\" content=\"Sturzenegger amenaza con pasar la motosierra en el SMN y echar al 85% del personal - Noticias Radio Reflejos\" \/>\n<meta property=\"og:description\" content=\"El Ministro pidi\u00f3 una modernizaci\u00f3n profunda del Servicio Meteorol\u00f3gico Nacional, al cual acus\u00f3 de utilizar tecnolog\u00eda obsoleta: \u201cusan planillas y un sistema DOS\u201d.\" \/>\n<meta property=\"og:url\" content=\"https:\/\/www.noticiasradioreflejos.com.ar\/2021\/sturzenegger-amenaza-con-pasar-la-motosierra-en-el-smn-y-echar-al-85-del-personal\/\" \/>\n<meta property=\"og:site_name\" content=\"Noticias Radio Reflejos\" \/>\n<meta property=\"article:published_time\" content=\"2026-04-27T10:20:16+00:00\" \/>\n<meta property=\"og:image\" content=\"https:\/\/www.noticiasradioreflejos.com.ar\/2021\/wp-content\/uploads\/2025\/04\/SMN.jpg\" \/>\n\t<meta property=\"og:image:width\" content=\"952\" \/>\n\t<meta property=\"og:image:height\" content=\"720\" \/>\n\t<meta property=\"og:image:type\" content=\"image\/jpeg\" \/>\n<meta name=\"author\" content=\"Arnaldo Botto\" \/>\n<meta name=\"twitter:card\" content=\"summary_large_image\" \/>\n<script type=\"application\/ld+json\" class=\"yoast-schema-graph\">{\"@context\":\"https:\/\/schema.org\",\"@graph\":[{\"@type\":\"WebPage\",\"@id\":\"https:\/\/www.noticiasradioreflejos.com.ar\/2021\/sturzenegger-amenaza-con-pasar-la-motosierra-en-el-smn-y-echar-al-85-del-personal\/\",\"url\":\"https:\/\/www.noticiasradioreflejos.com.ar\/2021\/sturzenegger-amenaza-con-pasar-la-motosierra-en-el-smn-y-echar-al-85-del-personal\/\",\"name\":\"Sturzenegger amenaza con pasar la motosierra en el SMN y echar al 85% del personal - Noticias Radio Reflejos\",\"isPartOf\":{\"@id\":\"https:\/\/www.noticiasradioreflejos.com.ar\/2021\/#website\"},\"primaryImageOfPage\":{\"@id\":\"https:\/\/www.noticiasradioreflejos.com.ar\/2021\/sturzenegger-amenaza-con-pasar-la-motosierra-en-el-smn-y-echar-al-85-del-personal\/#primaryimage\"},\"image\":{\"@id\":\"https:\/\/www.noticiasradioreflejos.com.ar\/2021\/sturzenegger-amenaza-con-pasar-la-motosierra-en-el-smn-y-echar-al-85-del-personal\/#primaryimage\"},\"thumbnailUrl\":\"https:\/\/www.noticiasradioreflejos.com.ar\/2021\/wp-content\/uploads\/2025\/04\/SMN.jpg\",\"datePublished\":\"2026-04-27T10:20:16+00:00\",\"author\":{\"@id\":\"https:\/\/www.noticiasradioreflejos.com.ar\/2021\/#\/schema\/person\/ad82545263dcc5ec0996818884fd5fb1\"},\"breadcrumb\":{\"@id\":\"https:\/\/www.noticiasradioreflejos.com.ar\/2021\/sturzenegger-amenaza-con-pasar-la-motosierra-en-el-smn-y-echar-al-85-del-personal\/#breadcrumb\"},\"inLanguage\":\"es\",\"potentialAction\":[{\"@type\":\"ReadAction\",\"target\":[\"https:\/\/www.noticiasradioreflejos.com.ar\/2021\/sturzenegger-amenaza-con-pasar-la-motosierra-en-el-smn-y-echar-al-85-del-personal\/\"]}]},{\"@type\":\"ImageObject\",\"inLanguage\":\"es\",\"@id\":\"https:\/\/www.noticiasradioreflejos.com.ar\/2021\/sturzenegger-amenaza-con-pasar-la-motosierra-en-el-smn-y-echar-al-85-del-personal\/#primaryimage\",\"url\":\"https:\/\/www.noticiasradioreflejos.com.ar\/2021\/wp-content\/uploads\/2025\/04\/SMN.jpg\",\"contentUrl\":\"https:\/\/www.noticiasradioreflejos.com.ar\/2021\/wp-content\/uploads\/2025\/04\/SMN.jpg\",\"width\":952,\"height\":720},{\"@type\":\"BreadcrumbList\",\"@id\":\"https:\/\/www.noticiasradioreflejos.com.ar\/2021\/sturzenegger-amenaza-con-pasar-la-motosierra-en-el-smn-y-echar-al-85-del-personal\/#breadcrumb\",\"itemListElement\":[{\"@type\":\"ListItem\",\"position\":1,\"name\":\"Portada\",\"item\":\"https:\/\/www.noticiasradioreflejos.com.ar\/2021\/\"},{\"@type\":\"ListItem\",\"position\":2,\"name\":\"Sturzenegger amenaza con pasar la motosierra en el SMN y echar al 85% del personal\"}]},{\"@type\":\"WebSite\",\"@id\":\"https:\/\/www.noticiasradioreflejos.com.ar\/2021\/#website\",\"url\":\"https:\/\/www.noticiasradioreflejos.com.ar\/2021\/\",\"name\":\"Noticias Radio Reflejos\",\"description\":\"Las noticias de mi comarca\",\"potentialAction\":[{\"@type\":\"SearchAction\",\"target\":{\"@type\":\"EntryPoint\",\"urlTemplate\":\"https:\/\/www.noticiasradioreflejos.com.ar\/2021\/?s={search_term_string}\"},\"query-input\":{\"@type\":\"PropertyValueSpecification\",\"valueRequired\":true,\"valueName\":\"search_term_string\"}}],\"inLanguage\":\"es\"},{\"@type\":\"Person\",\"@id\":\"https:\/\/www.noticiasradioreflejos.com.ar\/2021\/#\/schema\/person\/ad82545263dcc5ec0996818884fd5fb1\",\"name\":\"Arnaldo Botto\",\"image\":{\"@type\":\"ImageObject\",\"inLanguage\":\"es\",\"@id\":\"https:\/\/www.noticiasradioreflejos.com.ar\/2021\/#\/schema\/person\/image\/\",\"url\":\"https:\/\/secure.gravatar.com\/avatar\/55cb5e37c1efa326397366e6974cb338056df65cb50e7d64d1cf314e87504837?s=96&d=mm&r=g\",\"contentUrl\":\"https:\/\/secure.gravatar.com\/avatar\/55cb5e37c1efa326397366e6974cb338056df65cb50e7d64d1cf314e87504837?s=96&d=mm&r=g\",\"caption\":\"Arnaldo Botto\"},\"url\":\"https:\/\/www.noticiasradioreflejos.com.ar\/2021\/author\/arnaldo\/\"}]}<\/script>\n<!-- \/ Yoast SEO plugin. -->","yoast_head_json":{"title":"Sturzenegger amenaza con pasar la motosierra en el SMN y echar al 85% del personal - Noticias Radio Reflejos","robots":{"index":"index","follow":"follow","max-snippet":"max-snippet:-1","max-image-preview":"max-image-preview:large","max-video-preview":"max-video-preview:-1"},"canonical":"https:\/\/www.noticiasradioreflejos.com.ar\/2021\/sturzenegger-amenaza-con-pasar-la-motosierra-en-el-smn-y-echar-al-85-del-personal\/","og_locale":"es_ES","og_type":"article","og_title":"Sturzenegger amenaza con pasar la motosierra en el SMN y echar al 85% del personal - Noticias Radio Reflejos","og_description":"El Ministro pidi\u00f3 una modernizaci\u00f3n profunda del Servicio Meteorol\u00f3gico Nacional, al cual acus\u00f3 de utilizar tecnolog\u00eda obsoleta: \u201cusan planillas y un sistema DOS\u201d.","og_url":"https:\/\/www.noticiasradioreflejos.com.ar\/2021\/sturzenegger-amenaza-con-pasar-la-motosierra-en-el-smn-y-echar-al-85-del-personal\/","og_site_name":"Noticias Radio Reflejos","article_published_time":"2026-04-27T10:20:16+00:00","og_image":[{"width":952,"height":720,"url":"https:\/\/www.noticiasradioreflejos.com.ar\/2021\/wp-content\/uploads\/2025\/04\/SMN.jpg","type":"image\/jpeg"}],"author":"Arnaldo Botto","twitter_card":"summary_large_image","schema":{"@context":"https:\/\/schema.org","@graph":[{"@type":"WebPage","@id":"https:\/\/www.noticiasradioreflejos.com.ar\/2021\/sturzenegger-amenaza-con-pasar-la-motosierra-en-el-smn-y-echar-al-85-del-personal\/","url":"https:\/\/www.noticiasradioreflejos.com.ar\/2021\/sturzenegger-amenaza-con-pasar-la-motosierra-en-el-smn-y-echar-al-85-del-personal\/","name":"Sturzenegger amenaza con pasar la motosierra en el SMN y echar al 85% del personal - Noticias Radio Reflejos","isPartOf":{"@id":"https:\/\/www.noticiasradioreflejos.com.ar\/2021\/#website"},"primaryImageOfPage":{"@id":"https:\/\/www.noticiasradioreflejos.com.ar\/2021\/sturzenegger-amenaza-con-pasar-la-motosierra-en-el-smn-y-echar-al-85-del-personal\/#primaryimage"},"image":{"@id":"https:\/\/www.noticiasradioreflejos.com.ar\/2021\/sturzenegger-amenaza-con-pasar-la-motosierra-en-el-smn-y-echar-al-85-del-personal\/#primaryimage"},"thumbnailUrl":"https:\/\/www.noticiasradioreflejos.com.ar\/2021\/wp-content\/uploads\/2025\/04\/SMN.jpg","datePublished":"2026-04-27T10:20:16+00:00","author":{"@id":"https:\/\/www.noticiasradioreflejos.com.ar\/2021\/#\/schema\/person\/ad82545263dcc5ec0996818884fd5fb1"},"breadcrumb":{"@id":"https:\/\/www.noticiasradioreflejos.com.ar\/2021\/sturzenegger-amenaza-con-pasar-la-motosierra-en-el-smn-y-echar-al-85-del-personal\/#breadcrumb"},"inLanguage":"es","potentialAction":[{"@type":"ReadAction","target":["https:\/\/www.noticiasradioreflejos.com.ar\/2021\/sturzenegger-amenaza-con-pasar-la-motosierra-en-el-smn-y-echar-al-85-del-personal\/"]}]},{"@type":"ImageObject","inLanguage":"es","@id":"https:\/\/www.noticiasradioreflejos.com.ar\/2021\/sturzenegger-amenaza-con-pasar-la-motosierra-en-el-smn-y-echar-al-85-del-personal\/#primaryimage","url":"https:\/\/www.noticiasradioreflejos.com.ar\/2021\/wp-content\/uploads\/2025\/04\/SMN.jpg","contentUrl":"https:\/\/www.noticiasradioreflejos.com.ar\/2021\/wp-content\/uploads\/2025\/04\/SMN.jpg","width":952,"height":720},{"@type":"BreadcrumbList","@id":"https:\/\/www.noticiasradioreflejos.com.ar\/2021\/sturzenegger-amenaza-con-pasar-la-motosierra-en-el-smn-y-echar-al-85-del-personal\/#breadcrumb","itemListElement":[{"@type":"ListItem","position":1,"name":"Portada","item":"https:\/\/www.noticiasradioreflejos.com.ar\/2021\/"},{"@type":"ListItem","position":2,"name":"Sturzenegger amenaza con pasar la motosierra en el SMN y echar al 85% del personal"}]},{"@type":"WebSite","@id":"https:\/\/www.noticiasradioreflejos.com.ar\/2021\/#website","url":"https:\/\/www.noticiasradioreflejos.com.ar\/2021\/","name":"Noticias Radio Reflejos","description":"Las noticias de mi comarca","potentialAction":[{"@type":"SearchAction","target":{"@type":"EntryPoint","urlTemplate":"https:\/\/www.noticiasradioreflejos.com.ar\/2021\/?s={search_term_string}"},"query-input":{"@type":"PropertyValueSpecification","valueRequired":true,"valueName":"search_term_string"}}],"inLanguage":"es"},{"@type":"Person","@id":"https:\/\/www.noticiasradioreflejos.com.ar\/2021\/#\/schema\/person\/ad82545263dcc5ec0996818884fd5fb1","name":"Arnaldo Botto","image":{"@type":"ImageObject","inLanguage":"es","@id":"https:\/\/www.noticiasradioreflejos.com.ar\/2021\/#\/schema\/person\/image\/","url":"https:\/\/secure.gravatar.com\/avatar\/55cb5e37c1efa326397366e6974cb338056df65cb50e7d64d1cf314e87504837?s=96&d=mm&r=g","contentUrl":"https:\/\/secure.gravatar.com\/avatar\/55cb5e37c1efa326397366e6974cb338056df65cb50e7d64d1cf314e87504837?s=96&d=mm&r=g","caption":"Arnaldo Botto"},"url":"https:\/\/www.noticiasradioreflejos.com.ar\/2021\/author\/arnaldo\/"}]}},"_links":{"self":[{"href":"https:\/\/www.noticiasradioreflejos.com.ar\/2021\/wp-json\/wp\/v2\/posts\/136436","targetHints":{"allow":["GET"]}}],"collection":[{"href":"https:\/\/www.noticiasradioreflejos.com.ar\/2021\/wp-json\/wp\/v2\/posts"}],"about":[{"href":"https:\/\/www.noticiasradioreflejos.com.ar\/2021\/wp-json\/wp\/v2\/types\/post"}],"author":[{"embeddable":true,"href":"https:\/\/www.noticiasradioreflejos.com.ar\/2021\/wp-json\/wp\/v2\/users\/3"}],"replies":[{"embeddable":true,"href":"https:\/\/www.noticiasradioreflejos.com.ar\/2021\/wp-json\/wp\/v2\/comments?post=136436"}],"version-history":[{"count":1,"href":"https:\/\/www.noticiasradioreflejos.com.ar\/2021\/wp-json\/wp\/v2\/posts\/136436\/revisions"}],"predecessor-version":[{"id":136437,"href":"https:\/\/www.noticiasradioreflejos.com.ar\/2021\/wp-json\/wp\/v2\/posts\/136436\/revisions\/136437"}],"wp:featuredmedia":[{"embeddable":true,"href":"https:\/\/www.noticiasradioreflejos.com.ar\/2021\/wp-json\/wp\/v2\/media\/115030"}],"wp:attachment":[{"href":"https:\/\/www.noticiasradioreflejos.com.ar\/2021\/wp-json\/wp\/v2\/media?parent=136436"}],"wp:term":[{"taxonomy":"category","embeddable":true,"href":"https:\/\/www.noticiasradioreflejos.com.ar\/2021\/wp-json\/wp\/v2\/categories?post=136436"},{"taxonomy":"post_tag","embeddable":true,"href":"https:\/\/www.noticiasradioreflejos.com.ar\/2021\/wp-json\/wp\/v2\/tags?post=136436"}],"curies":[{"name":"wp","href":"https:\/\/api.w.org\/{rel}","templated":true}]}}