{"id":136434,"date":"2026-04-27T07:17:37","date_gmt":"2026-04-27T10:17:37","guid":{"rendered":"https:\/\/www.noticiasradioreflejos.com.ar\/2021\/?p=136434"},"modified":"2026-04-27T07:17:37","modified_gmt":"2026-04-27T10:17:37","slug":"el-consumo-sigue-fragil-los-hogares-ajustan-sus-compras-y-priorizan-gastos-fijos","status":"publish","type":"post","link":"https:\/\/www.noticiasradioreflejos.com.ar\/2021\/el-consumo-sigue-fragil-los-hogares-ajustan-sus-compras-y-priorizan-gastos-fijos\/","title":{"rendered":"El consumo sigue fr\u00e1gil: los hogares ajustan sus compras y priorizan gastos fijos"},"content":{"rendered":"<p>Aunque aparecen signos de mejora puntuales, el gasto cotidiano sigue condicionado por la p\u00e9rdida de poder adquisitivo, el peso de las tarifas y una mayor b\u00fasqueda de precios.<!--more--><\/p>\n<div class=\"noticia-main-container\">\n<div class=\"noticia__desarrollo\">\n<p id=\"p-1777151916453-81366\" class=\"has-drop-cap\">El consumo en Argentina\u00a0atraviesa una etapa de reacomodamiento\u00a0que combina se\u00f1ales todav\u00eda moderadas de recuperaci\u00f3n con\u00a0<strong>cambios m\u00e1s profundos en los h\u00e1bitos de compra:<\/strong>\u00a0los hogares reducen\u00a0las operaciones grandes en\u00a0<strong>supermercados<\/strong>, destinan una mayor parte del ingreso a gastos fijos y migran hacia comercios de cercan\u00eda para administrar con m\u00e1s precisi\u00f3n\u00a0un presupuesto cada vez m\u00e1s ajustado.<\/p>\n<p id=\"p-1777151832944-57294\">En declaraciones radiales, el director comercial de Nielsen para Argentina, Uruguay, Bolivia y Paraguay,\u00a0<strong>Dami\u00e1n Graziano<\/strong>, sostuvo que el consumo masivo comienza a mostrar un \u201cleve brote verde\u201d, aunque todav\u00eda lejos de una recuperaci\u00f3n consolidada. Seg\u00fan explic\u00f3, el repunte reciente aparece traccionado principalmente por\u00a0<strong>bebidas y alimentos<\/strong>, con una canasta algo m\u00e1s firme que en los meses previos.<\/p>\n<p id=\"p-1777151832944-64302\">Sin embargo, el avance sigue siendo limitado. Graziano advirti\u00f3 que la mejora interanual ronda apenas el\u00a0<strong>1%<\/strong>\u00a0y que el escenario debe analizarse con cautela, ya que la comparaci\u00f3n empieza a realizarse contra bases m\u00e1s exigentes del a\u00f1o pasado. En ese marco, los supermercados contin\u00faan entre los canales m\u00e1s afectados, con una ca\u00edda cercana al\u00a0<strong>5% interanual<\/strong>\u00a0en el \u00faltimo bimestre.<\/p>\n<p id=\"p-1777152115000-94905\">El cambio m\u00e1s visible se observa en la forma de comprar: seg\u00fan el an\u00e1lisis del sector, los consumidores se alejan de la gran compra mensual en cadenas grandes y\u00a0<strong>se vuelcan a operaciones m\u00e1s chicas<\/strong>, frecuentes y controladas en almacenes, autoservicios y negocios barriales, una din\u00e1mica que responde a la p\u00e9rdida de ingreso disponible, la necesidad de dosificar el gasto y una b\u00fasqueda m\u00e1s intensa de precios.<\/p>\n<p>Las familias reorganizan sus prioridades en la actual coyuntura.<\/p>\n<p id=\"p-1777151832944-15386\">\u201cEl consumidor se est\u00e1 yendo de la gran cadena, de la compra grande. Hoy el bolsillo est\u00e1 muy apretado y busca controlar el gasto\u201d, se\u00f1al\u00f3 Graziano. En esa l\u00ednea, explic\u00f3 que los\u00a0<strong>autoservicios<\/strong>\u00a0presentan variaciones de precios algo menores que otros canales, lo que tambi\u00e9n favorece el desplazamiento hacia las compras de cercan\u00eda.<\/p>\n<p id=\"p-1777151832944-25855\">El fen\u00f3meno se da, adem\u00e1s, en un contexto en el que los hogares destinan una porci\u00f3n cada vez mayor de sus ingresos a\u00a0<strong>transporte, luz, gas y otros servicios<\/strong>. Para Graziano, existe una correlaci\u00f3n directa entre el aumento de tarifas y la retracci\u00f3n del consumo masivo: lo que antes se orientaba a productos de g\u00f3ndola ahora se reasigna a gastos fijos.<\/p>\n<p id=\"p-1777151832944-85533\">Esa din\u00e1mica marca el paso de un consumo m\u00e1s\u00a0<strong>aspiracional<\/strong>\u00a0a otro m\u00e1s\u00a0<strong>funcional<\/strong>. En la pr\u00e1ctica, implica resignar marcas premium, reducir tickets, cambiar de canal y\u00a0<strong>priorizar lo indispensable.<\/strong><\/p>\n<p>Fuente: \u00c1mbito<\/p>\n<\/div>\n<\/div>\n","protected":false},"excerpt":{"rendered":"<p>Aunque aparecen signos de mejora puntuales, el gasto cotidiano sigue condicionado por la p\u00e9rdida de poder adquisitivo, el peso de las tarifas y una mayor b\u00fasqueda de precios.<\/p>\n","protected":false},"author":3,"featured_media":99200,"comment_status":"closed","ping_status":"closed","sticky":false,"template":"","format":"standard","meta":{"footnotes":""},"categories":[36],"tags":[],"class_list":["post-136434","post","type-post","status-publish","format-standard","has-post-thumbnail","hentry","category-economia"],"yoast_head":"<!-- This site is optimized with the Yoast SEO plugin v25.9 - https:\/\/yoast.com\/wordpress\/plugins\/seo\/ -->\n<title>El consumo sigue fr\u00e1gil: los hogares ajustan sus compras y priorizan gastos fijos - Noticias Radio Reflejos<\/title>\n<meta name=\"robots\" content=\"index, follow, max-snippet:-1, max-image-preview:large, max-video-preview:-1\" \/>\n<link rel=\"canonical\" href=\"https:\/\/www.noticiasradioreflejos.com.ar\/2021\/el-consumo-sigue-fragil-los-hogares-ajustan-sus-compras-y-priorizan-gastos-fijos\/\" \/>\n<meta property=\"og:locale\" content=\"es_ES\" \/>\n<meta property=\"og:type\" content=\"article\" \/>\n<meta property=\"og:title\" content=\"El consumo sigue fr\u00e1gil: los hogares ajustan sus compras y priorizan gastos fijos - Noticias Radio Reflejos\" \/>\n<meta property=\"og:description\" content=\"Aunque aparecen signos de mejora puntuales, el gasto cotidiano sigue condicionado por la p\u00e9rdida de poder adquisitivo, el peso de las tarifas y una mayor b\u00fasqueda de precios.\" \/>\n<meta property=\"og:url\" content=\"https:\/\/www.noticiasradioreflejos.com.ar\/2021\/el-consumo-sigue-fragil-los-hogares-ajustan-sus-compras-y-priorizan-gastos-fijos\/\" \/>\n<meta property=\"og:site_name\" content=\"Noticias Radio Reflejos\" \/>\n<meta property=\"article:published_time\" content=\"2026-04-27T10:17:37+00:00\" \/>\n<meta property=\"og:image\" content=\"https:\/\/www.noticiasradioreflejos.com.ar\/2021\/wp-content\/uploads\/2024\/02\/supermer.jpg\" \/>\n\t<meta property=\"og:image:width\" content=\"1200\" \/>\n\t<meta property=\"og:image:height\" content=\"675\" \/>\n\t<meta property=\"og:image:type\" content=\"image\/jpeg\" \/>\n<meta name=\"author\" content=\"Arnaldo Botto\" \/>\n<meta name=\"twitter:card\" content=\"summary_large_image\" \/>\n<script type=\"application\/ld+json\" class=\"yoast-schema-graph\">{\"@context\":\"https:\/\/schema.org\",\"@graph\":[{\"@type\":\"WebPage\",\"@id\":\"https:\/\/www.noticiasradioreflejos.com.ar\/2021\/el-consumo-sigue-fragil-los-hogares-ajustan-sus-compras-y-priorizan-gastos-fijos\/\",\"url\":\"https:\/\/www.noticiasradioreflejos.com.ar\/2021\/el-consumo-sigue-fragil-los-hogares-ajustan-sus-compras-y-priorizan-gastos-fijos\/\",\"name\":\"El consumo sigue fr\u00e1gil: los hogares ajustan sus compras y priorizan gastos fijos - Noticias Radio Reflejos\",\"isPartOf\":{\"@id\":\"https:\/\/www.noticiasradioreflejos.com.ar\/2021\/#website\"},\"primaryImageOfPage\":{\"@id\":\"https:\/\/www.noticiasradioreflejos.com.ar\/2021\/el-consumo-sigue-fragil-los-hogares-ajustan-sus-compras-y-priorizan-gastos-fijos\/#primaryimage\"},\"image\":{\"@id\":\"https:\/\/www.noticiasradioreflejos.com.ar\/2021\/el-consumo-sigue-fragil-los-hogares-ajustan-sus-compras-y-priorizan-gastos-fijos\/#primaryimage\"},\"thumbnailUrl\":\"https:\/\/www.noticiasradioreflejos.com.ar\/2021\/wp-content\/uploads\/2024\/02\/supermer.jpg\",\"datePublished\":\"2026-04-27T10:17:37+00:00\",\"author\":{\"@id\":\"https:\/\/www.noticiasradioreflejos.com.ar\/2021\/#\/schema\/person\/ad82545263dcc5ec0996818884fd5fb1\"},\"breadcrumb\":{\"@id\":\"https:\/\/www.noticiasradioreflejos.com.ar\/2021\/el-consumo-sigue-fragil-los-hogares-ajustan-sus-compras-y-priorizan-gastos-fijos\/#breadcrumb\"},\"inLanguage\":\"es\",\"potentialAction\":[{\"@type\":\"ReadAction\",\"target\":[\"https:\/\/www.noticiasradioreflejos.com.ar\/2021\/el-consumo-sigue-fragil-los-hogares-ajustan-sus-compras-y-priorizan-gastos-fijos\/\"]}]},{\"@type\":\"ImageObject\",\"inLanguage\":\"es\",\"@id\":\"https:\/\/www.noticiasradioreflejos.com.ar\/2021\/el-consumo-sigue-fragil-los-hogares-ajustan-sus-compras-y-priorizan-gastos-fijos\/#primaryimage\",\"url\":\"https:\/\/www.noticiasradioreflejos.com.ar\/2021\/wp-content\/uploads\/2024\/02\/supermer.jpg\",\"contentUrl\":\"https:\/\/www.noticiasradioreflejos.com.ar\/2021\/wp-content\/uploads\/2024\/02\/supermer.jpg\",\"width\":1200,\"height\":675},{\"@type\":\"BreadcrumbList\",\"@id\":\"https:\/\/www.noticiasradioreflejos.com.ar\/2021\/el-consumo-sigue-fragil-los-hogares-ajustan-sus-compras-y-priorizan-gastos-fijos\/#breadcrumb\",\"itemListElement\":[{\"@type\":\"ListItem\",\"position\":1,\"name\":\"Portada\",\"item\":\"https:\/\/www.noticiasradioreflejos.com.ar\/2021\/\"},{\"@type\":\"ListItem\",\"position\":2,\"name\":\"El consumo sigue fr\u00e1gil: los hogares ajustan sus compras y priorizan gastos fijos\"}]},{\"@type\":\"WebSite\",\"@id\":\"https:\/\/www.noticiasradioreflejos.com.ar\/2021\/#website\",\"url\":\"https:\/\/www.noticiasradioreflejos.com.ar\/2021\/\",\"name\":\"Noticias Radio Reflejos\",\"description\":\"Las noticias de mi comarca\",\"potentialAction\":[{\"@type\":\"SearchAction\",\"target\":{\"@type\":\"EntryPoint\",\"urlTemplate\":\"https:\/\/www.noticiasradioreflejos.com.ar\/2021\/?s={search_term_string}\"},\"query-input\":{\"@type\":\"PropertyValueSpecification\",\"valueRequired\":true,\"valueName\":\"search_term_string\"}}],\"inLanguage\":\"es\"},{\"@type\":\"Person\",\"@id\":\"https:\/\/www.noticiasradioreflejos.com.ar\/2021\/#\/schema\/person\/ad82545263dcc5ec0996818884fd5fb1\",\"name\":\"Arnaldo Botto\",\"image\":{\"@type\":\"ImageObject\",\"inLanguage\":\"es\",\"@id\":\"https:\/\/www.noticiasradioreflejos.com.ar\/2021\/#\/schema\/person\/image\/\",\"url\":\"https:\/\/secure.gravatar.com\/avatar\/55cb5e37c1efa326397366e6974cb338056df65cb50e7d64d1cf314e87504837?s=96&d=mm&r=g\",\"contentUrl\":\"https:\/\/secure.gravatar.com\/avatar\/55cb5e37c1efa326397366e6974cb338056df65cb50e7d64d1cf314e87504837?s=96&d=mm&r=g\",\"caption\":\"Arnaldo Botto\"},\"url\":\"https:\/\/www.noticiasradioreflejos.com.ar\/2021\/author\/arnaldo\/\"}]}<\/script>\n<!-- \/ Yoast SEO plugin. -->","yoast_head_json":{"title":"El consumo sigue fr\u00e1gil: los hogares ajustan sus compras y priorizan gastos fijos - Noticias Radio Reflejos","robots":{"index":"index","follow":"follow","max-snippet":"max-snippet:-1","max-image-preview":"max-image-preview:large","max-video-preview":"max-video-preview:-1"},"canonical":"https:\/\/www.noticiasradioreflejos.com.ar\/2021\/el-consumo-sigue-fragil-los-hogares-ajustan-sus-compras-y-priorizan-gastos-fijos\/","og_locale":"es_ES","og_type":"article","og_title":"El consumo sigue fr\u00e1gil: los hogares ajustan sus compras y priorizan gastos fijos - Noticias Radio Reflejos","og_description":"Aunque aparecen signos de mejora puntuales, el gasto cotidiano sigue condicionado por la p\u00e9rdida de poder adquisitivo, el peso de las tarifas y una mayor b\u00fasqueda de precios.","og_url":"https:\/\/www.noticiasradioreflejos.com.ar\/2021\/el-consumo-sigue-fragil-los-hogares-ajustan-sus-compras-y-priorizan-gastos-fijos\/","og_site_name":"Noticias Radio Reflejos","article_published_time":"2026-04-27T10:17:37+00:00","og_image":[{"width":1200,"height":675,"url":"https:\/\/www.noticiasradioreflejos.com.ar\/2021\/wp-content\/uploads\/2024\/02\/supermer.jpg","type":"image\/jpeg"}],"author":"Arnaldo Botto","twitter_card":"summary_large_image","schema":{"@context":"https:\/\/schema.org","@graph":[{"@type":"WebPage","@id":"https:\/\/www.noticiasradioreflejos.com.ar\/2021\/el-consumo-sigue-fragil-los-hogares-ajustan-sus-compras-y-priorizan-gastos-fijos\/","url":"https:\/\/www.noticiasradioreflejos.com.ar\/2021\/el-consumo-sigue-fragil-los-hogares-ajustan-sus-compras-y-priorizan-gastos-fijos\/","name":"El consumo sigue fr\u00e1gil: los hogares ajustan sus compras y priorizan gastos fijos - Noticias Radio Reflejos","isPartOf":{"@id":"https:\/\/www.noticiasradioreflejos.com.ar\/2021\/#website"},"primaryImageOfPage":{"@id":"https:\/\/www.noticiasradioreflejos.com.ar\/2021\/el-consumo-sigue-fragil-los-hogares-ajustan-sus-compras-y-priorizan-gastos-fijos\/#primaryimage"},"image":{"@id":"https:\/\/www.noticiasradioreflejos.com.ar\/2021\/el-consumo-sigue-fragil-los-hogares-ajustan-sus-compras-y-priorizan-gastos-fijos\/#primaryimage"},"thumbnailUrl":"https:\/\/www.noticiasradioreflejos.com.ar\/2021\/wp-content\/uploads\/2024\/02\/supermer.jpg","datePublished":"2026-04-27T10:17:37+00:00","author":{"@id":"https:\/\/www.noticiasradioreflejos.com.ar\/2021\/#\/schema\/person\/ad82545263dcc5ec0996818884fd5fb1"},"breadcrumb":{"@id":"https:\/\/www.noticiasradioreflejos.com.ar\/2021\/el-consumo-sigue-fragil-los-hogares-ajustan-sus-compras-y-priorizan-gastos-fijos\/#breadcrumb"},"inLanguage":"es","potentialAction":[{"@type":"ReadAction","target":["https:\/\/www.noticiasradioreflejos.com.ar\/2021\/el-consumo-sigue-fragil-los-hogares-ajustan-sus-compras-y-priorizan-gastos-fijos\/"]}]},{"@type":"ImageObject","inLanguage":"es","@id":"https:\/\/www.noticiasradioreflejos.com.ar\/2021\/el-consumo-sigue-fragil-los-hogares-ajustan-sus-compras-y-priorizan-gastos-fijos\/#primaryimage","url":"https:\/\/www.noticiasradioreflejos.com.ar\/2021\/wp-content\/uploads\/2024\/02\/supermer.jpg","contentUrl":"https:\/\/www.noticiasradioreflejos.com.ar\/2021\/wp-content\/uploads\/2024\/02\/supermer.jpg","width":1200,"height":675},{"@type":"BreadcrumbList","@id":"https:\/\/www.noticiasradioreflejos.com.ar\/2021\/el-consumo-sigue-fragil-los-hogares-ajustan-sus-compras-y-priorizan-gastos-fijos\/#breadcrumb","itemListElement":[{"@type":"ListItem","position":1,"name":"Portada","item":"https:\/\/www.noticiasradioreflejos.com.ar\/2021\/"},{"@type":"ListItem","position":2,"name":"El consumo sigue fr\u00e1gil: los hogares ajustan sus compras y priorizan gastos fijos"}]},{"@type":"WebSite","@id":"https:\/\/www.noticiasradioreflejos.com.ar\/2021\/#website","url":"https:\/\/www.noticiasradioreflejos.com.ar\/2021\/","name":"Noticias Radio Reflejos","description":"Las noticias de mi comarca","potentialAction":[{"@type":"SearchAction","target":{"@type":"EntryPoint","urlTemplate":"https:\/\/www.noticiasradioreflejos.com.ar\/2021\/?s={search_term_string}"},"query-input":{"@type":"PropertyValueSpecification","valueRequired":true,"valueName":"search_term_string"}}],"inLanguage":"es"},{"@type":"Person","@id":"https:\/\/www.noticiasradioreflejos.com.ar\/2021\/#\/schema\/person\/ad82545263dcc5ec0996818884fd5fb1","name":"Arnaldo Botto","image":{"@type":"ImageObject","inLanguage":"es","@id":"https:\/\/www.noticiasradioreflejos.com.ar\/2021\/#\/schema\/person\/image\/","url":"https:\/\/secure.gravatar.com\/avatar\/55cb5e37c1efa326397366e6974cb338056df65cb50e7d64d1cf314e87504837?s=96&d=mm&r=g","contentUrl":"https:\/\/secure.gravatar.com\/avatar\/55cb5e37c1efa326397366e6974cb338056df65cb50e7d64d1cf314e87504837?s=96&d=mm&r=g","caption":"Arnaldo Botto"},"url":"https:\/\/www.noticiasradioreflejos.com.ar\/2021\/author\/arnaldo\/"}]}},"_links":{"self":[{"href":"https:\/\/www.noticiasradioreflejos.com.ar\/2021\/wp-json\/wp\/v2\/posts\/136434","targetHints":{"allow":["GET"]}}],"collection":[{"href":"https:\/\/www.noticiasradioreflejos.com.ar\/2021\/wp-json\/wp\/v2\/posts"}],"about":[{"href":"https:\/\/www.noticiasradioreflejos.com.ar\/2021\/wp-json\/wp\/v2\/types\/post"}],"author":[{"embeddable":true,"href":"https:\/\/www.noticiasradioreflejos.com.ar\/2021\/wp-json\/wp\/v2\/users\/3"}],"replies":[{"embeddable":true,"href":"https:\/\/www.noticiasradioreflejos.com.ar\/2021\/wp-json\/wp\/v2\/comments?post=136434"}],"version-history":[{"count":1,"href":"https:\/\/www.noticiasradioreflejos.com.ar\/2021\/wp-json\/wp\/v2\/posts\/136434\/revisions"}],"predecessor-version":[{"id":136435,"href":"https:\/\/www.noticiasradioreflejos.com.ar\/2021\/wp-json\/wp\/v2\/posts\/136434\/revisions\/136435"}],"wp:featuredmedia":[{"embeddable":true,"href":"https:\/\/www.noticiasradioreflejos.com.ar\/2021\/wp-json\/wp\/v2\/media\/99200"}],"wp:attachment":[{"href":"https:\/\/www.noticiasradioreflejos.com.ar\/2021\/wp-json\/wp\/v2\/media?parent=136434"}],"wp:term":[{"taxonomy":"category","embeddable":true,"href":"https:\/\/www.noticiasradioreflejos.com.ar\/2021\/wp-json\/wp\/v2\/categories?post=136434"},{"taxonomy":"post_tag","embeddable":true,"href":"https:\/\/www.noticiasradioreflejos.com.ar\/2021\/wp-json\/wp\/v2\/tags?post=136434"}],"curies":[{"name":"wp","href":"https:\/\/api.w.org\/{rel}","templated":true}]}}