{"id":136431,"date":"2026-04-27T07:09:34","date_gmt":"2026-04-27T10:09:34","guid":{"rendered":"https:\/\/www.noticiasradioreflejos.com.ar\/2021\/?p=136431"},"modified":"2026-04-27T09:58:26","modified_gmt":"2026-04-27T12:58:26","slug":"murio-adolfo-aristarain-uno-de-los-directores-clave-del-cine-argentino","status":"publish","type":"post","link":"https:\/\/www.noticiasradioreflejos.com.ar\/2021\/murio-adolfo-aristarain-uno-de-los-directores-clave-del-cine-argentino\/","title":{"rendered":"Muri\u00f3 Adolfo Aristarain, uno de los directores clave del cine argentino"},"content":{"rendered":"<p>El realizador de cl\u00e1sicos como Tiempo de revancha, Un lugar en el mundo y Mart\u00edn (Hache) fue reconocido tambi\u00e9n en Espa\u00f1a, donde desarroll\u00f3 parte de su carrera.<!--more--><\/p>\n<p>El director de cine <strong>Adolfo Aristarain<\/strong>\u00a0muri\u00f3 este domingo a los 82 a\u00f1os. La noticia fue confirmada por la Academia de las Artes y las Ciencias Cinematogr\u00e1ficas de Espa\u00f1a, pa\u00eds con el que mantuvo un fuerte v\u00ednculo profesional a lo largo de su trayectoria.<\/p>\n<div class=\"partner-wrapper article-page__body-row\">\n<div class=\"second-col\">\n<p class=\"article-text\">Aristarain fue autor de algunas de las pel\u00edculas m\u00e1s influyentes del cine argentino de las \u00faltimas d\u00e9cadas, entre ellas\u00a0<strong>Tiempo de revancha<\/strong>,\u00a0<strong>Un lugar en el mundo<\/strong>\u00a0y\u00a0<strong>Mart\u00edn (Hache)<\/strong>. Su obra se caracteriz\u00f3 por un enfoque narrativo centrado en los conflictos \u00e9ticos y sociales, con una fuerte impronta autoral.<\/p>\n<h3 class=\"article-text\">Trayectoria entre Argentina y Espa\u00f1a<\/h3>\n<p class=\"article-text\">El director vivi\u00f3 durante siete a\u00f1os en Espa\u00f1a, donde film\u00f3 parte de su obra y recibi\u00f3 importantes reconocimientos. Entre ellos, dos Premios Goya y la Medalla de Oro de la Academia de Cine, distinci\u00f3n que le fue otorgada recientemente en su edici\u00f3n 2024.<\/p>\n<figure class=\"embed-container embed-container--type-twitter \">\n<div class=\"twitter-tweet twitter-tweet-rendered\"><iframe id=\"twitter-widget-0\" class=\"\" title=\"X Post\" src=\"https:\/\/platform.twitter.com\/embed\/Tweet.html?dnt=false&amp;embedId=twitter-widget-0&amp;features=eyJ0ZndfdGltZWxpbmVfbGlzdCI6eyJidWNrZXQiOltdLCJ2ZXJzaW9uIjpudWxsfSwidGZ3X2ZvbGxvd2VyX2NvdW50X3N1bnNldCI6eyJidWNrZXQiOnRydWUsInZlcnNpb24iOm51bGx9LCJ0ZndfdHdlZXRfZWRpdF9iYWNrZW5kIjp7ImJ1Y2tldCI6Im9uIiwidmVyc2lvbiI6bnVsbH0sInRmd19yZWZzcmNfc2Vzc2lvbiI6eyJidWNrZXQiOiJvbiIsInZlcnNpb24iOm51bGx9LCJ0ZndfZm9zbnJfc29mdF9pbnRlcnZlbnRpb25zX2VuYWJsZWQiOnsiYnVja2V0Ijoib24iLCJ2ZXJzaW9uIjpudWxsfSwidGZ3X21peGVkX21lZGlhXzE1ODk3Ijp7ImJ1Y2tldCI6InRyZWF0bWVudCIsInZlcnNpb24iOm51bGx9LCJ0ZndfZXhwZXJpbWVudHNfY29va2llX2V4cGlyYXRpb24iOnsiYnVja2V0IjoxMjA5NjAwLCJ2ZXJzaW9uIjpudWxsfSwidGZ3X3Nob3dfYmlyZHdhdGNoX3Bpdm90c19lbmFibGVkIjp7ImJ1Y2tldCI6Im9uIiwidmVyc2lvbiI6bnVsbH0sInRmd19kdXBsaWNhdGVfc2NyaWJlc190b19zZXR0aW5ncyI6eyJidWNrZXQiOiJvbiIsInZlcnNpb24iOm51bGx9LCJ0ZndfdXNlX3Byb2ZpbGVfaW1hZ2Vfc2hhcGVfZW5hYmxlZCI6eyJidWNrZXQiOiJvbiIsInZlcnNpb24iOm51bGx9LCJ0ZndfdmlkZW9faGxzX2R5bmFtaWNfbWFuaWZlc3RzXzE1MDgyIjp7ImJ1Y2tldCI6InRydWVfYml0cmF0ZSIsInZlcnNpb24iOm51bGx9LCJ0ZndfbGVnYWN5X3RpbWVsaW5lX3N1bnNldCI6eyJidWNrZXQiOnRydWUsInZlcnNpb24iOm51bGx9LCJ0ZndfdHdlZXRfZWRpdF9mcm9udGVuZCI6eyJidWNrZXQiOiJvbiIsInZlcnNpb24iOm51bGx9fQ%3D%3D&amp;frame=false&amp;hideCard=false&amp;hideThread=false&amp;id=2048483883197317272&amp;lang=es&amp;origin=https%3A%2F%2Fwww.eldiarioar.com%2Fsociedad%2Fmurio-adolfo-aristarain-directores-clave-cine-argentino_1_13174380.html&amp;sessionId=f52393580cb13f91d15e424076193f59829d7c08&amp;theme=light&amp;widgetsVersion=2615f7e52b7e0%3A1702314776716&amp;width=550px\" frameborder=\"0\" scrolling=\"no\" allowfullscreen=\"allowfullscreen\" data-gtm-yt-inspected-34399851_303=\"true\" data-gtm-yt-inspected-34399851_396=\"true\" data-gtm-yt-inspected-41=\"true\" data-tweet-id=\"2048483883197317272\" data-mce-fragment=\"1\"><\/iframe><\/div>\n<\/figure>\n<p class=\"article-text\">Seg\u00fan destac\u00f3 la Academia espa\u00f1ola, Aristarain fue \u201cun creador clave\u201d para las cinematograf\u00edas de Argentina y Espa\u00f1a en las \u00faltimas d\u00e9cadas.<\/p>\n<h3 class=\"article-text\">Formaci\u00f3n y colaboraciones<\/h3>\n<p class=\"article-text\">Antes de consolidarse como director, Aristarain trabaj\u00f3 como asistente de direcci\u00f3n junto a realizadores como\u00a0<strong>Mario Camus<\/strong>,\u00a0<strong>Vicente Aranda<\/strong>,\u00a0<strong>Sergio Leone<\/strong>,\u00a0<strong>Lewis Gilbert<\/strong>,\u00a0<strong>Gordon Flemyng<\/strong>\u00a0y\u00a0<strong>Sergio Ren\u00e1n<\/strong>, lo que contribuy\u00f3 a moldear su estilo cinematogr\u00e1fico.<\/p>\n<p class=\"article-text\">A lo largo de su carrera dirigi\u00f3 a figuras destacadas como\u00a0<strong>Federico Luppi<\/strong>,\u00a0<strong>Jos\u00e9 Sacrist\u00e1n<\/strong>,\u00a0<strong>Mercedes Sampietro<\/strong>,\u00a0<strong>Eusebio Poncela<\/strong>,\u00a0<strong>Aitana S\u00e1nchez-Gij\u00f3n<\/strong>,\u00a0<strong>Cecilia Roth<\/strong>,\u00a0<strong>Juan Diego Botto<\/strong>\u00a0y\u00a0<strong>Sus\u00fa Pecoraro<\/strong>.<\/p>\n<h3 class=\"article-text\">Una obra reconocida<\/h3>\n<p class=\"article-text\">Entre sus t\u00edtulos m\u00e1s destacados tambi\u00e9n se encuentran\u00a0<strong>La ley de la frontera<\/strong>,\u00a0<strong>Lugares comunes<\/strong>\u00a0y\u00a0<strong>Roma<\/strong>, su \u00faltima pel\u00edcula. Fue adem\u00e1s el primer director argentino en recibir la Medalla de Oro de la Academia de Cine espa\u00f1ola, un reconocimiento a su aporte al cine iberoamericano.<\/p>\n<\/div>\n<\/div>\n","protected":false},"excerpt":{"rendered":"<p>El realizador de cl\u00e1sicos como Tiempo de revancha, Un lugar en el mundo y Mart\u00edn (Hache) fue reconocido tambi\u00e9n en Espa\u00f1a, donde desarroll\u00f3 parte de su carrera.<\/p>\n","protected":false},"author":3,"featured_media":136432,"comment_status":"closed","ping_status":"closed","sticky":false,"template":"","format":"standard","meta":{"footnotes":""},"categories":[35,26],"tags":[],"class_list":["post-136431","post","type-post","status-publish","format-standard","has-post-thumbnail","hentry","category-cultura","category-sociedad"],"yoast_head":"<!-- This site is optimized with the Yoast SEO plugin v25.9 - https:\/\/yoast.com\/wordpress\/plugins\/seo\/ -->\n<title>Muri\u00f3 Adolfo Aristarain, uno de los directores clave del cine argentino - Noticias Radio Reflejos<\/title>\n<meta name=\"robots\" content=\"index, follow, max-snippet:-1, max-image-preview:large, max-video-preview:-1\" \/>\n<link rel=\"canonical\" href=\"https:\/\/www.noticiasradioreflejos.com.ar\/2021\/murio-adolfo-aristarain-uno-de-los-directores-clave-del-cine-argentino\/\" \/>\n<meta property=\"og:locale\" content=\"es_ES\" \/>\n<meta property=\"og:type\" content=\"article\" \/>\n<meta property=\"og:title\" content=\"Muri\u00f3 Adolfo Aristarain, uno de los directores clave del cine argentino - Noticias Radio Reflejos\" \/>\n<meta property=\"og:description\" content=\"El realizador de cl\u00e1sicos como Tiempo de revancha, Un lugar en el mundo y Mart\u00edn (Hache) fue reconocido tambi\u00e9n en Espa\u00f1a, donde desarroll\u00f3 parte de su carrera.\" \/>\n<meta property=\"og:url\" content=\"https:\/\/www.noticiasradioreflejos.com.ar\/2021\/murio-adolfo-aristarain-uno-de-los-directores-clave-del-cine-argentino\/\" \/>\n<meta property=\"og:site_name\" content=\"Noticias Radio Reflejos\" \/>\n<meta property=\"article:published_time\" content=\"2026-04-27T10:09:34+00:00\" \/>\n<meta property=\"article:modified_time\" content=\"2026-04-27T12:58:26+00:00\" \/>\n<meta property=\"og:image\" content=\"https:\/\/www.noticiasradioreflejos.com.ar\/2021\/wp-content\/uploads\/2026\/04\/9bd2bbc0-2e8a-4641-8551-da31399df117_16-9-discover-aspect-ratio_default_0.webp\" \/>\n\t<meta property=\"og:image:width\" content=\"1200\" \/>\n\t<meta property=\"og:image:height\" content=\"675\" \/>\n\t<meta property=\"og:image:type\" content=\"image\/webp\" \/>\n<meta name=\"author\" content=\"Arnaldo Botto\" \/>\n<meta name=\"twitter:card\" content=\"summary_large_image\" \/>\n<script type=\"application\/ld+json\" class=\"yoast-schema-graph\">{\"@context\":\"https:\/\/schema.org\",\"@graph\":[{\"@type\":\"WebPage\",\"@id\":\"https:\/\/www.noticiasradioreflejos.com.ar\/2021\/murio-adolfo-aristarain-uno-de-los-directores-clave-del-cine-argentino\/\",\"url\":\"https:\/\/www.noticiasradioreflejos.com.ar\/2021\/murio-adolfo-aristarain-uno-de-los-directores-clave-del-cine-argentino\/\",\"name\":\"Muri\u00f3 Adolfo Aristarain, uno de los directores clave del cine argentino - Noticias Radio Reflejos\",\"isPartOf\":{\"@id\":\"https:\/\/www.noticiasradioreflejos.com.ar\/2021\/#website\"},\"primaryImageOfPage\":{\"@id\":\"https:\/\/www.noticiasradioreflejos.com.ar\/2021\/murio-adolfo-aristarain-uno-de-los-directores-clave-del-cine-argentino\/#primaryimage\"},\"image\":{\"@id\":\"https:\/\/www.noticiasradioreflejos.com.ar\/2021\/murio-adolfo-aristarain-uno-de-los-directores-clave-del-cine-argentino\/#primaryimage\"},\"thumbnailUrl\":\"https:\/\/www.noticiasradioreflejos.com.ar\/2021\/wp-content\/uploads\/2026\/04\/9bd2bbc0-2e8a-4641-8551-da31399df117_16-9-discover-aspect-ratio_default_0.webp\",\"datePublished\":\"2026-04-27T10:09:34+00:00\",\"dateModified\":\"2026-04-27T12:58:26+00:00\",\"author\":{\"@id\":\"https:\/\/www.noticiasradioreflejos.com.ar\/2021\/#\/schema\/person\/ad82545263dcc5ec0996818884fd5fb1\"},\"breadcrumb\":{\"@id\":\"https:\/\/www.noticiasradioreflejos.com.ar\/2021\/murio-adolfo-aristarain-uno-de-los-directores-clave-del-cine-argentino\/#breadcrumb\"},\"inLanguage\":\"es\",\"potentialAction\":[{\"@type\":\"ReadAction\",\"target\":[\"https:\/\/www.noticiasradioreflejos.com.ar\/2021\/murio-adolfo-aristarain-uno-de-los-directores-clave-del-cine-argentino\/\"]}]},{\"@type\":\"ImageObject\",\"inLanguage\":\"es\",\"@id\":\"https:\/\/www.noticiasradioreflejos.com.ar\/2021\/murio-adolfo-aristarain-uno-de-los-directores-clave-del-cine-argentino\/#primaryimage\",\"url\":\"https:\/\/www.noticiasradioreflejos.com.ar\/2021\/wp-content\/uploads\/2026\/04\/9bd2bbc0-2e8a-4641-8551-da31399df117_16-9-discover-aspect-ratio_default_0.webp\",\"contentUrl\":\"https:\/\/www.noticiasradioreflejos.com.ar\/2021\/wp-content\/uploads\/2026\/04\/9bd2bbc0-2e8a-4641-8551-da31399df117_16-9-discover-aspect-ratio_default_0.webp\",\"width\":1200,\"height\":675},{\"@type\":\"BreadcrumbList\",\"@id\":\"https:\/\/www.noticiasradioreflejos.com.ar\/2021\/murio-adolfo-aristarain-uno-de-los-directores-clave-del-cine-argentino\/#breadcrumb\",\"itemListElement\":[{\"@type\":\"ListItem\",\"position\":1,\"name\":\"Portada\",\"item\":\"https:\/\/www.noticiasradioreflejos.com.ar\/2021\/\"},{\"@type\":\"ListItem\",\"position\":2,\"name\":\"Muri\u00f3 Adolfo Aristarain, uno de los directores clave del cine argentino\"}]},{\"@type\":\"WebSite\",\"@id\":\"https:\/\/www.noticiasradioreflejos.com.ar\/2021\/#website\",\"url\":\"https:\/\/www.noticiasradioreflejos.com.ar\/2021\/\",\"name\":\"Noticias Radio Reflejos\",\"description\":\"Las noticias de mi comarca\",\"potentialAction\":[{\"@type\":\"SearchAction\",\"target\":{\"@type\":\"EntryPoint\",\"urlTemplate\":\"https:\/\/www.noticiasradioreflejos.com.ar\/2021\/?s={search_term_string}\"},\"query-input\":{\"@type\":\"PropertyValueSpecification\",\"valueRequired\":true,\"valueName\":\"search_term_string\"}}],\"inLanguage\":\"es\"},{\"@type\":\"Person\",\"@id\":\"https:\/\/www.noticiasradioreflejos.com.ar\/2021\/#\/schema\/person\/ad82545263dcc5ec0996818884fd5fb1\",\"name\":\"Arnaldo Botto\",\"image\":{\"@type\":\"ImageObject\",\"inLanguage\":\"es\",\"@id\":\"https:\/\/www.noticiasradioreflejos.com.ar\/2021\/#\/schema\/person\/image\/\",\"url\":\"https:\/\/secure.gravatar.com\/avatar\/55cb5e37c1efa326397366e6974cb338056df65cb50e7d64d1cf314e87504837?s=96&d=mm&r=g\",\"contentUrl\":\"https:\/\/secure.gravatar.com\/avatar\/55cb5e37c1efa326397366e6974cb338056df65cb50e7d64d1cf314e87504837?s=96&d=mm&r=g\",\"caption\":\"Arnaldo Botto\"},\"url\":\"https:\/\/www.noticiasradioreflejos.com.ar\/2021\/author\/arnaldo\/\"}]}<\/script>\n<!-- \/ Yoast SEO plugin. -->","yoast_head_json":{"title":"Muri\u00f3 Adolfo Aristarain, uno de los directores clave del cine argentino - Noticias Radio Reflejos","robots":{"index":"index","follow":"follow","max-snippet":"max-snippet:-1","max-image-preview":"max-image-preview:large","max-video-preview":"max-video-preview:-1"},"canonical":"https:\/\/www.noticiasradioreflejos.com.ar\/2021\/murio-adolfo-aristarain-uno-de-los-directores-clave-del-cine-argentino\/","og_locale":"es_ES","og_type":"article","og_title":"Muri\u00f3 Adolfo Aristarain, uno de los directores clave del cine argentino - Noticias Radio Reflejos","og_description":"El realizador de cl\u00e1sicos como Tiempo de revancha, Un lugar en el mundo y Mart\u00edn (Hache) fue reconocido tambi\u00e9n en Espa\u00f1a, donde desarroll\u00f3 parte de su carrera.","og_url":"https:\/\/www.noticiasradioreflejos.com.ar\/2021\/murio-adolfo-aristarain-uno-de-los-directores-clave-del-cine-argentino\/","og_site_name":"Noticias Radio Reflejos","article_published_time":"2026-04-27T10:09:34+00:00","article_modified_time":"2026-04-27T12:58:26+00:00","og_image":[{"width":1200,"height":675,"url":"https:\/\/www.noticiasradioreflejos.com.ar\/2021\/wp-content\/uploads\/2026\/04\/9bd2bbc0-2e8a-4641-8551-da31399df117_16-9-discover-aspect-ratio_default_0.webp","type":"image\/webp"}],"author":"Arnaldo Botto","twitter_card":"summary_large_image","schema":{"@context":"https:\/\/schema.org","@graph":[{"@type":"WebPage","@id":"https:\/\/www.noticiasradioreflejos.com.ar\/2021\/murio-adolfo-aristarain-uno-de-los-directores-clave-del-cine-argentino\/","url":"https:\/\/www.noticiasradioreflejos.com.ar\/2021\/murio-adolfo-aristarain-uno-de-los-directores-clave-del-cine-argentino\/","name":"Muri\u00f3 Adolfo Aristarain, uno de los directores clave del cine argentino - Noticias Radio Reflejos","isPartOf":{"@id":"https:\/\/www.noticiasradioreflejos.com.ar\/2021\/#website"},"primaryImageOfPage":{"@id":"https:\/\/www.noticiasradioreflejos.com.ar\/2021\/murio-adolfo-aristarain-uno-de-los-directores-clave-del-cine-argentino\/#primaryimage"},"image":{"@id":"https:\/\/www.noticiasradioreflejos.com.ar\/2021\/murio-adolfo-aristarain-uno-de-los-directores-clave-del-cine-argentino\/#primaryimage"},"thumbnailUrl":"https:\/\/www.noticiasradioreflejos.com.ar\/2021\/wp-content\/uploads\/2026\/04\/9bd2bbc0-2e8a-4641-8551-da31399df117_16-9-discover-aspect-ratio_default_0.webp","datePublished":"2026-04-27T10:09:34+00:00","dateModified":"2026-04-27T12:58:26+00:00","author":{"@id":"https:\/\/www.noticiasradioreflejos.com.ar\/2021\/#\/schema\/person\/ad82545263dcc5ec0996818884fd5fb1"},"breadcrumb":{"@id":"https:\/\/www.noticiasradioreflejos.com.ar\/2021\/murio-adolfo-aristarain-uno-de-los-directores-clave-del-cine-argentino\/#breadcrumb"},"inLanguage":"es","potentialAction":[{"@type":"ReadAction","target":["https:\/\/www.noticiasradioreflejos.com.ar\/2021\/murio-adolfo-aristarain-uno-de-los-directores-clave-del-cine-argentino\/"]}]},{"@type":"ImageObject","inLanguage":"es","@id":"https:\/\/www.noticiasradioreflejos.com.ar\/2021\/murio-adolfo-aristarain-uno-de-los-directores-clave-del-cine-argentino\/#primaryimage","url":"https:\/\/www.noticiasradioreflejos.com.ar\/2021\/wp-content\/uploads\/2026\/04\/9bd2bbc0-2e8a-4641-8551-da31399df117_16-9-discover-aspect-ratio_default_0.webp","contentUrl":"https:\/\/www.noticiasradioreflejos.com.ar\/2021\/wp-content\/uploads\/2026\/04\/9bd2bbc0-2e8a-4641-8551-da31399df117_16-9-discover-aspect-ratio_default_0.webp","width":1200,"height":675},{"@type":"BreadcrumbList","@id":"https:\/\/www.noticiasradioreflejos.com.ar\/2021\/murio-adolfo-aristarain-uno-de-los-directores-clave-del-cine-argentino\/#breadcrumb","itemListElement":[{"@type":"ListItem","position":1,"name":"Portada","item":"https:\/\/www.noticiasradioreflejos.com.ar\/2021\/"},{"@type":"ListItem","position":2,"name":"Muri\u00f3 Adolfo Aristarain, uno de los directores clave del cine argentino"}]},{"@type":"WebSite","@id":"https:\/\/www.noticiasradioreflejos.com.ar\/2021\/#website","url":"https:\/\/www.noticiasradioreflejos.com.ar\/2021\/","name":"Noticias Radio Reflejos","description":"Las noticias de mi comarca","potentialAction":[{"@type":"SearchAction","target":{"@type":"EntryPoint","urlTemplate":"https:\/\/www.noticiasradioreflejos.com.ar\/2021\/?s={search_term_string}"},"query-input":{"@type":"PropertyValueSpecification","valueRequired":true,"valueName":"search_term_string"}}],"inLanguage":"es"},{"@type":"Person","@id":"https:\/\/www.noticiasradioreflejos.com.ar\/2021\/#\/schema\/person\/ad82545263dcc5ec0996818884fd5fb1","name":"Arnaldo Botto","image":{"@type":"ImageObject","inLanguage":"es","@id":"https:\/\/www.noticiasradioreflejos.com.ar\/2021\/#\/schema\/person\/image\/","url":"https:\/\/secure.gravatar.com\/avatar\/55cb5e37c1efa326397366e6974cb338056df65cb50e7d64d1cf314e87504837?s=96&d=mm&r=g","contentUrl":"https:\/\/secure.gravatar.com\/avatar\/55cb5e37c1efa326397366e6974cb338056df65cb50e7d64d1cf314e87504837?s=96&d=mm&r=g","caption":"Arnaldo Botto"},"url":"https:\/\/www.noticiasradioreflejos.com.ar\/2021\/author\/arnaldo\/"}]}},"_links":{"self":[{"href":"https:\/\/www.noticiasradioreflejos.com.ar\/2021\/wp-json\/wp\/v2\/posts\/136431","targetHints":{"allow":["GET"]}}],"collection":[{"href":"https:\/\/www.noticiasradioreflejos.com.ar\/2021\/wp-json\/wp\/v2\/posts"}],"about":[{"href":"https:\/\/www.noticiasradioreflejos.com.ar\/2021\/wp-json\/wp\/v2\/types\/post"}],"author":[{"embeddable":true,"href":"https:\/\/www.noticiasradioreflejos.com.ar\/2021\/wp-json\/wp\/v2\/users\/3"}],"replies":[{"embeddable":true,"href":"https:\/\/www.noticiasradioreflejos.com.ar\/2021\/wp-json\/wp\/v2\/comments?post=136431"}],"version-history":[{"count":1,"href":"https:\/\/www.noticiasradioreflejos.com.ar\/2021\/wp-json\/wp\/v2\/posts\/136431\/revisions"}],"predecessor-version":[{"id":136433,"href":"https:\/\/www.noticiasradioreflejos.com.ar\/2021\/wp-json\/wp\/v2\/posts\/136431\/revisions\/136433"}],"wp:featuredmedia":[{"embeddable":true,"href":"https:\/\/www.noticiasradioreflejos.com.ar\/2021\/wp-json\/wp\/v2\/media\/136432"}],"wp:attachment":[{"href":"https:\/\/www.noticiasradioreflejos.com.ar\/2021\/wp-json\/wp\/v2\/media?parent=136431"}],"wp:term":[{"taxonomy":"category","embeddable":true,"href":"https:\/\/www.noticiasradioreflejos.com.ar\/2021\/wp-json\/wp\/v2\/categories?post=136431"},{"taxonomy":"post_tag","embeddable":true,"href":"https:\/\/www.noticiasradioreflejos.com.ar\/2021\/wp-json\/wp\/v2\/tags?post=136431"}],"curies":[{"name":"wp","href":"https:\/\/api.w.org\/{rel}","templated":true}]}}