{"id":136429,"date":"2026-04-27T07:04:41","date_gmt":"2026-04-27T10:04:41","guid":{"rendered":"https:\/\/www.noticiasradioreflejos.com.ar\/2021\/?p=136429"},"modified":"2026-04-27T07:04:58","modified_gmt":"2026-04-27T10:04:58","slug":"lunes-de-tregua-en-la-comarca-tras-un-domingo-de-furia-y-rafagas-de-89-km-h","status":"publish","type":"post","link":"https:\/\/www.noticiasradioreflejos.com.ar\/2021\/lunes-de-tregua-en-la-comarca-tras-un-domingo-de-furia-y-rafagas-de-89-km-h\/","title":{"rendered":"Lunes de tregua en la Comarca tras un domingo de furia y r\u00e1fagas de 89 km\/h"},"content":{"rendered":"<p>El temporal del domingo caus\u00f3 cortes de servicio en Villa Ventana por ca\u00edda de ramas. Para hoy se espera una m\u00e1xima de 11\u00b0C, mientras que el martes las heladas dar\u00e1n paso a un ascenso t\u00e9rmico previo a un nuevo alerta por vientos para el mi\u00e9rcoles.<!--more--><\/p>\n<p data-path-to-node=\"6\">La Comarca Serrana vivi\u00f3 una jornada de domingo marcada por la inestabilidad y condiciones meteorol\u00f3gicas severas. El fen\u00f3meno m\u00e1s destacado fue el <b data-path-to-node=\"6\" data-index-in-node=\"148\">viento<\/b>, cuyas r\u00e1fagas alcanzaron los <b data-path-to-node=\"6\" data-index-in-node=\"185\">89 km\/h<\/b> durante la tarde en el \u00e1rea urbana de Sierra de la Ventana.<\/p>\n<p data-path-to-node=\"7\">Acompa\u00f1ando las r\u00e1fagas, se registraron lloviznas parciales y chaparrones aislados que acumularon un total de <b data-path-to-node=\"7\" data-index-in-node=\"110\">4,5 mm<\/b>. El fr\u00edo fue una constante, con temperaturas que oscilaron en un rango muy estrecho entre los <b data-path-to-node=\"7\" data-index-in-node=\"211\">3,6\u00b0C y los 8\u00b0C con la sensaci\u00f3n t\u00e9rmica en los 5\u00b0<\/b>.<\/p>\n<p data-path-to-node=\"7\">Estos factores provocaron inconvenientes en la regi\u00f3n, siendo el m\u00e1s relevante la ca\u00edda de ramas que deriv\u00f3 en cortes de servicios en <b data-path-to-node=\"7\" data-index-in-node=\"362\">Villa Ventana<\/b>, aunque afortunadamente no se reportaron da\u00f1os de gravedad para los vecinos del valle.<\/p>\n<h4 data-path-to-node=\"8\">Pron\u00f3stico detallado: De la helada al alerta amarillo<\/h4>\n<ul data-path-to-node=\"9\">\n<li>\n<p data-path-to-node=\"9,0,0\"><b data-path-to-node=\"9,0,0\" data-index-in-node=\"0\">Lunes 27 de abril:<\/b> La semana comienza con fr\u00edo y poco sol. Tras una m\u00ednima de <b data-path-to-node=\"9,0,0\" data-index-in-node=\"78\">4\u00b0C<\/b> registrada a las 6:44 hs, se espera una m\u00e1xima de <b data-path-to-node=\"9,0,0\" data-index-in-node=\"132\">11\u00b0C<\/b>. La ma\u00f1ana se presentar\u00e1 soleada con vientos moderados del Oeste-Noroeste (r\u00e1fagas de hasta 28 km\/h). Sin embargo, a partir del mediod\u00eda el cielo se cubrir\u00e1 y la noche cerrar\u00e1 con vientos en calma y un marcado descenso t\u00e9rmico.<\/p>\n<\/li>\n<li>\n<p data-path-to-node=\"9,1,0\"><b data-path-to-node=\"9,1,0\" data-index-in-node=\"0\">Martes 28 de abril:<\/b> Ser\u00e1 una jornada de contrastes. La m\u00ednima descender\u00e1 hasta los <b data-path-to-node=\"9,1,0\" data-index-in-node=\"83\">2\u00b0C<\/b>, con alta probabilidad de <b data-path-to-node=\"9,1,0\" data-index-in-node=\"113\">heladas matinales<\/b>. No obstante, por la tarde se espera un notable ascenso de la temperatura, alcanzando una m\u00e1xima de <b data-path-to-node=\"9,1,0\" data-index-in-node=\"231\">18\u00b0C<\/b>. El cielo tender\u00e1 a nublarse completamente hacia el final del d\u00eda.<\/p>\n<\/li>\n<li>\n<p data-path-to-node=\"9,2,0\"><b data-path-to-node=\"9,2,0\" data-index-in-node=\"0\">Mi\u00e9rcoles 29 de abril:<\/b> Se establece un <b data-path-to-node=\"9,2,0\" data-index-in-node=\"39\">alerta amarillo<\/b> por vientos intensos. Se prev\u00e9n r\u00e1fagas de entre <b data-path-to-node=\"9,2,0\" data-index-in-node=\"104\">60 y 70 km\/h<\/b> provenientes del Noroeste rotando al Sudoeste. A pesar del viento, el cielo permanecer\u00e1 despejado con temperaturas agradables que rondar\u00e1n entre los <b data-path-to-node=\"9,2,0\" data-index-in-node=\"266\">13\u00b0C y 18\u00b0C<\/b>.<\/p>\n<\/li>\n<\/ul>\n<blockquote data-path-to-node=\"10\">\n<p data-path-to-node=\"10,0\"><b data-path-to-node=\"10,0\" data-index-in-node=\"0\">Nota de seguridad:<\/b> Ante el alerta amarillo del mi\u00e9rcoles, se recomienda a los pobladores asegurar objetos que puedan volarse y evitar circular por zonas arboladas tras la fragilidad detectada en el arbolado durante el \u00faltimo temporal.<\/p>\n<\/blockquote>\n","protected":false},"excerpt":{"rendered":"<p>El temporal del domingo caus\u00f3 cortes de servicio en Villa Ventana por ca\u00edda de ramas. Para hoy se espera una m\u00e1xima de 11\u00b0C, mientras que el martes las heladas dar\u00e1n paso a un ascenso t\u00e9rmico previo a un nuevo alerta por vientos para el mi\u00e9rcoles.<\/p>\n","protected":false},"author":3,"featured_media":73911,"comment_status":"closed","ping_status":"closed","sticky":false,"template":"","format":"standard","meta":{"footnotes":""},"categories":[46],"tags":[48],"class_list":["post-136429","post","type-post","status-publish","format-standard","has-post-thumbnail","hentry","category-ciencia-y-tecnologia","tag-destacada"],"yoast_head":"<!-- This site is optimized with the Yoast SEO plugin v25.9 - https:\/\/yoast.com\/wordpress\/plugins\/seo\/ -->\n<title>Lunes de tregua en la Comarca tras un domingo de furia y r\u00e1fagas de 89 km\/h - Noticias Radio Reflejos<\/title>\n<meta name=\"robots\" content=\"index, follow, max-snippet:-1, max-image-preview:large, max-video-preview:-1\" \/>\n<link rel=\"canonical\" href=\"https:\/\/www.noticiasradioreflejos.com.ar\/2021\/lunes-de-tregua-en-la-comarca-tras-un-domingo-de-furia-y-rafagas-de-89-km-h\/\" \/>\n<meta property=\"og:locale\" content=\"es_ES\" \/>\n<meta property=\"og:type\" content=\"article\" \/>\n<meta property=\"og:title\" content=\"Lunes de tregua en la Comarca tras un domingo de furia y r\u00e1fagas de 89 km\/h - Noticias Radio Reflejos\" \/>\n<meta property=\"og:description\" content=\"El temporal del domingo caus\u00f3 cortes de servicio en Villa Ventana por ca\u00edda de ramas. Para hoy se espera una m\u00e1xima de 11\u00b0C, mientras que el martes las heladas dar\u00e1n paso a un ascenso t\u00e9rmico previo a un nuevo alerta por vientos para el mi\u00e9rcoles.\" \/>\n<meta property=\"og:url\" content=\"https:\/\/www.noticiasradioreflejos.com.ar\/2021\/lunes-de-tregua-en-la-comarca-tras-un-domingo-de-furia-y-rafagas-de-89-km-h\/\" \/>\n<meta property=\"og:site_name\" content=\"Noticias Radio Reflejos\" \/>\n<meta property=\"article:published_time\" content=\"2026-04-27T10:04:41+00:00\" \/>\n<meta property=\"article:modified_time\" content=\"2026-04-27T10:04:58+00:00\" \/>\n<meta property=\"og:image\" content=\"https:\/\/www.noticiasradioreflejos.com.ar\/2021\/wp-content\/uploads\/2022\/06\/Sierra-de-la-Ventana.jpg\" \/>\n\t<meta property=\"og:image:width\" content=\"2048\" \/>\n\t<meta property=\"og:image:height\" content=\"1152\" \/>\n\t<meta property=\"og:image:type\" content=\"image\/jpeg\" \/>\n<meta name=\"author\" content=\"Arnaldo Botto\" \/>\n<meta name=\"twitter:card\" content=\"summary_large_image\" \/>\n<script type=\"application\/ld+json\" class=\"yoast-schema-graph\">{\"@context\":\"https:\/\/schema.org\",\"@graph\":[{\"@type\":\"WebPage\",\"@id\":\"https:\/\/www.noticiasradioreflejos.com.ar\/2021\/lunes-de-tregua-en-la-comarca-tras-un-domingo-de-furia-y-rafagas-de-89-km-h\/\",\"url\":\"https:\/\/www.noticiasradioreflejos.com.ar\/2021\/lunes-de-tregua-en-la-comarca-tras-un-domingo-de-furia-y-rafagas-de-89-km-h\/\",\"name\":\"Lunes de tregua en la Comarca tras un domingo de furia y r\u00e1fagas de 89 km\/h - Noticias Radio Reflejos\",\"isPartOf\":{\"@id\":\"https:\/\/www.noticiasradioreflejos.com.ar\/2021\/#website\"},\"primaryImageOfPage\":{\"@id\":\"https:\/\/www.noticiasradioreflejos.com.ar\/2021\/lunes-de-tregua-en-la-comarca-tras-un-domingo-de-furia-y-rafagas-de-89-km-h\/#primaryimage\"},\"image\":{\"@id\":\"https:\/\/www.noticiasradioreflejos.com.ar\/2021\/lunes-de-tregua-en-la-comarca-tras-un-domingo-de-furia-y-rafagas-de-89-km-h\/#primaryimage\"},\"thumbnailUrl\":\"https:\/\/www.noticiasradioreflejos.com.ar\/2021\/wp-content\/uploads\/2022\/06\/Sierra-de-la-Ventana.jpg\",\"datePublished\":\"2026-04-27T10:04:41+00:00\",\"dateModified\":\"2026-04-27T10:04:58+00:00\",\"author\":{\"@id\":\"https:\/\/www.noticiasradioreflejos.com.ar\/2021\/#\/schema\/person\/ad82545263dcc5ec0996818884fd5fb1\"},\"breadcrumb\":{\"@id\":\"https:\/\/www.noticiasradioreflejos.com.ar\/2021\/lunes-de-tregua-en-la-comarca-tras-un-domingo-de-furia-y-rafagas-de-89-km-h\/#breadcrumb\"},\"inLanguage\":\"es\",\"potentialAction\":[{\"@type\":\"ReadAction\",\"target\":[\"https:\/\/www.noticiasradioreflejos.com.ar\/2021\/lunes-de-tregua-en-la-comarca-tras-un-domingo-de-furia-y-rafagas-de-89-km-h\/\"]}]},{\"@type\":\"ImageObject\",\"inLanguage\":\"es\",\"@id\":\"https:\/\/www.noticiasradioreflejos.com.ar\/2021\/lunes-de-tregua-en-la-comarca-tras-un-domingo-de-furia-y-rafagas-de-89-km-h\/#primaryimage\",\"url\":\"https:\/\/www.noticiasradioreflejos.com.ar\/2021\/wp-content\/uploads\/2022\/06\/Sierra-de-la-Ventana.jpg\",\"contentUrl\":\"https:\/\/www.noticiasradioreflejos.com.ar\/2021\/wp-content\/uploads\/2022\/06\/Sierra-de-la-Ventana.jpg\",\"width\":2048,\"height\":1152},{\"@type\":\"BreadcrumbList\",\"@id\":\"https:\/\/www.noticiasradioreflejos.com.ar\/2021\/lunes-de-tregua-en-la-comarca-tras-un-domingo-de-furia-y-rafagas-de-89-km-h\/#breadcrumb\",\"itemListElement\":[{\"@type\":\"ListItem\",\"position\":1,\"name\":\"Portada\",\"item\":\"https:\/\/www.noticiasradioreflejos.com.ar\/2021\/\"},{\"@type\":\"ListItem\",\"position\":2,\"name\":\"Lunes de tregua en la Comarca tras un domingo de furia y r\u00e1fagas de 89 km\/h\"}]},{\"@type\":\"WebSite\",\"@id\":\"https:\/\/www.noticiasradioreflejos.com.ar\/2021\/#website\",\"url\":\"https:\/\/www.noticiasradioreflejos.com.ar\/2021\/\",\"name\":\"Noticias Radio Reflejos\",\"description\":\"Las noticias de mi comarca\",\"potentialAction\":[{\"@type\":\"SearchAction\",\"target\":{\"@type\":\"EntryPoint\",\"urlTemplate\":\"https:\/\/www.noticiasradioreflejos.com.ar\/2021\/?s={search_term_string}\"},\"query-input\":{\"@type\":\"PropertyValueSpecification\",\"valueRequired\":true,\"valueName\":\"search_term_string\"}}],\"inLanguage\":\"es\"},{\"@type\":\"Person\",\"@id\":\"https:\/\/www.noticiasradioreflejos.com.ar\/2021\/#\/schema\/person\/ad82545263dcc5ec0996818884fd5fb1\",\"name\":\"Arnaldo Botto\",\"image\":{\"@type\":\"ImageObject\",\"inLanguage\":\"es\",\"@id\":\"https:\/\/www.noticiasradioreflejos.com.ar\/2021\/#\/schema\/person\/image\/\",\"url\":\"https:\/\/secure.gravatar.com\/avatar\/55cb5e37c1efa326397366e6974cb338056df65cb50e7d64d1cf314e87504837?s=96&d=mm&r=g\",\"contentUrl\":\"https:\/\/secure.gravatar.com\/avatar\/55cb5e37c1efa326397366e6974cb338056df65cb50e7d64d1cf314e87504837?s=96&d=mm&r=g\",\"caption\":\"Arnaldo Botto\"},\"url\":\"https:\/\/www.noticiasradioreflejos.com.ar\/2021\/author\/arnaldo\/\"}]}<\/script>\n<!-- \/ Yoast SEO plugin. -->","yoast_head_json":{"title":"Lunes de tregua en la Comarca tras un domingo de furia y r\u00e1fagas de 89 km\/h - Noticias Radio Reflejos","robots":{"index":"index","follow":"follow","max-snippet":"max-snippet:-1","max-image-preview":"max-image-preview:large","max-video-preview":"max-video-preview:-1"},"canonical":"https:\/\/www.noticiasradioreflejos.com.ar\/2021\/lunes-de-tregua-en-la-comarca-tras-un-domingo-de-furia-y-rafagas-de-89-km-h\/","og_locale":"es_ES","og_type":"article","og_title":"Lunes de tregua en la Comarca tras un domingo de furia y r\u00e1fagas de 89 km\/h - Noticias Radio Reflejos","og_description":"El temporal del domingo caus\u00f3 cortes de servicio en Villa Ventana por ca\u00edda de ramas. Para hoy se espera una m\u00e1xima de 11\u00b0C, mientras que el martes las heladas dar\u00e1n paso a un ascenso t\u00e9rmico previo a un nuevo alerta por vientos para el mi\u00e9rcoles.","og_url":"https:\/\/www.noticiasradioreflejos.com.ar\/2021\/lunes-de-tregua-en-la-comarca-tras-un-domingo-de-furia-y-rafagas-de-89-km-h\/","og_site_name":"Noticias Radio Reflejos","article_published_time":"2026-04-27T10:04:41+00:00","article_modified_time":"2026-04-27T10:04:58+00:00","og_image":[{"width":2048,"height":1152,"url":"https:\/\/www.noticiasradioreflejos.com.ar\/2021\/wp-content\/uploads\/2022\/06\/Sierra-de-la-Ventana.jpg","type":"image\/jpeg"}],"author":"Arnaldo Botto","twitter_card":"summary_large_image","schema":{"@context":"https:\/\/schema.org","@graph":[{"@type":"WebPage","@id":"https:\/\/www.noticiasradioreflejos.com.ar\/2021\/lunes-de-tregua-en-la-comarca-tras-un-domingo-de-furia-y-rafagas-de-89-km-h\/","url":"https:\/\/www.noticiasradioreflejos.com.ar\/2021\/lunes-de-tregua-en-la-comarca-tras-un-domingo-de-furia-y-rafagas-de-89-km-h\/","name":"Lunes de tregua en la Comarca tras un domingo de furia y r\u00e1fagas de 89 km\/h - Noticias Radio Reflejos","isPartOf":{"@id":"https:\/\/www.noticiasradioreflejos.com.ar\/2021\/#website"},"primaryImageOfPage":{"@id":"https:\/\/www.noticiasradioreflejos.com.ar\/2021\/lunes-de-tregua-en-la-comarca-tras-un-domingo-de-furia-y-rafagas-de-89-km-h\/#primaryimage"},"image":{"@id":"https:\/\/www.noticiasradioreflejos.com.ar\/2021\/lunes-de-tregua-en-la-comarca-tras-un-domingo-de-furia-y-rafagas-de-89-km-h\/#primaryimage"},"thumbnailUrl":"https:\/\/www.noticiasradioreflejos.com.ar\/2021\/wp-content\/uploads\/2022\/06\/Sierra-de-la-Ventana.jpg","datePublished":"2026-04-27T10:04:41+00:00","dateModified":"2026-04-27T10:04:58+00:00","author":{"@id":"https:\/\/www.noticiasradioreflejos.com.ar\/2021\/#\/schema\/person\/ad82545263dcc5ec0996818884fd5fb1"},"breadcrumb":{"@id":"https:\/\/www.noticiasradioreflejos.com.ar\/2021\/lunes-de-tregua-en-la-comarca-tras-un-domingo-de-furia-y-rafagas-de-89-km-h\/#breadcrumb"},"inLanguage":"es","potentialAction":[{"@type":"ReadAction","target":["https:\/\/www.noticiasradioreflejos.com.ar\/2021\/lunes-de-tregua-en-la-comarca-tras-un-domingo-de-furia-y-rafagas-de-89-km-h\/"]}]},{"@type":"ImageObject","inLanguage":"es","@id":"https:\/\/www.noticiasradioreflejos.com.ar\/2021\/lunes-de-tregua-en-la-comarca-tras-un-domingo-de-furia-y-rafagas-de-89-km-h\/#primaryimage","url":"https:\/\/www.noticiasradioreflejos.com.ar\/2021\/wp-content\/uploads\/2022\/06\/Sierra-de-la-Ventana.jpg","contentUrl":"https:\/\/www.noticiasradioreflejos.com.ar\/2021\/wp-content\/uploads\/2022\/06\/Sierra-de-la-Ventana.jpg","width":2048,"height":1152},{"@type":"BreadcrumbList","@id":"https:\/\/www.noticiasradioreflejos.com.ar\/2021\/lunes-de-tregua-en-la-comarca-tras-un-domingo-de-furia-y-rafagas-de-89-km-h\/#breadcrumb","itemListElement":[{"@type":"ListItem","position":1,"name":"Portada","item":"https:\/\/www.noticiasradioreflejos.com.ar\/2021\/"},{"@type":"ListItem","position":2,"name":"Lunes de tregua en la Comarca tras un domingo de furia y r\u00e1fagas de 89 km\/h"}]},{"@type":"WebSite","@id":"https:\/\/www.noticiasradioreflejos.com.ar\/2021\/#website","url":"https:\/\/www.noticiasradioreflejos.com.ar\/2021\/","name":"Noticias Radio Reflejos","description":"Las noticias de mi comarca","potentialAction":[{"@type":"SearchAction","target":{"@type":"EntryPoint","urlTemplate":"https:\/\/www.noticiasradioreflejos.com.ar\/2021\/?s={search_term_string}"},"query-input":{"@type":"PropertyValueSpecification","valueRequired":true,"valueName":"search_term_string"}}],"inLanguage":"es"},{"@type":"Person","@id":"https:\/\/www.noticiasradioreflejos.com.ar\/2021\/#\/schema\/person\/ad82545263dcc5ec0996818884fd5fb1","name":"Arnaldo Botto","image":{"@type":"ImageObject","inLanguage":"es","@id":"https:\/\/www.noticiasradioreflejos.com.ar\/2021\/#\/schema\/person\/image\/","url":"https:\/\/secure.gravatar.com\/avatar\/55cb5e37c1efa326397366e6974cb338056df65cb50e7d64d1cf314e87504837?s=96&d=mm&r=g","contentUrl":"https:\/\/secure.gravatar.com\/avatar\/55cb5e37c1efa326397366e6974cb338056df65cb50e7d64d1cf314e87504837?s=96&d=mm&r=g","caption":"Arnaldo Botto"},"url":"https:\/\/www.noticiasradioreflejos.com.ar\/2021\/author\/arnaldo\/"}]}},"_links":{"self":[{"href":"https:\/\/www.noticiasradioreflejos.com.ar\/2021\/wp-json\/wp\/v2\/posts\/136429","targetHints":{"allow":["GET"]}}],"collection":[{"href":"https:\/\/www.noticiasradioreflejos.com.ar\/2021\/wp-json\/wp\/v2\/posts"}],"about":[{"href":"https:\/\/www.noticiasradioreflejos.com.ar\/2021\/wp-json\/wp\/v2\/types\/post"}],"author":[{"embeddable":true,"href":"https:\/\/www.noticiasradioreflejos.com.ar\/2021\/wp-json\/wp\/v2\/users\/3"}],"replies":[{"embeddable":true,"href":"https:\/\/www.noticiasradioreflejos.com.ar\/2021\/wp-json\/wp\/v2\/comments?post=136429"}],"version-history":[{"count":1,"href":"https:\/\/www.noticiasradioreflejos.com.ar\/2021\/wp-json\/wp\/v2\/posts\/136429\/revisions"}],"predecessor-version":[{"id":136430,"href":"https:\/\/www.noticiasradioreflejos.com.ar\/2021\/wp-json\/wp\/v2\/posts\/136429\/revisions\/136430"}],"wp:featuredmedia":[{"embeddable":true,"href":"https:\/\/www.noticiasradioreflejos.com.ar\/2021\/wp-json\/wp\/v2\/media\/73911"}],"wp:attachment":[{"href":"https:\/\/www.noticiasradioreflejos.com.ar\/2021\/wp-json\/wp\/v2\/media?parent=136429"}],"wp:term":[{"taxonomy":"category","embeddable":true,"href":"https:\/\/www.noticiasradioreflejos.com.ar\/2021\/wp-json\/wp\/v2\/categories?post=136429"},{"taxonomy":"post_tag","embeddable":true,"href":"https:\/\/www.noticiasradioreflejos.com.ar\/2021\/wp-json\/wp\/v2\/tags?post=136429"}],"curies":[{"name":"wp","href":"https:\/\/api.w.org\/{rel}","templated":true}]}}