{"id":136412,"date":"2026-04-26T09:23:46","date_gmt":"2026-04-26T12:23:46","guid":{"rendered":"https:\/\/www.noticiasradioreflejos.com.ar\/2021\/?p=136412"},"modified":"2026-04-26T09:23:46","modified_gmt":"2026-04-26T12:23:46","slug":"evacuan-a-trump-de-un-evento-tras-escucharse-disparos","status":"publish","type":"post","link":"https:\/\/www.noticiasradioreflejos.com.ar\/2021\/evacuan-a-trump-de-un-evento-tras-escucharse-disparos\/","title":{"rendered":"Evac\u00faan a Trump de un evento tras escucharse disparos"},"content":{"rendered":"<p>El mandatario estadounidense anunci\u00f3 que un \u201ctirador\u201d hab\u00eda sido detenido. \u00c9l ya hab\u00eda sufrido al menos tres atentados, dos de ellos en la campa\u00f1a electoral de 2O24.<!--more--><\/p>\n<div class=\"article-content\">\n<article class=\"p12-article-body \">\n<p class=\"c-paragraph\">El presidente de Estados Unidos,\u00a0<b>Donald Trump<\/b>,\u00a0<b>tuvo que ser evacuado de urgencia despu\u00e9s de que el s\u00e1bado por la noche un hombre armado intentara irrumpir en una gala a la que asist\u00eda<\/b>\u00a0y fuera detenido tras dispararle a un agente de las fuerzas del orden. Apenas dos horas m\u00e1s tarde, el presidente se refiri\u00f3 a lo sucedido como una acci\u00f3n de un \u201casesino en potencia\u201d,<\/p>\n<p class=\"c-paragraph\">\u201cNo es la primera vez en los \u00faltimos a\u00f1os que nuestra Rep\u00fablica es atacada por un asesino en potencia que buscaba matar\u201d, declar\u00f3 Trump, a\u00fan vestido con esmoquin, durante una conferencia de prensa ofrecida en la Casa Blanca despu\u00e9s del incidente.<\/p>\n<p class=\"c-paragraph\"><b>Guardias armados abrieron fuego contra el atacante que irrumpi\u00f3 a trav\u00e9s del control de seguridad<\/b>\u00a0justo fuera del sal\u00f3n de baile del hotel, donde estaban Trump, la primera dama Melania Trump y varios altos funcionarios del gobierno, como el vice JD Vance, el secretario de Defensa Pete Hegseth y el secretario de Estado Marco Rubio.<\/p>\n<figure class=\"c-media-item p12-article-body__image\"><picture class=\"c-picture\"><source srcset=\"https:\/\/www.pagina12.com.ar\/resizer\/v2\/XHNMBWZMNRCSRADHZFKIQZRHY4.png?quality=75&amp;auth=0d777611d9dedc6040e74672a1348a4860f06f1237bf6048ab883863eacadb5c&amp;width=380\" media=\"(max-width: 767px)\" \/><img decoding=\"async\" class=\"c-image\" src=\"https:\/\/www.pagina12.com.ar\/resizer\/v2\/XHNMBWZMNRCSRADHZFKIQZRHY4.png?quality=75&amp;auth=0d777611d9dedc6040e74672a1348a4860f06f1237bf6048ab883863eacadb5c&amp;width=1434\" srcset=\"https:\/\/www.pagina12.com.ar\/resizer\/v2\/XHNMBWZMNRCSRADHZFKIQZRHY4.png?quality=75&amp;auth=0d777611d9dedc6040e74672a1348a4860f06f1237bf6048ab883863eacadb5c&amp;width=980 980w\" alt=\"\" width=\"1434\" height=\"NaN\" data-chromatic=\"ignore\" \/><\/picture><figcaption class=\"c-media-item__fig-caption\"><span class=\"c-media-item__title\">captura Trump\u00a0<\/span><span class=\"c-media-item__credit\">(Capturas de Video)<\/span><\/figcaption><\/figure>\n<p class=\"c-paragraph\">La gente se lanz\u00f3 debajo de las mesas en escenas ca\u00f3ticas mientras equipos del Servicio Secreto irrump\u00edan en la Cena de Corresponsales de la Casa Blanca, un evento de etiqueta que se celebra cada a\u00f1o en el hotel Washington Hilton, en la capital estadounidense.<\/p>\n<p class=\"c-paragraph\">\u201cUn hombre arremeti\u00f3 contra un puesto de control de seguridad armado con m\u00faltiples armas, y fue reducido por algunos miembros muy valientes del Servicio Secreto\u201d, dijo Trump.\u00a0<b>\u201cParece que piensan que era un lobo solitario, y yo tambi\u00e9n lo creo\u201d<\/b>, afirm\u00f3, despu\u00e9s de publicar un video del atacante corriendo m\u00e1s all\u00e1 del cord\u00f3n de seguridad mientras los guardias desenfundaban sus armas y abr\u00edan fuego. Adem\u00e1s, dijo que \u201cesto no va a disuadirme de ganar la guerra en Ir\u00e1n. No s\u00e9 si esto tuvo algo que ver, realmente no lo creo, bas\u00e1ndome en lo que sabemos\u201d, dijo Trump.<\/p>\n<p class=\"c-paragraph\">Las autoridades de Washington dijeron que el sospechoso, a quien varias fuentes identificaron como Cole Tomas Allen (31 a\u00f1os), ser\u00e1 procesado el lunes en el tribunal por cargos de armas de fuego y agresi\u00f3n, al parecer hab\u00eda sido hu\u00e9sped del hotel. Estaba armado con una escopeta, una pistola y cuchillos.<\/p>\n<p class=\"c-paragraph\"><b>Trump indic\u00f3 que un agente recibi\u00f3 un disparo a quemarropa<\/b>, pero que al parecer no sufri\u00f3 heridas de gravedad. La brecha de seguridad se produjo despu\u00e9s del discurso de bienvenida y durante la cena, antes de que el presidente hablara.<\/p>\n<p class=\"c-paragraph\">Trump se\u00f1al\u00f3 que al principio pens\u00f3 que el ruido era una bandeja que se ca\u00eda antes de darse cuenta de que se trataba de disparos. Afirm\u00f3 que planeaba reprogramar la gala de medios en el plazo de un mes a pesar del susto de seguridad.<\/p>\n<figure class=\"c-media-item p12-article-body__image\"><picture class=\"c-picture\"><source srcset=\"https:\/\/www.pagina12.com.ar\/resizer\/v2\/FNR3X2WZGFECTCBJN26ZXWQNPY.jpg?quality=75&amp;auth=105e9abd6ecdb9e1e6bd3366960c7302fa71a38c530edbfe3b46a6171521e800&amp;width=380\" media=\"(max-width: 767px)\" \/><img decoding=\"async\" class=\"c-image\" src=\"https:\/\/www.pagina12.com.ar\/resizer\/v2\/FNR3X2WZGFECTCBJN26ZXWQNPY.jpg?quality=75&amp;auth=105e9abd6ecdb9e1e6bd3366960c7302fa71a38c530edbfe3b46a6171521e800&amp;width=5700\" srcset=\"https:\/\/www.pagina12.com.ar\/resizer\/v2\/FNR3X2WZGFECTCBJN26ZXWQNPY.jpg?quality=75&amp;auth=105e9abd6ecdb9e1e6bd3366960c7302fa71a38c530edbfe3b46a6171521e800&amp;width=980 980w\" alt=\"\" width=\"5700\" height=\"NaN\" data-chromatic=\"ignore\" \/><\/picture><figcaption class=\"c-media-item__fig-caption\"><span class=\"c-media-item__title\">Security Scare at The White House Correspondents&#8217; Dinner with President Trump\u00a0<\/span><span class=\"c-media-item__caption\">WASHINGTON, DC &#8211; APRIL 25: Agents stand guard after an incident at the annual White House Correspondents Association Dinner April 25, 2026 in Washington, DC. According to reports, President Donald Trump, along with other government officials, were evacuated from the Washington Hilton after what sounded like gun fire. Andrew Harnik\/Gettyimages\/AFP (Photo by Andrew Harnik \/ GETTY IMAGES NORTH AMERICA \/ Getty Images via AFP)\u00a0<\/span><span class=\"c-media-item__credit\">(ANDREW HARNIK\/Getty Images via AFP)<\/span><\/figcaption><\/figure>\n<p class=\"c-paragraph\">La Asociaci\u00f3n de Corresponsales de la Casa Blanca (WHCA) es la organizadora de este gran encuentro pol\u00edtico-medi\u00e1tico. A diferencia de todos sus predecesores desde la d\u00e9cada de 1920, Trump siempre hab\u00eda desde\u00f1ado la velada en su calidad de presidente.<\/p>\n<h2 class=\"p12-article-body__h2\">\u201cVarias armas\u201d<\/h2>\n<p class=\"c-paragraph\">Poco antes de esta rueda de prensa, Trump difundi\u00f3 en su red Truth Social im\u00e1genes de c\u00e1maras de seguridad que muestran a una persona abalanz\u00e1ndose a trav\u00e9s del arco de detecci\u00f3n de metales situado en la entrada de la sala donde se celebraba la gala, y a varios agentes de las fuerzas del orden desenfundando sus armas.<\/p>\n<p class=\"c-paragraph\">\u201cFue, en cierto modo, muy hermoso,\u00a0<b>realmente algo muy hermoso ver a un hombre lanzarse contra un puesto de control de seguridad armado con numerosas armas<\/b>, y que fuera neutralizado por algunos miembros muy valientes del Servicio Secreto, que actuaron con mucha rapidez\u201d, declar\u00f3 mandatario, en referencia al servicio encargado de su seguridad.<\/p>\n<p class=\"c-paragraph\">El hotel Hilton de Washington, donde iba a tener lugar la cena frustrada, no es \u201cun edificio particularmente seguro\u201d, critic\u00f3 Donald Trump. No obstante, reconoci\u00f3 que el dispositivo de protecci\u00f3n \u201cera muy seguro\u201d, indicando que el atacante hab\u00eda sido detenido antes de entrar en el gran sal\u00f3n de recepci\u00f3n donde \u00e9l se encontraba.<\/p>\n<p class=\"c-paragraph\">Fue frente a ese hotel donde el presidente Ronald Reagan result\u00f3 herido de bala en 1981 durante un intento de asesinato.<\/p>\n<h2 class=\"p12-article-body__h2\">\u201c\u00a1Al suelo!\u201d<\/h2>\n<p class=\"c-paragraph\">La cena anual de la Asociaci\u00f3n de Corresponsales de la Casa Blanca hab\u00eda comenzado hac\u00eda poco, seg\u00fan los periodistas de la AFP presentes, cuando se escuch\u00f3 una gran agitaci\u00f3n en las puertas del sal\u00f3n.\u00a0<b>Se oyeron gritos de \u201c\u00a1Al suelo! \u00a1Al suelo!\u201d<\/b><\/p>\n<p class=\"c-paragraph\">Los asistentes se tumbaron o se arrodillaron inmediatamente, muchos de ellos levantando sus tel\u00e9fonos para filmar, mientras que el presidente y la primera dama, sentados en la mesa de honor sobre una tarima elevada frente a los invitados, eran evacuados.<\/p>\n<p class=\"c-paragraph\">Las fuerzas de seguridad ordenaron luego a los invitados que abandonaran el inmenso sal\u00f3n situado en el primer s\u00f3tano del hotel..<\/p>\n<h2 class=\"p12-article-body__h2\">Atentados anteriores<\/h2>\n<p class=\"c-paragraph\">Trump ya ha sido objeto de\u00a0<b>dos intentos de asesinato confirmados<\/b>\u00a0por las autoridades estadounidenses durante su campa\u00f1a presidencial de 2024.<\/p>\n<p class=\"c-paragraph\">El 13 de julio de 2O24 en\u00a0<b>Butler, estado de Pensilvania<\/b>, durante un acto al aire libre, un joven de 20 a\u00f1os dispar\u00f3 desde un tejado cercano con un fusil tipo AR-15. Trump result\u00f3 herido levemente en la\u00a0<b>oreja derecha<\/b>. El ataque dej\u00f3 un asistente muerto y otros dos heridos de gravedad; el ata,cante fue abatido por el Servicio Secreto<b>.<\/b><\/p>\n<p class=\"c-paragraph\"><b>El 15 de septiembre de 2O24 en West Palm Beach, estado de Florida\u00a0<\/b>mientras Trump jugaba al golf en su club privado de Mar-a-lago, un agente del Servicio Secreto detect\u00f3 el ca\u00f1\u00f3n de un rifle asomando entre unos arbustos. El agente dispar\u00f3 contra el sospechoso, quien huy\u00f3 en un veh\u00edculo pero fue detenido poco despu\u00e9s. El FBI investig\u00f3 este incidente como un\u00a0<b>segundo intento de asesinato<\/b>.<\/p>\n<p class=\"c-paragraph\">Anteriormente, durante su campa\u00f1a de\u00a0<b>2016<\/b>, ocurri\u00f3 un incidente en Las Vegas donde un hombre intent\u00f3 quitarle el arma a un oficial de polic\u00eda con la intenci\u00f3n declarada de atacar a Trump, aunque el intento fue frustrado de inmediato por las fuerzas de seguridad.<\/p>\n<p>&nbsp;<\/p>\n<\/article>\n<p><strong><em>Fuente P\u00e1gina 12<\/em><\/strong><\/p>\n<\/div>\n","protected":false},"excerpt":{"rendered":"<p>El mandatario estadounidense anunci\u00f3 que un \u201ctirador\u201d hab\u00eda sido detenido. \u00c9l ya hab\u00eda sufrido al menos tres atentados, dos de ellos en la campa\u00f1a electoral de 2O24.<\/p>\n","protected":false},"author":3,"featured_media":136419,"comment_status":"closed","ping_status":"closed","sticky":false,"template":"","format":"standard","meta":{"footnotes":""},"categories":[24],"tags":[],"class_list":["post-136412","post","type-post","status-publish","format-standard","has-post-thumbnail","hentry","category-politica"],"yoast_head":"<!-- This site is optimized with the Yoast SEO plugin v25.9 - https:\/\/yoast.com\/wordpress\/plugins\/seo\/ -->\n<title>Evac\u00faan a Trump de un evento tras escucharse disparos - Noticias Radio Reflejos<\/title>\n<meta name=\"robots\" content=\"index, follow, max-snippet:-1, max-image-preview:large, max-video-preview:-1\" \/>\n<link rel=\"canonical\" href=\"https:\/\/www.noticiasradioreflejos.com.ar\/2021\/evacuan-a-trump-de-un-evento-tras-escucharse-disparos\/\" \/>\n<meta property=\"og:locale\" content=\"es_ES\" \/>\n<meta property=\"og:type\" content=\"article\" \/>\n<meta property=\"og:title\" content=\"Evac\u00faan a Trump de un evento tras escucharse disparos - Noticias Radio Reflejos\" \/>\n<meta property=\"og:description\" content=\"El mandatario estadounidense anunci\u00f3 que un \u201ctirador\u201d hab\u00eda sido detenido. \u00c9l ya hab\u00eda sufrido al menos tres atentados, dos de ellos en la campa\u00f1a electoral de 2O24.\" \/>\n<meta property=\"og:url\" content=\"https:\/\/www.noticiasradioreflejos.com.ar\/2021\/evacuan-a-trump-de-un-evento-tras-escucharse-disparos\/\" \/>\n<meta property=\"og:site_name\" content=\"Noticias Radio Reflejos\" \/>\n<meta property=\"article:published_time\" content=\"2026-04-26T12:23:46+00:00\" \/>\n<meta property=\"og:image\" content=\"https:\/\/www.noticiasradioreflejos.com.ar\/2021\/wp-content\/uploads\/2026\/04\/trump.jpg\" \/>\n\t<meta property=\"og:image:width\" content=\"991\" \/>\n\t<meta property=\"og:image:height\" content=\"663\" \/>\n\t<meta property=\"og:image:type\" content=\"image\/jpeg\" \/>\n<meta name=\"author\" content=\"Arnaldo Botto\" \/>\n<meta name=\"twitter:card\" content=\"summary_large_image\" \/>\n<script type=\"application\/ld+json\" class=\"yoast-schema-graph\">{\"@context\":\"https:\/\/schema.org\",\"@graph\":[{\"@type\":\"WebPage\",\"@id\":\"https:\/\/www.noticiasradioreflejos.com.ar\/2021\/evacuan-a-trump-de-un-evento-tras-escucharse-disparos\/\",\"url\":\"https:\/\/www.noticiasradioreflejos.com.ar\/2021\/evacuan-a-trump-de-un-evento-tras-escucharse-disparos\/\",\"name\":\"Evac\u00faan a Trump de un evento tras escucharse disparos - Noticias Radio Reflejos\",\"isPartOf\":{\"@id\":\"https:\/\/www.noticiasradioreflejos.com.ar\/2021\/#website\"},\"primaryImageOfPage\":{\"@id\":\"https:\/\/www.noticiasradioreflejos.com.ar\/2021\/evacuan-a-trump-de-un-evento-tras-escucharse-disparos\/#primaryimage\"},\"image\":{\"@id\":\"https:\/\/www.noticiasradioreflejos.com.ar\/2021\/evacuan-a-trump-de-un-evento-tras-escucharse-disparos\/#primaryimage\"},\"thumbnailUrl\":\"https:\/\/www.noticiasradioreflejos.com.ar\/2021\/wp-content\/uploads\/2026\/04\/trump.jpg\",\"datePublished\":\"2026-04-26T12:23:46+00:00\",\"author\":{\"@id\":\"https:\/\/www.noticiasradioreflejos.com.ar\/2021\/#\/schema\/person\/ad82545263dcc5ec0996818884fd5fb1\"},\"breadcrumb\":{\"@id\":\"https:\/\/www.noticiasradioreflejos.com.ar\/2021\/evacuan-a-trump-de-un-evento-tras-escucharse-disparos\/#breadcrumb\"},\"inLanguage\":\"es\",\"potentialAction\":[{\"@type\":\"ReadAction\",\"target\":[\"https:\/\/www.noticiasradioreflejos.com.ar\/2021\/evacuan-a-trump-de-un-evento-tras-escucharse-disparos\/\"]}]},{\"@type\":\"ImageObject\",\"inLanguage\":\"es\",\"@id\":\"https:\/\/www.noticiasradioreflejos.com.ar\/2021\/evacuan-a-trump-de-un-evento-tras-escucharse-disparos\/#primaryimage\",\"url\":\"https:\/\/www.noticiasradioreflejos.com.ar\/2021\/wp-content\/uploads\/2026\/04\/trump.jpg\",\"contentUrl\":\"https:\/\/www.noticiasradioreflejos.com.ar\/2021\/wp-content\/uploads\/2026\/04\/trump.jpg\",\"width\":991,\"height\":663},{\"@type\":\"BreadcrumbList\",\"@id\":\"https:\/\/www.noticiasradioreflejos.com.ar\/2021\/evacuan-a-trump-de-un-evento-tras-escucharse-disparos\/#breadcrumb\",\"itemListElement\":[{\"@type\":\"ListItem\",\"position\":1,\"name\":\"Portada\",\"item\":\"https:\/\/www.noticiasradioreflejos.com.ar\/2021\/\"},{\"@type\":\"ListItem\",\"position\":2,\"name\":\"Evac\u00faan a Trump de un evento tras escucharse disparos\"}]},{\"@type\":\"WebSite\",\"@id\":\"https:\/\/www.noticiasradioreflejos.com.ar\/2021\/#website\",\"url\":\"https:\/\/www.noticiasradioreflejos.com.ar\/2021\/\",\"name\":\"Noticias Radio Reflejos\",\"description\":\"Las noticias de mi comarca\",\"potentialAction\":[{\"@type\":\"SearchAction\",\"target\":{\"@type\":\"EntryPoint\",\"urlTemplate\":\"https:\/\/www.noticiasradioreflejos.com.ar\/2021\/?s={search_term_string}\"},\"query-input\":{\"@type\":\"PropertyValueSpecification\",\"valueRequired\":true,\"valueName\":\"search_term_string\"}}],\"inLanguage\":\"es\"},{\"@type\":\"Person\",\"@id\":\"https:\/\/www.noticiasradioreflejos.com.ar\/2021\/#\/schema\/person\/ad82545263dcc5ec0996818884fd5fb1\",\"name\":\"Arnaldo Botto\",\"image\":{\"@type\":\"ImageObject\",\"inLanguage\":\"es\",\"@id\":\"https:\/\/www.noticiasradioreflejos.com.ar\/2021\/#\/schema\/person\/image\/\",\"url\":\"https:\/\/secure.gravatar.com\/avatar\/55cb5e37c1efa326397366e6974cb338056df65cb50e7d64d1cf314e87504837?s=96&d=mm&r=g\",\"contentUrl\":\"https:\/\/secure.gravatar.com\/avatar\/55cb5e37c1efa326397366e6974cb338056df65cb50e7d64d1cf314e87504837?s=96&d=mm&r=g\",\"caption\":\"Arnaldo Botto\"},\"url\":\"https:\/\/www.noticiasradioreflejos.com.ar\/2021\/author\/arnaldo\/\"}]}<\/script>\n<!-- \/ Yoast SEO plugin. -->","yoast_head_json":{"title":"Evac\u00faan a Trump de un evento tras escucharse disparos - Noticias Radio Reflejos","robots":{"index":"index","follow":"follow","max-snippet":"max-snippet:-1","max-image-preview":"max-image-preview:large","max-video-preview":"max-video-preview:-1"},"canonical":"https:\/\/www.noticiasradioreflejos.com.ar\/2021\/evacuan-a-trump-de-un-evento-tras-escucharse-disparos\/","og_locale":"es_ES","og_type":"article","og_title":"Evac\u00faan a Trump de un evento tras escucharse disparos - Noticias Radio Reflejos","og_description":"El mandatario estadounidense anunci\u00f3 que un \u201ctirador\u201d hab\u00eda sido detenido. \u00c9l ya hab\u00eda sufrido al menos tres atentados, dos de ellos en la campa\u00f1a electoral de 2O24.","og_url":"https:\/\/www.noticiasradioreflejos.com.ar\/2021\/evacuan-a-trump-de-un-evento-tras-escucharse-disparos\/","og_site_name":"Noticias Radio Reflejos","article_published_time":"2026-04-26T12:23:46+00:00","og_image":[{"width":991,"height":663,"url":"https:\/\/www.noticiasradioreflejos.com.ar\/2021\/wp-content\/uploads\/2026\/04\/trump.jpg","type":"image\/jpeg"}],"author":"Arnaldo Botto","twitter_card":"summary_large_image","schema":{"@context":"https:\/\/schema.org","@graph":[{"@type":"WebPage","@id":"https:\/\/www.noticiasradioreflejos.com.ar\/2021\/evacuan-a-trump-de-un-evento-tras-escucharse-disparos\/","url":"https:\/\/www.noticiasradioreflejos.com.ar\/2021\/evacuan-a-trump-de-un-evento-tras-escucharse-disparos\/","name":"Evac\u00faan a Trump de un evento tras escucharse disparos - Noticias Radio Reflejos","isPartOf":{"@id":"https:\/\/www.noticiasradioreflejos.com.ar\/2021\/#website"},"primaryImageOfPage":{"@id":"https:\/\/www.noticiasradioreflejos.com.ar\/2021\/evacuan-a-trump-de-un-evento-tras-escucharse-disparos\/#primaryimage"},"image":{"@id":"https:\/\/www.noticiasradioreflejos.com.ar\/2021\/evacuan-a-trump-de-un-evento-tras-escucharse-disparos\/#primaryimage"},"thumbnailUrl":"https:\/\/www.noticiasradioreflejos.com.ar\/2021\/wp-content\/uploads\/2026\/04\/trump.jpg","datePublished":"2026-04-26T12:23:46+00:00","author":{"@id":"https:\/\/www.noticiasradioreflejos.com.ar\/2021\/#\/schema\/person\/ad82545263dcc5ec0996818884fd5fb1"},"breadcrumb":{"@id":"https:\/\/www.noticiasradioreflejos.com.ar\/2021\/evacuan-a-trump-de-un-evento-tras-escucharse-disparos\/#breadcrumb"},"inLanguage":"es","potentialAction":[{"@type":"ReadAction","target":["https:\/\/www.noticiasradioreflejos.com.ar\/2021\/evacuan-a-trump-de-un-evento-tras-escucharse-disparos\/"]}]},{"@type":"ImageObject","inLanguage":"es","@id":"https:\/\/www.noticiasradioreflejos.com.ar\/2021\/evacuan-a-trump-de-un-evento-tras-escucharse-disparos\/#primaryimage","url":"https:\/\/www.noticiasradioreflejos.com.ar\/2021\/wp-content\/uploads\/2026\/04\/trump.jpg","contentUrl":"https:\/\/www.noticiasradioreflejos.com.ar\/2021\/wp-content\/uploads\/2026\/04\/trump.jpg","width":991,"height":663},{"@type":"BreadcrumbList","@id":"https:\/\/www.noticiasradioreflejos.com.ar\/2021\/evacuan-a-trump-de-un-evento-tras-escucharse-disparos\/#breadcrumb","itemListElement":[{"@type":"ListItem","position":1,"name":"Portada","item":"https:\/\/www.noticiasradioreflejos.com.ar\/2021\/"},{"@type":"ListItem","position":2,"name":"Evac\u00faan a Trump de un evento tras escucharse disparos"}]},{"@type":"WebSite","@id":"https:\/\/www.noticiasradioreflejos.com.ar\/2021\/#website","url":"https:\/\/www.noticiasradioreflejos.com.ar\/2021\/","name":"Noticias Radio Reflejos","description":"Las noticias de mi comarca","potentialAction":[{"@type":"SearchAction","target":{"@type":"EntryPoint","urlTemplate":"https:\/\/www.noticiasradioreflejos.com.ar\/2021\/?s={search_term_string}"},"query-input":{"@type":"PropertyValueSpecification","valueRequired":true,"valueName":"search_term_string"}}],"inLanguage":"es"},{"@type":"Person","@id":"https:\/\/www.noticiasradioreflejos.com.ar\/2021\/#\/schema\/person\/ad82545263dcc5ec0996818884fd5fb1","name":"Arnaldo Botto","image":{"@type":"ImageObject","inLanguage":"es","@id":"https:\/\/www.noticiasradioreflejos.com.ar\/2021\/#\/schema\/person\/image\/","url":"https:\/\/secure.gravatar.com\/avatar\/55cb5e37c1efa326397366e6974cb338056df65cb50e7d64d1cf314e87504837?s=96&d=mm&r=g","contentUrl":"https:\/\/secure.gravatar.com\/avatar\/55cb5e37c1efa326397366e6974cb338056df65cb50e7d64d1cf314e87504837?s=96&d=mm&r=g","caption":"Arnaldo Botto"},"url":"https:\/\/www.noticiasradioreflejos.com.ar\/2021\/author\/arnaldo\/"}]}},"_links":{"self":[{"href":"https:\/\/www.noticiasradioreflejos.com.ar\/2021\/wp-json\/wp\/v2\/posts\/136412","targetHints":{"allow":["GET"]}}],"collection":[{"href":"https:\/\/www.noticiasradioreflejos.com.ar\/2021\/wp-json\/wp\/v2\/posts"}],"about":[{"href":"https:\/\/www.noticiasradioreflejos.com.ar\/2021\/wp-json\/wp\/v2\/types\/post"}],"author":[{"embeddable":true,"href":"https:\/\/www.noticiasradioreflejos.com.ar\/2021\/wp-json\/wp\/v2\/users\/3"}],"replies":[{"embeddable":true,"href":"https:\/\/www.noticiasradioreflejos.com.ar\/2021\/wp-json\/wp\/v2\/comments?post=136412"}],"version-history":[{"count":1,"href":"https:\/\/www.noticiasradioreflejos.com.ar\/2021\/wp-json\/wp\/v2\/posts\/136412\/revisions"}],"predecessor-version":[{"id":136420,"href":"https:\/\/www.noticiasradioreflejos.com.ar\/2021\/wp-json\/wp\/v2\/posts\/136412\/revisions\/136420"}],"wp:featuredmedia":[{"embeddable":true,"href":"https:\/\/www.noticiasradioreflejos.com.ar\/2021\/wp-json\/wp\/v2\/media\/136419"}],"wp:attachment":[{"href":"https:\/\/www.noticiasradioreflejos.com.ar\/2021\/wp-json\/wp\/v2\/media?parent=136412"}],"wp:term":[{"taxonomy":"category","embeddable":true,"href":"https:\/\/www.noticiasradioreflejos.com.ar\/2021\/wp-json\/wp\/v2\/categories?post=136412"},{"taxonomy":"post_tag","embeddable":true,"href":"https:\/\/www.noticiasradioreflejos.com.ar\/2021\/wp-json\/wp\/v2\/tags?post=136412"}],"curies":[{"name":"wp","href":"https:\/\/api.w.org\/{rel}","templated":true}]}}