{"id":136409,"date":"2026-04-26T09:02:25","date_gmt":"2026-04-26T12:02:25","guid":{"rendered":"https:\/\/www.noticiasradioreflejos.com.ar\/2021\/?p=136409"},"modified":"2026-04-26T09:02:25","modified_gmt":"2026-04-26T12:02:25","slug":"chernobil-una-tragedia-que-aun-resuena-por-que-se-recuerda-cada-26-de-abril","status":"publish","type":"post","link":"https:\/\/www.noticiasradioreflejos.com.ar\/2021\/chernobil-una-tragedia-que-aun-resuena-por-que-se-recuerda-cada-26-de-abril\/","title":{"rendered":"Chern\u00f3bil, una tragedia que a\u00fan resuena: por qu\u00e9 se recuerda cada 26 de abril"},"content":{"rendered":"<p>La explosi\u00f3n del reactor 4 en 1986 liber\u00f3 una nube radiactiva sobre Europa y marc\u00f3 un antes y un despu\u00e9s en la seguridad nuclear mundial. Cada 26 de abril se conmemora el D\u00eda Internacional en Recuerdo del Desastre de Chern\u00f3bil, una tragedia nuclear que dej\u00f3 consecuencias sanitarias y ambientales que a\u00fan perduran.<!--more--><\/p>\n<p>El 26 de abril se conmemora el <strong>D\u00eda Internacional en Recuerdo del Desastre de Chern\u00f3bil<\/strong>, una fecha que invita a reflexionar sobre uno de los episodios m\u00e1s graves de la historia nuclear y sus consecuencias a largo plazo en el ambiente y la salud humana.<\/p>\n<div class=\"partner-wrapper article-page__body-row\">\n<div class=\"second-col\">\n<p class=\"article-text\">Ese mismo d\u00eda, pero de 1986, ocurri\u00f3 el\u00a0<strong>Accidente de Chern\u00f3bil<\/strong>, cuando el reactor n\u00famero 4 de la central nuclear ubicada en la entonces\u00a0<strong>Rep\u00fablica Socialista Sovi\u00e9tica de Ucrania<\/strong>\u00a0explot\u00f3 durante una prueba de seguridad. La combinaci\u00f3n de errores humanos y fallas de dise\u00f1o deriv\u00f3 en una liberaci\u00f3n masiva de\u00a0<strong>material radiactivo<\/strong>\u00a0hacia la atm\u00f3sfera.<\/p>\n<p class=\"article-text\">La explosi\u00f3n y el posterior incendio liberaron una nube radiactiva que se extendi\u00f3 por amplias zonas de Europa,\u00a0<strong>afectando especialmente a Ucrania, Bielorrusia y Rusia<\/strong>. La ciudad de Pr\u00edpiat, cercana a la planta, fue evacuada horas despu\u00e9s, en medio de un escenario de confusi\u00f3n y sin informaci\u00f3n clara para la poblaci\u00f3n.<\/p>\n<p class=\"article-text\">En los d\u00edas posteriores, miles de trabajadores, conocidos como \u201cliquidadores\u201d, fueron enviados para contener el desastre, muchas veces sin la protecci\u00f3n adecuada. La exposici\u00f3n a la radiaci\u00f3n dej\u00f3 secuelas graves en quienes participaron de las tareas de emergencia y en las comunidades cercanas.<\/p>\n<figure class=\"embed-container embed-container--type-youtube ratio\"><script src=\"https:\/\/www.youtube.com\/iframe_api\"><\/script><script type=\"module\">window.marfeel.cmd.push(['multimedia', function(multimedia) { multimedia.initializeItem('yt-oYiuCRxIjfo-7893', 'youtube', 'oYiuCRxIjfo', document.getElementById('yt-oYiuCRxIjfo-7893')); }]);<\/script><iframe id=\"yt-oYiuCRxIjfo-7893\" title=\"La CAT\u00c1STROFE NUCLEAR de CHERNOBYL - TESTIGO DE LA HISTORIA\" src=\"https:\/\/www.youtube.com\/embed\/oYiuCRxIjfo?enablejsapi=1\" frameborder=\"0\" data-gtm-yt-inspected-34399851_303=\"true\" data-gtm-yt-inspected-34399851_396=\"true\" data-gtm-yt-inspected-40=\"true\" data-mce-fragment=\"1\"><\/iframe><\/figure>\n<p class=\"article-text\">A lo largo de los a\u00f1os,\u00a0<strong>el impacto sanitario y ambiental del accidente es motivo de debate y estudio<\/strong>. Se registraron aumentos en enfermedades como el c\u00e1ncer de tiroides, adem\u00e1s de la contaminaci\u00f3n persistente de suelos, agua y ecosistemas en una amplia regi\u00f3n.<\/p>\n<p class=\"article-text\">D\u00e9cadas despu\u00e9s,\u00a0<strong>Chern\u00f3bil sigue siendo un s\u00edmbolo de los riesgos asociados a la energ\u00eda nuclear<\/strong>\u00a0cuando no existen controles adecuados. La zona de exclusi\u00f3n permanece pr\u00e1cticamente deshabitada, aunque se converti\u00f3 tambi\u00e9n en objeto de investigaciones cient\u00edficas sobre los efectos de la radiaci\u00f3n en la naturaleza.<\/p>\n<div id=\"container-after-news-outlook\"><\/div>\n<p class=\"article-text\">La instauraci\u00f3n del D\u00eda Internacional por parte de la ONU busca mantener viva la memoria de lo ocurrido y promover una mayor conciencia sobre la seguridad nuclear. Tambi\u00e9n apunta a fortalecer la cooperaci\u00f3n internacional para prevenir accidentes similares en el futuro.<\/p>\n<p class=\"article-text\">A 40 a\u00f1os de la tragedia,\u00a0<strong>el recuerdo de Chern\u00f3bil contin\u00faa funcionando como una advertencia global<\/strong>\u00a0sobre la necesidad de responsabilidad, transparencia y control en el uso de tecnolog\u00edas de alto riesgo.<\/p>\n<\/div>\n<\/div>\n","protected":false},"excerpt":{"rendered":"<p>La explosi\u00f3n del reactor 4 en 1986 liber\u00f3 una nube radiactiva sobre Europa y marc\u00f3 un antes y un despu\u00e9s en la seguridad nuclear mundial. Cada 26 de abril se conmemora el D\u00eda Internacional en Recuerdo del Desastre de Chern\u00f3bil, una tragedia nuclear que dej\u00f3 consecuencias sanitarias y ambientales que a\u00fan perduran.<\/p>\n","protected":false},"author":3,"featured_media":136410,"comment_status":"closed","ping_status":"closed","sticky":false,"template":"","format":"standard","meta":{"footnotes":""},"categories":[35,26],"tags":[],"class_list":["post-136409","post","type-post","status-publish","format-standard","has-post-thumbnail","hentry","category-cultura","category-sociedad"],"yoast_head":"<!-- This site is optimized with the Yoast SEO plugin v25.9 - https:\/\/yoast.com\/wordpress\/plugins\/seo\/ -->\n<title>Chern\u00f3bil, una tragedia que a\u00fan resuena: por qu\u00e9 se recuerda cada 26 de abril - Noticias Radio Reflejos<\/title>\n<meta name=\"robots\" content=\"index, follow, max-snippet:-1, max-image-preview:large, max-video-preview:-1\" \/>\n<link rel=\"canonical\" href=\"https:\/\/www.noticiasradioreflejos.com.ar\/2021\/chernobil-una-tragedia-que-aun-resuena-por-que-se-recuerda-cada-26-de-abril\/\" \/>\n<meta property=\"og:locale\" content=\"es_ES\" \/>\n<meta property=\"og:type\" content=\"article\" \/>\n<meta property=\"og:title\" content=\"Chern\u00f3bil, una tragedia que a\u00fan resuena: por qu\u00e9 se recuerda cada 26 de abril - Noticias Radio Reflejos\" \/>\n<meta property=\"og:description\" content=\"La explosi\u00f3n del reactor 4 en 1986 liber\u00f3 una nube radiactiva sobre Europa y marc\u00f3 un antes y un despu\u00e9s en la seguridad nuclear mundial. Cada 26 de abril se conmemora el D\u00eda Internacional en Recuerdo del Desastre de Chern\u00f3bil, una tragedia nuclear que dej\u00f3 consecuencias sanitarias y ambientales que a\u00fan perduran.\" \/>\n<meta property=\"og:url\" content=\"https:\/\/www.noticiasradioreflejos.com.ar\/2021\/chernobil-una-tragedia-que-aun-resuena-por-que-se-recuerda-cada-26-de-abril\/\" \/>\n<meta property=\"og:site_name\" content=\"Noticias Radio Reflejos\" \/>\n<meta property=\"article:published_time\" content=\"2026-04-26T12:02:25+00:00\" \/>\n<meta property=\"og:image\" content=\"https:\/\/www.noticiasradioreflejos.com.ar\/2021\/wp-content\/uploads\/2026\/04\/chertnobil.webp\" \/>\n\t<meta property=\"og:image:width\" content=\"1200\" \/>\n\t<meta property=\"og:image:height\" content=\"675\" \/>\n\t<meta property=\"og:image:type\" content=\"image\/webp\" \/>\n<meta name=\"author\" content=\"Arnaldo Botto\" \/>\n<meta name=\"twitter:card\" content=\"summary_large_image\" \/>\n<script type=\"application\/ld+json\" class=\"yoast-schema-graph\">{\"@context\":\"https:\/\/schema.org\",\"@graph\":[{\"@type\":\"WebPage\",\"@id\":\"https:\/\/www.noticiasradioreflejos.com.ar\/2021\/chernobil-una-tragedia-que-aun-resuena-por-que-se-recuerda-cada-26-de-abril\/\",\"url\":\"https:\/\/www.noticiasradioreflejos.com.ar\/2021\/chernobil-una-tragedia-que-aun-resuena-por-que-se-recuerda-cada-26-de-abril\/\",\"name\":\"Chern\u00f3bil, una tragedia que a\u00fan resuena: por qu\u00e9 se recuerda cada 26 de abril - Noticias Radio Reflejos\",\"isPartOf\":{\"@id\":\"https:\/\/www.noticiasradioreflejos.com.ar\/2021\/#website\"},\"primaryImageOfPage\":{\"@id\":\"https:\/\/www.noticiasradioreflejos.com.ar\/2021\/chernobil-una-tragedia-que-aun-resuena-por-que-se-recuerda-cada-26-de-abril\/#primaryimage\"},\"image\":{\"@id\":\"https:\/\/www.noticiasradioreflejos.com.ar\/2021\/chernobil-una-tragedia-que-aun-resuena-por-que-se-recuerda-cada-26-de-abril\/#primaryimage\"},\"thumbnailUrl\":\"https:\/\/www.noticiasradioreflejos.com.ar\/2021\/wp-content\/uploads\/2026\/04\/chertnobil.webp\",\"datePublished\":\"2026-04-26T12:02:25+00:00\",\"author\":{\"@id\":\"https:\/\/www.noticiasradioreflejos.com.ar\/2021\/#\/schema\/person\/ad82545263dcc5ec0996818884fd5fb1\"},\"breadcrumb\":{\"@id\":\"https:\/\/www.noticiasradioreflejos.com.ar\/2021\/chernobil-una-tragedia-que-aun-resuena-por-que-se-recuerda-cada-26-de-abril\/#breadcrumb\"},\"inLanguage\":\"es\",\"potentialAction\":[{\"@type\":\"ReadAction\",\"target\":[\"https:\/\/www.noticiasradioreflejos.com.ar\/2021\/chernobil-una-tragedia-que-aun-resuena-por-que-se-recuerda-cada-26-de-abril\/\"]}]},{\"@type\":\"ImageObject\",\"inLanguage\":\"es\",\"@id\":\"https:\/\/www.noticiasradioreflejos.com.ar\/2021\/chernobil-una-tragedia-que-aun-resuena-por-que-se-recuerda-cada-26-de-abril\/#primaryimage\",\"url\":\"https:\/\/www.noticiasradioreflejos.com.ar\/2021\/wp-content\/uploads\/2026\/04\/chertnobil.webp\",\"contentUrl\":\"https:\/\/www.noticiasradioreflejos.com.ar\/2021\/wp-content\/uploads\/2026\/04\/chertnobil.webp\",\"width\":1200,\"height\":675},{\"@type\":\"BreadcrumbList\",\"@id\":\"https:\/\/www.noticiasradioreflejos.com.ar\/2021\/chernobil-una-tragedia-que-aun-resuena-por-que-se-recuerda-cada-26-de-abril\/#breadcrumb\",\"itemListElement\":[{\"@type\":\"ListItem\",\"position\":1,\"name\":\"Portada\",\"item\":\"https:\/\/www.noticiasradioreflejos.com.ar\/2021\/\"},{\"@type\":\"ListItem\",\"position\":2,\"name\":\"Chern\u00f3bil, una tragedia que a\u00fan resuena: por qu\u00e9 se recuerda cada 26 de abril\"}]},{\"@type\":\"WebSite\",\"@id\":\"https:\/\/www.noticiasradioreflejos.com.ar\/2021\/#website\",\"url\":\"https:\/\/www.noticiasradioreflejos.com.ar\/2021\/\",\"name\":\"Noticias Radio Reflejos\",\"description\":\"Las noticias de mi comarca\",\"potentialAction\":[{\"@type\":\"SearchAction\",\"target\":{\"@type\":\"EntryPoint\",\"urlTemplate\":\"https:\/\/www.noticiasradioreflejos.com.ar\/2021\/?s={search_term_string}\"},\"query-input\":{\"@type\":\"PropertyValueSpecification\",\"valueRequired\":true,\"valueName\":\"search_term_string\"}}],\"inLanguage\":\"es\"},{\"@type\":\"Person\",\"@id\":\"https:\/\/www.noticiasradioreflejos.com.ar\/2021\/#\/schema\/person\/ad82545263dcc5ec0996818884fd5fb1\",\"name\":\"Arnaldo Botto\",\"image\":{\"@type\":\"ImageObject\",\"inLanguage\":\"es\",\"@id\":\"https:\/\/www.noticiasradioreflejos.com.ar\/2021\/#\/schema\/person\/image\/\",\"url\":\"https:\/\/secure.gravatar.com\/avatar\/55cb5e37c1efa326397366e6974cb338056df65cb50e7d64d1cf314e87504837?s=96&d=mm&r=g\",\"contentUrl\":\"https:\/\/secure.gravatar.com\/avatar\/55cb5e37c1efa326397366e6974cb338056df65cb50e7d64d1cf314e87504837?s=96&d=mm&r=g\",\"caption\":\"Arnaldo Botto\"},\"url\":\"https:\/\/www.noticiasradioreflejos.com.ar\/2021\/author\/arnaldo\/\"}]}<\/script>\n<!-- \/ Yoast SEO plugin. -->","yoast_head_json":{"title":"Chern\u00f3bil, una tragedia que a\u00fan resuena: por qu\u00e9 se recuerda cada 26 de abril - Noticias Radio Reflejos","robots":{"index":"index","follow":"follow","max-snippet":"max-snippet:-1","max-image-preview":"max-image-preview:large","max-video-preview":"max-video-preview:-1"},"canonical":"https:\/\/www.noticiasradioreflejos.com.ar\/2021\/chernobil-una-tragedia-que-aun-resuena-por-que-se-recuerda-cada-26-de-abril\/","og_locale":"es_ES","og_type":"article","og_title":"Chern\u00f3bil, una tragedia que a\u00fan resuena: por qu\u00e9 se recuerda cada 26 de abril - Noticias Radio Reflejos","og_description":"La explosi\u00f3n del reactor 4 en 1986 liber\u00f3 una nube radiactiva sobre Europa y marc\u00f3 un antes y un despu\u00e9s en la seguridad nuclear mundial. Cada 26 de abril se conmemora el D\u00eda Internacional en Recuerdo del Desastre de Chern\u00f3bil, una tragedia nuclear que dej\u00f3 consecuencias sanitarias y ambientales que a\u00fan perduran.","og_url":"https:\/\/www.noticiasradioreflejos.com.ar\/2021\/chernobil-una-tragedia-que-aun-resuena-por-que-se-recuerda-cada-26-de-abril\/","og_site_name":"Noticias Radio Reflejos","article_published_time":"2026-04-26T12:02:25+00:00","og_image":[{"width":1200,"height":675,"url":"https:\/\/www.noticiasradioreflejos.com.ar\/2021\/wp-content\/uploads\/2026\/04\/chertnobil.webp","type":"image\/webp"}],"author":"Arnaldo Botto","twitter_card":"summary_large_image","schema":{"@context":"https:\/\/schema.org","@graph":[{"@type":"WebPage","@id":"https:\/\/www.noticiasradioreflejos.com.ar\/2021\/chernobil-una-tragedia-que-aun-resuena-por-que-se-recuerda-cada-26-de-abril\/","url":"https:\/\/www.noticiasradioreflejos.com.ar\/2021\/chernobil-una-tragedia-que-aun-resuena-por-que-se-recuerda-cada-26-de-abril\/","name":"Chern\u00f3bil, una tragedia que a\u00fan resuena: por qu\u00e9 se recuerda cada 26 de abril - Noticias Radio Reflejos","isPartOf":{"@id":"https:\/\/www.noticiasradioreflejos.com.ar\/2021\/#website"},"primaryImageOfPage":{"@id":"https:\/\/www.noticiasradioreflejos.com.ar\/2021\/chernobil-una-tragedia-que-aun-resuena-por-que-se-recuerda-cada-26-de-abril\/#primaryimage"},"image":{"@id":"https:\/\/www.noticiasradioreflejos.com.ar\/2021\/chernobil-una-tragedia-que-aun-resuena-por-que-se-recuerda-cada-26-de-abril\/#primaryimage"},"thumbnailUrl":"https:\/\/www.noticiasradioreflejos.com.ar\/2021\/wp-content\/uploads\/2026\/04\/chertnobil.webp","datePublished":"2026-04-26T12:02:25+00:00","author":{"@id":"https:\/\/www.noticiasradioreflejos.com.ar\/2021\/#\/schema\/person\/ad82545263dcc5ec0996818884fd5fb1"},"breadcrumb":{"@id":"https:\/\/www.noticiasradioreflejos.com.ar\/2021\/chernobil-una-tragedia-que-aun-resuena-por-que-se-recuerda-cada-26-de-abril\/#breadcrumb"},"inLanguage":"es","potentialAction":[{"@type":"ReadAction","target":["https:\/\/www.noticiasradioreflejos.com.ar\/2021\/chernobil-una-tragedia-que-aun-resuena-por-que-se-recuerda-cada-26-de-abril\/"]}]},{"@type":"ImageObject","inLanguage":"es","@id":"https:\/\/www.noticiasradioreflejos.com.ar\/2021\/chernobil-una-tragedia-que-aun-resuena-por-que-se-recuerda-cada-26-de-abril\/#primaryimage","url":"https:\/\/www.noticiasradioreflejos.com.ar\/2021\/wp-content\/uploads\/2026\/04\/chertnobil.webp","contentUrl":"https:\/\/www.noticiasradioreflejos.com.ar\/2021\/wp-content\/uploads\/2026\/04\/chertnobil.webp","width":1200,"height":675},{"@type":"BreadcrumbList","@id":"https:\/\/www.noticiasradioreflejos.com.ar\/2021\/chernobil-una-tragedia-que-aun-resuena-por-que-se-recuerda-cada-26-de-abril\/#breadcrumb","itemListElement":[{"@type":"ListItem","position":1,"name":"Portada","item":"https:\/\/www.noticiasradioreflejos.com.ar\/2021\/"},{"@type":"ListItem","position":2,"name":"Chern\u00f3bil, una tragedia que a\u00fan resuena: por qu\u00e9 se recuerda cada 26 de abril"}]},{"@type":"WebSite","@id":"https:\/\/www.noticiasradioreflejos.com.ar\/2021\/#website","url":"https:\/\/www.noticiasradioreflejos.com.ar\/2021\/","name":"Noticias Radio Reflejos","description":"Las noticias de mi comarca","potentialAction":[{"@type":"SearchAction","target":{"@type":"EntryPoint","urlTemplate":"https:\/\/www.noticiasradioreflejos.com.ar\/2021\/?s={search_term_string}"},"query-input":{"@type":"PropertyValueSpecification","valueRequired":true,"valueName":"search_term_string"}}],"inLanguage":"es"},{"@type":"Person","@id":"https:\/\/www.noticiasradioreflejos.com.ar\/2021\/#\/schema\/person\/ad82545263dcc5ec0996818884fd5fb1","name":"Arnaldo Botto","image":{"@type":"ImageObject","inLanguage":"es","@id":"https:\/\/www.noticiasradioreflejos.com.ar\/2021\/#\/schema\/person\/image\/","url":"https:\/\/secure.gravatar.com\/avatar\/55cb5e37c1efa326397366e6974cb338056df65cb50e7d64d1cf314e87504837?s=96&d=mm&r=g","contentUrl":"https:\/\/secure.gravatar.com\/avatar\/55cb5e37c1efa326397366e6974cb338056df65cb50e7d64d1cf314e87504837?s=96&d=mm&r=g","caption":"Arnaldo Botto"},"url":"https:\/\/www.noticiasradioreflejos.com.ar\/2021\/author\/arnaldo\/"}]}},"_links":{"self":[{"href":"https:\/\/www.noticiasradioreflejos.com.ar\/2021\/wp-json\/wp\/v2\/posts\/136409","targetHints":{"allow":["GET"]}}],"collection":[{"href":"https:\/\/www.noticiasradioreflejos.com.ar\/2021\/wp-json\/wp\/v2\/posts"}],"about":[{"href":"https:\/\/www.noticiasradioreflejos.com.ar\/2021\/wp-json\/wp\/v2\/types\/post"}],"author":[{"embeddable":true,"href":"https:\/\/www.noticiasradioreflejos.com.ar\/2021\/wp-json\/wp\/v2\/users\/3"}],"replies":[{"embeddable":true,"href":"https:\/\/www.noticiasradioreflejos.com.ar\/2021\/wp-json\/wp\/v2\/comments?post=136409"}],"version-history":[{"count":1,"href":"https:\/\/www.noticiasradioreflejos.com.ar\/2021\/wp-json\/wp\/v2\/posts\/136409\/revisions"}],"predecessor-version":[{"id":136411,"href":"https:\/\/www.noticiasradioreflejos.com.ar\/2021\/wp-json\/wp\/v2\/posts\/136409\/revisions\/136411"}],"wp:featuredmedia":[{"embeddable":true,"href":"https:\/\/www.noticiasradioreflejos.com.ar\/2021\/wp-json\/wp\/v2\/media\/136410"}],"wp:attachment":[{"href":"https:\/\/www.noticiasradioreflejos.com.ar\/2021\/wp-json\/wp\/v2\/media?parent=136409"}],"wp:term":[{"taxonomy":"category","embeddable":true,"href":"https:\/\/www.noticiasradioreflejos.com.ar\/2021\/wp-json\/wp\/v2\/categories?post=136409"},{"taxonomy":"post_tag","embeddable":true,"href":"https:\/\/www.noticiasradioreflejos.com.ar\/2021\/wp-json\/wp\/v2\/tags?post=136409"}],"curies":[{"name":"wp","href":"https:\/\/api.w.org\/{rel}","templated":true}]}}