{"id":136407,"date":"2026-04-26T08:52:55","date_gmt":"2026-04-26T11:52:55","guid":{"rendered":"https:\/\/www.noticiasradioreflejos.com.ar\/2021\/?p=136407"},"modified":"2026-04-26T08:52:55","modified_gmt":"2026-04-26T11:52:55","slug":"la-justicia-bloqueo-la-reforma-de-la-ley-de-glaciares-en-santa-cruz-y-abre-la-puerta-a-un-impacto-nacional","status":"publish","type":"post","link":"https:\/\/www.noticiasradioreflejos.com.ar\/2021\/la-justicia-bloqueo-la-reforma-de-la-ley-de-glaciares-en-santa-cruz-y-abre-la-puerta-a-un-impacto-nacional\/","title":{"rendered":"La Justicia bloque\u00f3 la reforma de la Ley de Glaciares en Santa Cruz y abre la puerta a un impacto nacional"},"content":{"rendered":"<p>La decisi\u00f3n judicial surge a partir de un amparo colectivo impulsado por autoridades de El Calafate, que cuestionan la reducci\u00f3n de \u00e1reas protegidas y la posible habilitaci\u00f3n de actividades hoy prohibidas.<!--more--><\/p>\n<p><!--more--><\/p>\n<p>El juez federal de R\u00edo Gallegos, Claudio Marcelo V\u00e1zquez, <a class=\"link\" href=\"https:\/\/www.eldiarioar.com\/politica\/gobierno-promulgo-reforma-ley-glaciares-delego-facultades-control-provincias_1_13170408.html\" target=\"_blank\" rel=\"noopener\" data-mrf-recirculation=\"links-noticia\" data-mrf-link=\"https:\/\/www.eldiarioar.com\/politica\/gobierno-promulgo-reforma-ley-glaciares-delego-facultades-control-provincias_1_13170408.html\">orden\u00f3 al Estado Nacional abstenerse de aplicar la reforma de la denominada \u201cLey de Glaciares\u201d en todo el territorio de la provincia de Santa Cruz<\/a>. La decisi\u00f3n, de car\u00e1cter cautelar, implica que no podr\u00e1n ejecutarse ni autorizarse actos o medidas basadas en esa modificaci\u00f3n normativa si estas pudieran\u00a0<strong>afectar glaciares o el ambiente periglacial<\/strong>.<\/p>\n<div class=\"partner-wrapper article-page__body-row\">\n<div class=\"second-col\">\n<p class=\"article-text\">La resoluci\u00f3n se dict\u00f3 en el marco de un\u00a0<strong>amparo colectivo ambiental\u00a0<\/strong>presentado por autoridades de\u00a0<strong>El Calafate<\/strong>, entre ellas representantes del Concejo Deliberante, el Poder Ejecutivo local y legisladores provinciales. La medida tendr\u00e1 vigencia hasta tanto se dicte una sentencia definitiva en la causa principal.<\/p>\n<p class=\"article-text\">En la demanda, plantearon que\u00a0<strong>la reforma cuestionada introduce cambios sustanciales en el r\u00e9gimen de protecci\u00f3n vigente<\/strong>. Seg\u00fan argumentaron, la nueva normativa reducir\u00eda el alcance de las \u00e1reas protegidas y habilitar\u00eda actividades que actualmente se encuentran prohibidas en zonas sensibles.<\/p>\n<p class=\"article-text\">Los demandantes\u00a0<strong>tambi\u00e9n advirtieron que esta modificaci\u00f3n implicar\u00eda una regresi\u00f3n en los est\u00e1ndares de tutela ambiental establecidos por la Ley N\u00b0 26.639<\/strong>. En ese sentido, se\u00f1alaron que se ver\u00eda afectado el sistema de presupuestos m\u00ednimos previsto en el art\u00edculo 41 de la Constituci\u00f3n Nacional.<\/p>\n<p class=\"article-text\">Otro de los puntos centrales del planteo es que\u00a0<strong>la reforma trasladar\u00eda a las provincias facultades que corresponden al Congreso de la Naci\u00f3n<\/strong>. Entre ellas, la determinaci\u00f3n del objeto protegido y la autorizaci\u00f3n de actividades con impacto ambiental, lo que, seg\u00fan sostienen, alterar\u00eda el esquema de competencias vigente.<\/p>\n<p class=\"article-text\">Al analizar el caso,\u00a0<strong>el magistrado hizo hincapi\u00e9 en la relevancia de los glaciares y del ambiente periglacial, no solo a nivel local, sino tambi\u00e9n en el plano nacional y global<\/strong>. En su resoluci\u00f3n, destac\u00f3 que estos ecosistemas cumplen funciones esenciales, como la regulaci\u00f3n h\u00eddrica y la preservaci\u00f3n de recursos estrat\u00e9gicos.<\/p>\n<p class=\"article-text\">Asimismo,\u00a0<strong>el fallo incluy\u00f3 un repaso por las actividades econ\u00f3micas vinculadas a estos entornos<\/strong>, se\u00f1alando que\u00a0<strong>cualquier modificaci\u00f3n en su regulaci\u00f3n puede tener efectos directos sobre los modelos de desarrollo de las regiones involucradas<\/strong>. Este aspecto fue considerado clave al momento de evaluar el alcance de la medida.<\/p>\n<p class=\"article-text\">En su fundamentaci\u00f3n,\u00a0<strong>V\u00e1zquez tambi\u00e9n se apoy\u00f3 en principios constitucionales y del derecho ambiental<\/strong>, como el principio precautorio, la progresividad y la no regresi\u00f3n. Bajo estos criterios, entendi\u00f3 que los requisitos para dictar una medida cautelar se encontraban debidamente acreditados.<\/p>\n<p class=\"article-text\">El juez advirti\u00f3, adem\u00e1s, que una eventual demora en el dictado de la sentencia definitiva podr\u00eda tornar ilusoria la protecci\u00f3n ambiental buscada. Esto ocurrir\u00eda si, durante ese lapso, se autorizaran o desarrollaran actividades incompatibles con el nivel de tutela actualmente vigente.<\/p>\n<p class=\"article-text\">Por eso resolvi\u00f3 hacer lugar a la medida solicitada y suspender de manera cautelar los efectos de la reforma de la\u00a0<strong>Ley de Glaciares<\/strong>\u00a0en el \u00e1mbito de la provincia de Santa Cruz. La decisi\u00f3n busca preservar las condiciones actuales hasta que la Justicia se pronuncie de manera definitiva sobre la validez de los cambios introducidos. En otras provincias ya miran lo que sucede y podr\u00edan tomar como caso testigo a\u00a0<a class=\"link\" href=\"https:\/\/es.wikipedia.org\/wiki\/Provincia_de_Santa_Cruz\" target=\"_blank\" rel=\"noopener\" data-mrf-recirculation=\"links-noticia\" data-mrf-link=\"https:\/\/es.wikipedia.org\/wiki\/Provincia_de_Santa_Cruz\">Santa Cruz<\/a>.<\/p>\n<div id=\"container-after-news-outlook\"><\/div>\n<p class=\"article-text\"><i>elDiarioAR<\/i><\/p>\n<\/div>\n<\/div>\n","protected":false},"excerpt":{"rendered":"<p>La decisi\u00f3n judicial surge a partir de un amparo colectivo impulsado por autoridades de El Calafate, que cuestionan la reducci\u00f3n de \u00e1reas protegidas y la posible habilitaci\u00f3n de actividades hoy prohibidas.<\/p>\n","protected":false},"author":3,"featured_media":133681,"comment_status":"closed","ping_status":"closed","sticky":false,"template":"","format":"standard","meta":{"footnotes":""},"categories":[57,26],"tags":[],"class_list":["post-136407","post","type-post","status-publish","format-standard","has-post-thumbnail","hentry","category-judiciales","category-sociedad"],"yoast_head":"<!-- This site is optimized with the Yoast SEO plugin v25.9 - https:\/\/yoast.com\/wordpress\/plugins\/seo\/ -->\n<title>La Justicia bloque\u00f3 la reforma de la Ley de Glaciares en Santa Cruz y abre la puerta a un impacto nacional - Noticias Radio Reflejos<\/title>\n<meta name=\"robots\" content=\"index, follow, max-snippet:-1, max-image-preview:large, max-video-preview:-1\" \/>\n<link rel=\"canonical\" href=\"https:\/\/www.noticiasradioreflejos.com.ar\/2021\/la-justicia-bloqueo-la-reforma-de-la-ley-de-glaciares-en-santa-cruz-y-abre-la-puerta-a-un-impacto-nacional\/\" \/>\n<meta property=\"og:locale\" content=\"es_ES\" \/>\n<meta property=\"og:type\" content=\"article\" \/>\n<meta property=\"og:title\" content=\"La Justicia bloque\u00f3 la reforma de la Ley de Glaciares en Santa Cruz y abre la puerta a un impacto nacional - Noticias Radio Reflejos\" \/>\n<meta property=\"og:description\" content=\"La decisi\u00f3n judicial surge a partir de un amparo colectivo impulsado por autoridades de El Calafate, que cuestionan la reducci\u00f3n de \u00e1reas protegidas y la posible habilitaci\u00f3n de actividades hoy prohibidas.\" \/>\n<meta property=\"og:url\" content=\"https:\/\/www.noticiasradioreflejos.com.ar\/2021\/la-justicia-bloqueo-la-reforma-de-la-ley-de-glaciares-en-santa-cruz-y-abre-la-puerta-a-un-impacto-nacional\/\" \/>\n<meta property=\"og:site_name\" content=\"Noticias Radio Reflejos\" \/>\n<meta property=\"article:published_time\" content=\"2026-04-26T11:52:55+00:00\" \/>\n<meta property=\"og:image\" content=\"https:\/\/www.noticiasradioreflejos.com.ar\/2021\/wp-content\/uploads\/2026\/03\/glaciares-no-se-tocan.webp\" \/>\n\t<meta property=\"og:image:width\" content=\"1200\" \/>\n\t<meta property=\"og:image:height\" content=\"675\" \/>\n\t<meta property=\"og:image:type\" content=\"image\/webp\" \/>\n<meta name=\"author\" content=\"Arnaldo Botto\" \/>\n<meta name=\"twitter:card\" content=\"summary_large_image\" \/>\n<script type=\"application\/ld+json\" class=\"yoast-schema-graph\">{\"@context\":\"https:\/\/schema.org\",\"@graph\":[{\"@type\":\"WebPage\",\"@id\":\"https:\/\/www.noticiasradioreflejos.com.ar\/2021\/la-justicia-bloqueo-la-reforma-de-la-ley-de-glaciares-en-santa-cruz-y-abre-la-puerta-a-un-impacto-nacional\/\",\"url\":\"https:\/\/www.noticiasradioreflejos.com.ar\/2021\/la-justicia-bloqueo-la-reforma-de-la-ley-de-glaciares-en-santa-cruz-y-abre-la-puerta-a-un-impacto-nacional\/\",\"name\":\"La Justicia bloque\u00f3 la reforma de la Ley de Glaciares en Santa Cruz y abre la puerta a un impacto nacional - Noticias Radio Reflejos\",\"isPartOf\":{\"@id\":\"https:\/\/www.noticiasradioreflejos.com.ar\/2021\/#website\"},\"primaryImageOfPage\":{\"@id\":\"https:\/\/www.noticiasradioreflejos.com.ar\/2021\/la-justicia-bloqueo-la-reforma-de-la-ley-de-glaciares-en-santa-cruz-y-abre-la-puerta-a-un-impacto-nacional\/#primaryimage\"},\"image\":{\"@id\":\"https:\/\/www.noticiasradioreflejos.com.ar\/2021\/la-justicia-bloqueo-la-reforma-de-la-ley-de-glaciares-en-santa-cruz-y-abre-la-puerta-a-un-impacto-nacional\/#primaryimage\"},\"thumbnailUrl\":\"https:\/\/www.noticiasradioreflejos.com.ar\/2021\/wp-content\/uploads\/2026\/03\/glaciares-no-se-tocan.webp\",\"datePublished\":\"2026-04-26T11:52:55+00:00\",\"author\":{\"@id\":\"https:\/\/www.noticiasradioreflejos.com.ar\/2021\/#\/schema\/person\/ad82545263dcc5ec0996818884fd5fb1\"},\"breadcrumb\":{\"@id\":\"https:\/\/www.noticiasradioreflejos.com.ar\/2021\/la-justicia-bloqueo-la-reforma-de-la-ley-de-glaciares-en-santa-cruz-y-abre-la-puerta-a-un-impacto-nacional\/#breadcrumb\"},\"inLanguage\":\"es\",\"potentialAction\":[{\"@type\":\"ReadAction\",\"target\":[\"https:\/\/www.noticiasradioreflejos.com.ar\/2021\/la-justicia-bloqueo-la-reforma-de-la-ley-de-glaciares-en-santa-cruz-y-abre-la-puerta-a-un-impacto-nacional\/\"]}]},{\"@type\":\"ImageObject\",\"inLanguage\":\"es\",\"@id\":\"https:\/\/www.noticiasradioreflejos.com.ar\/2021\/la-justicia-bloqueo-la-reforma-de-la-ley-de-glaciares-en-santa-cruz-y-abre-la-puerta-a-un-impacto-nacional\/#primaryimage\",\"url\":\"https:\/\/www.noticiasradioreflejos.com.ar\/2021\/wp-content\/uploads\/2026\/03\/glaciares-no-se-tocan.webp\",\"contentUrl\":\"https:\/\/www.noticiasradioreflejos.com.ar\/2021\/wp-content\/uploads\/2026\/03\/glaciares-no-se-tocan.webp\",\"width\":1200,\"height\":675},{\"@type\":\"BreadcrumbList\",\"@id\":\"https:\/\/www.noticiasradioreflejos.com.ar\/2021\/la-justicia-bloqueo-la-reforma-de-la-ley-de-glaciares-en-santa-cruz-y-abre-la-puerta-a-un-impacto-nacional\/#breadcrumb\",\"itemListElement\":[{\"@type\":\"ListItem\",\"position\":1,\"name\":\"Portada\",\"item\":\"https:\/\/www.noticiasradioreflejos.com.ar\/2021\/\"},{\"@type\":\"ListItem\",\"position\":2,\"name\":\"La Justicia bloque\u00f3 la reforma de la Ley de Glaciares en Santa Cruz y abre la puerta a un impacto nacional\"}]},{\"@type\":\"WebSite\",\"@id\":\"https:\/\/www.noticiasradioreflejos.com.ar\/2021\/#website\",\"url\":\"https:\/\/www.noticiasradioreflejos.com.ar\/2021\/\",\"name\":\"Noticias Radio Reflejos\",\"description\":\"Las noticias de mi comarca\",\"potentialAction\":[{\"@type\":\"SearchAction\",\"target\":{\"@type\":\"EntryPoint\",\"urlTemplate\":\"https:\/\/www.noticiasradioreflejos.com.ar\/2021\/?s={search_term_string}\"},\"query-input\":{\"@type\":\"PropertyValueSpecification\",\"valueRequired\":true,\"valueName\":\"search_term_string\"}}],\"inLanguage\":\"es\"},{\"@type\":\"Person\",\"@id\":\"https:\/\/www.noticiasradioreflejos.com.ar\/2021\/#\/schema\/person\/ad82545263dcc5ec0996818884fd5fb1\",\"name\":\"Arnaldo Botto\",\"image\":{\"@type\":\"ImageObject\",\"inLanguage\":\"es\",\"@id\":\"https:\/\/www.noticiasradioreflejos.com.ar\/2021\/#\/schema\/person\/image\/\",\"url\":\"https:\/\/secure.gravatar.com\/avatar\/55cb5e37c1efa326397366e6974cb338056df65cb50e7d64d1cf314e87504837?s=96&d=mm&r=g\",\"contentUrl\":\"https:\/\/secure.gravatar.com\/avatar\/55cb5e37c1efa326397366e6974cb338056df65cb50e7d64d1cf314e87504837?s=96&d=mm&r=g\",\"caption\":\"Arnaldo Botto\"},\"url\":\"https:\/\/www.noticiasradioreflejos.com.ar\/2021\/author\/arnaldo\/\"}]}<\/script>\n<!-- \/ Yoast SEO plugin. -->","yoast_head_json":{"title":"La Justicia bloque\u00f3 la reforma de la Ley de Glaciares en Santa Cruz y abre la puerta a un impacto nacional - Noticias Radio Reflejos","robots":{"index":"index","follow":"follow","max-snippet":"max-snippet:-1","max-image-preview":"max-image-preview:large","max-video-preview":"max-video-preview:-1"},"canonical":"https:\/\/www.noticiasradioreflejos.com.ar\/2021\/la-justicia-bloqueo-la-reforma-de-la-ley-de-glaciares-en-santa-cruz-y-abre-la-puerta-a-un-impacto-nacional\/","og_locale":"es_ES","og_type":"article","og_title":"La Justicia bloque\u00f3 la reforma de la Ley de Glaciares en Santa Cruz y abre la puerta a un impacto nacional - Noticias Radio Reflejos","og_description":"La decisi\u00f3n judicial surge a partir de un amparo colectivo impulsado por autoridades de El Calafate, que cuestionan la reducci\u00f3n de \u00e1reas protegidas y la posible habilitaci\u00f3n de actividades hoy prohibidas.","og_url":"https:\/\/www.noticiasradioreflejos.com.ar\/2021\/la-justicia-bloqueo-la-reforma-de-la-ley-de-glaciares-en-santa-cruz-y-abre-la-puerta-a-un-impacto-nacional\/","og_site_name":"Noticias Radio Reflejos","article_published_time":"2026-04-26T11:52:55+00:00","og_image":[{"width":1200,"height":675,"url":"https:\/\/www.noticiasradioreflejos.com.ar\/2021\/wp-content\/uploads\/2026\/03\/glaciares-no-se-tocan.webp","type":"image\/webp"}],"author":"Arnaldo Botto","twitter_card":"summary_large_image","schema":{"@context":"https:\/\/schema.org","@graph":[{"@type":"WebPage","@id":"https:\/\/www.noticiasradioreflejos.com.ar\/2021\/la-justicia-bloqueo-la-reforma-de-la-ley-de-glaciares-en-santa-cruz-y-abre-la-puerta-a-un-impacto-nacional\/","url":"https:\/\/www.noticiasradioreflejos.com.ar\/2021\/la-justicia-bloqueo-la-reforma-de-la-ley-de-glaciares-en-santa-cruz-y-abre-la-puerta-a-un-impacto-nacional\/","name":"La Justicia bloque\u00f3 la reforma de la Ley de Glaciares en Santa Cruz y abre la puerta a un impacto nacional - Noticias Radio Reflejos","isPartOf":{"@id":"https:\/\/www.noticiasradioreflejos.com.ar\/2021\/#website"},"primaryImageOfPage":{"@id":"https:\/\/www.noticiasradioreflejos.com.ar\/2021\/la-justicia-bloqueo-la-reforma-de-la-ley-de-glaciares-en-santa-cruz-y-abre-la-puerta-a-un-impacto-nacional\/#primaryimage"},"image":{"@id":"https:\/\/www.noticiasradioreflejos.com.ar\/2021\/la-justicia-bloqueo-la-reforma-de-la-ley-de-glaciares-en-santa-cruz-y-abre-la-puerta-a-un-impacto-nacional\/#primaryimage"},"thumbnailUrl":"https:\/\/www.noticiasradioreflejos.com.ar\/2021\/wp-content\/uploads\/2026\/03\/glaciares-no-se-tocan.webp","datePublished":"2026-04-26T11:52:55+00:00","author":{"@id":"https:\/\/www.noticiasradioreflejos.com.ar\/2021\/#\/schema\/person\/ad82545263dcc5ec0996818884fd5fb1"},"breadcrumb":{"@id":"https:\/\/www.noticiasradioreflejos.com.ar\/2021\/la-justicia-bloqueo-la-reforma-de-la-ley-de-glaciares-en-santa-cruz-y-abre-la-puerta-a-un-impacto-nacional\/#breadcrumb"},"inLanguage":"es","potentialAction":[{"@type":"ReadAction","target":["https:\/\/www.noticiasradioreflejos.com.ar\/2021\/la-justicia-bloqueo-la-reforma-de-la-ley-de-glaciares-en-santa-cruz-y-abre-la-puerta-a-un-impacto-nacional\/"]}]},{"@type":"ImageObject","inLanguage":"es","@id":"https:\/\/www.noticiasradioreflejos.com.ar\/2021\/la-justicia-bloqueo-la-reforma-de-la-ley-de-glaciares-en-santa-cruz-y-abre-la-puerta-a-un-impacto-nacional\/#primaryimage","url":"https:\/\/www.noticiasradioreflejos.com.ar\/2021\/wp-content\/uploads\/2026\/03\/glaciares-no-se-tocan.webp","contentUrl":"https:\/\/www.noticiasradioreflejos.com.ar\/2021\/wp-content\/uploads\/2026\/03\/glaciares-no-se-tocan.webp","width":1200,"height":675},{"@type":"BreadcrumbList","@id":"https:\/\/www.noticiasradioreflejos.com.ar\/2021\/la-justicia-bloqueo-la-reforma-de-la-ley-de-glaciares-en-santa-cruz-y-abre-la-puerta-a-un-impacto-nacional\/#breadcrumb","itemListElement":[{"@type":"ListItem","position":1,"name":"Portada","item":"https:\/\/www.noticiasradioreflejos.com.ar\/2021\/"},{"@type":"ListItem","position":2,"name":"La Justicia bloque\u00f3 la reforma de la Ley de Glaciares en Santa Cruz y abre la puerta a un impacto nacional"}]},{"@type":"WebSite","@id":"https:\/\/www.noticiasradioreflejos.com.ar\/2021\/#website","url":"https:\/\/www.noticiasradioreflejos.com.ar\/2021\/","name":"Noticias Radio Reflejos","description":"Las noticias de mi comarca","potentialAction":[{"@type":"SearchAction","target":{"@type":"EntryPoint","urlTemplate":"https:\/\/www.noticiasradioreflejos.com.ar\/2021\/?s={search_term_string}"},"query-input":{"@type":"PropertyValueSpecification","valueRequired":true,"valueName":"search_term_string"}}],"inLanguage":"es"},{"@type":"Person","@id":"https:\/\/www.noticiasradioreflejos.com.ar\/2021\/#\/schema\/person\/ad82545263dcc5ec0996818884fd5fb1","name":"Arnaldo Botto","image":{"@type":"ImageObject","inLanguage":"es","@id":"https:\/\/www.noticiasradioreflejos.com.ar\/2021\/#\/schema\/person\/image\/","url":"https:\/\/secure.gravatar.com\/avatar\/55cb5e37c1efa326397366e6974cb338056df65cb50e7d64d1cf314e87504837?s=96&d=mm&r=g","contentUrl":"https:\/\/secure.gravatar.com\/avatar\/55cb5e37c1efa326397366e6974cb338056df65cb50e7d64d1cf314e87504837?s=96&d=mm&r=g","caption":"Arnaldo Botto"},"url":"https:\/\/www.noticiasradioreflejos.com.ar\/2021\/author\/arnaldo\/"}]}},"_links":{"self":[{"href":"https:\/\/www.noticiasradioreflejos.com.ar\/2021\/wp-json\/wp\/v2\/posts\/136407","targetHints":{"allow":["GET"]}}],"collection":[{"href":"https:\/\/www.noticiasradioreflejos.com.ar\/2021\/wp-json\/wp\/v2\/posts"}],"about":[{"href":"https:\/\/www.noticiasradioreflejos.com.ar\/2021\/wp-json\/wp\/v2\/types\/post"}],"author":[{"embeddable":true,"href":"https:\/\/www.noticiasradioreflejos.com.ar\/2021\/wp-json\/wp\/v2\/users\/3"}],"replies":[{"embeddable":true,"href":"https:\/\/www.noticiasradioreflejos.com.ar\/2021\/wp-json\/wp\/v2\/comments?post=136407"}],"version-history":[{"count":1,"href":"https:\/\/www.noticiasradioreflejos.com.ar\/2021\/wp-json\/wp\/v2\/posts\/136407\/revisions"}],"predecessor-version":[{"id":136408,"href":"https:\/\/www.noticiasradioreflejos.com.ar\/2021\/wp-json\/wp\/v2\/posts\/136407\/revisions\/136408"}],"wp:featuredmedia":[{"embeddable":true,"href":"https:\/\/www.noticiasradioreflejos.com.ar\/2021\/wp-json\/wp\/v2\/media\/133681"}],"wp:attachment":[{"href":"https:\/\/www.noticiasradioreflejos.com.ar\/2021\/wp-json\/wp\/v2\/media?parent=136407"}],"wp:term":[{"taxonomy":"category","embeddable":true,"href":"https:\/\/www.noticiasradioreflejos.com.ar\/2021\/wp-json\/wp\/v2\/categories?post=136407"},{"taxonomy":"post_tag","embeddable":true,"href":"https:\/\/www.noticiasradioreflejos.com.ar\/2021\/wp-json\/wp\/v2\/tags?post=136407"}],"curies":[{"name":"wp","href":"https:\/\/api.w.org\/{rel}","templated":true}]}}