{"id":136393,"date":"2026-04-25T22:23:40","date_gmt":"2026-04-26T01:23:40","guid":{"rendered":"https:\/\/www.noticiasradioreflejos.com.ar\/2021\/?p=136393"},"modified":"2026-04-25T22:24:34","modified_gmt":"2026-04-26T01:24:34","slug":"sierra-de-la-ventana-un-hombre-resulto-herido-tras-accidentarse-en-la-estancia-la-vigilancia","status":"publish","type":"post","link":"https:\/\/www.noticiasradioreflejos.com.ar\/2021\/sierra-de-la-ventana-un-hombre-resulto-herido-tras-accidentarse-en-la-estancia-la-vigilancia\/","title":{"rendered":"Sierra de la Ventana: Un hombre result\u00f3 herido tras accidentarse en la Estancia La Vigilancia"},"content":{"rendered":"<p>En el marco de las salidas operativas registradas durante la jornada de hoy, el cuerpo de Bomberos Voluntarios de Sierra de la Ventana tom\u00f3 intervenci\u00f3n en un nuevo requerimiento de auxilio ocurrido en el sector serrano de la Estancia \u00abLa Vigilancia\u00bb.<!--more--><\/p>\n<p><strong>Detalles del Incidente<\/strong><\/p>\n<p>Alrededor de las 18:30 horas, se recibi\u00f3 un aviso alertando sobre un accidente sufrido por el ciudadano Alejo Castro Borda (40), oriundo de la localidad de General La Madrid. Seg\u00fan el reporte oficial:<\/p>\n<p><strong>Naturaleza del hecho:<\/strong> El ciudadano sufri\u00f3 una herida punzocortante accidental de car\u00e1cter autoinfligido en uno de sus miembros inferiores (pierna).<\/p>\n<p>Asistencia: Fue asistido en el lugar y trasladado de inmediato en ambulancia al nosocomio local para recibir las curaciones correspondientes.<\/p>\n<p>Estado de salud: Se inform\u00f3 que el paciente se encuentra estable y fuera de peligro.<\/p>\n<h4>Actuaciones Posteriores<\/h4>\n<p>Debido a que el incidente se produjo en zona de campos y cerros, se dio intervenci\u00f3n a la Polic\u00eda Rural, autoridad competente por razones de jurisdicci\u00f3n, para realizar las diligencias de rigor.<\/p>\n<p>Este servicio se suma a la salida previa realizada por la instituci\u00f3n, manteniendo la operatividad constante del cuerpo activo ante las diversas contingencias en la zona de influencia.<\/p>\n","protected":false},"excerpt":{"rendered":"<p>En el marco de las salidas operativas registradas durante la jornada de hoy, el cuerpo de Bomberos Voluntarios de Sierra de la Ventana tom\u00f3 intervenci\u00f3n en un nuevo requerimiento de auxilio ocurrido en el sector serrano de la Estancia \u00abLa Vigilancia\u00bb.<\/p>\n","protected":false},"author":3,"featured_media":136394,"comment_status":"closed","ping_status":"closed","sticky":false,"template":"","format":"standard","meta":{"footnotes":""},"categories":[29,26],"tags":[48],"class_list":["post-136393","post","type-post","status-publish","format-standard","has-post-thumbnail","hentry","category-policiales","category-sociedad","tag-destacada"],"yoast_head":"<!-- This site is optimized with the Yoast SEO plugin v25.9 - https:\/\/yoast.com\/wordpress\/plugins\/seo\/ -->\n<title>Sierra de la Ventana: Un hombre result\u00f3 herido tras accidentarse en la Estancia La Vigilancia - Noticias Radio Reflejos<\/title>\n<meta name=\"robots\" content=\"index, follow, max-snippet:-1, max-image-preview:large, max-video-preview:-1\" \/>\n<link rel=\"canonical\" href=\"https:\/\/www.noticiasradioreflejos.com.ar\/2021\/sierra-de-la-ventana-un-hombre-resulto-herido-tras-accidentarse-en-la-estancia-la-vigilancia\/\" \/>\n<meta property=\"og:locale\" content=\"es_ES\" \/>\n<meta property=\"og:type\" content=\"article\" \/>\n<meta property=\"og:title\" content=\"Sierra de la Ventana: Un hombre result\u00f3 herido tras accidentarse en la Estancia La Vigilancia - Noticias Radio Reflejos\" \/>\n<meta property=\"og:description\" content=\"En el marco de las salidas operativas registradas durante la jornada de hoy, el cuerpo de Bomberos Voluntarios de Sierra de la Ventana tom\u00f3 intervenci\u00f3n en un nuevo requerimiento de auxilio ocurrido en el sector serrano de la Estancia \u00abLa Vigilancia\u00bb.\" \/>\n<meta property=\"og:url\" content=\"https:\/\/www.noticiasradioreflejos.com.ar\/2021\/sierra-de-la-ventana-un-hombre-resulto-herido-tras-accidentarse-en-la-estancia-la-vigilancia\/\" \/>\n<meta property=\"og:site_name\" content=\"Noticias Radio Reflejos\" \/>\n<meta property=\"article:published_time\" content=\"2026-04-26T01:23:40+00:00\" \/>\n<meta property=\"article:modified_time\" content=\"2026-04-26T01:24:34+00:00\" \/>\n<meta property=\"og:image\" content=\"https:\/\/www.noticiasradioreflejos.com.ar\/2021\/wp-content\/uploads\/2026\/04\/1777166562543.png\" \/>\n\t<meta property=\"og:image:width\" content=\"1408\" \/>\n\t<meta property=\"og:image:height\" content=\"768\" \/>\n\t<meta property=\"og:image:type\" content=\"image\/png\" \/>\n<meta name=\"author\" content=\"Arnaldo Botto\" \/>\n<meta name=\"twitter:card\" content=\"summary_large_image\" \/>\n<script type=\"application\/ld+json\" class=\"yoast-schema-graph\">{\"@context\":\"https:\/\/schema.org\",\"@graph\":[{\"@type\":\"WebPage\",\"@id\":\"https:\/\/www.noticiasradioreflejos.com.ar\/2021\/sierra-de-la-ventana-un-hombre-resulto-herido-tras-accidentarse-en-la-estancia-la-vigilancia\/\",\"url\":\"https:\/\/www.noticiasradioreflejos.com.ar\/2021\/sierra-de-la-ventana-un-hombre-resulto-herido-tras-accidentarse-en-la-estancia-la-vigilancia\/\",\"name\":\"Sierra de la Ventana: Un hombre result\u00f3 herido tras accidentarse en la Estancia La Vigilancia - Noticias Radio Reflejos\",\"isPartOf\":{\"@id\":\"https:\/\/www.noticiasradioreflejos.com.ar\/2021\/#website\"},\"primaryImageOfPage\":{\"@id\":\"https:\/\/www.noticiasradioreflejos.com.ar\/2021\/sierra-de-la-ventana-un-hombre-resulto-herido-tras-accidentarse-en-la-estancia-la-vigilancia\/#primaryimage\"},\"image\":{\"@id\":\"https:\/\/www.noticiasradioreflejos.com.ar\/2021\/sierra-de-la-ventana-un-hombre-resulto-herido-tras-accidentarse-en-la-estancia-la-vigilancia\/#primaryimage\"},\"thumbnailUrl\":\"https:\/\/www.noticiasradioreflejos.com.ar\/2021\/wp-content\/uploads\/2026\/04\/1777166562543.png\",\"datePublished\":\"2026-04-26T01:23:40+00:00\",\"dateModified\":\"2026-04-26T01:24:34+00:00\",\"author\":{\"@id\":\"https:\/\/www.noticiasradioreflejos.com.ar\/2021\/#\/schema\/person\/ad82545263dcc5ec0996818884fd5fb1\"},\"breadcrumb\":{\"@id\":\"https:\/\/www.noticiasradioreflejos.com.ar\/2021\/sierra-de-la-ventana-un-hombre-resulto-herido-tras-accidentarse-en-la-estancia-la-vigilancia\/#breadcrumb\"},\"inLanguage\":\"es\",\"potentialAction\":[{\"@type\":\"ReadAction\",\"target\":[\"https:\/\/www.noticiasradioreflejos.com.ar\/2021\/sierra-de-la-ventana-un-hombre-resulto-herido-tras-accidentarse-en-la-estancia-la-vigilancia\/\"]}]},{\"@type\":\"ImageObject\",\"inLanguage\":\"es\",\"@id\":\"https:\/\/www.noticiasradioreflejos.com.ar\/2021\/sierra-de-la-ventana-un-hombre-resulto-herido-tras-accidentarse-en-la-estancia-la-vigilancia\/#primaryimage\",\"url\":\"https:\/\/www.noticiasradioreflejos.com.ar\/2021\/wp-content\/uploads\/2026\/04\/1777166562543.png\",\"contentUrl\":\"https:\/\/www.noticiasradioreflejos.com.ar\/2021\/wp-content\/uploads\/2026\/04\/1777166562543.png\",\"width\":1408,\"height\":768},{\"@type\":\"BreadcrumbList\",\"@id\":\"https:\/\/www.noticiasradioreflejos.com.ar\/2021\/sierra-de-la-ventana-un-hombre-resulto-herido-tras-accidentarse-en-la-estancia-la-vigilancia\/#breadcrumb\",\"itemListElement\":[{\"@type\":\"ListItem\",\"position\":1,\"name\":\"Portada\",\"item\":\"https:\/\/www.noticiasradioreflejos.com.ar\/2021\/\"},{\"@type\":\"ListItem\",\"position\":2,\"name\":\"Sierra de la Ventana: Un hombre result\u00f3 herido tras accidentarse en la Estancia La Vigilancia\"}]},{\"@type\":\"WebSite\",\"@id\":\"https:\/\/www.noticiasradioreflejos.com.ar\/2021\/#website\",\"url\":\"https:\/\/www.noticiasradioreflejos.com.ar\/2021\/\",\"name\":\"Noticias Radio Reflejos\",\"description\":\"Las noticias de mi comarca\",\"potentialAction\":[{\"@type\":\"SearchAction\",\"target\":{\"@type\":\"EntryPoint\",\"urlTemplate\":\"https:\/\/www.noticiasradioreflejos.com.ar\/2021\/?s={search_term_string}\"},\"query-input\":{\"@type\":\"PropertyValueSpecification\",\"valueRequired\":true,\"valueName\":\"search_term_string\"}}],\"inLanguage\":\"es\"},{\"@type\":\"Person\",\"@id\":\"https:\/\/www.noticiasradioreflejos.com.ar\/2021\/#\/schema\/person\/ad82545263dcc5ec0996818884fd5fb1\",\"name\":\"Arnaldo Botto\",\"image\":{\"@type\":\"ImageObject\",\"inLanguage\":\"es\",\"@id\":\"https:\/\/www.noticiasradioreflejos.com.ar\/2021\/#\/schema\/person\/image\/\",\"url\":\"https:\/\/secure.gravatar.com\/avatar\/55cb5e37c1efa326397366e6974cb338056df65cb50e7d64d1cf314e87504837?s=96&d=mm&r=g\",\"contentUrl\":\"https:\/\/secure.gravatar.com\/avatar\/55cb5e37c1efa326397366e6974cb338056df65cb50e7d64d1cf314e87504837?s=96&d=mm&r=g\",\"caption\":\"Arnaldo Botto\"},\"url\":\"https:\/\/www.noticiasradioreflejos.com.ar\/2021\/author\/arnaldo\/\"}]}<\/script>\n<!-- \/ Yoast SEO plugin. -->","yoast_head_json":{"title":"Sierra de la Ventana: Un hombre result\u00f3 herido tras accidentarse en la Estancia La Vigilancia - Noticias Radio Reflejos","robots":{"index":"index","follow":"follow","max-snippet":"max-snippet:-1","max-image-preview":"max-image-preview:large","max-video-preview":"max-video-preview:-1"},"canonical":"https:\/\/www.noticiasradioreflejos.com.ar\/2021\/sierra-de-la-ventana-un-hombre-resulto-herido-tras-accidentarse-en-la-estancia-la-vigilancia\/","og_locale":"es_ES","og_type":"article","og_title":"Sierra de la Ventana: Un hombre result\u00f3 herido tras accidentarse en la Estancia La Vigilancia - Noticias Radio Reflejos","og_description":"En el marco de las salidas operativas registradas durante la jornada de hoy, el cuerpo de Bomberos Voluntarios de Sierra de la Ventana tom\u00f3 intervenci\u00f3n en un nuevo requerimiento de auxilio ocurrido en el sector serrano de la Estancia \u00abLa Vigilancia\u00bb.","og_url":"https:\/\/www.noticiasradioreflejos.com.ar\/2021\/sierra-de-la-ventana-un-hombre-resulto-herido-tras-accidentarse-en-la-estancia-la-vigilancia\/","og_site_name":"Noticias Radio Reflejos","article_published_time":"2026-04-26T01:23:40+00:00","article_modified_time":"2026-04-26T01:24:34+00:00","og_image":[{"width":1408,"height":768,"url":"https:\/\/www.noticiasradioreflejos.com.ar\/2021\/wp-content\/uploads\/2026\/04\/1777166562543.png","type":"image\/png"}],"author":"Arnaldo Botto","twitter_card":"summary_large_image","schema":{"@context":"https:\/\/schema.org","@graph":[{"@type":"WebPage","@id":"https:\/\/www.noticiasradioreflejos.com.ar\/2021\/sierra-de-la-ventana-un-hombre-resulto-herido-tras-accidentarse-en-la-estancia-la-vigilancia\/","url":"https:\/\/www.noticiasradioreflejos.com.ar\/2021\/sierra-de-la-ventana-un-hombre-resulto-herido-tras-accidentarse-en-la-estancia-la-vigilancia\/","name":"Sierra de la Ventana: Un hombre result\u00f3 herido tras accidentarse en la Estancia La Vigilancia - Noticias Radio Reflejos","isPartOf":{"@id":"https:\/\/www.noticiasradioreflejos.com.ar\/2021\/#website"},"primaryImageOfPage":{"@id":"https:\/\/www.noticiasradioreflejos.com.ar\/2021\/sierra-de-la-ventana-un-hombre-resulto-herido-tras-accidentarse-en-la-estancia-la-vigilancia\/#primaryimage"},"image":{"@id":"https:\/\/www.noticiasradioreflejos.com.ar\/2021\/sierra-de-la-ventana-un-hombre-resulto-herido-tras-accidentarse-en-la-estancia-la-vigilancia\/#primaryimage"},"thumbnailUrl":"https:\/\/www.noticiasradioreflejos.com.ar\/2021\/wp-content\/uploads\/2026\/04\/1777166562543.png","datePublished":"2026-04-26T01:23:40+00:00","dateModified":"2026-04-26T01:24:34+00:00","author":{"@id":"https:\/\/www.noticiasradioreflejos.com.ar\/2021\/#\/schema\/person\/ad82545263dcc5ec0996818884fd5fb1"},"breadcrumb":{"@id":"https:\/\/www.noticiasradioreflejos.com.ar\/2021\/sierra-de-la-ventana-un-hombre-resulto-herido-tras-accidentarse-en-la-estancia-la-vigilancia\/#breadcrumb"},"inLanguage":"es","potentialAction":[{"@type":"ReadAction","target":["https:\/\/www.noticiasradioreflejos.com.ar\/2021\/sierra-de-la-ventana-un-hombre-resulto-herido-tras-accidentarse-en-la-estancia-la-vigilancia\/"]}]},{"@type":"ImageObject","inLanguage":"es","@id":"https:\/\/www.noticiasradioreflejos.com.ar\/2021\/sierra-de-la-ventana-un-hombre-resulto-herido-tras-accidentarse-en-la-estancia-la-vigilancia\/#primaryimage","url":"https:\/\/www.noticiasradioreflejos.com.ar\/2021\/wp-content\/uploads\/2026\/04\/1777166562543.png","contentUrl":"https:\/\/www.noticiasradioreflejos.com.ar\/2021\/wp-content\/uploads\/2026\/04\/1777166562543.png","width":1408,"height":768},{"@type":"BreadcrumbList","@id":"https:\/\/www.noticiasradioreflejos.com.ar\/2021\/sierra-de-la-ventana-un-hombre-resulto-herido-tras-accidentarse-en-la-estancia-la-vigilancia\/#breadcrumb","itemListElement":[{"@type":"ListItem","position":1,"name":"Portada","item":"https:\/\/www.noticiasradioreflejos.com.ar\/2021\/"},{"@type":"ListItem","position":2,"name":"Sierra de la Ventana: Un hombre result\u00f3 herido tras accidentarse en la Estancia La Vigilancia"}]},{"@type":"WebSite","@id":"https:\/\/www.noticiasradioreflejos.com.ar\/2021\/#website","url":"https:\/\/www.noticiasradioreflejos.com.ar\/2021\/","name":"Noticias Radio Reflejos","description":"Las noticias de mi comarca","potentialAction":[{"@type":"SearchAction","target":{"@type":"EntryPoint","urlTemplate":"https:\/\/www.noticiasradioreflejos.com.ar\/2021\/?s={search_term_string}"},"query-input":{"@type":"PropertyValueSpecification","valueRequired":true,"valueName":"search_term_string"}}],"inLanguage":"es"},{"@type":"Person","@id":"https:\/\/www.noticiasradioreflejos.com.ar\/2021\/#\/schema\/person\/ad82545263dcc5ec0996818884fd5fb1","name":"Arnaldo Botto","image":{"@type":"ImageObject","inLanguage":"es","@id":"https:\/\/www.noticiasradioreflejos.com.ar\/2021\/#\/schema\/person\/image\/","url":"https:\/\/secure.gravatar.com\/avatar\/55cb5e37c1efa326397366e6974cb338056df65cb50e7d64d1cf314e87504837?s=96&d=mm&r=g","contentUrl":"https:\/\/secure.gravatar.com\/avatar\/55cb5e37c1efa326397366e6974cb338056df65cb50e7d64d1cf314e87504837?s=96&d=mm&r=g","caption":"Arnaldo Botto"},"url":"https:\/\/www.noticiasradioreflejos.com.ar\/2021\/author\/arnaldo\/"}]}},"_links":{"self":[{"href":"https:\/\/www.noticiasradioreflejos.com.ar\/2021\/wp-json\/wp\/v2\/posts\/136393","targetHints":{"allow":["GET"]}}],"collection":[{"href":"https:\/\/www.noticiasradioreflejos.com.ar\/2021\/wp-json\/wp\/v2\/posts"}],"about":[{"href":"https:\/\/www.noticiasradioreflejos.com.ar\/2021\/wp-json\/wp\/v2\/types\/post"}],"author":[{"embeddable":true,"href":"https:\/\/www.noticiasradioreflejos.com.ar\/2021\/wp-json\/wp\/v2\/users\/3"}],"replies":[{"embeddable":true,"href":"https:\/\/www.noticiasradioreflejos.com.ar\/2021\/wp-json\/wp\/v2\/comments?post=136393"}],"version-history":[{"count":1,"href":"https:\/\/www.noticiasradioreflejos.com.ar\/2021\/wp-json\/wp\/v2\/posts\/136393\/revisions"}],"predecessor-version":[{"id":136395,"href":"https:\/\/www.noticiasradioreflejos.com.ar\/2021\/wp-json\/wp\/v2\/posts\/136393\/revisions\/136395"}],"wp:featuredmedia":[{"embeddable":true,"href":"https:\/\/www.noticiasradioreflejos.com.ar\/2021\/wp-json\/wp\/v2\/media\/136394"}],"wp:attachment":[{"href":"https:\/\/www.noticiasradioreflejos.com.ar\/2021\/wp-json\/wp\/v2\/media?parent=136393"}],"wp:term":[{"taxonomy":"category","embeddable":true,"href":"https:\/\/www.noticiasradioreflejos.com.ar\/2021\/wp-json\/wp\/v2\/categories?post=136393"},{"taxonomy":"post_tag","embeddable":true,"href":"https:\/\/www.noticiasradioreflejos.com.ar\/2021\/wp-json\/wp\/v2\/tags?post=136393"}],"curies":[{"name":"wp","href":"https:\/\/api.w.org\/{rel}","templated":true}]}}