{"id":136341,"date":"2026-04-24T10:59:39","date_gmt":"2026-04-24T13:59:39","guid":{"rendered":"https:\/\/www.noticiasradioreflejos.com.ar\/2021\/?p=136341"},"modified":"2026-04-24T10:59:39","modified_gmt":"2026-04-24T13:59:39","slug":"arbolado-publico-en-coronel-suarez-el-municipio-es-el-responsable-legal-ante-el-riesgo-de-los-ejemplares-anosos","status":"publish","type":"post","link":"https:\/\/www.noticiasradioreflejos.com.ar\/2021\/arbolado-publico-en-coronel-suarez-el-municipio-es-el-responsable-legal-ante-el-riesgo-de-los-ejemplares-anosos\/","title":{"rendered":"Arbolado p\u00fablico en Coronel Su\u00e1rez: el municipio es el responsable legal ante el riesgo de los ejemplares a\u00f1osos"},"content":{"rendered":"<p data-path-to-node=\"3\">Ante la creciente preocupaci\u00f3n de los vecinos por el peligro que representan los \u00e1rboles de gran porte para la integridad f\u00edsica y los bienes, un an\u00e1lisis de la normativa vigente confirma que las calles y aceras son de dominio p\u00fablico municipal. A pesar de las ambig\u00fcedades de la Ordenanza local 7550, la Ley Provincial 12.276 y la Constituci\u00f3n de la Provincia ratifican la competencia exclusiva del Estado Municipal en la gesti\u00f3n y conservaci\u00f3n del arbolado.<!--more--><\/p>\n<p data-path-to-node=\"5\">El debate sobre la seguridad de los ciudadanos frente a la ca\u00edda de ramas o ejemplares a\u00f1osos en la v\u00eda p\u00fablica ha puesto bajo la lupa el marco regulatorio actual. El an\u00e1lisis jur\u00eddico basado en las leyes vigentes arroja claridad sobre qui\u00e9n debe responder ante estas situaciones.<\/p>\n<p data-path-to-node=\"6\"><b data-path-to-node=\"6\" data-index-in-node=\"0\">1. El Dominio P\u00fablico y la Responsabilidad Municipal<\/b> De acuerdo con el C\u00f3digo Civil y Comercial de la Naci\u00f3n (Art. 235), las calles y aceras integran el dominio p\u00fablico. En la Provincia de Buenos Aires, esta titularidad corresponde a los municipios. El informe t\u00e9cnico sobre la <b data-path-to-node=\"6\" data-index-in-node=\"278\">Regulaci\u00f3n Legal del Arbolado<\/b> se\u00f1ala:<\/p>\n<blockquote data-path-to-node=\"7\">\n<p data-path-to-node=\"7,0\"><i data-path-to-node=\"7,0\" data-index-in-node=\"0\">\u00abEn virtud de tal titularidad los municipios son responsables de la gesti\u00f3n del arbolado p\u00fablico, tal como lo regula la Ley de arbolado p\u00fablico de la provincia de Buenos Aires N\u00b0 12.276\u00bb<\/i>.<\/p>\n<\/blockquote>\n<p data-path-to-node=\"8\"><b data-path-to-node=\"8\" data-index-in-node=\"0\">2. Definici\u00f3n y Alcance seg\u00fan la Ley Provincial 12.276<\/b> La normativa provincial es taxativa al definir el arbolado y la prohibici\u00f3n de intervenci\u00f3n por parte de particulares. El <b data-path-to-node=\"8\" data-index-in-node=\"177\">Art\u00edculo 1\u00b0<\/b> de la Ley 12.276 establece:<\/p>\n<blockquote data-path-to-node=\"9\">\n<p data-path-to-node=\"9,0\"><i data-path-to-node=\"9,0\" data-index-in-node=\"0\"><span class=\"citation-111 citation-end-111\">\u00abEnti\u00e9ndase como arbolado p\u00fablico, las especies arb\u00f3reas y arbustivas instaladas en lugares del \u00e1rea urbana o rural, municipales y provinciales, sitas en el ejido del Municipio y que est\u00e1n destinadas al uso p\u00fablico, sin tener en cuenta qui\u00e9n y cu\u00e1ndo las hubieren implan<\/span>tado\u00bb<\/i>.<\/p>\n<\/blockquote>\n<p data-path-to-node=\"10\">Asimismo, el <b data-path-to-node=\"10\" data-index-in-node=\"13\">Art\u00edculo 3\u00b0<\/b> proh\u00edbe taxativamente la intervenci\u00f3n privada:<\/p>\n<blockquote data-path-to-node=\"11\">\n<p data-path-to-node=\"11,0\"><i data-path-to-node=\"11,0\" data-index-in-node=\"0\">\u00abProh\u00edbese la extracci\u00f3n, poda, tala y da\u00f1os de ejemplares del arbolado p\u00fablico, como as\u00ed tambi\u00e9n cualquier acci\u00f3n que pudiere infligir alg\u00fan da\u00f1o a los mismos\u00bb<\/i>.<\/p>\n<\/blockquote>\n<p data-path-to-node=\"12\"><b data-path-to-node=\"12\" data-index-in-node=\"0\">3. La Ordenanza 7550 de Coronel Su\u00e1rez y sus contradicciones<\/b> Si bien la <b data-path-to-node=\"12\" data-index-in-node=\"72\">Ordenanza Municipal N\u00b0 7550<\/b> cre\u00f3 en su <b data-path-to-node=\"12\" data-index-in-node=\"111\">Art\u00edculo 1\u00b0<\/b> la \u00abOficina Municipal de Desarrollo Forestal\u00bb para aplicar la ley provincial, su <b data-path-to-node=\"12\" data-index-in-node=\"204\">Art\u00edculo 9\u00b0<\/b> genera una zona gris al responsabilizar a los frentistas del \u00abcuidado, conservaci\u00f3n y mantenimiento\u00bb.<\/p>\n<p data-path-to-node=\"13\">Sin embargo, el marco legal superior (Constituci\u00f3n Provincial y Ley 12.276) indica que, al ser un servicio de dominio p\u00fablico, el Municipio no puede delegar su responsabilidad civil y administrativa. La Ordenanza en su <b data-path-to-node=\"13\" data-index-in-node=\"219\">Art\u00edculo 4\u00b0<\/b> reconoce que es funci\u00f3n de la Oficina Municipal:<\/p>\n<blockquote data-path-to-node=\"14\">\n<p data-path-to-node=\"14,0\"><i data-path-to-node=\"14,0\" data-index-in-node=\"0\">\u00abAtender, controlar, planificar, coordinar y supervisar todas las \u00e1reas atinentes a la gestaci\u00f3n, plantaci\u00f3n, mantenimiento y protecci\u00f3n del arbolado p\u00fablico\u00bb<\/i>.<\/p>\n<\/blockquote>\n<p data-path-to-node=\"15\"><b data-path-to-node=\"15\" data-index-in-node=\"0\">4. Conclusi\u00f3n para el Vecino<\/b> El informe resalta que cualquier da\u00f1o derivado del estado de los \u00e1rboles es responsabilidad directa de la comuna, ya que el vecino tiene prohibido por ley provincial intervenir sobre los ejemplares (podar o extraer) por cuenta propia. Ante el riesgo inminente de \u00e1rboles a\u00f1osos, es el Municipio quien debe actuar de oficio o ante el reclamo para garantizar la seguridad de las personas y sus propiedades.<\/p>\n<h4 data-path-to-node=\"15\">LAS CALLES Y ACERAS SON DOMINIO P\u00daBLICO MUNICIPAL.<\/h4>\n<p data-path-to-node=\"15\">Las calles, as\u00ed como las veredas integran el dominio p\u00fablico regulado en el C\u00f3digo Civil y Comercial de la Naci\u00f3n (art. 235 Bienes pertenecientes al dominio p\u00fablico: \u201cf) las calles, plazas, caminos, canales, puentes y cualquier otra obra p\u00fablica construida para utilidad o comodidad com\u00fan;\u201d) y en el caso de la Provincia de Buenos Aires, pertenecen a la \u00f3rbita de su Municipios (Constituci\u00f3n de la provincia de Buenos Aires, Ley Org\u00e1nica de los Municipios y Ley de Ordenamiento territorial y uso del suelo).<br \/>\nEn virtud de tal titularidad los municipios son responsables de la gesti\u00f3n del arbolado p\u00fablico, tal como lo regula la Ley de arbolado p\u00fablico de la provincia de Buenos Aires N\u00b0 12.276 (Art. 1: \u201cEnti\u00e9ndase como arbolado p\u00fablico, las especies arb\u00f3reas y arbustivas instaladas en lugares del \u00e1rea urbana o rural, municipales y provinciales, sitas en el ejido del Municipio y que est\u00e1n destinadas al uso p\u00fablico, sin tener en cuenta qui\u00e9n y cu\u00e1ndo las hubieren implantado\u201d).<br \/>\nEn su texto la ley otorga competencias y responsabilidades a los Municipios de la provincia.<br \/>\nEn el caso de Coronel Su\u00e1rez, mediante Ordenanza 7550, se reglament\u00f3 la ley provincial incorporando, en forma imprecisa la responsabilidad de los frentistas respecto del cuidado, conservaci\u00f3n y mantenimiento de los arboles ubicados en las aceras (art. 9) y respondiendo ante las infracciones que establece la propia ordenanza ante da\u00f1os en tales plantas (art. 13).<br \/>\nLa ordenanza establece una responsabilidad en los frentistas que de alg\u00fan modo parece contradecir lo que dispone la ley provincial ya que la responsabilidad del cuidado, conservaci\u00f3n y mantenimiento de los arboles a cargo de los vecinos, necesariamente implica alguna o varias de las tareas que el art\u00edculo 3 de la ley proh\u00edbe expresamente (Extracci\u00f3n, poda, tala, etc).<br \/>\nTambi\u00e9n la extensi\u00f3n de la responsabilidad al frentista por posibles violaciones a las prohibiciones de la ordenanza excede cualquier criterio de razonabilidad, ya que no puede el ciudadano hacerse cargo del poder de polic\u00eda en materia de cuidado del arbolado p\u00fablico, porque no est\u00e1 entre sus obligaciones, no cuenta con la capacidad para hacerlo y es una responsabilidad que todo el ordenamiento jur\u00eddico le atribuye a los municipios.<br \/>\nFinalmente, un tema vinculado con la responsabilidad por accidentes en la v\u00eda p\u00fabica ocasionado por \u00e1rboles ha sido abordado por la justicia en distintos casos en los que, a partir del desprendimiento de ramas, o ca\u00edda de ejemplares, se produce alg\u00fan da\u00f1o a personas o cosas. Reiteradamente la jurisprudencia responsabiliza por esos hechos luctuosos a los municipios, quienes a partir de su poder de polic\u00eda est\u00e1n a cargo del cuidado y mantenimiento del arbolado p\u00fablico.<br \/>\nUn caso que ejemplifica esto fue el accidente ocurrido en 2016 donde la adolescente Daiana Herlein de 15 a\u00f1os falleci\u00f3 en el Parque de Mayo de la Ciudad de Bah\u00eda Blanca, luego de que una rama de un \u00e1rbol cayera sobre ella mientras se encontraba en el lugar. En estos casos no hay dudas que el responsable \u2013civil- es el municipio y son sus funcionarios los que deben responder tambi\u00e9n ante la justicia penal.<br \/>\nEl municipio no puede desvincularse del mantenimiento del arbolado p\u00fablico ya que es una responsabilidad legal y constitucional, hace a sus funciones centrales en el ejercicio del poder de polic\u00eda en materia urban\u00edstica y justifica el cobro de las tasas por la limpieza y mantenimiento de los sectores p\u00fablicos.<\/p>\n<p data-path-to-node=\"15\"><img decoding=\"async\" class=\"aligncenter\" src=\"https:\/\/online.fliphtml5.com\/kebxt\/srln\/files\/shot.jpg\" data-rel=\"fh5-light-box-demo\" data-href=\"https:\/\/online.fliphtml5.com\/kebxt\/srln\/\" data-width=\"900\" data-height=\"500\" data-title=\"\" \/><\/p>\n<p><script src=\"\/\/static.fliphtml5.com\/web\/js\/plugin\/LightBox\/js\/fliphtml5-light-box-api-min.js\"><\/script><br \/>\n<img decoding=\"async\" class=\"aligncenter\" src=\"https:\/\/online.fliphtml5.com\/kebxt\/jeaq\/files\/shot.jpg\" data-rel=\"fh5-light-box-demo\" data-href=\"https:\/\/online.fliphtml5.com\/kebxt\/jeaq\/\" data-width=\"900\" data-height=\"500\" data-title=\"\" \/><\/p>\n","protected":false},"excerpt":{"rendered":"<p>Ante la creciente preocupaci\u00f3n de los vecinos por el peligro que representan los \u00e1rboles de gran porte para la integridad f\u00edsica y los bienes, un an\u00e1lisis de la normativa vigente confirma que las calles y aceras son de dominio p\u00fablico municipal. A pesar de las ambig\u00fcedades de la Ordenanza local 7550, la Ley Provincial 12.276 [&hellip;]<\/p>\n","protected":false},"author":3,"featured_media":136346,"comment_status":"closed","ping_status":"closed","sticky":false,"template":"","format":"standard","meta":{"footnotes":""},"categories":[24,26,33],"tags":[48],"class_list":["post-136341","post","type-post","status-publish","format-standard","has-post-thumbnail","hentry","category-politica","category-sociedad","category-turismo","tag-destacada"],"yoast_head":"<!-- This site is optimized with the Yoast SEO plugin v25.9 - https:\/\/yoast.com\/wordpress\/plugins\/seo\/ -->\n<title>Arbolado p\u00fablico en Coronel Su\u00e1rez: el municipio es el responsable legal ante el riesgo de los ejemplares a\u00f1osos - Noticias Radio Reflejos<\/title>\n<meta name=\"robots\" content=\"index, follow, max-snippet:-1, max-image-preview:large, max-video-preview:-1\" \/>\n<link rel=\"canonical\" href=\"https:\/\/www.noticiasradioreflejos.com.ar\/2021\/arbolado-publico-en-coronel-suarez-el-municipio-es-el-responsable-legal-ante-el-riesgo-de-los-ejemplares-anosos\/\" \/>\n<meta property=\"og:locale\" content=\"es_ES\" \/>\n<meta property=\"og:type\" content=\"article\" \/>\n<meta property=\"og:title\" content=\"Arbolado p\u00fablico en Coronel Su\u00e1rez: el municipio es el responsable legal ante el riesgo de los ejemplares a\u00f1osos - Noticias Radio Reflejos\" \/>\n<meta property=\"og:description\" content=\"Ante la creciente preocupaci\u00f3n de los vecinos por el peligro que representan los \u00e1rboles de gran porte para la integridad f\u00edsica y los bienes, un an\u00e1lisis de la normativa vigente confirma que las calles y aceras son de dominio p\u00fablico municipal. A pesar de las ambig\u00fcedades de la Ordenanza local 7550, la Ley Provincial 12.276 [&hellip;]\" \/>\n<meta property=\"og:url\" content=\"https:\/\/www.noticiasradioreflejos.com.ar\/2021\/arbolado-publico-en-coronel-suarez-el-municipio-es-el-responsable-legal-ante-el-riesgo-de-los-ejemplares-anosos\/\" \/>\n<meta property=\"og:site_name\" content=\"Noticias Radio Reflejos\" \/>\n<meta property=\"article:published_time\" content=\"2026-04-24T13:59:39+00:00\" \/>\n<meta property=\"og:image\" content=\"https:\/\/www.noticiasradioreflejos.com.ar\/2021\/wp-content\/uploads\/2026\/04\/El-ceibo-y-pasaje-los-nogales-Villa-La-Arcadia-3.jpg\" \/>\n\t<meta property=\"og:image:width\" content=\"1080\" \/>\n\t<meta property=\"og:image:height\" content=\"1243\" \/>\n\t<meta property=\"og:image:type\" content=\"image\/jpeg\" \/>\n<meta name=\"author\" content=\"Arnaldo Botto\" \/>\n<meta name=\"twitter:card\" content=\"summary_large_image\" \/>\n<script type=\"application\/ld+json\" class=\"yoast-schema-graph\">{\"@context\":\"https:\/\/schema.org\",\"@graph\":[{\"@type\":\"WebPage\",\"@id\":\"https:\/\/www.noticiasradioreflejos.com.ar\/2021\/arbolado-publico-en-coronel-suarez-el-municipio-es-el-responsable-legal-ante-el-riesgo-de-los-ejemplares-anosos\/\",\"url\":\"https:\/\/www.noticiasradioreflejos.com.ar\/2021\/arbolado-publico-en-coronel-suarez-el-municipio-es-el-responsable-legal-ante-el-riesgo-de-los-ejemplares-anosos\/\",\"name\":\"Arbolado p\u00fablico en Coronel Su\u00e1rez: el municipio es el responsable legal ante el riesgo de los ejemplares a\u00f1osos - Noticias Radio Reflejos\",\"isPartOf\":{\"@id\":\"https:\/\/www.noticiasradioreflejos.com.ar\/2021\/#website\"},\"primaryImageOfPage\":{\"@id\":\"https:\/\/www.noticiasradioreflejos.com.ar\/2021\/arbolado-publico-en-coronel-suarez-el-municipio-es-el-responsable-legal-ante-el-riesgo-de-los-ejemplares-anosos\/#primaryimage\"},\"image\":{\"@id\":\"https:\/\/www.noticiasradioreflejos.com.ar\/2021\/arbolado-publico-en-coronel-suarez-el-municipio-es-el-responsable-legal-ante-el-riesgo-de-los-ejemplares-anosos\/#primaryimage\"},\"thumbnailUrl\":\"https:\/\/www.noticiasradioreflejos.com.ar\/2021\/wp-content\/uploads\/2026\/04\/El-ceibo-y-pasaje-los-nogales-Villa-La-Arcadia-3.jpg\",\"datePublished\":\"2026-04-24T13:59:39+00:00\",\"author\":{\"@id\":\"https:\/\/www.noticiasradioreflejos.com.ar\/2021\/#\/schema\/person\/ad82545263dcc5ec0996818884fd5fb1\"},\"breadcrumb\":{\"@id\":\"https:\/\/www.noticiasradioreflejos.com.ar\/2021\/arbolado-publico-en-coronel-suarez-el-municipio-es-el-responsable-legal-ante-el-riesgo-de-los-ejemplares-anosos\/#breadcrumb\"},\"inLanguage\":\"es\",\"potentialAction\":[{\"@type\":\"ReadAction\",\"target\":[\"https:\/\/www.noticiasradioreflejos.com.ar\/2021\/arbolado-publico-en-coronel-suarez-el-municipio-es-el-responsable-legal-ante-el-riesgo-de-los-ejemplares-anosos\/\"]}]},{\"@type\":\"ImageObject\",\"inLanguage\":\"es\",\"@id\":\"https:\/\/www.noticiasradioreflejos.com.ar\/2021\/arbolado-publico-en-coronel-suarez-el-municipio-es-el-responsable-legal-ante-el-riesgo-de-los-ejemplares-anosos\/#primaryimage\",\"url\":\"https:\/\/www.noticiasradioreflejos.com.ar\/2021\/wp-content\/uploads\/2026\/04\/El-ceibo-y-pasaje-los-nogales-Villa-La-Arcadia-3.jpg\",\"contentUrl\":\"https:\/\/www.noticiasradioreflejos.com.ar\/2021\/wp-content\/uploads\/2026\/04\/El-ceibo-y-pasaje-los-nogales-Villa-La-Arcadia-3.jpg\",\"width\":1080,\"height\":1243},{\"@type\":\"BreadcrumbList\",\"@id\":\"https:\/\/www.noticiasradioreflejos.com.ar\/2021\/arbolado-publico-en-coronel-suarez-el-municipio-es-el-responsable-legal-ante-el-riesgo-de-los-ejemplares-anosos\/#breadcrumb\",\"itemListElement\":[{\"@type\":\"ListItem\",\"position\":1,\"name\":\"Portada\",\"item\":\"https:\/\/www.noticiasradioreflejos.com.ar\/2021\/\"},{\"@type\":\"ListItem\",\"position\":2,\"name\":\"Arbolado p\u00fablico en Coronel Su\u00e1rez: el municipio es el responsable legal ante el riesgo de los ejemplares a\u00f1osos\"}]},{\"@type\":\"WebSite\",\"@id\":\"https:\/\/www.noticiasradioreflejos.com.ar\/2021\/#website\",\"url\":\"https:\/\/www.noticiasradioreflejos.com.ar\/2021\/\",\"name\":\"Noticias Radio Reflejos\",\"description\":\"Las noticias de mi comarca\",\"potentialAction\":[{\"@type\":\"SearchAction\",\"target\":{\"@type\":\"EntryPoint\",\"urlTemplate\":\"https:\/\/www.noticiasradioreflejos.com.ar\/2021\/?s={search_term_string}\"},\"query-input\":{\"@type\":\"PropertyValueSpecification\",\"valueRequired\":true,\"valueName\":\"search_term_string\"}}],\"inLanguage\":\"es\"},{\"@type\":\"Person\",\"@id\":\"https:\/\/www.noticiasradioreflejos.com.ar\/2021\/#\/schema\/person\/ad82545263dcc5ec0996818884fd5fb1\",\"name\":\"Arnaldo Botto\",\"image\":{\"@type\":\"ImageObject\",\"inLanguage\":\"es\",\"@id\":\"https:\/\/www.noticiasradioreflejos.com.ar\/2021\/#\/schema\/person\/image\/\",\"url\":\"https:\/\/secure.gravatar.com\/avatar\/55cb5e37c1efa326397366e6974cb338056df65cb50e7d64d1cf314e87504837?s=96&d=mm&r=g\",\"contentUrl\":\"https:\/\/secure.gravatar.com\/avatar\/55cb5e37c1efa326397366e6974cb338056df65cb50e7d64d1cf314e87504837?s=96&d=mm&r=g\",\"caption\":\"Arnaldo Botto\"},\"url\":\"https:\/\/www.noticiasradioreflejos.com.ar\/2021\/author\/arnaldo\/\"}]}<\/script>\n<!-- \/ Yoast SEO plugin. -->","yoast_head_json":{"title":"Arbolado p\u00fablico en Coronel Su\u00e1rez: el municipio es el responsable legal ante el riesgo de los ejemplares a\u00f1osos - Noticias Radio Reflejos","robots":{"index":"index","follow":"follow","max-snippet":"max-snippet:-1","max-image-preview":"max-image-preview:large","max-video-preview":"max-video-preview:-1"},"canonical":"https:\/\/www.noticiasradioreflejos.com.ar\/2021\/arbolado-publico-en-coronel-suarez-el-municipio-es-el-responsable-legal-ante-el-riesgo-de-los-ejemplares-anosos\/","og_locale":"es_ES","og_type":"article","og_title":"Arbolado p\u00fablico en Coronel Su\u00e1rez: el municipio es el responsable legal ante el riesgo de los ejemplares a\u00f1osos - Noticias Radio Reflejos","og_description":"Ante la creciente preocupaci\u00f3n de los vecinos por el peligro que representan los \u00e1rboles de gran porte para la integridad f\u00edsica y los bienes, un an\u00e1lisis de la normativa vigente confirma que las calles y aceras son de dominio p\u00fablico municipal. A pesar de las ambig\u00fcedades de la Ordenanza local 7550, la Ley Provincial 12.276 [&hellip;]","og_url":"https:\/\/www.noticiasradioreflejos.com.ar\/2021\/arbolado-publico-en-coronel-suarez-el-municipio-es-el-responsable-legal-ante-el-riesgo-de-los-ejemplares-anosos\/","og_site_name":"Noticias Radio Reflejos","article_published_time":"2026-04-24T13:59:39+00:00","og_image":[{"width":1080,"height":1243,"url":"https:\/\/www.noticiasradioreflejos.com.ar\/2021\/wp-content\/uploads\/2026\/04\/El-ceibo-y-pasaje-los-nogales-Villa-La-Arcadia-3.jpg","type":"image\/jpeg"}],"author":"Arnaldo Botto","twitter_card":"summary_large_image","schema":{"@context":"https:\/\/schema.org","@graph":[{"@type":"WebPage","@id":"https:\/\/www.noticiasradioreflejos.com.ar\/2021\/arbolado-publico-en-coronel-suarez-el-municipio-es-el-responsable-legal-ante-el-riesgo-de-los-ejemplares-anosos\/","url":"https:\/\/www.noticiasradioreflejos.com.ar\/2021\/arbolado-publico-en-coronel-suarez-el-municipio-es-el-responsable-legal-ante-el-riesgo-de-los-ejemplares-anosos\/","name":"Arbolado p\u00fablico en Coronel Su\u00e1rez: el municipio es el responsable legal ante el riesgo de los ejemplares a\u00f1osos - Noticias Radio Reflejos","isPartOf":{"@id":"https:\/\/www.noticiasradioreflejos.com.ar\/2021\/#website"},"primaryImageOfPage":{"@id":"https:\/\/www.noticiasradioreflejos.com.ar\/2021\/arbolado-publico-en-coronel-suarez-el-municipio-es-el-responsable-legal-ante-el-riesgo-de-los-ejemplares-anosos\/#primaryimage"},"image":{"@id":"https:\/\/www.noticiasradioreflejos.com.ar\/2021\/arbolado-publico-en-coronel-suarez-el-municipio-es-el-responsable-legal-ante-el-riesgo-de-los-ejemplares-anosos\/#primaryimage"},"thumbnailUrl":"https:\/\/www.noticiasradioreflejos.com.ar\/2021\/wp-content\/uploads\/2026\/04\/El-ceibo-y-pasaje-los-nogales-Villa-La-Arcadia-3.jpg","datePublished":"2026-04-24T13:59:39+00:00","author":{"@id":"https:\/\/www.noticiasradioreflejos.com.ar\/2021\/#\/schema\/person\/ad82545263dcc5ec0996818884fd5fb1"},"breadcrumb":{"@id":"https:\/\/www.noticiasradioreflejos.com.ar\/2021\/arbolado-publico-en-coronel-suarez-el-municipio-es-el-responsable-legal-ante-el-riesgo-de-los-ejemplares-anosos\/#breadcrumb"},"inLanguage":"es","potentialAction":[{"@type":"ReadAction","target":["https:\/\/www.noticiasradioreflejos.com.ar\/2021\/arbolado-publico-en-coronel-suarez-el-municipio-es-el-responsable-legal-ante-el-riesgo-de-los-ejemplares-anosos\/"]}]},{"@type":"ImageObject","inLanguage":"es","@id":"https:\/\/www.noticiasradioreflejos.com.ar\/2021\/arbolado-publico-en-coronel-suarez-el-municipio-es-el-responsable-legal-ante-el-riesgo-de-los-ejemplares-anosos\/#primaryimage","url":"https:\/\/www.noticiasradioreflejos.com.ar\/2021\/wp-content\/uploads\/2026\/04\/El-ceibo-y-pasaje-los-nogales-Villa-La-Arcadia-3.jpg","contentUrl":"https:\/\/www.noticiasradioreflejos.com.ar\/2021\/wp-content\/uploads\/2026\/04\/El-ceibo-y-pasaje-los-nogales-Villa-La-Arcadia-3.jpg","width":1080,"height":1243},{"@type":"BreadcrumbList","@id":"https:\/\/www.noticiasradioreflejos.com.ar\/2021\/arbolado-publico-en-coronel-suarez-el-municipio-es-el-responsable-legal-ante-el-riesgo-de-los-ejemplares-anosos\/#breadcrumb","itemListElement":[{"@type":"ListItem","position":1,"name":"Portada","item":"https:\/\/www.noticiasradioreflejos.com.ar\/2021\/"},{"@type":"ListItem","position":2,"name":"Arbolado p\u00fablico en Coronel Su\u00e1rez: el municipio es el responsable legal ante el riesgo de los ejemplares a\u00f1osos"}]},{"@type":"WebSite","@id":"https:\/\/www.noticiasradioreflejos.com.ar\/2021\/#website","url":"https:\/\/www.noticiasradioreflejos.com.ar\/2021\/","name":"Noticias Radio Reflejos","description":"Las noticias de mi comarca","potentialAction":[{"@type":"SearchAction","target":{"@type":"EntryPoint","urlTemplate":"https:\/\/www.noticiasradioreflejos.com.ar\/2021\/?s={search_term_string}"},"query-input":{"@type":"PropertyValueSpecification","valueRequired":true,"valueName":"search_term_string"}}],"inLanguage":"es"},{"@type":"Person","@id":"https:\/\/www.noticiasradioreflejos.com.ar\/2021\/#\/schema\/person\/ad82545263dcc5ec0996818884fd5fb1","name":"Arnaldo Botto","image":{"@type":"ImageObject","inLanguage":"es","@id":"https:\/\/www.noticiasradioreflejos.com.ar\/2021\/#\/schema\/person\/image\/","url":"https:\/\/secure.gravatar.com\/avatar\/55cb5e37c1efa326397366e6974cb338056df65cb50e7d64d1cf314e87504837?s=96&d=mm&r=g","contentUrl":"https:\/\/secure.gravatar.com\/avatar\/55cb5e37c1efa326397366e6974cb338056df65cb50e7d64d1cf314e87504837?s=96&d=mm&r=g","caption":"Arnaldo Botto"},"url":"https:\/\/www.noticiasradioreflejos.com.ar\/2021\/author\/arnaldo\/"}]}},"_links":{"self":[{"href":"https:\/\/www.noticiasradioreflejos.com.ar\/2021\/wp-json\/wp\/v2\/posts\/136341","targetHints":{"allow":["GET"]}}],"collection":[{"href":"https:\/\/www.noticiasradioreflejos.com.ar\/2021\/wp-json\/wp\/v2\/posts"}],"about":[{"href":"https:\/\/www.noticiasradioreflejos.com.ar\/2021\/wp-json\/wp\/v2\/types\/post"}],"author":[{"embeddable":true,"href":"https:\/\/www.noticiasradioreflejos.com.ar\/2021\/wp-json\/wp\/v2\/users\/3"}],"replies":[{"embeddable":true,"href":"https:\/\/www.noticiasradioreflejos.com.ar\/2021\/wp-json\/wp\/v2\/comments?post=136341"}],"version-history":[{"count":3,"href":"https:\/\/www.noticiasradioreflejos.com.ar\/2021\/wp-json\/wp\/v2\/posts\/136341\/revisions"}],"predecessor-version":[{"id":136348,"href":"https:\/\/www.noticiasradioreflejos.com.ar\/2021\/wp-json\/wp\/v2\/posts\/136341\/revisions\/136348"}],"wp:featuredmedia":[{"embeddable":true,"href":"https:\/\/www.noticiasradioreflejos.com.ar\/2021\/wp-json\/wp\/v2\/media\/136346"}],"wp:attachment":[{"href":"https:\/\/www.noticiasradioreflejos.com.ar\/2021\/wp-json\/wp\/v2\/media?parent=136341"}],"wp:term":[{"taxonomy":"category","embeddable":true,"href":"https:\/\/www.noticiasradioreflejos.com.ar\/2021\/wp-json\/wp\/v2\/categories?post=136341"},{"taxonomy":"post_tag","embeddable":true,"href":"https:\/\/www.noticiasradioreflejos.com.ar\/2021\/wp-json\/wp\/v2\/tags?post=136341"}],"curies":[{"name":"wp","href":"https:\/\/api.w.org\/{rel}","templated":true}]}}