{"id":13538,"date":"2017-08-17T19:26:17","date_gmt":"2017-08-17T22:26:17","guid":{"rendered":"http:\/\/www.noticiasradioreflejos.com.ar\/noticias\/?p=13538"},"modified":"2017-08-17T19:26:17","modified_gmt":"2017-08-17T22:26:17","slug":"nuevo-tarifazo-en-el-servicio-electrico","status":"publish","type":"post","link":"https:\/\/www.noticiasradioreflejos.com.ar\/2021\/nuevo-tarifazo-en-el-servicio-electrico\/","title":{"rendered":"Nuevo tarifazo en el servicio el\u00e9ctrico"},"content":{"rendered":"<p>Las facturas de luz con subas del 58% promedio, corre para las empresas Eden, Edes, Edea, Edelap y las casi 200 cooperativas del interior.<br \/>\n<!--more--><br \/>\nLas distribuidoras de energ\u00eda el\u00e9ctrica de la provincia de Buenos Aires comenzaron este mes a enviar las facturas con los aumentos autorizados por el Gobierno, del orden del 58%, luego de que la Justicia habilitara el mes pasado el incremento.<br \/>\nLa nueva facturaci\u00f3n, que hab\u00eda sido autorizada por la Provincia en mayo pasado, corre para las empresas Eden, Edes, Edea, Edelap y las casi 200 cooperativas del interior bonaerense, que a partir de este mes comenzaron a enviar a sus usuarios boletas con aumentos promedio del 58%.<br \/>\nLa aplicaci\u00f3n del nuevo cuadro tarifario fue frenada por la Justicia durante varios meses, pero finalmente en julio la C\u00e1mara en lo Contencioso Administrativo de La Plata otorg\u00f3 efecto suspensivo a una cautelar dictada por el juez contencioso administrativo Luis Arias, a ra\u00edz de una demanda de la Defensor\u00eda del Pueblo.<br \/>\nLos incrementos tarifarios impactan sobre los usuarios del Gran La Plata y el interior bonaerense, pero no abarcan a los usuarios de Edenor y Edesur, que se encuentran bajo la \u00f3rbita del Ente Nacional de Regulador de la Electricidad (ENRE).<br \/>\nLos incrementos Seg\u00fan se detall\u00f3 en su momento, el incremento se compone por un 39% de la suba del precio mayorista (que la distribuidora estatal Cammesa autoriz\u00f3 en febrero) y un 19% en concepto de transporte y producci\u00f3n, el tramo que le corresponde analizar a la Provincia.<br \/>\nDentro de ese esquema se contempla, seg\u00fan la informaci\u00f3n oficial, compromisos de obras por 5.800 millones de pesos.<br \/>\nSin embargo, los aumentos no fueron iguales para todas las empresas: a Edelap la Provincia le permiti\u00f3 subas cercanas al 100%, mientras que a Edea (Costa Atl\u00e1ntica), le autoriz\u00f3 un incremento cercano al 60%, a Edes, del 56,8%, mientras que a Eden (norte provincial), un 46,7%.<br \/>\nLa misma resoluci\u00f3n autoriz\u00f3 un segundo incremento a partir de diciembre, que rondar\u00e1 el 10% y estar\u00e1 atado al cumplimiento de un plan de inversiones comprometido a principios de a\u00f1o.<\/p>\n","protected":false},"excerpt":{"rendered":"<p>Las facturas de luz con subas del 58% promedio, corre para las empresas Eden, Edes, Edea, Edelap y las casi 200 cooperativas del interior.<\/p>\n","protected":false},"author":3,"featured_media":0,"comment_status":"closed","ping_status":"open","sticky":false,"template":"","format":"standard","meta":{"footnotes":""},"categories":[36],"tags":[],"class_list":["post-13538","post","type-post","status-publish","format-standard","hentry","category-economia"],"yoast_head":"<!-- This site is optimized with the Yoast SEO plugin v25.9 - https:\/\/yoast.com\/wordpress\/plugins\/seo\/ -->\n<title>Nuevo tarifazo en el servicio el\u00e9ctrico - Noticias Radio Reflejos<\/title>\n<meta name=\"robots\" content=\"index, follow, max-snippet:-1, max-image-preview:large, max-video-preview:-1\" \/>\n<link rel=\"canonical\" href=\"https:\/\/www.noticiasradioreflejos.com.ar\/2021\/nuevo-tarifazo-en-el-servicio-electrico\/\" \/>\n<meta property=\"og:locale\" content=\"es_ES\" \/>\n<meta property=\"og:type\" content=\"article\" \/>\n<meta property=\"og:title\" content=\"Nuevo tarifazo en el servicio el\u00e9ctrico - Noticias Radio Reflejos\" \/>\n<meta property=\"og:description\" content=\"Las facturas de luz con subas del 58% promedio, corre para las empresas Eden, Edes, Edea, Edelap y las casi 200 cooperativas del interior.\" \/>\n<meta property=\"og:url\" content=\"https:\/\/www.noticiasradioreflejos.com.ar\/2021\/nuevo-tarifazo-en-el-servicio-electrico\/\" \/>\n<meta property=\"og:site_name\" content=\"Noticias Radio Reflejos\" \/>\n<meta property=\"article:published_time\" content=\"2017-08-17T22:26:17+00:00\" \/>\n<meta property=\"og:image\" content=\"https:\/\/www.noticiasradioreflejos.com.ar\/2021\/wp-content\/uploads\/2021\/07\/logosol300x200.png\" \/>\n\t<meta property=\"og:image:width\" content=\"300\" \/>\n\t<meta property=\"og:image:height\" content=\"200\" \/>\n\t<meta property=\"og:image:type\" content=\"image\/png\" \/>\n<meta name=\"author\" content=\"Arnaldo Botto\" \/>\n<meta name=\"twitter:card\" content=\"summary_large_image\" \/>\n<script type=\"application\/ld+json\" class=\"yoast-schema-graph\">{\"@context\":\"https:\/\/schema.org\",\"@graph\":[{\"@type\":\"WebPage\",\"@id\":\"https:\/\/www.noticiasradioreflejos.com.ar\/2021\/nuevo-tarifazo-en-el-servicio-electrico\/\",\"url\":\"https:\/\/www.noticiasradioreflejos.com.ar\/2021\/nuevo-tarifazo-en-el-servicio-electrico\/\",\"name\":\"Nuevo tarifazo en el servicio el\u00e9ctrico - Noticias Radio Reflejos\",\"isPartOf\":{\"@id\":\"https:\/\/www.noticiasradioreflejos.com.ar\/2021\/#website\"},\"datePublished\":\"2017-08-17T22:26:17+00:00\",\"author\":{\"@id\":\"https:\/\/www.noticiasradioreflejos.com.ar\/2021\/#\/schema\/person\/ad82545263dcc5ec0996818884fd5fb1\"},\"breadcrumb\":{\"@id\":\"https:\/\/www.noticiasradioreflejos.com.ar\/2021\/nuevo-tarifazo-en-el-servicio-electrico\/#breadcrumb\"},\"inLanguage\":\"es\",\"potentialAction\":[{\"@type\":\"ReadAction\",\"target\":[\"https:\/\/www.noticiasradioreflejos.com.ar\/2021\/nuevo-tarifazo-en-el-servicio-electrico\/\"]}]},{\"@type\":\"BreadcrumbList\",\"@id\":\"https:\/\/www.noticiasradioreflejos.com.ar\/2021\/nuevo-tarifazo-en-el-servicio-electrico\/#breadcrumb\",\"itemListElement\":[{\"@type\":\"ListItem\",\"position\":1,\"name\":\"Portada\",\"item\":\"https:\/\/www.noticiasradioreflejos.com.ar\/2021\/\"},{\"@type\":\"ListItem\",\"position\":2,\"name\":\"Nuevo tarifazo en el servicio el\u00e9ctrico\"}]},{\"@type\":\"WebSite\",\"@id\":\"https:\/\/www.noticiasradioreflejos.com.ar\/2021\/#website\",\"url\":\"https:\/\/www.noticiasradioreflejos.com.ar\/2021\/\",\"name\":\"Noticias Radio Reflejos\",\"description\":\"Las noticias de mi comarca\",\"potentialAction\":[{\"@type\":\"SearchAction\",\"target\":{\"@type\":\"EntryPoint\",\"urlTemplate\":\"https:\/\/www.noticiasradioreflejos.com.ar\/2021\/?s={search_term_string}\"},\"query-input\":{\"@type\":\"PropertyValueSpecification\",\"valueRequired\":true,\"valueName\":\"search_term_string\"}}],\"inLanguage\":\"es\"},{\"@type\":\"Person\",\"@id\":\"https:\/\/www.noticiasradioreflejos.com.ar\/2021\/#\/schema\/person\/ad82545263dcc5ec0996818884fd5fb1\",\"name\":\"Arnaldo Botto\",\"image\":{\"@type\":\"ImageObject\",\"inLanguage\":\"es\",\"@id\":\"https:\/\/www.noticiasradioreflejos.com.ar\/2021\/#\/schema\/person\/image\/\",\"url\":\"https:\/\/secure.gravatar.com\/avatar\/55cb5e37c1efa326397366e6974cb338056df65cb50e7d64d1cf314e87504837?s=96&d=mm&r=g\",\"contentUrl\":\"https:\/\/secure.gravatar.com\/avatar\/55cb5e37c1efa326397366e6974cb338056df65cb50e7d64d1cf314e87504837?s=96&d=mm&r=g\",\"caption\":\"Arnaldo Botto\"},\"url\":\"https:\/\/www.noticiasradioreflejos.com.ar\/2021\/author\/arnaldo\/\"}]}<\/script>\n<!-- \/ Yoast SEO plugin. -->","yoast_head_json":{"title":"Nuevo tarifazo en el servicio el\u00e9ctrico - Noticias Radio Reflejos","robots":{"index":"index","follow":"follow","max-snippet":"max-snippet:-1","max-image-preview":"max-image-preview:large","max-video-preview":"max-video-preview:-1"},"canonical":"https:\/\/www.noticiasradioreflejos.com.ar\/2021\/nuevo-tarifazo-en-el-servicio-electrico\/","og_locale":"es_ES","og_type":"article","og_title":"Nuevo tarifazo en el servicio el\u00e9ctrico - Noticias Radio Reflejos","og_description":"Las facturas de luz con subas del 58% promedio, corre para las empresas Eden, Edes, Edea, Edelap y las casi 200 cooperativas del interior.","og_url":"https:\/\/www.noticiasradioreflejos.com.ar\/2021\/nuevo-tarifazo-en-el-servicio-electrico\/","og_site_name":"Noticias Radio Reflejos","article_published_time":"2017-08-17T22:26:17+00:00","og_image":[{"width":300,"height":200,"url":"https:\/\/www.noticiasradioreflejos.com.ar\/2021\/wp-content\/uploads\/2021\/07\/logosol300x200.png","type":"image\/png"}],"author":"Arnaldo Botto","twitter_card":"summary_large_image","schema":{"@context":"https:\/\/schema.org","@graph":[{"@type":"WebPage","@id":"https:\/\/www.noticiasradioreflejos.com.ar\/2021\/nuevo-tarifazo-en-el-servicio-electrico\/","url":"https:\/\/www.noticiasradioreflejos.com.ar\/2021\/nuevo-tarifazo-en-el-servicio-electrico\/","name":"Nuevo tarifazo en el servicio el\u00e9ctrico - Noticias Radio Reflejos","isPartOf":{"@id":"https:\/\/www.noticiasradioreflejos.com.ar\/2021\/#website"},"datePublished":"2017-08-17T22:26:17+00:00","author":{"@id":"https:\/\/www.noticiasradioreflejos.com.ar\/2021\/#\/schema\/person\/ad82545263dcc5ec0996818884fd5fb1"},"breadcrumb":{"@id":"https:\/\/www.noticiasradioreflejos.com.ar\/2021\/nuevo-tarifazo-en-el-servicio-electrico\/#breadcrumb"},"inLanguage":"es","potentialAction":[{"@type":"ReadAction","target":["https:\/\/www.noticiasradioreflejos.com.ar\/2021\/nuevo-tarifazo-en-el-servicio-electrico\/"]}]},{"@type":"BreadcrumbList","@id":"https:\/\/www.noticiasradioreflejos.com.ar\/2021\/nuevo-tarifazo-en-el-servicio-electrico\/#breadcrumb","itemListElement":[{"@type":"ListItem","position":1,"name":"Portada","item":"https:\/\/www.noticiasradioreflejos.com.ar\/2021\/"},{"@type":"ListItem","position":2,"name":"Nuevo tarifazo en el servicio el\u00e9ctrico"}]},{"@type":"WebSite","@id":"https:\/\/www.noticiasradioreflejos.com.ar\/2021\/#website","url":"https:\/\/www.noticiasradioreflejos.com.ar\/2021\/","name":"Noticias Radio Reflejos","description":"Las noticias de mi comarca","potentialAction":[{"@type":"SearchAction","target":{"@type":"EntryPoint","urlTemplate":"https:\/\/www.noticiasradioreflejos.com.ar\/2021\/?s={search_term_string}"},"query-input":{"@type":"PropertyValueSpecification","valueRequired":true,"valueName":"search_term_string"}}],"inLanguage":"es"},{"@type":"Person","@id":"https:\/\/www.noticiasradioreflejos.com.ar\/2021\/#\/schema\/person\/ad82545263dcc5ec0996818884fd5fb1","name":"Arnaldo Botto","image":{"@type":"ImageObject","inLanguage":"es","@id":"https:\/\/www.noticiasradioreflejos.com.ar\/2021\/#\/schema\/person\/image\/","url":"https:\/\/secure.gravatar.com\/avatar\/55cb5e37c1efa326397366e6974cb338056df65cb50e7d64d1cf314e87504837?s=96&d=mm&r=g","contentUrl":"https:\/\/secure.gravatar.com\/avatar\/55cb5e37c1efa326397366e6974cb338056df65cb50e7d64d1cf314e87504837?s=96&d=mm&r=g","caption":"Arnaldo Botto"},"url":"https:\/\/www.noticiasradioreflejos.com.ar\/2021\/author\/arnaldo\/"}]}},"_links":{"self":[{"href":"https:\/\/www.noticiasradioreflejos.com.ar\/2021\/wp-json\/wp\/v2\/posts\/13538","targetHints":{"allow":["GET"]}}],"collection":[{"href":"https:\/\/www.noticiasradioreflejos.com.ar\/2021\/wp-json\/wp\/v2\/posts"}],"about":[{"href":"https:\/\/www.noticiasradioreflejos.com.ar\/2021\/wp-json\/wp\/v2\/types\/post"}],"author":[{"embeddable":true,"href":"https:\/\/www.noticiasradioreflejos.com.ar\/2021\/wp-json\/wp\/v2\/users\/3"}],"replies":[{"embeddable":true,"href":"https:\/\/www.noticiasradioreflejos.com.ar\/2021\/wp-json\/wp\/v2\/comments?post=13538"}],"version-history":[{"count":0,"href":"https:\/\/www.noticiasradioreflejos.com.ar\/2021\/wp-json\/wp\/v2\/posts\/13538\/revisions"}],"wp:attachment":[{"href":"https:\/\/www.noticiasradioreflejos.com.ar\/2021\/wp-json\/wp\/v2\/media?parent=13538"}],"wp:term":[{"taxonomy":"category","embeddable":true,"href":"https:\/\/www.noticiasradioreflejos.com.ar\/2021\/wp-json\/wp\/v2\/categories?post=13538"},{"taxonomy":"post_tag","embeddable":true,"href":"https:\/\/www.noticiasradioreflejos.com.ar\/2021\/wp-json\/wp\/v2\/tags?post=13538"}],"curies":[{"name":"wp","href":"https:\/\/api.w.org\/{rel}","templated":true}]}}