{"id":13529,"date":"2017-08-17T18:06:00","date_gmt":"2017-08-17T21:06:00","guid":{"rendered":"http:\/\/www.noticiasradioreflejos.com.ar\/noticias\/?p=13529"},"modified":"2017-08-17T18:06:00","modified_gmt":"2017-08-17T21:06:00","slug":"coronel-suarez-dramaticas-horas-en-la-busqueda-de-juan-francisco-loos","status":"publish","type":"post","link":"https:\/\/www.noticiasradioreflejos.com.ar\/2021\/coronel-suarez-dramaticas-horas-en-la-busqueda-de-juan-francisco-loos\/","title":{"rendered":"Coronel Suarez &#8211; Dram\u00e1ticas horas en la b\u00fasqueda de Juan Francisco Loos."},"content":{"rendered":"<p><a title=\"87_19c9_loos1_1502927474.jpg_800\" href=\"http:\/\/farm5.staticflickr.com\/4391\/36467305182_0d50bb5284.jpg\" rel=\"\"><img loading=\"lazy\" decoding=\"async\" class=\"alignleft\" style=\"float: left;\" title=\"87_19c9_loos1_1502927474.jpg_800\" src=\"http:\/\/farm5.staticflickr.com\/4391\/36467305182_0d50bb5284.jpg\" alt=\"87_19c9_loos1_1502927474.jpg_800\" width=\"440\" height=\"500\" \/><\/a>Desde el atardecer del martes se lo busca por las zonas ribere\u00f1as del Sauce Corto, Paso de los Chilenos, Balneario Municipal y todo el per\u00edmetro aleda\u00f1o sin resultados positivos. La Polic\u00eda rastrill\u00f3 montes, zona rural, pastizales y no han encontrado rastros. Solo el autom\u00f3vil de la familia Loos que apareci\u00f3 en la tarde del martes en las proximidades del Paso de los Chilenos. El Comando de Prevenci\u00f3n Rural, efectivos policiales de la jurisdicci\u00f3n, perros adiestrados y buzos t\u00e1cticos se sumaron durante todo el d\u00eda mi\u00e9rcoles en una tarea intensa. Sus familiares se mantienen alertas en cada movimiento y atentos al resultado del trabajo policial. La Ayudante de Fiscal personalmente monitorea cada uno de los movimientos que despliegan las fuerzas Policiales y Bomberos.<!--more--><br \/>\nFue un d\u00eda tristemente preocupante para toda la comunidad de Coronel Su\u00e1rez y las preguntas o los rumores eran frecuentes frente a la preocupaci\u00f3n que ha originado en nuestro medio la desaparici\u00f3n del joven Juan Francisco Loos de 17 a\u00f1os quien falta desde su domicilio del martes en las primeras horas de la tarde cuando desapareci\u00f3 en el autom\u00f3vil familiar que finalmente fue encontrado en las inmediaciones del Paso de los Chilenos a pocos kil\u00f3metros del Pueblo Santa Maria por lo cual los rastrillajes se extendieron hasta el Balneario Municipal abarcando la zona ribere\u00f1a del Sauce Corto.<br \/>\nLa tarea de verificaci\u00f3n de toda la zona incluy\u00f3 campos, montes, pastizales, caminos vecinales en una amplia franja donde de acuerdo a las ultimas informaciones del personal afectado a la b\u00fasqueda, no se hallaron rastros de ninguna naturaleza que vincule al joven desaparecido, ni tampoco una pista firme que determine para donde se dirigi\u00f3 el joven, si tuvo un intento de quitarse la vida o ejercer alguna presi\u00f3n violenta, es decir hasta la noche del mi\u00e9rcoles los investigadores y la familia Loos no contaba con ning\u00fan elemento que aliente dar con su paradero.<br \/>\nA las autoridades de la Patrulla Rural con su personal, se sumaron efectivos de las distintas reparticiones policiales de la jurisdicci\u00f3n con el apoyo de Huanguel\u00e9n y Coronel Pringles, la Divisi\u00f3n Canina \u00abK9\u00bb de los Bomberos Voluntarios de Punta Alta, Bomberos de Coronel Su\u00e1rez y los Buzos T\u00e1cticos de la Polic\u00eda Bonaerense con asiento en la ciudad de Bah\u00eda Blanca quienes trabajaron en gomones sobre el cauce del Sauce Corto entre Santa Maria y el Puente de Pi\u00f1eyro, todo y a pesar del esfuerzo sin resultados positivos.<br \/>\nSe mantiene durante la madrugada una guardia de alerta y se planifican acciones ni bien amanezca hoy jueves para proseguir con la desesperada b\u00fasqueda frente a la angustiante situaci\u00f3n que vive la familia y allegados quienes han solicitado aportar cualquier dato que permita colaborar.<br \/>\nLa DDI Coronel Su\u00e1rez solicita a productores agropecuarios, puesteros y vecinos en general en un per\u00edmetro de 10 kil\u00f3metros aguas arriba y aguas abajo del Paso de los Chilenos prestar colaboraci\u00f3n en la b\u00fasqueda, revisando las propiedades particulares de cada uno, sea campo abierto, zona de montes, aguadas, taperas, galpones, casas y\/o casa-quinta.<br \/>\nLas autoridades judiciales ayer autorizaron a los padres de Juan Francisco Loos a leer la carta que fue encontrada dentro del autom\u00f3vil junto a los efectos personales del joven de 17 a\u00f1os desaparecido como su billetera, el celular y prendas de vestir.<br \/>\nlanuevaradiosuarez.com.ar<\/p>\n","protected":false},"excerpt":{"rendered":"<p>Desde el atardecer del martes se lo busca por las zonas ribere\u00f1as del Sauce Corto, Paso de los Chilenos, Balneario Municipal y todo el per\u00edmetro aleda\u00f1o sin resultados positivos. La Polic\u00eda rastrill\u00f3 montes, zona rural, pastizales y no han encontrado rastros. Solo el autom\u00f3vil de la familia Loos que apareci\u00f3 en la tarde del martes [&hellip;]<\/p>\n","protected":false},"author":3,"featured_media":0,"comment_status":"closed","ping_status":"open","sticky":false,"template":"","format":"standard","meta":{"footnotes":""},"categories":[29],"tags":[],"class_list":["post-13529","post","type-post","status-publish","format-standard","hentry","category-policiales"],"yoast_head":"<!-- This site is optimized with the Yoast SEO plugin v25.9 - https:\/\/yoast.com\/wordpress\/plugins\/seo\/ -->\n<title>Coronel Suarez - Dram\u00e1ticas horas en la b\u00fasqueda de Juan Francisco Loos. - Noticias Radio Reflejos<\/title>\n<meta name=\"robots\" content=\"index, follow, max-snippet:-1, max-image-preview:large, max-video-preview:-1\" \/>\n<link rel=\"canonical\" href=\"https:\/\/www.noticiasradioreflejos.com.ar\/2021\/coronel-suarez-dramaticas-horas-en-la-busqueda-de-juan-francisco-loos\/\" \/>\n<meta property=\"og:locale\" content=\"es_ES\" \/>\n<meta property=\"og:type\" content=\"article\" \/>\n<meta property=\"og:title\" content=\"Coronel Suarez - Dram\u00e1ticas horas en la b\u00fasqueda de Juan Francisco Loos. - Noticias Radio Reflejos\" \/>\n<meta property=\"og:description\" content=\"Desde el atardecer del martes se lo busca por las zonas ribere\u00f1as del Sauce Corto, Paso de los Chilenos, Balneario Municipal y todo el per\u00edmetro aleda\u00f1o sin resultados positivos. La Polic\u00eda rastrill\u00f3 montes, zona rural, pastizales y no han encontrado rastros. Solo el autom\u00f3vil de la familia Loos que apareci\u00f3 en la tarde del martes [&hellip;]\" \/>\n<meta property=\"og:url\" content=\"https:\/\/www.noticiasradioreflejos.com.ar\/2021\/coronel-suarez-dramaticas-horas-en-la-busqueda-de-juan-francisco-loos\/\" \/>\n<meta property=\"og:site_name\" content=\"Noticias Radio Reflejos\" \/>\n<meta property=\"article:published_time\" content=\"2017-08-17T21:06:00+00:00\" \/>\n<meta property=\"og:image\" content=\"http:\/\/farm5.staticflickr.com\/4391\/36467305182_0d50bb5284.jpg\" \/>\n<meta name=\"author\" content=\"Arnaldo Botto\" \/>\n<meta name=\"twitter:card\" content=\"summary_large_image\" \/>\n<script type=\"application\/ld+json\" class=\"yoast-schema-graph\">{\"@context\":\"https:\/\/schema.org\",\"@graph\":[{\"@type\":\"WebPage\",\"@id\":\"https:\/\/www.noticiasradioreflejos.com.ar\/2021\/coronel-suarez-dramaticas-horas-en-la-busqueda-de-juan-francisco-loos\/\",\"url\":\"https:\/\/www.noticiasradioreflejos.com.ar\/2021\/coronel-suarez-dramaticas-horas-en-la-busqueda-de-juan-francisco-loos\/\",\"name\":\"Coronel Suarez - Dram\u00e1ticas horas en la b\u00fasqueda de Juan Francisco Loos. - Noticias Radio Reflejos\",\"isPartOf\":{\"@id\":\"https:\/\/www.noticiasradioreflejos.com.ar\/2021\/#website\"},\"primaryImageOfPage\":{\"@id\":\"https:\/\/www.noticiasradioreflejos.com.ar\/2021\/coronel-suarez-dramaticas-horas-en-la-busqueda-de-juan-francisco-loos\/#primaryimage\"},\"image\":{\"@id\":\"https:\/\/www.noticiasradioreflejos.com.ar\/2021\/coronel-suarez-dramaticas-horas-en-la-busqueda-de-juan-francisco-loos\/#primaryimage\"},\"thumbnailUrl\":\"http:\/\/farm5.staticflickr.com\/4391\/36467305182_0d50bb5284.jpg\",\"datePublished\":\"2017-08-17T21:06:00+00:00\",\"author\":{\"@id\":\"https:\/\/www.noticiasradioreflejos.com.ar\/2021\/#\/schema\/person\/ad82545263dcc5ec0996818884fd5fb1\"},\"breadcrumb\":{\"@id\":\"https:\/\/www.noticiasradioreflejos.com.ar\/2021\/coronel-suarez-dramaticas-horas-en-la-busqueda-de-juan-francisco-loos\/#breadcrumb\"},\"inLanguage\":\"es\",\"potentialAction\":[{\"@type\":\"ReadAction\",\"target\":[\"https:\/\/www.noticiasradioreflejos.com.ar\/2021\/coronel-suarez-dramaticas-horas-en-la-busqueda-de-juan-francisco-loos\/\"]}]},{\"@type\":\"ImageObject\",\"inLanguage\":\"es\",\"@id\":\"https:\/\/www.noticiasradioreflejos.com.ar\/2021\/coronel-suarez-dramaticas-horas-en-la-busqueda-de-juan-francisco-loos\/#primaryimage\",\"url\":\"http:\/\/farm5.staticflickr.com\/4391\/36467305182_0d50bb5284.jpg\",\"contentUrl\":\"http:\/\/farm5.staticflickr.com\/4391\/36467305182_0d50bb5284.jpg\"},{\"@type\":\"BreadcrumbList\",\"@id\":\"https:\/\/www.noticiasradioreflejos.com.ar\/2021\/coronel-suarez-dramaticas-horas-en-la-busqueda-de-juan-francisco-loos\/#breadcrumb\",\"itemListElement\":[{\"@type\":\"ListItem\",\"position\":1,\"name\":\"Portada\",\"item\":\"https:\/\/www.noticiasradioreflejos.com.ar\/2021\/\"},{\"@type\":\"ListItem\",\"position\":2,\"name\":\"Coronel Suarez &#8211; Dram\u00e1ticas horas en la b\u00fasqueda de Juan Francisco Loos.\"}]},{\"@type\":\"WebSite\",\"@id\":\"https:\/\/www.noticiasradioreflejos.com.ar\/2021\/#website\",\"url\":\"https:\/\/www.noticiasradioreflejos.com.ar\/2021\/\",\"name\":\"Noticias Radio Reflejos\",\"description\":\"Las noticias de mi comarca\",\"potentialAction\":[{\"@type\":\"SearchAction\",\"target\":{\"@type\":\"EntryPoint\",\"urlTemplate\":\"https:\/\/www.noticiasradioreflejos.com.ar\/2021\/?s={search_term_string}\"},\"query-input\":{\"@type\":\"PropertyValueSpecification\",\"valueRequired\":true,\"valueName\":\"search_term_string\"}}],\"inLanguage\":\"es\"},{\"@type\":\"Person\",\"@id\":\"https:\/\/www.noticiasradioreflejos.com.ar\/2021\/#\/schema\/person\/ad82545263dcc5ec0996818884fd5fb1\",\"name\":\"Arnaldo Botto\",\"image\":{\"@type\":\"ImageObject\",\"inLanguage\":\"es\",\"@id\":\"https:\/\/www.noticiasradioreflejos.com.ar\/2021\/#\/schema\/person\/image\/\",\"url\":\"https:\/\/secure.gravatar.com\/avatar\/55cb5e37c1efa326397366e6974cb338056df65cb50e7d64d1cf314e87504837?s=96&d=mm&r=g\",\"contentUrl\":\"https:\/\/secure.gravatar.com\/avatar\/55cb5e37c1efa326397366e6974cb338056df65cb50e7d64d1cf314e87504837?s=96&d=mm&r=g\",\"caption\":\"Arnaldo Botto\"},\"url\":\"https:\/\/www.noticiasradioreflejos.com.ar\/2021\/author\/arnaldo\/\"}]}<\/script>\n<!-- \/ Yoast SEO plugin. -->","yoast_head_json":{"title":"Coronel Suarez - Dram\u00e1ticas horas en la b\u00fasqueda de Juan Francisco Loos. - Noticias Radio Reflejos","robots":{"index":"index","follow":"follow","max-snippet":"max-snippet:-1","max-image-preview":"max-image-preview:large","max-video-preview":"max-video-preview:-1"},"canonical":"https:\/\/www.noticiasradioreflejos.com.ar\/2021\/coronel-suarez-dramaticas-horas-en-la-busqueda-de-juan-francisco-loos\/","og_locale":"es_ES","og_type":"article","og_title":"Coronel Suarez - Dram\u00e1ticas horas en la b\u00fasqueda de Juan Francisco Loos. - Noticias Radio Reflejos","og_description":"Desde el atardecer del martes se lo busca por las zonas ribere\u00f1as del Sauce Corto, Paso de los Chilenos, Balneario Municipal y todo el per\u00edmetro aleda\u00f1o sin resultados positivos. La Polic\u00eda rastrill\u00f3 montes, zona rural, pastizales y no han encontrado rastros. Solo el autom\u00f3vil de la familia Loos que apareci\u00f3 en la tarde del martes [&hellip;]","og_url":"https:\/\/www.noticiasradioreflejos.com.ar\/2021\/coronel-suarez-dramaticas-horas-en-la-busqueda-de-juan-francisco-loos\/","og_site_name":"Noticias Radio Reflejos","article_published_time":"2017-08-17T21:06:00+00:00","og_image":[{"url":"http:\/\/farm5.staticflickr.com\/4391\/36467305182_0d50bb5284.jpg","type":"","width":"","height":""}],"author":"Arnaldo Botto","twitter_card":"summary_large_image","schema":{"@context":"https:\/\/schema.org","@graph":[{"@type":"WebPage","@id":"https:\/\/www.noticiasradioreflejos.com.ar\/2021\/coronel-suarez-dramaticas-horas-en-la-busqueda-de-juan-francisco-loos\/","url":"https:\/\/www.noticiasradioreflejos.com.ar\/2021\/coronel-suarez-dramaticas-horas-en-la-busqueda-de-juan-francisco-loos\/","name":"Coronel Suarez - Dram\u00e1ticas horas en la b\u00fasqueda de Juan Francisco Loos. - Noticias Radio Reflejos","isPartOf":{"@id":"https:\/\/www.noticiasradioreflejos.com.ar\/2021\/#website"},"primaryImageOfPage":{"@id":"https:\/\/www.noticiasradioreflejos.com.ar\/2021\/coronel-suarez-dramaticas-horas-en-la-busqueda-de-juan-francisco-loos\/#primaryimage"},"image":{"@id":"https:\/\/www.noticiasradioreflejos.com.ar\/2021\/coronel-suarez-dramaticas-horas-en-la-busqueda-de-juan-francisco-loos\/#primaryimage"},"thumbnailUrl":"http:\/\/farm5.staticflickr.com\/4391\/36467305182_0d50bb5284.jpg","datePublished":"2017-08-17T21:06:00+00:00","author":{"@id":"https:\/\/www.noticiasradioreflejos.com.ar\/2021\/#\/schema\/person\/ad82545263dcc5ec0996818884fd5fb1"},"breadcrumb":{"@id":"https:\/\/www.noticiasradioreflejos.com.ar\/2021\/coronel-suarez-dramaticas-horas-en-la-busqueda-de-juan-francisco-loos\/#breadcrumb"},"inLanguage":"es","potentialAction":[{"@type":"ReadAction","target":["https:\/\/www.noticiasradioreflejos.com.ar\/2021\/coronel-suarez-dramaticas-horas-en-la-busqueda-de-juan-francisco-loos\/"]}]},{"@type":"ImageObject","inLanguage":"es","@id":"https:\/\/www.noticiasradioreflejos.com.ar\/2021\/coronel-suarez-dramaticas-horas-en-la-busqueda-de-juan-francisco-loos\/#primaryimage","url":"http:\/\/farm5.staticflickr.com\/4391\/36467305182_0d50bb5284.jpg","contentUrl":"http:\/\/farm5.staticflickr.com\/4391\/36467305182_0d50bb5284.jpg"},{"@type":"BreadcrumbList","@id":"https:\/\/www.noticiasradioreflejos.com.ar\/2021\/coronel-suarez-dramaticas-horas-en-la-busqueda-de-juan-francisco-loos\/#breadcrumb","itemListElement":[{"@type":"ListItem","position":1,"name":"Portada","item":"https:\/\/www.noticiasradioreflejos.com.ar\/2021\/"},{"@type":"ListItem","position":2,"name":"Coronel Suarez &#8211; Dram\u00e1ticas horas en la b\u00fasqueda de Juan Francisco Loos."}]},{"@type":"WebSite","@id":"https:\/\/www.noticiasradioreflejos.com.ar\/2021\/#website","url":"https:\/\/www.noticiasradioreflejos.com.ar\/2021\/","name":"Noticias Radio Reflejos","description":"Las noticias de mi comarca","potentialAction":[{"@type":"SearchAction","target":{"@type":"EntryPoint","urlTemplate":"https:\/\/www.noticiasradioreflejos.com.ar\/2021\/?s={search_term_string}"},"query-input":{"@type":"PropertyValueSpecification","valueRequired":true,"valueName":"search_term_string"}}],"inLanguage":"es"},{"@type":"Person","@id":"https:\/\/www.noticiasradioreflejos.com.ar\/2021\/#\/schema\/person\/ad82545263dcc5ec0996818884fd5fb1","name":"Arnaldo Botto","image":{"@type":"ImageObject","inLanguage":"es","@id":"https:\/\/www.noticiasradioreflejos.com.ar\/2021\/#\/schema\/person\/image\/","url":"https:\/\/secure.gravatar.com\/avatar\/55cb5e37c1efa326397366e6974cb338056df65cb50e7d64d1cf314e87504837?s=96&d=mm&r=g","contentUrl":"https:\/\/secure.gravatar.com\/avatar\/55cb5e37c1efa326397366e6974cb338056df65cb50e7d64d1cf314e87504837?s=96&d=mm&r=g","caption":"Arnaldo Botto"},"url":"https:\/\/www.noticiasradioreflejos.com.ar\/2021\/author\/arnaldo\/"}]}},"_links":{"self":[{"href":"https:\/\/www.noticiasradioreflejos.com.ar\/2021\/wp-json\/wp\/v2\/posts\/13529","targetHints":{"allow":["GET"]}}],"collection":[{"href":"https:\/\/www.noticiasradioreflejos.com.ar\/2021\/wp-json\/wp\/v2\/posts"}],"about":[{"href":"https:\/\/www.noticiasradioreflejos.com.ar\/2021\/wp-json\/wp\/v2\/types\/post"}],"author":[{"embeddable":true,"href":"https:\/\/www.noticiasradioreflejos.com.ar\/2021\/wp-json\/wp\/v2\/users\/3"}],"replies":[{"embeddable":true,"href":"https:\/\/www.noticiasradioreflejos.com.ar\/2021\/wp-json\/wp\/v2\/comments?post=13529"}],"version-history":[{"count":0,"href":"https:\/\/www.noticiasradioreflejos.com.ar\/2021\/wp-json\/wp\/v2\/posts\/13529\/revisions"}],"wp:attachment":[{"href":"https:\/\/www.noticiasradioreflejos.com.ar\/2021\/wp-json\/wp\/v2\/media?parent=13529"}],"wp:term":[{"taxonomy":"category","embeddable":true,"href":"https:\/\/www.noticiasradioreflejos.com.ar\/2021\/wp-json\/wp\/v2\/categories?post=13529"},{"taxonomy":"post_tag","embeddable":true,"href":"https:\/\/www.noticiasradioreflejos.com.ar\/2021\/wp-json\/wp\/v2\/tags?post=13529"}],"curies":[{"name":"wp","href":"https:\/\/api.w.org\/{rel}","templated":true}]}}