{"id":13520,"date":"2017-08-17T12:40:27","date_gmt":"2017-08-17T15:40:27","guid":{"rendered":"http:\/\/www.noticiasradioreflejos.com.ar\/noticias\/?p=13520"},"modified":"2017-08-17T12:40:27","modified_gmt":"2017-08-17T15:40:27","slug":"el-ano-pasado-resulto-chico-el-lugar-mariela-montero","status":"publish","type":"post","link":"https:\/\/www.noticiasradioreflejos.com.ar\/2021\/el-ano-pasado-resulto-chico-el-lugar-mariela-montero\/","title":{"rendered":"&quot;El a\u00f1o pasado result\u00f3 chico el lugar&quot; &#8211; Mariela Montero"},"content":{"rendered":"<p>El pr\u00f3ximo domingo 20 de agosto se realizar\u00e1 el 28\u00b0 Festival \u00abTornquist, Patria y Folclore\u00bb . Entrevistamos a <strong>Mariela Alejandra Montero<\/strong>, Directora de la Escuela Municipal de Folclore, \u00a0para conocer detalles de la organizaci\u00f3n del evento que espera este fin de semana mas de 900 personas.<!--more--><br \/>\nEl evento que se realiza en conmemoraci\u00f3n al \u00abD\u00eda Internacional del Folclore\u00bb que se celebra cada 22 de agosto, tendr\u00e1 lugar en la Sociedad Italiana de Tornquist, \u00abEl a\u00f1o pasado result\u00f3 chico el lugar\u00bb nos apuntaba Mariela recordando que en el 2016 se ubic\u00f3 en el SUM del colegio de Hermanas.<br \/>\n16 agrupaciones intervendr\u00e1n este a\u00f1o y llegaran desde distintos puntos de la regi\u00f3n y la pcia de Buenos Aires.<br \/>\nUnos 300 bailarines y unas\u00a0900 personas ser\u00e1n parte de este espect\u00e1culo que a\u00f1o tras a\u00f1o sigue convocando mas y mas gente.\u00a0El costo de la entrada se fij\u00f3 en $30.-, habr\u00e1 una variado servicio de cantina y se espera para las 23,30 la actuaci\u00f3n de <strong>Eliana Chulivert.<\/strong><br \/>\nLas puertas del sal\u00f3n se abrir\u00e1n a partir de las 18 hs y los que necesiten reservar mesas podr\u00e1n hacerlo a los tel: 155 350455 y 154147216.<br \/>\n<iframe loading=\"lazy\" src=\"https:\/\/w.soundcloud.com\/player\/?url=https%3A\/\/api.soundcloud.com\/tracks\/338274047&amp;color=ff5500&amp;auto_play=false&amp;hide_related=false&amp;show_comments=true&amp;show_user=true&amp;show_reposts=false\" width=\"100%\" height=\"166\" frameborder=\"no\" scrolling=\"no\"><\/iframe><\/p>\n","protected":false},"excerpt":{"rendered":"<p>El pr\u00f3ximo domingo 20 de agosto se realizar\u00e1 el 28\u00b0 Festival \u00abTornquist, Patria y Folclore\u00bb . Entrevistamos a Mariela Alejandra Montero, Directora de la Escuela Municipal de Folclore, \u00a0para conocer detalles de la organizaci\u00f3n del evento que espera este fin de semana mas de 900 personas.<\/p>\n","protected":false},"author":3,"featured_media":0,"comment_status":"closed","ping_status":"open","sticky":false,"template":"","format":"standard","meta":{"footnotes":""},"categories":[35],"tags":[],"class_list":["post-13520","post","type-post","status-publish","format-standard","hentry","category-cultura"],"yoast_head":"<!-- This site is optimized with the Yoast SEO plugin v25.9 - https:\/\/yoast.com\/wordpress\/plugins\/seo\/ -->\n<title>&quot;El a\u00f1o pasado result\u00f3 chico el lugar&quot; - Mariela Montero - Noticias Radio Reflejos<\/title>\n<meta name=\"robots\" content=\"index, follow, max-snippet:-1, max-image-preview:large, max-video-preview:-1\" \/>\n<link rel=\"canonical\" href=\"https:\/\/www.noticiasradioreflejos.com.ar\/2021\/el-ano-pasado-resulto-chico-el-lugar-mariela-montero\/\" \/>\n<meta property=\"og:locale\" content=\"es_ES\" \/>\n<meta property=\"og:type\" content=\"article\" \/>\n<meta property=\"og:title\" content=\"&quot;El a\u00f1o pasado result\u00f3 chico el lugar&quot; - Mariela Montero - Noticias Radio Reflejos\" \/>\n<meta property=\"og:description\" content=\"El pr\u00f3ximo domingo 20 de agosto se realizar\u00e1 el 28\u00b0 Festival \u00abTornquist, Patria y Folclore\u00bb . Entrevistamos a Mariela Alejandra Montero, Directora de la Escuela Municipal de Folclore, \u00a0para conocer detalles de la organizaci\u00f3n del evento que espera este fin de semana mas de 900 personas.\" \/>\n<meta property=\"og:url\" content=\"https:\/\/www.noticiasradioreflejos.com.ar\/2021\/el-ano-pasado-resulto-chico-el-lugar-mariela-montero\/\" \/>\n<meta property=\"og:site_name\" content=\"Noticias Radio Reflejos\" \/>\n<meta property=\"article:published_time\" content=\"2017-08-17T15:40:27+00:00\" \/>\n<meta property=\"og:image\" content=\"https:\/\/www.noticiasradioreflejos.com.ar\/2021\/wp-content\/uploads\/2021\/07\/logosol300x200.png\" \/>\n\t<meta property=\"og:image:width\" content=\"300\" \/>\n\t<meta property=\"og:image:height\" content=\"200\" \/>\n\t<meta property=\"og:image:type\" content=\"image\/png\" \/>\n<meta name=\"author\" content=\"Arnaldo Botto\" \/>\n<meta name=\"twitter:card\" content=\"summary_large_image\" \/>\n<script type=\"application\/ld+json\" class=\"yoast-schema-graph\">{\"@context\":\"https:\/\/schema.org\",\"@graph\":[{\"@type\":\"WebPage\",\"@id\":\"https:\/\/www.noticiasradioreflejos.com.ar\/2021\/el-ano-pasado-resulto-chico-el-lugar-mariela-montero\/\",\"url\":\"https:\/\/www.noticiasradioreflejos.com.ar\/2021\/el-ano-pasado-resulto-chico-el-lugar-mariela-montero\/\",\"name\":\"&quot;El a\u00f1o pasado result\u00f3 chico el lugar&quot; - Mariela Montero - Noticias Radio Reflejos\",\"isPartOf\":{\"@id\":\"https:\/\/www.noticiasradioreflejos.com.ar\/2021\/#website\"},\"datePublished\":\"2017-08-17T15:40:27+00:00\",\"author\":{\"@id\":\"https:\/\/www.noticiasradioreflejos.com.ar\/2021\/#\/schema\/person\/ad82545263dcc5ec0996818884fd5fb1\"},\"breadcrumb\":{\"@id\":\"https:\/\/www.noticiasradioreflejos.com.ar\/2021\/el-ano-pasado-resulto-chico-el-lugar-mariela-montero\/#breadcrumb\"},\"inLanguage\":\"es\",\"potentialAction\":[{\"@type\":\"ReadAction\",\"target\":[\"https:\/\/www.noticiasradioreflejos.com.ar\/2021\/el-ano-pasado-resulto-chico-el-lugar-mariela-montero\/\"]}]},{\"@type\":\"BreadcrumbList\",\"@id\":\"https:\/\/www.noticiasradioreflejos.com.ar\/2021\/el-ano-pasado-resulto-chico-el-lugar-mariela-montero\/#breadcrumb\",\"itemListElement\":[{\"@type\":\"ListItem\",\"position\":1,\"name\":\"Portada\",\"item\":\"https:\/\/www.noticiasradioreflejos.com.ar\/2021\/\"},{\"@type\":\"ListItem\",\"position\":2,\"name\":\"&quot;El a\u00f1o pasado result\u00f3 chico el lugar&quot; &#8211; Mariela Montero\"}]},{\"@type\":\"WebSite\",\"@id\":\"https:\/\/www.noticiasradioreflejos.com.ar\/2021\/#website\",\"url\":\"https:\/\/www.noticiasradioreflejos.com.ar\/2021\/\",\"name\":\"Noticias Radio Reflejos\",\"description\":\"Las noticias de mi comarca\",\"potentialAction\":[{\"@type\":\"SearchAction\",\"target\":{\"@type\":\"EntryPoint\",\"urlTemplate\":\"https:\/\/www.noticiasradioreflejos.com.ar\/2021\/?s={search_term_string}\"},\"query-input\":{\"@type\":\"PropertyValueSpecification\",\"valueRequired\":true,\"valueName\":\"search_term_string\"}}],\"inLanguage\":\"es\"},{\"@type\":\"Person\",\"@id\":\"https:\/\/www.noticiasradioreflejos.com.ar\/2021\/#\/schema\/person\/ad82545263dcc5ec0996818884fd5fb1\",\"name\":\"Arnaldo Botto\",\"image\":{\"@type\":\"ImageObject\",\"inLanguage\":\"es\",\"@id\":\"https:\/\/www.noticiasradioreflejos.com.ar\/2021\/#\/schema\/person\/image\/\",\"url\":\"https:\/\/secure.gravatar.com\/avatar\/55cb5e37c1efa326397366e6974cb338056df65cb50e7d64d1cf314e87504837?s=96&d=mm&r=g\",\"contentUrl\":\"https:\/\/secure.gravatar.com\/avatar\/55cb5e37c1efa326397366e6974cb338056df65cb50e7d64d1cf314e87504837?s=96&d=mm&r=g\",\"caption\":\"Arnaldo Botto\"},\"url\":\"https:\/\/www.noticiasradioreflejos.com.ar\/2021\/author\/arnaldo\/\"}]}<\/script>\n<!-- \/ Yoast SEO plugin. -->","yoast_head_json":{"title":"&quot;El a\u00f1o pasado result\u00f3 chico el lugar&quot; - Mariela Montero - Noticias Radio Reflejos","robots":{"index":"index","follow":"follow","max-snippet":"max-snippet:-1","max-image-preview":"max-image-preview:large","max-video-preview":"max-video-preview:-1"},"canonical":"https:\/\/www.noticiasradioreflejos.com.ar\/2021\/el-ano-pasado-resulto-chico-el-lugar-mariela-montero\/","og_locale":"es_ES","og_type":"article","og_title":"&quot;El a\u00f1o pasado result\u00f3 chico el lugar&quot; - Mariela Montero - Noticias Radio Reflejos","og_description":"El pr\u00f3ximo domingo 20 de agosto se realizar\u00e1 el 28\u00b0 Festival \u00abTornquist, Patria y Folclore\u00bb . Entrevistamos a Mariela Alejandra Montero, Directora de la Escuela Municipal de Folclore, \u00a0para conocer detalles de la organizaci\u00f3n del evento que espera este fin de semana mas de 900 personas.","og_url":"https:\/\/www.noticiasradioreflejos.com.ar\/2021\/el-ano-pasado-resulto-chico-el-lugar-mariela-montero\/","og_site_name":"Noticias Radio Reflejos","article_published_time":"2017-08-17T15:40:27+00:00","og_image":[{"width":300,"height":200,"url":"https:\/\/www.noticiasradioreflejos.com.ar\/2021\/wp-content\/uploads\/2021\/07\/logosol300x200.png","type":"image\/png"}],"author":"Arnaldo Botto","twitter_card":"summary_large_image","schema":{"@context":"https:\/\/schema.org","@graph":[{"@type":"WebPage","@id":"https:\/\/www.noticiasradioreflejos.com.ar\/2021\/el-ano-pasado-resulto-chico-el-lugar-mariela-montero\/","url":"https:\/\/www.noticiasradioreflejos.com.ar\/2021\/el-ano-pasado-resulto-chico-el-lugar-mariela-montero\/","name":"&quot;El a\u00f1o pasado result\u00f3 chico el lugar&quot; - Mariela Montero - Noticias Radio Reflejos","isPartOf":{"@id":"https:\/\/www.noticiasradioreflejos.com.ar\/2021\/#website"},"datePublished":"2017-08-17T15:40:27+00:00","author":{"@id":"https:\/\/www.noticiasradioreflejos.com.ar\/2021\/#\/schema\/person\/ad82545263dcc5ec0996818884fd5fb1"},"breadcrumb":{"@id":"https:\/\/www.noticiasradioreflejos.com.ar\/2021\/el-ano-pasado-resulto-chico-el-lugar-mariela-montero\/#breadcrumb"},"inLanguage":"es","potentialAction":[{"@type":"ReadAction","target":["https:\/\/www.noticiasradioreflejos.com.ar\/2021\/el-ano-pasado-resulto-chico-el-lugar-mariela-montero\/"]}]},{"@type":"BreadcrumbList","@id":"https:\/\/www.noticiasradioreflejos.com.ar\/2021\/el-ano-pasado-resulto-chico-el-lugar-mariela-montero\/#breadcrumb","itemListElement":[{"@type":"ListItem","position":1,"name":"Portada","item":"https:\/\/www.noticiasradioreflejos.com.ar\/2021\/"},{"@type":"ListItem","position":2,"name":"&quot;El a\u00f1o pasado result\u00f3 chico el lugar&quot; &#8211; Mariela Montero"}]},{"@type":"WebSite","@id":"https:\/\/www.noticiasradioreflejos.com.ar\/2021\/#website","url":"https:\/\/www.noticiasradioreflejos.com.ar\/2021\/","name":"Noticias Radio Reflejos","description":"Las noticias de mi comarca","potentialAction":[{"@type":"SearchAction","target":{"@type":"EntryPoint","urlTemplate":"https:\/\/www.noticiasradioreflejos.com.ar\/2021\/?s={search_term_string}"},"query-input":{"@type":"PropertyValueSpecification","valueRequired":true,"valueName":"search_term_string"}}],"inLanguage":"es"},{"@type":"Person","@id":"https:\/\/www.noticiasradioreflejos.com.ar\/2021\/#\/schema\/person\/ad82545263dcc5ec0996818884fd5fb1","name":"Arnaldo Botto","image":{"@type":"ImageObject","inLanguage":"es","@id":"https:\/\/www.noticiasradioreflejos.com.ar\/2021\/#\/schema\/person\/image\/","url":"https:\/\/secure.gravatar.com\/avatar\/55cb5e37c1efa326397366e6974cb338056df65cb50e7d64d1cf314e87504837?s=96&d=mm&r=g","contentUrl":"https:\/\/secure.gravatar.com\/avatar\/55cb5e37c1efa326397366e6974cb338056df65cb50e7d64d1cf314e87504837?s=96&d=mm&r=g","caption":"Arnaldo Botto"},"url":"https:\/\/www.noticiasradioreflejos.com.ar\/2021\/author\/arnaldo\/"}]}},"_links":{"self":[{"href":"https:\/\/www.noticiasradioreflejos.com.ar\/2021\/wp-json\/wp\/v2\/posts\/13520","targetHints":{"allow":["GET"]}}],"collection":[{"href":"https:\/\/www.noticiasradioreflejos.com.ar\/2021\/wp-json\/wp\/v2\/posts"}],"about":[{"href":"https:\/\/www.noticiasradioreflejos.com.ar\/2021\/wp-json\/wp\/v2\/types\/post"}],"author":[{"embeddable":true,"href":"https:\/\/www.noticiasradioreflejos.com.ar\/2021\/wp-json\/wp\/v2\/users\/3"}],"replies":[{"embeddable":true,"href":"https:\/\/www.noticiasradioreflejos.com.ar\/2021\/wp-json\/wp\/v2\/comments?post=13520"}],"version-history":[{"count":0,"href":"https:\/\/www.noticiasradioreflejos.com.ar\/2021\/wp-json\/wp\/v2\/posts\/13520\/revisions"}],"wp:attachment":[{"href":"https:\/\/www.noticiasradioreflejos.com.ar\/2021\/wp-json\/wp\/v2\/media?parent=13520"}],"wp:term":[{"taxonomy":"category","embeddable":true,"href":"https:\/\/www.noticiasradioreflejos.com.ar\/2021\/wp-json\/wp\/v2\/categories?post=13520"},{"taxonomy":"post_tag","embeddable":true,"href":"https:\/\/www.noticiasradioreflejos.com.ar\/2021\/wp-json\/wp\/v2\/tags?post=13520"}],"curies":[{"name":"wp","href":"https:\/\/api.w.org\/{rel}","templated":true}]}}