{"id":13511,"date":"2017-08-17T09:00:40","date_gmt":"2017-08-17T12:00:40","guid":{"rendered":"http:\/\/www.noticiasradioreflejos.com.ar\/noticias\/?p=13511"},"modified":"2017-08-17T09:00:40","modified_gmt":"2017-08-17T12:00:40","slug":"es-un-esfuerzo-muy-grande-en-todo-sentido-roberto-y-ariel-dube","status":"publish","type":"post","link":"https:\/\/www.noticiasradioreflejos.com.ar\/2021\/es-un-esfuerzo-muy-grande-en-todo-sentido-roberto-y-ariel-dube\/","title":{"rendered":"&quot;Es un esfuerzo muy grande en todo sentido&quot; Roberto y Ariel Dube"},"content":{"rendered":"<p>Con \u00e9xito total se desarroll\u00f3 este mi\u00e9rcoles 16 la primer jornada de ventas con el 50% de reintegro en los supermercados La Nueva Estrella en Saldungaray y Sierra de la Ventana.<br \/>\n<strong>Roberto y Ariel Dube<\/strong> visitaron nuestros estudios para interiorizarnos sobre la mec\u00e1nica de esta forma de venta.<!--more--><br \/>\n<a title=\"995f81d8-6e8b-4ce2-9bd3-e26b52a31d28\" href=\"http:\/\/farm5.staticflickr.com\/4342\/36584736626_bf1707ea89.jpg\" rel=\"\"><img loading=\"lazy\" decoding=\"async\" class=\"alignleft\" style=\"float: left;\" title=\"995f81d8-6e8b-4ce2-9bd3-e26b52a31d28\" src=\"http:\/\/farm5.staticflickr.com\/4342\/36584736626_bf1707ea89.jpg\" alt=\"995f81d8-6e8b-4ce2-9bd3-e26b52a31d28\" width=\"500\" height=\"375\" \/><\/a>Orgullosos de haber logrado entrar en la operatoria, destacan que en toda la provincia de Bs As solo 28 empresas realizan hoy estas Ventas. Este mi\u00e9rcoles 16 y el pr\u00f3ximo 23 de agosto, Supermercados La Nueva Estrella vender\u00e1 con un reintegro del 50 % en las compras con tarjetas de cr\u00e9dito o d\u00e9bito del Banco Pcia de Buenos Aires.<br \/>\nLa oferta alcanza a las sucursales de Sierra de la Ventana y Saldungaray.<br \/>\n\u00abContento y feliz por haber podido tener esta oferta, pero principalmente por la gente\u00bb dice inicialmente Roberto destacando que es una forma de agradecer a la clientela por elegir su comercio.<br \/>\nEn Sierra de la Ventana la atenci\u00f3n se realiz\u00f3 de 8 a 21 horas de corrido y ya desde las 7 de la ma\u00f1ana hubo gente esperando que se abrieran las puertas del supermercado. En tanto en Saldungaray, la atenci\u00f3n se interrump\u00eda de 13 a 16,30 hs.<br \/>\nAriel y su padre, se expresan muy agradecidos con sus empleados por el esfuerzo de la jornada de hoy y especialmente Ariel destaca que \u00abes un esfuerzo muy grande en todo sentido\u00bb, explicando todos los requisitos que debieron cumplimentar para acceder dentro de los negocios que operan con esta oferta.<br \/>\n<iframe loading=\"lazy\" src=\"https:\/\/w.soundcloud.com\/player\/?url=https%3A\/\/api.soundcloud.com\/tracks\/338141183&amp;color=ff5500&amp;auto_play=false&amp;hide_related=false&amp;show_comments=true&amp;show_user=true&amp;show_reposts=false\" width=\"100%\" height=\"166\" frameborder=\"no\" scrolling=\"no\"><\/iframe><\/p>\n","protected":false},"excerpt":{"rendered":"<p>Con \u00e9xito total se desarroll\u00f3 este mi\u00e9rcoles 16 la primer jornada de ventas con el 50% de reintegro en los supermercados La Nueva Estrella en Saldungaray y Sierra de la Ventana. Roberto y Ariel Dube visitaron nuestros estudios para interiorizarnos sobre la mec\u00e1nica de esta forma de venta.<\/p>\n","protected":false},"author":3,"featured_media":0,"comment_status":"closed","ping_status":"open","sticky":false,"template":"","format":"standard","meta":{"footnotes":""},"categories":[26],"tags":[],"class_list":["post-13511","post","type-post","status-publish","format-standard","hentry","category-sociedad"],"yoast_head":"<!-- This site is optimized with the Yoast SEO plugin v25.9 - https:\/\/yoast.com\/wordpress\/plugins\/seo\/ -->\n<title>&quot;Es un esfuerzo muy grande en todo sentido&quot; Roberto y Ariel Dube - Noticias Radio Reflejos<\/title>\n<meta name=\"robots\" content=\"index, follow, max-snippet:-1, max-image-preview:large, max-video-preview:-1\" \/>\n<link rel=\"canonical\" href=\"https:\/\/www.noticiasradioreflejos.com.ar\/2021\/es-un-esfuerzo-muy-grande-en-todo-sentido-roberto-y-ariel-dube\/\" \/>\n<meta property=\"og:locale\" content=\"es_ES\" \/>\n<meta property=\"og:type\" content=\"article\" \/>\n<meta property=\"og:title\" content=\"&quot;Es un esfuerzo muy grande en todo sentido&quot; Roberto y Ariel Dube - Noticias Radio Reflejos\" \/>\n<meta property=\"og:description\" content=\"Con \u00e9xito total se desarroll\u00f3 este mi\u00e9rcoles 16 la primer jornada de ventas con el 50% de reintegro en los supermercados La Nueva Estrella en Saldungaray y Sierra de la Ventana. Roberto y Ariel Dube visitaron nuestros estudios para interiorizarnos sobre la mec\u00e1nica de esta forma de venta.\" \/>\n<meta property=\"og:url\" content=\"https:\/\/www.noticiasradioreflejos.com.ar\/2021\/es-un-esfuerzo-muy-grande-en-todo-sentido-roberto-y-ariel-dube\/\" \/>\n<meta property=\"og:site_name\" content=\"Noticias Radio Reflejos\" \/>\n<meta property=\"article:published_time\" content=\"2017-08-17T12:00:40+00:00\" \/>\n<meta property=\"og:image\" content=\"http:\/\/farm5.staticflickr.com\/4342\/36584736626_bf1707ea89.jpg\" \/>\n<meta name=\"author\" content=\"Arnaldo Botto\" \/>\n<meta name=\"twitter:card\" content=\"summary_large_image\" \/>\n<script type=\"application\/ld+json\" class=\"yoast-schema-graph\">{\"@context\":\"https:\/\/schema.org\",\"@graph\":[{\"@type\":\"WebPage\",\"@id\":\"https:\/\/www.noticiasradioreflejos.com.ar\/2021\/es-un-esfuerzo-muy-grande-en-todo-sentido-roberto-y-ariel-dube\/\",\"url\":\"https:\/\/www.noticiasradioreflejos.com.ar\/2021\/es-un-esfuerzo-muy-grande-en-todo-sentido-roberto-y-ariel-dube\/\",\"name\":\"&quot;Es un esfuerzo muy grande en todo sentido&quot; Roberto y Ariel Dube - Noticias Radio Reflejos\",\"isPartOf\":{\"@id\":\"https:\/\/www.noticiasradioreflejos.com.ar\/2021\/#website\"},\"primaryImageOfPage\":{\"@id\":\"https:\/\/www.noticiasradioreflejos.com.ar\/2021\/es-un-esfuerzo-muy-grande-en-todo-sentido-roberto-y-ariel-dube\/#primaryimage\"},\"image\":{\"@id\":\"https:\/\/www.noticiasradioreflejos.com.ar\/2021\/es-un-esfuerzo-muy-grande-en-todo-sentido-roberto-y-ariel-dube\/#primaryimage\"},\"thumbnailUrl\":\"http:\/\/farm5.staticflickr.com\/4342\/36584736626_bf1707ea89.jpg\",\"datePublished\":\"2017-08-17T12:00:40+00:00\",\"author\":{\"@id\":\"https:\/\/www.noticiasradioreflejos.com.ar\/2021\/#\/schema\/person\/ad82545263dcc5ec0996818884fd5fb1\"},\"breadcrumb\":{\"@id\":\"https:\/\/www.noticiasradioreflejos.com.ar\/2021\/es-un-esfuerzo-muy-grande-en-todo-sentido-roberto-y-ariel-dube\/#breadcrumb\"},\"inLanguage\":\"es\",\"potentialAction\":[{\"@type\":\"ReadAction\",\"target\":[\"https:\/\/www.noticiasradioreflejos.com.ar\/2021\/es-un-esfuerzo-muy-grande-en-todo-sentido-roberto-y-ariel-dube\/\"]}]},{\"@type\":\"ImageObject\",\"inLanguage\":\"es\",\"@id\":\"https:\/\/www.noticiasradioreflejos.com.ar\/2021\/es-un-esfuerzo-muy-grande-en-todo-sentido-roberto-y-ariel-dube\/#primaryimage\",\"url\":\"http:\/\/farm5.staticflickr.com\/4342\/36584736626_bf1707ea89.jpg\",\"contentUrl\":\"http:\/\/farm5.staticflickr.com\/4342\/36584736626_bf1707ea89.jpg\"},{\"@type\":\"BreadcrumbList\",\"@id\":\"https:\/\/www.noticiasradioreflejos.com.ar\/2021\/es-un-esfuerzo-muy-grande-en-todo-sentido-roberto-y-ariel-dube\/#breadcrumb\",\"itemListElement\":[{\"@type\":\"ListItem\",\"position\":1,\"name\":\"Portada\",\"item\":\"https:\/\/www.noticiasradioreflejos.com.ar\/2021\/\"},{\"@type\":\"ListItem\",\"position\":2,\"name\":\"&quot;Es un esfuerzo muy grande en todo sentido&quot; Roberto y Ariel Dube\"}]},{\"@type\":\"WebSite\",\"@id\":\"https:\/\/www.noticiasradioreflejos.com.ar\/2021\/#website\",\"url\":\"https:\/\/www.noticiasradioreflejos.com.ar\/2021\/\",\"name\":\"Noticias Radio Reflejos\",\"description\":\"Las noticias de mi comarca\",\"potentialAction\":[{\"@type\":\"SearchAction\",\"target\":{\"@type\":\"EntryPoint\",\"urlTemplate\":\"https:\/\/www.noticiasradioreflejos.com.ar\/2021\/?s={search_term_string}\"},\"query-input\":{\"@type\":\"PropertyValueSpecification\",\"valueRequired\":true,\"valueName\":\"search_term_string\"}}],\"inLanguage\":\"es\"},{\"@type\":\"Person\",\"@id\":\"https:\/\/www.noticiasradioreflejos.com.ar\/2021\/#\/schema\/person\/ad82545263dcc5ec0996818884fd5fb1\",\"name\":\"Arnaldo Botto\",\"image\":{\"@type\":\"ImageObject\",\"inLanguage\":\"es\",\"@id\":\"https:\/\/www.noticiasradioreflejos.com.ar\/2021\/#\/schema\/person\/image\/\",\"url\":\"https:\/\/secure.gravatar.com\/avatar\/55cb5e37c1efa326397366e6974cb338056df65cb50e7d64d1cf314e87504837?s=96&d=mm&r=g\",\"contentUrl\":\"https:\/\/secure.gravatar.com\/avatar\/55cb5e37c1efa326397366e6974cb338056df65cb50e7d64d1cf314e87504837?s=96&d=mm&r=g\",\"caption\":\"Arnaldo Botto\"},\"url\":\"https:\/\/www.noticiasradioreflejos.com.ar\/2021\/author\/arnaldo\/\"}]}<\/script>\n<!-- \/ Yoast SEO plugin. -->","yoast_head_json":{"title":"&quot;Es un esfuerzo muy grande en todo sentido&quot; Roberto y Ariel Dube - Noticias Radio Reflejos","robots":{"index":"index","follow":"follow","max-snippet":"max-snippet:-1","max-image-preview":"max-image-preview:large","max-video-preview":"max-video-preview:-1"},"canonical":"https:\/\/www.noticiasradioreflejos.com.ar\/2021\/es-un-esfuerzo-muy-grande-en-todo-sentido-roberto-y-ariel-dube\/","og_locale":"es_ES","og_type":"article","og_title":"&quot;Es un esfuerzo muy grande en todo sentido&quot; Roberto y Ariel Dube - Noticias Radio Reflejos","og_description":"Con \u00e9xito total se desarroll\u00f3 este mi\u00e9rcoles 16 la primer jornada de ventas con el 50% de reintegro en los supermercados La Nueva Estrella en Saldungaray y Sierra de la Ventana. Roberto y Ariel Dube visitaron nuestros estudios para interiorizarnos sobre la mec\u00e1nica de esta forma de venta.","og_url":"https:\/\/www.noticiasradioreflejos.com.ar\/2021\/es-un-esfuerzo-muy-grande-en-todo-sentido-roberto-y-ariel-dube\/","og_site_name":"Noticias Radio Reflejos","article_published_time":"2017-08-17T12:00:40+00:00","og_image":[{"url":"http:\/\/farm5.staticflickr.com\/4342\/36584736626_bf1707ea89.jpg","type":"","width":"","height":""}],"author":"Arnaldo Botto","twitter_card":"summary_large_image","schema":{"@context":"https:\/\/schema.org","@graph":[{"@type":"WebPage","@id":"https:\/\/www.noticiasradioreflejos.com.ar\/2021\/es-un-esfuerzo-muy-grande-en-todo-sentido-roberto-y-ariel-dube\/","url":"https:\/\/www.noticiasradioreflejos.com.ar\/2021\/es-un-esfuerzo-muy-grande-en-todo-sentido-roberto-y-ariel-dube\/","name":"&quot;Es un esfuerzo muy grande en todo sentido&quot; Roberto y Ariel Dube - Noticias Radio Reflejos","isPartOf":{"@id":"https:\/\/www.noticiasradioreflejos.com.ar\/2021\/#website"},"primaryImageOfPage":{"@id":"https:\/\/www.noticiasradioreflejos.com.ar\/2021\/es-un-esfuerzo-muy-grande-en-todo-sentido-roberto-y-ariel-dube\/#primaryimage"},"image":{"@id":"https:\/\/www.noticiasradioreflejos.com.ar\/2021\/es-un-esfuerzo-muy-grande-en-todo-sentido-roberto-y-ariel-dube\/#primaryimage"},"thumbnailUrl":"http:\/\/farm5.staticflickr.com\/4342\/36584736626_bf1707ea89.jpg","datePublished":"2017-08-17T12:00:40+00:00","author":{"@id":"https:\/\/www.noticiasradioreflejos.com.ar\/2021\/#\/schema\/person\/ad82545263dcc5ec0996818884fd5fb1"},"breadcrumb":{"@id":"https:\/\/www.noticiasradioreflejos.com.ar\/2021\/es-un-esfuerzo-muy-grande-en-todo-sentido-roberto-y-ariel-dube\/#breadcrumb"},"inLanguage":"es","potentialAction":[{"@type":"ReadAction","target":["https:\/\/www.noticiasradioreflejos.com.ar\/2021\/es-un-esfuerzo-muy-grande-en-todo-sentido-roberto-y-ariel-dube\/"]}]},{"@type":"ImageObject","inLanguage":"es","@id":"https:\/\/www.noticiasradioreflejos.com.ar\/2021\/es-un-esfuerzo-muy-grande-en-todo-sentido-roberto-y-ariel-dube\/#primaryimage","url":"http:\/\/farm5.staticflickr.com\/4342\/36584736626_bf1707ea89.jpg","contentUrl":"http:\/\/farm5.staticflickr.com\/4342\/36584736626_bf1707ea89.jpg"},{"@type":"BreadcrumbList","@id":"https:\/\/www.noticiasradioreflejos.com.ar\/2021\/es-un-esfuerzo-muy-grande-en-todo-sentido-roberto-y-ariel-dube\/#breadcrumb","itemListElement":[{"@type":"ListItem","position":1,"name":"Portada","item":"https:\/\/www.noticiasradioreflejos.com.ar\/2021\/"},{"@type":"ListItem","position":2,"name":"&quot;Es un esfuerzo muy grande en todo sentido&quot; Roberto y Ariel Dube"}]},{"@type":"WebSite","@id":"https:\/\/www.noticiasradioreflejos.com.ar\/2021\/#website","url":"https:\/\/www.noticiasradioreflejos.com.ar\/2021\/","name":"Noticias Radio Reflejos","description":"Las noticias de mi comarca","potentialAction":[{"@type":"SearchAction","target":{"@type":"EntryPoint","urlTemplate":"https:\/\/www.noticiasradioreflejos.com.ar\/2021\/?s={search_term_string}"},"query-input":{"@type":"PropertyValueSpecification","valueRequired":true,"valueName":"search_term_string"}}],"inLanguage":"es"},{"@type":"Person","@id":"https:\/\/www.noticiasradioreflejos.com.ar\/2021\/#\/schema\/person\/ad82545263dcc5ec0996818884fd5fb1","name":"Arnaldo Botto","image":{"@type":"ImageObject","inLanguage":"es","@id":"https:\/\/www.noticiasradioreflejos.com.ar\/2021\/#\/schema\/person\/image\/","url":"https:\/\/secure.gravatar.com\/avatar\/55cb5e37c1efa326397366e6974cb338056df65cb50e7d64d1cf314e87504837?s=96&d=mm&r=g","contentUrl":"https:\/\/secure.gravatar.com\/avatar\/55cb5e37c1efa326397366e6974cb338056df65cb50e7d64d1cf314e87504837?s=96&d=mm&r=g","caption":"Arnaldo Botto"},"url":"https:\/\/www.noticiasradioreflejos.com.ar\/2021\/author\/arnaldo\/"}]}},"_links":{"self":[{"href":"https:\/\/www.noticiasradioreflejos.com.ar\/2021\/wp-json\/wp\/v2\/posts\/13511","targetHints":{"allow":["GET"]}}],"collection":[{"href":"https:\/\/www.noticiasradioreflejos.com.ar\/2021\/wp-json\/wp\/v2\/posts"}],"about":[{"href":"https:\/\/www.noticiasradioreflejos.com.ar\/2021\/wp-json\/wp\/v2\/types\/post"}],"author":[{"embeddable":true,"href":"https:\/\/www.noticiasradioreflejos.com.ar\/2021\/wp-json\/wp\/v2\/users\/3"}],"replies":[{"embeddable":true,"href":"https:\/\/www.noticiasradioreflejos.com.ar\/2021\/wp-json\/wp\/v2\/comments?post=13511"}],"version-history":[{"count":0,"href":"https:\/\/www.noticiasradioreflejos.com.ar\/2021\/wp-json\/wp\/v2\/posts\/13511\/revisions"}],"wp:attachment":[{"href":"https:\/\/www.noticiasradioreflejos.com.ar\/2021\/wp-json\/wp\/v2\/media?parent=13511"}],"wp:term":[{"taxonomy":"category","embeddable":true,"href":"https:\/\/www.noticiasradioreflejos.com.ar\/2021\/wp-json\/wp\/v2\/categories?post=13511"},{"taxonomy":"post_tag","embeddable":true,"href":"https:\/\/www.noticiasradioreflejos.com.ar\/2021\/wp-json\/wp\/v2\/tags?post=13511"}],"curies":[{"name":"wp","href":"https:\/\/api.w.org\/{rel}","templated":true}]}}