{"id":134248,"date":"2026-03-17T13:55:11","date_gmt":"2026-03-17T16:55:11","guid":{"rendered":"https:\/\/www.noticiasradioreflejos.com.ar\/2021\/?p=134248"},"modified":"2026-03-18T07:58:36","modified_gmt":"2026-03-18T10:58:36","slug":"convocatoria-a-sesion-ordinaria-en-el-h-c-d-de-tornquist","status":"publish","type":"post","link":"https:\/\/www.noticiasradioreflejos.com.ar\/2021\/convocatoria-a-sesion-ordinaria-en-el-h-c-d-de-tornquist\/","title":{"rendered":"Convocatoria a Sesi\u00f3n Ordinaria en el H.C.D. de Tornquist"},"content":{"rendered":"<p id=\"p-rc_54e89395b172b399-19\" data-path-to-node=\"1\"><span data-path-to-node=\"1,1\"><span class=\"citation-23\">El Honorable Concejo Deliberante de Tornquist invita a la comunidad a participar de la pr\u00f3xima sesi\u00f3n ordinaria que se llevar\u00e1 a cabo el <\/span><b data-path-to-node=\"1,1\" data-index-in-node=\"137\"><span class=\"citation-23\">mi\u00e9rcoles 18 de marzo de 2026<\/span><\/b><span class=\"citation-23\"> a las <\/span><b data-path-to-node=\"1,1\" data-index-in-node=\"173\"><span class=\"citation-23\">19:00 hs<\/span><\/b><\/span><span data-path-to-node=\"1,3\">. <\/span><span data-path-to-node=\"1,5\"><span class=\"citation-22\">Durante el encuentro, presidido por Carmen B. Soverchia y la secretaria Daniela S. Pagalday, se tratar un nutrido Orden del D\u00eda que incluye proyectos de inter\u00e9s comunitario, convenios municipales y solicitudes de diversas instituciones locales<\/span><\/span><span data-path-to-node=\"1,7\">.<\/span><!--more--><\/p>\n<h3 data-path-to-node=\"3\">Temas destacados del Orden del D\u00eda:<\/h3>\n<ul data-path-to-node=\"4\">\n<li>\n<p id=\"p-rc_54e89395b172b399-20\" data-path-to-node=\"4,0,1\"><span data-path-to-node=\"4,0,1,0\"><b data-path-to-node=\"4,0,1,0\" data-index-in-node=\"0\"><span class=\"citation-21\">Gesti\u00f3n Municipal:<\/span><\/b><span class=\"citation-21\"> Se tratar la autorizaci\u00f3n de un contrato de locaci\u00f3n y la definici\u00f3n de valores para el uso de espacio en la <\/span><b data-path-to-node=\"4,0,1,0\" data-index-in-node=\"128\"><span class=\"citation-21\">Fiesta Provincial de la Vendimia 2026<\/span><\/b><\/span><span data-path-to-node=\"4,0,1,2\">.<\/span><\/p>\n<\/li>\n<li>\n<p id=\"p-rc_54e89395b172b399-21\" data-path-to-node=\"4,1,1\"><span data-path-to-node=\"4,1,1,0\"><b data-path-to-node=\"4,1,1,0\" data-index-in-node=\"0\"><span class=\"citation-20\">Seguridad Vial:<\/span><\/b><span class=\"citation-20\"> El bloque U.C.R. solicita a Vialidad Nacional la instalaci\u00f3n de una garita en la intersecci\u00f3n de la <\/span><b data-path-to-node=\"4,1,1,0\" data-index-in-node=\"116\"><span class=\"citation-20\">Ruta Nacional 33 y la Ruta Provincial 76<\/span><\/b><\/span><span data-path-to-node=\"4,1,1,2\">.<\/span><\/p>\n<\/li>\n<li>\n<p id=\"p-rc_54e89395b172b399-22\" data-path-to-node=\"4,2,1\"><span data-path-to-node=\"4,2,1,0\"><b data-path-to-node=\"4,2,1,0\" data-index-in-node=\"0\"><span class=\"citation-19\">Medio Ambiente y Producci\u00f3n:<\/span><\/b><span class=\"citation-19\"> Se analizar\u00e1n propuestas sobre el <\/span><b data-path-to-node=\"4,2,1,0\" data-index-in-node=\"63\"><span class=\"citation-19\">Parque Ap\u00edcola Municipal<\/span><\/b><span class=\"citation-19\"> y la gesti\u00f3n de residuos de poda en Villa Ventana<\/span><\/span><span data-path-to-node=\"4,2,1,2\">.<\/span><\/p>\n<\/li>\n<li>\n<p id=\"p-rc_54e89395b172b399-23\" data-path-to-node=\"4,3,1\"><span data-path-to-node=\"4,3,1,0\"><b data-path-to-node=\"4,3,1,0\" data-index-in-node=\"0\"><span class=\"citation-18\">Cultura y Derechos Humanos:<\/span><\/b><span class=\"citation-18\"> Ingresar\u00e1n solicitudes para declarar de inter\u00e9s municipal el proyecto <\/span><b data-path-to-node=\"4,3,1,0\" data-index-in-node=\"98\"><span class=\"citation-18\">\u00abEl camino de los Artesanos\u00bb<\/span><\/b><span class=\"citation-18\"> en Saldungaray y el <\/span><b data-path-to-node=\"4,3,1,0\" data-index-in-node=\"147\"><span class=\"citation-18\">\u00abCicloturismo Chasic\u00f3\u00bb<\/span><\/b><span class=\"citation-18\">, adem\u00e1s de una iniciativa por los 50 a\u00f1os del Golpe de Estado<\/span><\/span><span data-path-to-node=\"4,3,1,2\">.<\/span><\/p>\n<p><iframe loading=\"lazy\" class=\"scribd_iframe_embed\" tabindex=\"0\" title=\"Convocatoria a Sesi\u00f3n Ordinaria en el H.C.D. de Tornquist-18-03-26\" src=\"https:\/\/www.scribd.com\/embeds\/1013918458\/content?start_page=1&amp;view_mode=scroll&amp;access_key=key-HL81V0JUHIJFSaA4dLys\" width=\"100%\" height=\"600\" frameborder=\"0\" scrolling=\"no\" data-auto-height=\"true\" data-aspect-ratio=\"0.6069986541049798\"><\/iframe><\/p>\n<p style=\"margin: 12px auto 6px auto; font-family: Helvetica,Arial,Sans-serif; font-size: 14px; line-height: normal; display: block;\"><a style=\"color: #098642; text-decoration: underline;\" title=\"View Convocatoria a Sesi\u00f3n Ordinaria en el H.C.D. de Tornquist-18-03-26 on Scribd\" href=\"https:\/\/www.scribd.com\/document\/1013918458\/Convocatoria-a-Sesion-Ordinaria-en-el-H-C-D-de-Tornquist-18-03-26#from_embed\"> Convocatoria a Sesi\u00f3n Ordinaria en el H.C.D. de Tornquist-18-03-26 <\/a> by <a style=\"color: #098642; text-decoration: underline;\" title=\"View FM Reflejos Sierra de la Ventana's profile on Scribd\" href=\"https:\/\/www.scribd.com\/user\/128459674\/FM-Reflejos-Sierra-de-la-Ventana#from_embed\"> FM Reflejos Sierra de la Ventana <\/a><\/p>\n<\/li>\n<\/ul>\n","protected":false},"excerpt":{"rendered":"<p>El Honorable Concejo Deliberante de Tornquist invita a la comunidad a participar de la pr\u00f3xima sesi\u00f3n ordinaria que se llevar\u00e1 a cabo el mi\u00e9rcoles 18 de marzo de 2026 a las 19:00 hs. Durante el encuentro, presidido por Carmen B. Soverchia y la secretaria Daniela S. Pagalday, se tratar un nutrido Orden del D\u00eda que [&hellip;]<\/p>\n","protected":false},"author":3,"featured_media":133388,"comment_status":"closed","ping_status":"closed","sticky":false,"template":"","format":"standard","meta":{"footnotes":""},"categories":[59],"tags":[48],"class_list":["post-134248","post","type-post","status-publish","format-standard","has-post-thumbnail","hentry","category-concejo-deliberante","tag-destacada"],"yoast_head":"<!-- This site is optimized with the Yoast SEO plugin v25.9 - https:\/\/yoast.com\/wordpress\/plugins\/seo\/ -->\n<title>Convocatoria a Sesi\u00f3n Ordinaria en el H.C.D. de Tornquist - Noticias Radio Reflejos<\/title>\n<meta name=\"robots\" content=\"index, follow, max-snippet:-1, max-image-preview:large, max-video-preview:-1\" \/>\n<link rel=\"canonical\" href=\"https:\/\/www.noticiasradioreflejos.com.ar\/2021\/convocatoria-a-sesion-ordinaria-en-el-h-c-d-de-tornquist\/\" \/>\n<meta property=\"og:locale\" content=\"es_ES\" \/>\n<meta property=\"og:type\" content=\"article\" \/>\n<meta property=\"og:title\" content=\"Convocatoria a Sesi\u00f3n Ordinaria en el H.C.D. de Tornquist - Noticias Radio Reflejos\" \/>\n<meta property=\"og:description\" content=\"El Honorable Concejo Deliberante de Tornquist invita a la comunidad a participar de la pr\u00f3xima sesi\u00f3n ordinaria que se llevar\u00e1 a cabo el mi\u00e9rcoles 18 de marzo de 2026 a las 19:00 hs. Durante el encuentro, presidido por Carmen B. Soverchia y la secretaria Daniela S. Pagalday, se tratar un nutrido Orden del D\u00eda que [&hellip;]\" \/>\n<meta property=\"og:url\" content=\"https:\/\/www.noticiasradioreflejos.com.ar\/2021\/convocatoria-a-sesion-ordinaria-en-el-h-c-d-de-tornquist\/\" \/>\n<meta property=\"og:site_name\" content=\"Noticias Radio Reflejos\" \/>\n<meta property=\"article:published_time\" content=\"2026-03-17T16:55:11+00:00\" \/>\n<meta property=\"article:modified_time\" content=\"2026-03-18T10:58:36+00:00\" \/>\n<meta property=\"og:image\" content=\"https:\/\/www.noticiasradioreflejos.com.ar\/2021\/wp-content\/uploads\/2026\/03\/hcd.jpg\" \/>\n\t<meta property=\"og:image:width\" content=\"1017\" \/>\n\t<meta property=\"og:image:height\" content=\"712\" \/>\n\t<meta property=\"og:image:type\" content=\"image\/jpeg\" \/>\n<meta name=\"author\" content=\"Arnaldo Botto\" \/>\n<meta name=\"twitter:card\" content=\"summary_large_image\" \/>\n<script type=\"application\/ld+json\" class=\"yoast-schema-graph\">{\"@context\":\"https:\/\/schema.org\",\"@graph\":[{\"@type\":\"WebPage\",\"@id\":\"https:\/\/www.noticiasradioreflejos.com.ar\/2021\/convocatoria-a-sesion-ordinaria-en-el-h-c-d-de-tornquist\/\",\"url\":\"https:\/\/www.noticiasradioreflejos.com.ar\/2021\/convocatoria-a-sesion-ordinaria-en-el-h-c-d-de-tornquist\/\",\"name\":\"Convocatoria a Sesi\u00f3n Ordinaria en el H.C.D. de Tornquist - Noticias Radio Reflejos\",\"isPartOf\":{\"@id\":\"https:\/\/www.noticiasradioreflejos.com.ar\/2021\/#website\"},\"primaryImageOfPage\":{\"@id\":\"https:\/\/www.noticiasradioreflejos.com.ar\/2021\/convocatoria-a-sesion-ordinaria-en-el-h-c-d-de-tornquist\/#primaryimage\"},\"image\":{\"@id\":\"https:\/\/www.noticiasradioreflejos.com.ar\/2021\/convocatoria-a-sesion-ordinaria-en-el-h-c-d-de-tornquist\/#primaryimage\"},\"thumbnailUrl\":\"https:\/\/www.noticiasradioreflejos.com.ar\/2021\/wp-content\/uploads\/2026\/03\/hcd.jpg\",\"datePublished\":\"2026-03-17T16:55:11+00:00\",\"dateModified\":\"2026-03-18T10:58:36+00:00\",\"author\":{\"@id\":\"https:\/\/www.noticiasradioreflejos.com.ar\/2021\/#\/schema\/person\/ad82545263dcc5ec0996818884fd5fb1\"},\"breadcrumb\":{\"@id\":\"https:\/\/www.noticiasradioreflejos.com.ar\/2021\/convocatoria-a-sesion-ordinaria-en-el-h-c-d-de-tornquist\/#breadcrumb\"},\"inLanguage\":\"es\",\"potentialAction\":[{\"@type\":\"ReadAction\",\"target\":[\"https:\/\/www.noticiasradioreflejos.com.ar\/2021\/convocatoria-a-sesion-ordinaria-en-el-h-c-d-de-tornquist\/\"]}]},{\"@type\":\"ImageObject\",\"inLanguage\":\"es\",\"@id\":\"https:\/\/www.noticiasradioreflejos.com.ar\/2021\/convocatoria-a-sesion-ordinaria-en-el-h-c-d-de-tornquist\/#primaryimage\",\"url\":\"https:\/\/www.noticiasradioreflejos.com.ar\/2021\/wp-content\/uploads\/2026\/03\/hcd.jpg\",\"contentUrl\":\"https:\/\/www.noticiasradioreflejos.com.ar\/2021\/wp-content\/uploads\/2026\/03\/hcd.jpg\",\"width\":1017,\"height\":712},{\"@type\":\"BreadcrumbList\",\"@id\":\"https:\/\/www.noticiasradioreflejos.com.ar\/2021\/convocatoria-a-sesion-ordinaria-en-el-h-c-d-de-tornquist\/#breadcrumb\",\"itemListElement\":[{\"@type\":\"ListItem\",\"position\":1,\"name\":\"Portada\",\"item\":\"https:\/\/www.noticiasradioreflejos.com.ar\/2021\/\"},{\"@type\":\"ListItem\",\"position\":2,\"name\":\"Convocatoria a Sesi\u00f3n Ordinaria en el H.C.D. de Tornquist\"}]},{\"@type\":\"WebSite\",\"@id\":\"https:\/\/www.noticiasradioreflejos.com.ar\/2021\/#website\",\"url\":\"https:\/\/www.noticiasradioreflejos.com.ar\/2021\/\",\"name\":\"Noticias Radio Reflejos\",\"description\":\"Las noticias de mi comarca\",\"potentialAction\":[{\"@type\":\"SearchAction\",\"target\":{\"@type\":\"EntryPoint\",\"urlTemplate\":\"https:\/\/www.noticiasradioreflejos.com.ar\/2021\/?s={search_term_string}\"},\"query-input\":{\"@type\":\"PropertyValueSpecification\",\"valueRequired\":true,\"valueName\":\"search_term_string\"}}],\"inLanguage\":\"es\"},{\"@type\":\"Person\",\"@id\":\"https:\/\/www.noticiasradioreflejos.com.ar\/2021\/#\/schema\/person\/ad82545263dcc5ec0996818884fd5fb1\",\"name\":\"Arnaldo Botto\",\"image\":{\"@type\":\"ImageObject\",\"inLanguage\":\"es\",\"@id\":\"https:\/\/www.noticiasradioreflejos.com.ar\/2021\/#\/schema\/person\/image\/\",\"url\":\"https:\/\/secure.gravatar.com\/avatar\/55cb5e37c1efa326397366e6974cb338056df65cb50e7d64d1cf314e87504837?s=96&d=mm&r=g\",\"contentUrl\":\"https:\/\/secure.gravatar.com\/avatar\/55cb5e37c1efa326397366e6974cb338056df65cb50e7d64d1cf314e87504837?s=96&d=mm&r=g\",\"caption\":\"Arnaldo Botto\"},\"url\":\"https:\/\/www.noticiasradioreflejos.com.ar\/2021\/author\/arnaldo\/\"}]}<\/script>\n<!-- \/ Yoast SEO plugin. -->","yoast_head_json":{"title":"Convocatoria a Sesi\u00f3n Ordinaria en el H.C.D. de Tornquist - Noticias Radio Reflejos","robots":{"index":"index","follow":"follow","max-snippet":"max-snippet:-1","max-image-preview":"max-image-preview:large","max-video-preview":"max-video-preview:-1"},"canonical":"https:\/\/www.noticiasradioreflejos.com.ar\/2021\/convocatoria-a-sesion-ordinaria-en-el-h-c-d-de-tornquist\/","og_locale":"es_ES","og_type":"article","og_title":"Convocatoria a Sesi\u00f3n Ordinaria en el H.C.D. de Tornquist - Noticias Radio Reflejos","og_description":"El Honorable Concejo Deliberante de Tornquist invita a la comunidad a participar de la pr\u00f3xima sesi\u00f3n ordinaria que se llevar\u00e1 a cabo el mi\u00e9rcoles 18 de marzo de 2026 a las 19:00 hs. Durante el encuentro, presidido por Carmen B. Soverchia y la secretaria Daniela S. Pagalday, se tratar un nutrido Orden del D\u00eda que [&hellip;]","og_url":"https:\/\/www.noticiasradioreflejos.com.ar\/2021\/convocatoria-a-sesion-ordinaria-en-el-h-c-d-de-tornquist\/","og_site_name":"Noticias Radio Reflejos","article_published_time":"2026-03-17T16:55:11+00:00","article_modified_time":"2026-03-18T10:58:36+00:00","og_image":[{"width":1017,"height":712,"url":"https:\/\/www.noticiasradioreflejos.com.ar\/2021\/wp-content\/uploads\/2026\/03\/hcd.jpg","type":"image\/jpeg"}],"author":"Arnaldo Botto","twitter_card":"summary_large_image","schema":{"@context":"https:\/\/schema.org","@graph":[{"@type":"WebPage","@id":"https:\/\/www.noticiasradioreflejos.com.ar\/2021\/convocatoria-a-sesion-ordinaria-en-el-h-c-d-de-tornquist\/","url":"https:\/\/www.noticiasradioreflejos.com.ar\/2021\/convocatoria-a-sesion-ordinaria-en-el-h-c-d-de-tornquist\/","name":"Convocatoria a Sesi\u00f3n Ordinaria en el H.C.D. de Tornquist - Noticias Radio Reflejos","isPartOf":{"@id":"https:\/\/www.noticiasradioreflejos.com.ar\/2021\/#website"},"primaryImageOfPage":{"@id":"https:\/\/www.noticiasradioreflejos.com.ar\/2021\/convocatoria-a-sesion-ordinaria-en-el-h-c-d-de-tornquist\/#primaryimage"},"image":{"@id":"https:\/\/www.noticiasradioreflejos.com.ar\/2021\/convocatoria-a-sesion-ordinaria-en-el-h-c-d-de-tornquist\/#primaryimage"},"thumbnailUrl":"https:\/\/www.noticiasradioreflejos.com.ar\/2021\/wp-content\/uploads\/2026\/03\/hcd.jpg","datePublished":"2026-03-17T16:55:11+00:00","dateModified":"2026-03-18T10:58:36+00:00","author":{"@id":"https:\/\/www.noticiasradioreflejos.com.ar\/2021\/#\/schema\/person\/ad82545263dcc5ec0996818884fd5fb1"},"breadcrumb":{"@id":"https:\/\/www.noticiasradioreflejos.com.ar\/2021\/convocatoria-a-sesion-ordinaria-en-el-h-c-d-de-tornquist\/#breadcrumb"},"inLanguage":"es","potentialAction":[{"@type":"ReadAction","target":["https:\/\/www.noticiasradioreflejos.com.ar\/2021\/convocatoria-a-sesion-ordinaria-en-el-h-c-d-de-tornquist\/"]}]},{"@type":"ImageObject","inLanguage":"es","@id":"https:\/\/www.noticiasradioreflejos.com.ar\/2021\/convocatoria-a-sesion-ordinaria-en-el-h-c-d-de-tornquist\/#primaryimage","url":"https:\/\/www.noticiasradioreflejos.com.ar\/2021\/wp-content\/uploads\/2026\/03\/hcd.jpg","contentUrl":"https:\/\/www.noticiasradioreflejos.com.ar\/2021\/wp-content\/uploads\/2026\/03\/hcd.jpg","width":1017,"height":712},{"@type":"BreadcrumbList","@id":"https:\/\/www.noticiasradioreflejos.com.ar\/2021\/convocatoria-a-sesion-ordinaria-en-el-h-c-d-de-tornquist\/#breadcrumb","itemListElement":[{"@type":"ListItem","position":1,"name":"Portada","item":"https:\/\/www.noticiasradioreflejos.com.ar\/2021\/"},{"@type":"ListItem","position":2,"name":"Convocatoria a Sesi\u00f3n Ordinaria en el H.C.D. de Tornquist"}]},{"@type":"WebSite","@id":"https:\/\/www.noticiasradioreflejos.com.ar\/2021\/#website","url":"https:\/\/www.noticiasradioreflejos.com.ar\/2021\/","name":"Noticias Radio Reflejos","description":"Las noticias de mi comarca","potentialAction":[{"@type":"SearchAction","target":{"@type":"EntryPoint","urlTemplate":"https:\/\/www.noticiasradioreflejos.com.ar\/2021\/?s={search_term_string}"},"query-input":{"@type":"PropertyValueSpecification","valueRequired":true,"valueName":"search_term_string"}}],"inLanguage":"es"},{"@type":"Person","@id":"https:\/\/www.noticiasradioreflejos.com.ar\/2021\/#\/schema\/person\/ad82545263dcc5ec0996818884fd5fb1","name":"Arnaldo Botto","image":{"@type":"ImageObject","inLanguage":"es","@id":"https:\/\/www.noticiasradioreflejos.com.ar\/2021\/#\/schema\/person\/image\/","url":"https:\/\/secure.gravatar.com\/avatar\/55cb5e37c1efa326397366e6974cb338056df65cb50e7d64d1cf314e87504837?s=96&d=mm&r=g","contentUrl":"https:\/\/secure.gravatar.com\/avatar\/55cb5e37c1efa326397366e6974cb338056df65cb50e7d64d1cf314e87504837?s=96&d=mm&r=g","caption":"Arnaldo Botto"},"url":"https:\/\/www.noticiasradioreflejos.com.ar\/2021\/author\/arnaldo\/"}]}},"_links":{"self":[{"href":"https:\/\/www.noticiasradioreflejos.com.ar\/2021\/wp-json\/wp\/v2\/posts\/134248","targetHints":{"allow":["GET"]}}],"collection":[{"href":"https:\/\/www.noticiasradioreflejos.com.ar\/2021\/wp-json\/wp\/v2\/posts"}],"about":[{"href":"https:\/\/www.noticiasradioreflejos.com.ar\/2021\/wp-json\/wp\/v2\/types\/post"}],"author":[{"embeddable":true,"href":"https:\/\/www.noticiasradioreflejos.com.ar\/2021\/wp-json\/wp\/v2\/users\/3"}],"replies":[{"embeddable":true,"href":"https:\/\/www.noticiasradioreflejos.com.ar\/2021\/wp-json\/wp\/v2\/comments?post=134248"}],"version-history":[{"count":2,"href":"https:\/\/www.noticiasradioreflejos.com.ar\/2021\/wp-json\/wp\/v2\/posts\/134248\/revisions"}],"predecessor-version":[{"id":134277,"href":"https:\/\/www.noticiasradioreflejos.com.ar\/2021\/wp-json\/wp\/v2\/posts\/134248\/revisions\/134277"}],"wp:featuredmedia":[{"embeddable":true,"href":"https:\/\/www.noticiasradioreflejos.com.ar\/2021\/wp-json\/wp\/v2\/media\/133388"}],"wp:attachment":[{"href":"https:\/\/www.noticiasradioreflejos.com.ar\/2021\/wp-json\/wp\/v2\/media?parent=134248"}],"wp:term":[{"taxonomy":"category","embeddable":true,"href":"https:\/\/www.noticiasradioreflejos.com.ar\/2021\/wp-json\/wp\/v2\/categories?post=134248"},{"taxonomy":"post_tag","embeddable":true,"href":"https:\/\/www.noticiasradioreflejos.com.ar\/2021\/wp-json\/wp\/v2\/tags?post=134248"}],"curies":[{"name":"wp","href":"https:\/\/api.w.org\/{rel}","templated":true}]}}