{"id":134209,"date":"2026-03-17T08:21:38","date_gmt":"2026-03-17T11:21:38","guid":{"rendered":"https:\/\/www.noticiasradioreflejos.com.ar\/2021\/?p=134209"},"modified":"2026-03-18T07:19:21","modified_gmt":"2026-03-18T10:19:21","slug":"precaucion-por-barro-en-la-ruta-72-bomberos-de-saldungaray-advierten-sobre-el-tramo-a-fra-pal","status":"publish","type":"post","link":"https:\/\/www.noticiasradioreflejos.com.ar\/2021\/precaucion-por-barro-en-la-ruta-72-bomberos-de-saldungaray-advierten-sobre-el-tramo-a-fra-pal\/","title":{"rendered":"Precauci\u00f3n por barro en la ruta 72: Bomberos de Saldungaray advierten sobre el tramo a Fra-Pal"},"content":{"rendered":"<p>El cuerpo de bomberos voluntarios de la localidad solicita extrema atenci\u00f3n a los conductores en la zona del establecimiento \u00abLas Quebradas\u00bb, donde las lluvias torrenciales afectaron la calzada.<\/p>\n<p data-path-to-node=\"6\"><!--more-->Tras las intensas precipitaciones que superaron los 50 mm en las \u00faltimas horas, la transitabilidad en los accesos a la Comarca Serrana se ha visto comprometida. <b data-path-to-node=\"6\" data-index-in-node=\"161\">Bomberos Voluntarios de Saldungaray<\/b> emitieron una recomendaci\u00f3n oficial para quienes circulen por la <b data-path-to-node=\"6\" data-index-in-node=\"262\">Ruta Provincial 72<\/b>, espec\u00edficamente en el tramo que une el paraje Fra-Pal con Saldungaray.<\/p>\n<p data-path-to-node=\"7\">El foco de mayor peligro se encuentra a la altura del <b data-path-to-node=\"7\" data-index-in-node=\"54\">establecimiento \u00abLas Quebradas\u00bb<\/b>, donde se ha registrado una importante acumulaci\u00f3n de barro sobre la cinta asf\u00e1ltica. Esta condici\u00f3n, sumada a la humedad residual, aumenta dr\u00e1sticamente el riesgo de despistes, por lo que se solicita circular a baja velocidad y mantener las luces encendidas en todo momento.<\/p>\n<p data-path-to-node=\"8\"><b data-path-to-node=\"8\" data-index-in-node=\"0\">Estado de situaci\u00f3n y clima<\/b> La presencia de sedimentos en la ruta es consecuencia directa del frente de tormenta que descarg\u00f3 de forma torrencial durante la madrugada. Aunque el cielo comienza a despejar y los vientos rotan al sudoeste (SO), las banquinas y sectores bajos permanecen inestables. Se recomienda evitar maniobras bruscas en este sector hasta que las cuadrillas o el drenaje natural permitan una limpieza total de la v\u00eda.<\/p>\n<p data-path-to-node=\"8\"><a href=\"https:\/\/www.noticiasradioreflejos.com.ar\/2021\/precaucion-por-barro-en-la-ruta-72-bomberos-de-saldungaray-advierten-sobre-el-tramo-a-fra-pal\/whatsapp-image-2026-03-17-at-09-40-17\/\" rel=\"attachment wp-att-134227\"><img loading=\"lazy\" decoding=\"async\" class=\"aligncenter size-full wp-image-134227\" src=\"https:\/\/www.noticiasradioreflejos.com.ar\/2021\/wp-content\/uploads\/2026\/03\/WhatsApp-Image-2026-03-17-at-09.40.17.jpeg\" alt=\"\" width=\"1536\" height=\"864\" srcset=\"https:\/\/www.noticiasradioreflejos.com.ar\/2021\/wp-content\/uploads\/2026\/03\/WhatsApp-Image-2026-03-17-at-09.40.17.jpeg 1536w, https:\/\/www.noticiasradioreflejos.com.ar\/2021\/wp-content\/uploads\/2026\/03\/WhatsApp-Image-2026-03-17-at-09.40.17-300x169.jpeg 300w, https:\/\/www.noticiasradioreflejos.com.ar\/2021\/wp-content\/uploads\/2026\/03\/WhatsApp-Image-2026-03-17-at-09.40.17-1024x576.jpeg 1024w, https:\/\/www.noticiasradioreflejos.com.ar\/2021\/wp-content\/uploads\/2026\/03\/WhatsApp-Image-2026-03-17-at-09.40.17-768x432.jpeg 768w, https:\/\/www.noticiasradioreflejos.com.ar\/2021\/wp-content\/uploads\/2026\/03\/WhatsApp-Image-2026-03-17-at-09.40.17-750x422.jpeg 750w, https:\/\/www.noticiasradioreflejos.com.ar\/2021\/wp-content\/uploads\/2026\/03\/WhatsApp-Image-2026-03-17-at-09.40.17-1140x641.jpeg 1140w\" sizes=\"auto, (max-width: 1536px) 100vw, 1536px\" \/><\/a><\/p>\n<p data-path-to-node=\"8\">\n","protected":false},"excerpt":{"rendered":"<p>El cuerpo de bomberos voluntarios de la localidad solicita extrema atenci\u00f3n a los conductores en la zona del establecimiento \u00abLas Quebradas\u00bb, donde las lluvias torrenciales afectaron la calzada.<\/p>\n","protected":false},"author":3,"featured_media":134226,"comment_status":"closed","ping_status":"closed","sticky":false,"template":"","format":"standard","meta":{"footnotes":""},"categories":[29],"tags":[],"class_list":["post-134209","post","type-post","status-publish","format-standard","has-post-thumbnail","hentry","category-policiales"],"yoast_head":"<!-- This site is optimized with the Yoast SEO plugin v25.9 - https:\/\/yoast.com\/wordpress\/plugins\/seo\/ -->\n<title>Precauci\u00f3n por barro en la ruta 72: Bomberos de Saldungaray advierten sobre el tramo a Fra-Pal - Noticias Radio Reflejos<\/title>\n<meta name=\"robots\" content=\"index, follow, max-snippet:-1, max-image-preview:large, max-video-preview:-1\" \/>\n<link rel=\"canonical\" href=\"https:\/\/www.noticiasradioreflejos.com.ar\/2021\/precaucion-por-barro-en-la-ruta-72-bomberos-de-saldungaray-advierten-sobre-el-tramo-a-fra-pal\/\" \/>\n<meta property=\"og:locale\" content=\"es_ES\" \/>\n<meta property=\"og:type\" content=\"article\" \/>\n<meta property=\"og:title\" content=\"Precauci\u00f3n por barro en la ruta 72: Bomberos de Saldungaray advierten sobre el tramo a Fra-Pal - Noticias Radio Reflejos\" \/>\n<meta property=\"og:description\" content=\"El cuerpo de bomberos voluntarios de la localidad solicita extrema atenci\u00f3n a los conductores en la zona del establecimiento \u00abLas Quebradas\u00bb, donde las lluvias torrenciales afectaron la calzada.\" \/>\n<meta property=\"og:url\" content=\"https:\/\/www.noticiasradioreflejos.com.ar\/2021\/precaucion-por-barro-en-la-ruta-72-bomberos-de-saldungaray-advierten-sobre-el-tramo-a-fra-pal\/\" \/>\n<meta property=\"og:site_name\" content=\"Noticias Radio Reflejos\" \/>\n<meta property=\"article:published_time\" content=\"2026-03-17T11:21:38+00:00\" \/>\n<meta property=\"article:modified_time\" content=\"2026-03-18T10:19:21+00:00\" \/>\n<meta property=\"og:image\" content=\"https:\/\/www.noticiasradioreflejos.com.ar\/2021\/wp-content\/uploads\/2026\/03\/las-quebradas.jpg\" \/>\n\t<meta property=\"og:image:width\" content=\"864\" \/>\n\t<meta property=\"og:image:height\" content=\"632\" \/>\n\t<meta property=\"og:image:type\" content=\"image\/jpeg\" \/>\n<meta name=\"author\" content=\"Arnaldo Botto\" \/>\n<meta name=\"twitter:card\" content=\"summary_large_image\" \/>\n<script type=\"application\/ld+json\" class=\"yoast-schema-graph\">{\"@context\":\"https:\/\/schema.org\",\"@graph\":[{\"@type\":\"WebPage\",\"@id\":\"https:\/\/www.noticiasradioreflejos.com.ar\/2021\/precaucion-por-barro-en-la-ruta-72-bomberos-de-saldungaray-advierten-sobre-el-tramo-a-fra-pal\/\",\"url\":\"https:\/\/www.noticiasradioreflejos.com.ar\/2021\/precaucion-por-barro-en-la-ruta-72-bomberos-de-saldungaray-advierten-sobre-el-tramo-a-fra-pal\/\",\"name\":\"Precauci\u00f3n por barro en la ruta 72: Bomberos de Saldungaray advierten sobre el tramo a Fra-Pal - Noticias Radio Reflejos\",\"isPartOf\":{\"@id\":\"https:\/\/www.noticiasradioreflejos.com.ar\/2021\/#website\"},\"primaryImageOfPage\":{\"@id\":\"https:\/\/www.noticiasradioreflejos.com.ar\/2021\/precaucion-por-barro-en-la-ruta-72-bomberos-de-saldungaray-advierten-sobre-el-tramo-a-fra-pal\/#primaryimage\"},\"image\":{\"@id\":\"https:\/\/www.noticiasradioreflejos.com.ar\/2021\/precaucion-por-barro-en-la-ruta-72-bomberos-de-saldungaray-advierten-sobre-el-tramo-a-fra-pal\/#primaryimage\"},\"thumbnailUrl\":\"https:\/\/www.noticiasradioreflejos.com.ar\/2021\/wp-content\/uploads\/2026\/03\/las-quebradas.jpg\",\"datePublished\":\"2026-03-17T11:21:38+00:00\",\"dateModified\":\"2026-03-18T10:19:21+00:00\",\"author\":{\"@id\":\"https:\/\/www.noticiasradioreflejos.com.ar\/2021\/#\/schema\/person\/ad82545263dcc5ec0996818884fd5fb1\"},\"breadcrumb\":{\"@id\":\"https:\/\/www.noticiasradioreflejos.com.ar\/2021\/precaucion-por-barro-en-la-ruta-72-bomberos-de-saldungaray-advierten-sobre-el-tramo-a-fra-pal\/#breadcrumb\"},\"inLanguage\":\"es\",\"potentialAction\":[{\"@type\":\"ReadAction\",\"target\":[\"https:\/\/www.noticiasradioreflejos.com.ar\/2021\/precaucion-por-barro-en-la-ruta-72-bomberos-de-saldungaray-advierten-sobre-el-tramo-a-fra-pal\/\"]}]},{\"@type\":\"ImageObject\",\"inLanguage\":\"es\",\"@id\":\"https:\/\/www.noticiasradioreflejos.com.ar\/2021\/precaucion-por-barro-en-la-ruta-72-bomberos-de-saldungaray-advierten-sobre-el-tramo-a-fra-pal\/#primaryimage\",\"url\":\"https:\/\/www.noticiasradioreflejos.com.ar\/2021\/wp-content\/uploads\/2026\/03\/las-quebradas.jpg\",\"contentUrl\":\"https:\/\/www.noticiasradioreflejos.com.ar\/2021\/wp-content\/uploads\/2026\/03\/las-quebradas.jpg\",\"width\":864,\"height\":632},{\"@type\":\"BreadcrumbList\",\"@id\":\"https:\/\/www.noticiasradioreflejos.com.ar\/2021\/precaucion-por-barro-en-la-ruta-72-bomberos-de-saldungaray-advierten-sobre-el-tramo-a-fra-pal\/#breadcrumb\",\"itemListElement\":[{\"@type\":\"ListItem\",\"position\":1,\"name\":\"Portada\",\"item\":\"https:\/\/www.noticiasradioreflejos.com.ar\/2021\/\"},{\"@type\":\"ListItem\",\"position\":2,\"name\":\"Precauci\u00f3n por barro en la ruta 72: Bomberos de Saldungaray advierten sobre el tramo a Fra-Pal\"}]},{\"@type\":\"WebSite\",\"@id\":\"https:\/\/www.noticiasradioreflejos.com.ar\/2021\/#website\",\"url\":\"https:\/\/www.noticiasradioreflejos.com.ar\/2021\/\",\"name\":\"Noticias Radio Reflejos\",\"description\":\"Las noticias de mi comarca\",\"potentialAction\":[{\"@type\":\"SearchAction\",\"target\":{\"@type\":\"EntryPoint\",\"urlTemplate\":\"https:\/\/www.noticiasradioreflejos.com.ar\/2021\/?s={search_term_string}\"},\"query-input\":{\"@type\":\"PropertyValueSpecification\",\"valueRequired\":true,\"valueName\":\"search_term_string\"}}],\"inLanguage\":\"es\"},{\"@type\":\"Person\",\"@id\":\"https:\/\/www.noticiasradioreflejos.com.ar\/2021\/#\/schema\/person\/ad82545263dcc5ec0996818884fd5fb1\",\"name\":\"Arnaldo Botto\",\"image\":{\"@type\":\"ImageObject\",\"inLanguage\":\"es\",\"@id\":\"https:\/\/www.noticiasradioreflejos.com.ar\/2021\/#\/schema\/person\/image\/\",\"url\":\"https:\/\/secure.gravatar.com\/avatar\/55cb5e37c1efa326397366e6974cb338056df65cb50e7d64d1cf314e87504837?s=96&d=mm&r=g\",\"contentUrl\":\"https:\/\/secure.gravatar.com\/avatar\/55cb5e37c1efa326397366e6974cb338056df65cb50e7d64d1cf314e87504837?s=96&d=mm&r=g\",\"caption\":\"Arnaldo Botto\"},\"url\":\"https:\/\/www.noticiasradioreflejos.com.ar\/2021\/author\/arnaldo\/\"}]}<\/script>\n<!-- \/ Yoast SEO plugin. -->","yoast_head_json":{"title":"Precauci\u00f3n por barro en la ruta 72: Bomberos de Saldungaray advierten sobre el tramo a Fra-Pal - Noticias Radio Reflejos","robots":{"index":"index","follow":"follow","max-snippet":"max-snippet:-1","max-image-preview":"max-image-preview:large","max-video-preview":"max-video-preview:-1"},"canonical":"https:\/\/www.noticiasradioreflejos.com.ar\/2021\/precaucion-por-barro-en-la-ruta-72-bomberos-de-saldungaray-advierten-sobre-el-tramo-a-fra-pal\/","og_locale":"es_ES","og_type":"article","og_title":"Precauci\u00f3n por barro en la ruta 72: Bomberos de Saldungaray advierten sobre el tramo a Fra-Pal - Noticias Radio Reflejos","og_description":"El cuerpo de bomberos voluntarios de la localidad solicita extrema atenci\u00f3n a los conductores en la zona del establecimiento \u00abLas Quebradas\u00bb, donde las lluvias torrenciales afectaron la calzada.","og_url":"https:\/\/www.noticiasradioreflejos.com.ar\/2021\/precaucion-por-barro-en-la-ruta-72-bomberos-de-saldungaray-advierten-sobre-el-tramo-a-fra-pal\/","og_site_name":"Noticias Radio Reflejos","article_published_time":"2026-03-17T11:21:38+00:00","article_modified_time":"2026-03-18T10:19:21+00:00","og_image":[{"width":864,"height":632,"url":"https:\/\/www.noticiasradioreflejos.com.ar\/2021\/wp-content\/uploads\/2026\/03\/las-quebradas.jpg","type":"image\/jpeg"}],"author":"Arnaldo Botto","twitter_card":"summary_large_image","schema":{"@context":"https:\/\/schema.org","@graph":[{"@type":"WebPage","@id":"https:\/\/www.noticiasradioreflejos.com.ar\/2021\/precaucion-por-barro-en-la-ruta-72-bomberos-de-saldungaray-advierten-sobre-el-tramo-a-fra-pal\/","url":"https:\/\/www.noticiasradioreflejos.com.ar\/2021\/precaucion-por-barro-en-la-ruta-72-bomberos-de-saldungaray-advierten-sobre-el-tramo-a-fra-pal\/","name":"Precauci\u00f3n por barro en la ruta 72: Bomberos de Saldungaray advierten sobre el tramo a Fra-Pal - Noticias Radio Reflejos","isPartOf":{"@id":"https:\/\/www.noticiasradioreflejos.com.ar\/2021\/#website"},"primaryImageOfPage":{"@id":"https:\/\/www.noticiasradioreflejos.com.ar\/2021\/precaucion-por-barro-en-la-ruta-72-bomberos-de-saldungaray-advierten-sobre-el-tramo-a-fra-pal\/#primaryimage"},"image":{"@id":"https:\/\/www.noticiasradioreflejos.com.ar\/2021\/precaucion-por-barro-en-la-ruta-72-bomberos-de-saldungaray-advierten-sobre-el-tramo-a-fra-pal\/#primaryimage"},"thumbnailUrl":"https:\/\/www.noticiasradioreflejos.com.ar\/2021\/wp-content\/uploads\/2026\/03\/las-quebradas.jpg","datePublished":"2026-03-17T11:21:38+00:00","dateModified":"2026-03-18T10:19:21+00:00","author":{"@id":"https:\/\/www.noticiasradioreflejos.com.ar\/2021\/#\/schema\/person\/ad82545263dcc5ec0996818884fd5fb1"},"breadcrumb":{"@id":"https:\/\/www.noticiasradioreflejos.com.ar\/2021\/precaucion-por-barro-en-la-ruta-72-bomberos-de-saldungaray-advierten-sobre-el-tramo-a-fra-pal\/#breadcrumb"},"inLanguage":"es","potentialAction":[{"@type":"ReadAction","target":["https:\/\/www.noticiasradioreflejos.com.ar\/2021\/precaucion-por-barro-en-la-ruta-72-bomberos-de-saldungaray-advierten-sobre-el-tramo-a-fra-pal\/"]}]},{"@type":"ImageObject","inLanguage":"es","@id":"https:\/\/www.noticiasradioreflejos.com.ar\/2021\/precaucion-por-barro-en-la-ruta-72-bomberos-de-saldungaray-advierten-sobre-el-tramo-a-fra-pal\/#primaryimage","url":"https:\/\/www.noticiasradioreflejos.com.ar\/2021\/wp-content\/uploads\/2026\/03\/las-quebradas.jpg","contentUrl":"https:\/\/www.noticiasradioreflejos.com.ar\/2021\/wp-content\/uploads\/2026\/03\/las-quebradas.jpg","width":864,"height":632},{"@type":"BreadcrumbList","@id":"https:\/\/www.noticiasradioreflejos.com.ar\/2021\/precaucion-por-barro-en-la-ruta-72-bomberos-de-saldungaray-advierten-sobre-el-tramo-a-fra-pal\/#breadcrumb","itemListElement":[{"@type":"ListItem","position":1,"name":"Portada","item":"https:\/\/www.noticiasradioreflejos.com.ar\/2021\/"},{"@type":"ListItem","position":2,"name":"Precauci\u00f3n por barro en la ruta 72: Bomberos de Saldungaray advierten sobre el tramo a Fra-Pal"}]},{"@type":"WebSite","@id":"https:\/\/www.noticiasradioreflejos.com.ar\/2021\/#website","url":"https:\/\/www.noticiasradioreflejos.com.ar\/2021\/","name":"Noticias Radio Reflejos","description":"Las noticias de mi comarca","potentialAction":[{"@type":"SearchAction","target":{"@type":"EntryPoint","urlTemplate":"https:\/\/www.noticiasradioreflejos.com.ar\/2021\/?s={search_term_string}"},"query-input":{"@type":"PropertyValueSpecification","valueRequired":true,"valueName":"search_term_string"}}],"inLanguage":"es"},{"@type":"Person","@id":"https:\/\/www.noticiasradioreflejos.com.ar\/2021\/#\/schema\/person\/ad82545263dcc5ec0996818884fd5fb1","name":"Arnaldo Botto","image":{"@type":"ImageObject","inLanguage":"es","@id":"https:\/\/www.noticiasradioreflejos.com.ar\/2021\/#\/schema\/person\/image\/","url":"https:\/\/secure.gravatar.com\/avatar\/55cb5e37c1efa326397366e6974cb338056df65cb50e7d64d1cf314e87504837?s=96&d=mm&r=g","contentUrl":"https:\/\/secure.gravatar.com\/avatar\/55cb5e37c1efa326397366e6974cb338056df65cb50e7d64d1cf314e87504837?s=96&d=mm&r=g","caption":"Arnaldo Botto"},"url":"https:\/\/www.noticiasradioreflejos.com.ar\/2021\/author\/arnaldo\/"}]}},"_links":{"self":[{"href":"https:\/\/www.noticiasradioreflejos.com.ar\/2021\/wp-json\/wp\/v2\/posts\/134209","targetHints":{"allow":["GET"]}}],"collection":[{"href":"https:\/\/www.noticiasradioreflejos.com.ar\/2021\/wp-json\/wp\/v2\/posts"}],"about":[{"href":"https:\/\/www.noticiasradioreflejos.com.ar\/2021\/wp-json\/wp\/v2\/types\/post"}],"author":[{"embeddable":true,"href":"https:\/\/www.noticiasradioreflejos.com.ar\/2021\/wp-json\/wp\/v2\/users\/3"}],"replies":[{"embeddable":true,"href":"https:\/\/www.noticiasradioreflejos.com.ar\/2021\/wp-json\/wp\/v2\/comments?post=134209"}],"version-history":[{"count":3,"href":"https:\/\/www.noticiasradioreflejos.com.ar\/2021\/wp-json\/wp\/v2\/posts\/134209\/revisions"}],"predecessor-version":[{"id":134231,"href":"https:\/\/www.noticiasradioreflejos.com.ar\/2021\/wp-json\/wp\/v2\/posts\/134209\/revisions\/134231"}],"wp:featuredmedia":[{"embeddable":true,"href":"https:\/\/www.noticiasradioreflejos.com.ar\/2021\/wp-json\/wp\/v2\/media\/134226"}],"wp:attachment":[{"href":"https:\/\/www.noticiasradioreflejos.com.ar\/2021\/wp-json\/wp\/v2\/media?parent=134209"}],"wp:term":[{"taxonomy":"category","embeddable":true,"href":"https:\/\/www.noticiasradioreflejos.com.ar\/2021\/wp-json\/wp\/v2\/categories?post=134209"},{"taxonomy":"post_tag","embeddable":true,"href":"https:\/\/www.noticiasradioreflejos.com.ar\/2021\/wp-json\/wp\/v2\/tags?post=134209"}],"curies":[{"name":"wp","href":"https:\/\/api.w.org\/{rel}","templated":true}]}}