{"id":134203,"date":"2026-03-17T08:02:26","date_gmt":"2026-03-17T11:02:26","guid":{"rendered":"https:\/\/www.noticiasradioreflejos.com.ar\/2021\/?p=134203"},"modified":"2026-03-17T10:22:29","modified_gmt":"2026-03-17T13:22:29","slug":"el-cielo-no-dio-tregua-cayeron-52-mm-durante-la-madrugada-y-el-acumulado-asciende-a-168-mm","status":"publish","type":"post","link":"https:\/\/www.noticiasradioreflejos.com.ar\/2021\/el-cielo-no-dio-tregua-cayeron-52-mm-durante-la-madrugada-y-el-acumulado-asciende-a-168-mm\/","title":{"rendered":"El cielo no dio tregua: cayeron 52 mm durante la madrugada y el acumulado asciende a 168 mm"},"content":{"rendered":"<p>Tras una noche de intensa actividad el\u00e9ctrica y lluvias torrenciales, la Comarca Serrana espera un marcado descenso de temperatura para las pr\u00f3ximas horas.<!--more--><\/p>\n<p data-path-to-node=\"6\">Luego de una tregua soleada durante la tarde del lunes, el clima volvi\u00f3 a castigar a la regi\u00f3n. Un imponente frente de tormenta, que avanz\u00f3 de forma simult\u00e1nea desde el este, norte y oeste, termin\u00f3 por cerrar el cerco sobre el valle serrano al caer la noche. Lo que comenz\u00f3 como un espect\u00e1culo de rel\u00e1mpagos pasadas las 22:00 hs, deriv\u00f3 en un <b data-path-to-node=\"6\" data-index-in-node=\"343\">temporal de agua, descargas el\u00e9ctricas<\/b> y ca\u00edda ocasional de granizo que alcanz\u00f3 su mayor intensidad a partir de la medianoche.<\/p>\n<p data-path-to-node=\"7\">Los registros pluviom\u00e9tricos confirman la magnitud del fen\u00f3meno. Las lluvias de la \u00faltima jornada: <strong>suman 52 mm. <\/strong>y el acumulado desde el s\u00e1bado alcanza <strong>los 168 mm.<\/strong><\/p>\n<p data-path-to-node=\"9\">Las precipitaciones se mantuvieron constantes hasta las 7:30 hs de este martes, momento en el que el frente comenz\u00f3 a ceder. Seg\u00fan el Servicio Meteorol\u00f3gico Nacional (SMN), la ma\u00f1ana de hoy marca un punto de inflexi\u00f3n con la rotaci\u00f3n de los vientos hacia el sector sudoeste (SO), lo que permitir\u00e1 una paulatina limpieza del cielo.<\/p>\n<p data-path-to-node=\"10\"><b data-path-to-node=\"10\" data-index-in-node=\"0\">Pron\u00f3stico y cambio de masa de aire<\/b> La jornada de hoy se presentar\u00e1 con poca amplitud t\u00e9rmica, con una m\u00ednima registrada de <b data-path-to-node=\"10\" data-index-in-node=\"124\">16,7\u00b0C<\/b> y una m\u00e1xima que apenas rozar\u00e1 los <b data-path-to-node=\"10\" data-index-in-node=\"166\">20\u00b0C<\/b>. Sin embargo, el dato m\u00e1s relevante es el <b data-path-to-node=\"10\" data-index-in-node=\"213\">notable descenso de temperatura<\/b> previsto para la noche de hoy y la madrugada del mi\u00e9rcoles, producto del ingreso de aire m\u00e1s fr\u00edo y seco.<\/p>\n<p data-path-to-node=\"11\">Para ma\u00f1ana mi\u00e9rcoles, se anticipan condiciones ideales para la recuperaci\u00f3n: Cielo completamente soleado, con M\u00ednima de entre <b data-path-to-node=\"12,1,0\" data-index-in-node=\"30\">9\u00b0C y 10\u00b0C<\/b>; m\u00e1xima de <b data-path-to-node=\"12,1,0\" data-index-in-node=\"52\">23\u00b0C<\/b>. Los <b>vientos permaneceran <\/b>calmos por la ma\u00f1ana y rotando suaves al noreste (NE) por la tarde.<\/p>\n<h4 data-path-to-node=\"11\">Totales de lluvias de hoy<\/h4>\n<p>52 mm en Sierra de la Ventana<br \/>\n50 mm en Las Acacias<br \/>\n58 mm en La Casita de Ventana<br \/>\n40 mm en Villa Ventana<br \/>\n38 mm en Cerros Colorados<br \/>\n37 mm en Tornquist<br \/>\n15 mm Chasico<br \/>\n30 mm Tres Picos<br \/>\n48 mm Club de Pesca Tornquist<br \/>\n38 mm Villa Serrana La Gruta<br \/>\n92 mm en Pig\u00fc\u00e9<br \/>\n82 mm en Goyena<br \/>\n60 en Saavedra<br \/>\n20 mm en Espartillar<br \/>\n70 mm en Cura Malal<br \/>\n65 mm en Coronel Su\u00e1rez<br \/>\n19 mm en Carhu\u00e9<br \/>\n12 mm en Huanguel\u00e9n<br \/>\n12 mm en 17 de Agosto<br \/>\n14 mm en Felipe Sol\u00e1<br \/>\n110 mm en Puan<br \/>\n88 mm en Cnel Pringles<br \/>\n24 mm en Lartigau<br \/>\n38 mm en Frapal<br \/>\n54 mm en Tres Arroyos<br \/>\n45 mm en Indio Rico<br \/>\n100 mm en Aparicio<br \/>\n56 mm en Punta Alta<br \/>\n60 mm en Orense<br \/>\n49 mm en Lamadrid<\/p>\n","protected":false},"excerpt":{"rendered":"<p>Tras una noche de intensa actividad el\u00e9ctrica y lluvias torrenciales, la Comarca Serrana espera un marcado descenso de temperatura para las pr\u00f3ximas horas.<\/p>\n","protected":false},"author":3,"featured_media":0,"comment_status":"closed","ping_status":"closed","sticky":false,"template":"","format":"standard","meta":{"footnotes":""},"categories":[46],"tags":[48],"class_list":["post-134203","post","type-post","status-publish","format-standard","hentry","category-ciencia-y-tecnologia","tag-destacada"],"yoast_head":"<!-- This site is optimized with the Yoast SEO plugin v25.9 - https:\/\/yoast.com\/wordpress\/plugins\/seo\/ -->\n<title>El cielo no dio tregua: cayeron 52 mm durante la madrugada y el acumulado asciende a 168 mm - Noticias Radio Reflejos<\/title>\n<meta name=\"robots\" content=\"index, follow, max-snippet:-1, max-image-preview:large, max-video-preview:-1\" \/>\n<link rel=\"canonical\" href=\"https:\/\/www.noticiasradioreflejos.com.ar\/2021\/el-cielo-no-dio-tregua-cayeron-52-mm-durante-la-madrugada-y-el-acumulado-asciende-a-168-mm\/\" \/>\n<meta property=\"og:locale\" content=\"es_ES\" \/>\n<meta property=\"og:type\" content=\"article\" \/>\n<meta property=\"og:title\" content=\"El cielo no dio tregua: cayeron 52 mm durante la madrugada y el acumulado asciende a 168 mm - Noticias Radio Reflejos\" \/>\n<meta property=\"og:description\" content=\"Tras una noche de intensa actividad el\u00e9ctrica y lluvias torrenciales, la Comarca Serrana espera un marcado descenso de temperatura para las pr\u00f3ximas horas.\" \/>\n<meta property=\"og:url\" content=\"https:\/\/www.noticiasradioreflejos.com.ar\/2021\/el-cielo-no-dio-tregua-cayeron-52-mm-durante-la-madrugada-y-el-acumulado-asciende-a-168-mm\/\" \/>\n<meta property=\"og:site_name\" content=\"Noticias Radio Reflejos\" \/>\n<meta property=\"article:published_time\" content=\"2026-03-17T11:02:26+00:00\" \/>\n<meta property=\"article:modified_time\" content=\"2026-03-17T13:22:29+00:00\" \/>\n<meta property=\"og:image\" content=\"https:\/\/www.noticiasradioreflejos.com.ar\/2021\/wp-content\/uploads\/2026\/03\/tormenta-.jpg\" \/>\n\t<meta property=\"og:image:width\" content=\"720\" \/>\n\t<meta property=\"og:image:height\" content=\"688\" \/>\n\t<meta property=\"og:image:type\" content=\"image\/jpeg\" \/>\n<meta name=\"author\" content=\"Arnaldo Botto\" \/>\n<meta name=\"twitter:card\" content=\"summary_large_image\" \/>\n<script type=\"application\/ld+json\" class=\"yoast-schema-graph\">{\"@context\":\"https:\/\/schema.org\",\"@graph\":[{\"@type\":\"WebPage\",\"@id\":\"https:\/\/www.noticiasradioreflejos.com.ar\/2021\/el-cielo-no-dio-tregua-cayeron-52-mm-durante-la-madrugada-y-el-acumulado-asciende-a-168-mm\/\",\"url\":\"https:\/\/www.noticiasradioreflejos.com.ar\/2021\/el-cielo-no-dio-tregua-cayeron-52-mm-durante-la-madrugada-y-el-acumulado-asciende-a-168-mm\/\",\"name\":\"El cielo no dio tregua: cayeron 52 mm durante la madrugada y el acumulado asciende a 168 mm - Noticias Radio Reflejos\",\"isPartOf\":{\"@id\":\"https:\/\/www.noticiasradioreflejos.com.ar\/2021\/#website\"},\"datePublished\":\"2026-03-17T11:02:26+00:00\",\"dateModified\":\"2026-03-17T13:22:29+00:00\",\"author\":{\"@id\":\"https:\/\/www.noticiasradioreflejos.com.ar\/2021\/#\/schema\/person\/ad82545263dcc5ec0996818884fd5fb1\"},\"breadcrumb\":{\"@id\":\"https:\/\/www.noticiasradioreflejos.com.ar\/2021\/el-cielo-no-dio-tregua-cayeron-52-mm-durante-la-madrugada-y-el-acumulado-asciende-a-168-mm\/#breadcrumb\"},\"inLanguage\":\"es\",\"potentialAction\":[{\"@type\":\"ReadAction\",\"target\":[\"https:\/\/www.noticiasradioreflejos.com.ar\/2021\/el-cielo-no-dio-tregua-cayeron-52-mm-durante-la-madrugada-y-el-acumulado-asciende-a-168-mm\/\"]}]},{\"@type\":\"BreadcrumbList\",\"@id\":\"https:\/\/www.noticiasradioreflejos.com.ar\/2021\/el-cielo-no-dio-tregua-cayeron-52-mm-durante-la-madrugada-y-el-acumulado-asciende-a-168-mm\/#breadcrumb\",\"itemListElement\":[{\"@type\":\"ListItem\",\"position\":1,\"name\":\"Portada\",\"item\":\"https:\/\/www.noticiasradioreflejos.com.ar\/2021\/\"},{\"@type\":\"ListItem\",\"position\":2,\"name\":\"El cielo no dio tregua: cayeron 52 mm durante la madrugada y el acumulado asciende a 168 mm\"}]},{\"@type\":\"WebSite\",\"@id\":\"https:\/\/www.noticiasradioreflejos.com.ar\/2021\/#website\",\"url\":\"https:\/\/www.noticiasradioreflejos.com.ar\/2021\/\",\"name\":\"Noticias Radio Reflejos\",\"description\":\"Las noticias de mi comarca\",\"potentialAction\":[{\"@type\":\"SearchAction\",\"target\":{\"@type\":\"EntryPoint\",\"urlTemplate\":\"https:\/\/www.noticiasradioreflejos.com.ar\/2021\/?s={search_term_string}\"},\"query-input\":{\"@type\":\"PropertyValueSpecification\",\"valueRequired\":true,\"valueName\":\"search_term_string\"}}],\"inLanguage\":\"es\"},{\"@type\":\"Person\",\"@id\":\"https:\/\/www.noticiasradioreflejos.com.ar\/2021\/#\/schema\/person\/ad82545263dcc5ec0996818884fd5fb1\",\"name\":\"Arnaldo Botto\",\"image\":{\"@type\":\"ImageObject\",\"inLanguage\":\"es\",\"@id\":\"https:\/\/www.noticiasradioreflejos.com.ar\/2021\/#\/schema\/person\/image\/\",\"url\":\"https:\/\/secure.gravatar.com\/avatar\/55cb5e37c1efa326397366e6974cb338056df65cb50e7d64d1cf314e87504837?s=96&d=mm&r=g\",\"contentUrl\":\"https:\/\/secure.gravatar.com\/avatar\/55cb5e37c1efa326397366e6974cb338056df65cb50e7d64d1cf314e87504837?s=96&d=mm&r=g\",\"caption\":\"Arnaldo Botto\"},\"url\":\"https:\/\/www.noticiasradioreflejos.com.ar\/2021\/author\/arnaldo\/\"}]}<\/script>\n<!-- \/ Yoast SEO plugin. -->","yoast_head_json":{"title":"El cielo no dio tregua: cayeron 52 mm durante la madrugada y el acumulado asciende a 168 mm - Noticias Radio Reflejos","robots":{"index":"index","follow":"follow","max-snippet":"max-snippet:-1","max-image-preview":"max-image-preview:large","max-video-preview":"max-video-preview:-1"},"canonical":"https:\/\/www.noticiasradioreflejos.com.ar\/2021\/el-cielo-no-dio-tregua-cayeron-52-mm-durante-la-madrugada-y-el-acumulado-asciende-a-168-mm\/","og_locale":"es_ES","og_type":"article","og_title":"El cielo no dio tregua: cayeron 52 mm durante la madrugada y el acumulado asciende a 168 mm - Noticias Radio Reflejos","og_description":"Tras una noche de intensa actividad el\u00e9ctrica y lluvias torrenciales, la Comarca Serrana espera un marcado descenso de temperatura para las pr\u00f3ximas horas.","og_url":"https:\/\/www.noticiasradioreflejos.com.ar\/2021\/el-cielo-no-dio-tregua-cayeron-52-mm-durante-la-madrugada-y-el-acumulado-asciende-a-168-mm\/","og_site_name":"Noticias Radio Reflejos","article_published_time":"2026-03-17T11:02:26+00:00","article_modified_time":"2026-03-17T13:22:29+00:00","og_image":[{"width":720,"height":688,"url":"https:\/\/www.noticiasradioreflejos.com.ar\/2021\/wp-content\/uploads\/2026\/03\/tormenta-.jpg","type":"image\/jpeg"}],"author":"Arnaldo Botto","twitter_card":"summary_large_image","schema":{"@context":"https:\/\/schema.org","@graph":[{"@type":"WebPage","@id":"https:\/\/www.noticiasradioreflejos.com.ar\/2021\/el-cielo-no-dio-tregua-cayeron-52-mm-durante-la-madrugada-y-el-acumulado-asciende-a-168-mm\/","url":"https:\/\/www.noticiasradioreflejos.com.ar\/2021\/el-cielo-no-dio-tregua-cayeron-52-mm-durante-la-madrugada-y-el-acumulado-asciende-a-168-mm\/","name":"El cielo no dio tregua: cayeron 52 mm durante la madrugada y el acumulado asciende a 168 mm - Noticias Radio Reflejos","isPartOf":{"@id":"https:\/\/www.noticiasradioreflejos.com.ar\/2021\/#website"},"datePublished":"2026-03-17T11:02:26+00:00","dateModified":"2026-03-17T13:22:29+00:00","author":{"@id":"https:\/\/www.noticiasradioreflejos.com.ar\/2021\/#\/schema\/person\/ad82545263dcc5ec0996818884fd5fb1"},"breadcrumb":{"@id":"https:\/\/www.noticiasradioreflejos.com.ar\/2021\/el-cielo-no-dio-tregua-cayeron-52-mm-durante-la-madrugada-y-el-acumulado-asciende-a-168-mm\/#breadcrumb"},"inLanguage":"es","potentialAction":[{"@type":"ReadAction","target":["https:\/\/www.noticiasradioreflejos.com.ar\/2021\/el-cielo-no-dio-tregua-cayeron-52-mm-durante-la-madrugada-y-el-acumulado-asciende-a-168-mm\/"]}]},{"@type":"BreadcrumbList","@id":"https:\/\/www.noticiasradioreflejos.com.ar\/2021\/el-cielo-no-dio-tregua-cayeron-52-mm-durante-la-madrugada-y-el-acumulado-asciende-a-168-mm\/#breadcrumb","itemListElement":[{"@type":"ListItem","position":1,"name":"Portada","item":"https:\/\/www.noticiasradioreflejos.com.ar\/2021\/"},{"@type":"ListItem","position":2,"name":"El cielo no dio tregua: cayeron 52 mm durante la madrugada y el acumulado asciende a 168 mm"}]},{"@type":"WebSite","@id":"https:\/\/www.noticiasradioreflejos.com.ar\/2021\/#website","url":"https:\/\/www.noticiasradioreflejos.com.ar\/2021\/","name":"Noticias Radio Reflejos","description":"Las noticias de mi comarca","potentialAction":[{"@type":"SearchAction","target":{"@type":"EntryPoint","urlTemplate":"https:\/\/www.noticiasradioreflejos.com.ar\/2021\/?s={search_term_string}"},"query-input":{"@type":"PropertyValueSpecification","valueRequired":true,"valueName":"search_term_string"}}],"inLanguage":"es"},{"@type":"Person","@id":"https:\/\/www.noticiasradioreflejos.com.ar\/2021\/#\/schema\/person\/ad82545263dcc5ec0996818884fd5fb1","name":"Arnaldo Botto","image":{"@type":"ImageObject","inLanguage":"es","@id":"https:\/\/www.noticiasradioreflejos.com.ar\/2021\/#\/schema\/person\/image\/","url":"https:\/\/secure.gravatar.com\/avatar\/55cb5e37c1efa326397366e6974cb338056df65cb50e7d64d1cf314e87504837?s=96&d=mm&r=g","contentUrl":"https:\/\/secure.gravatar.com\/avatar\/55cb5e37c1efa326397366e6974cb338056df65cb50e7d64d1cf314e87504837?s=96&d=mm&r=g","caption":"Arnaldo Botto"},"url":"https:\/\/www.noticiasradioreflejos.com.ar\/2021\/author\/arnaldo\/"}]}},"_links":{"self":[{"href":"https:\/\/www.noticiasradioreflejos.com.ar\/2021\/wp-json\/wp\/v2\/posts\/134203","targetHints":{"allow":["GET"]}}],"collection":[{"href":"https:\/\/www.noticiasradioreflejos.com.ar\/2021\/wp-json\/wp\/v2\/posts"}],"about":[{"href":"https:\/\/www.noticiasradioreflejos.com.ar\/2021\/wp-json\/wp\/v2\/types\/post"}],"author":[{"embeddable":true,"href":"https:\/\/www.noticiasradioreflejos.com.ar\/2021\/wp-json\/wp\/v2\/users\/3"}],"replies":[{"embeddable":true,"href":"https:\/\/www.noticiasradioreflejos.com.ar\/2021\/wp-json\/wp\/v2\/comments?post=134203"}],"version-history":[{"count":10,"href":"https:\/\/www.noticiasradioreflejos.com.ar\/2021\/wp-json\/wp\/v2\/posts\/134203\/revisions"}],"predecessor-version":[{"id":134225,"href":"https:\/\/www.noticiasradioreflejos.com.ar\/2021\/wp-json\/wp\/v2\/posts\/134203\/revisions\/134225"}],"wp:attachment":[{"href":"https:\/\/www.noticiasradioreflejos.com.ar\/2021\/wp-json\/wp\/v2\/media?parent=134203"}],"wp:term":[{"taxonomy":"category","embeddable":true,"href":"https:\/\/www.noticiasradioreflejos.com.ar\/2021\/wp-json\/wp\/v2\/categories?post=134203"},{"taxonomy":"post_tag","embeddable":true,"href":"https:\/\/www.noticiasradioreflejos.com.ar\/2021\/wp-json\/wp\/v2\/tags?post=134203"}],"curies":[{"name":"wp","href":"https:\/\/api.w.org\/{rel}","templated":true}]}}