{"id":134191,"date":"2026-03-16T21:35:42","date_gmt":"2026-03-17T00:35:42","guid":{"rendered":"https:\/\/www.noticiasradioreflejos.com.ar\/2021\/?p=134191"},"modified":"2026-03-17T10:58:55","modified_gmt":"2026-03-17T13:58:55","slug":"otro-fallo-judicial-declaro-inconstitucional-el-articulo-de-la-reforma-laboral-sobre-indemnizaciones","status":"publish","type":"post","link":"https:\/\/www.noticiasradioreflejos.com.ar\/2021\/otro-fallo-judicial-declaro-inconstitucional-el-articulo-de-la-reforma-laboral-sobre-indemnizaciones\/","title":{"rendered":"Otro fallo judicial declar\u00f3 inconstitucional el art\u00edculo de la reforma laboral sobre indemnizaciones"},"content":{"rendered":"<p>La Justicia de La Plata rechaz\u00f3 el art\u00faculo 55, como lo hab\u00eda hecho antes un juez de C\u00f3rdoba.<!--more--><\/p>\n<div class=\"author article-author\">\n<div class=\"textwrap\">\n<div class=\"name\">\u00a0<strong>El Tribunal del Trabajo N\u00ba 3 de La Plata declar\u00f3 la inconstitucionalidad del art\u00edculo 55 de la ley de reforma laboral que limita el c\u00e1lculo de las indemnizaciones<\/strong>, y se suma as\u00ed a\u00a0<a href=\"https:\/\/noticiasargentinas.com\/politica\/primer-fallo-contra-la-reforma-laboral--un-juez-de-cordoba-declaro-inconstitucional-el-articulo-que-limita-las-indemnizaciones_a69b33276c331fb251898ec53\">otro fallo similar que la semana anterior hab\u00eda emitido un juez de C\u00f3rdoba<\/a>.<\/div>\n<\/div>\n<\/div>\n<div class=\"columns\" data-tadevel-template=\"web\/article-columns\">\n<div class=\"column-main\">\n<div class=\"article-body\" data-tadevel-template=\"web\/article-body\">\n<div class=\"article-body-content\">\n<p><strong>Este nuevo fallo, emitido el viernes pero conocido este lunes, consider\u00f3 que el art\u00edculo viola derechos de los trabajadores previstos en los art\u00edculos 14 bis, 16 y 17 de la Constituci\u00f3n Nacional,<\/strong>\u00a0en el contexto de una causa en la que el trabajador denunciante deber\u00e1 ser indemnizado bajo las condiciones de la ley anterior.<\/p>\n<p><strong>La sentencia de primera instancia fue dictada el viernes 13 de marzo, pero se conoci\u00f3 este lunes en el marco de una demanda por despido iniciada por un trabajador gastron\u00f3mico<\/strong>\u00a0contra los titulares de un establecimiento de comidas, a quienes se conden\u00f3 a pagar m\u00e1s de 12,8 millones de pesos en concepto de indemnizaciones laborales en un plazo de diez d\u00edas.<\/p>\n<p>Seg\u00fan el fallo, el empleado decidi\u00f3 considerarse despedido ante la falta de registraci\u00f3n del v\u00ednculo, la ausencia de tareas y la falta de pago de salarios.<\/p>\n<p>En su pronunciamiento,\u00a0<strong>los jueces consideraron que para calcular la indemnizaci\u00f3n del empleado el nuevo sistema pod\u00eda generar una actualizaci\u00f3n insuficiente de los cr\u00e9ditos laborales<\/strong>\u00a0<strong>frente a la inflaci\u00f3n<\/strong>, lo que implicar\u00eda una vulneraci\u00f3n de derechos constitucionales.<\/p>\n<h2>Qu\u00e9 dice el fallo<\/h2>\n<p>El tribunal argument\u00f3 que aplicar tasas que no compensen adecuadamente la p\u00e9rdida del valor del dinero por inflaci\u00f3n puede reducir de manera irrazonable el monto real de las indemnizaciones laborales.<\/p>\n<p>Como consecuencia de la declaraci\u00f3n de inconstitucionalidad, se decidi\u00f3 no aplicar el art\u00edculo cuestionado y utilizar en su lugar el mecanismo general de actualizaci\u00f3n previsto en el art\u00edculo 276 de la Ley de Contrato de Trabajo.<\/p>\n<p>\u201cEs de toda evidencia que en los casos de ausencia de registraci\u00f3n del contrato de trabajo, el infractor a tales obligaciones debe cargar con las consecuencias inmediatas y mediatas de su obrar derivadas de la trasgresi\u00f3n del deber de diligencia (art. 1728, CCyC; arts. 1 inc. b y\u00a0 LCT)\u201d, indicaron los jueces en el fallo al que accedi\u00f3 la\u00a0<a href=\"https:\/\/es.wikipedia.org\/wiki\/Noticias_Argentinas\" target=\"_blank\" rel=\"noopener nofollow\"><strong>Agencia Noticias Argentinas<\/strong>.<\/a><\/p>\n<p>&nbsp;<\/p>\n<p><strong>La ley de reforma laboral hab\u00eda tenido el jueves \u00faltimo su primer fallo en contra, que lleg\u00f3 a trav\u00e9s de un juez laboral de C\u00f3rdoba que declar\u00f3 la inconstitucionalidad del art\u00edculo 55,\u00a0<\/strong>esto es, el que regula la forma en que deben actualizarse los cr\u00e9ditos laborales en juicios que ya estaban en tr\u00e1mite cuando entr\u00f3 en vigencia la nueva normativa.<\/p>\n<p>Este apartado refiere a los juicios laborales y determina qu\u00e9 se puede reducir entre un 20% y un 60% lo que terminar\u00eda cobrando un trabajador respecto de los criterios que se usaban en varios tribunales laborales previo a la vigencia de la nueva ley.<\/p>\n<p>El art\u00edculo 55 establece c\u00f3mo se actualizan las deudas en juicios laborales en curso, usando intereses del Banco Central (BCRA), pero con un l\u00edmite m\u00e1ximo de inflaci\u00f3n + 3% anual y un m\u00ednimo del 67% de ese c\u00e1lculo.<\/p>\n<p>&nbsp;<\/p>\n<div class=\"imgwrap\"><img loading=\"lazy\" decoding=\"async\" src=\"https:\/\/alpha-assets.tadevel-cdn.com\/68797169cfabaf8b134e9785\/t256.jpeg\" alt=\"Santiago P\u00e9rez Chiconi\" width=\"64\" height=\"64\" \/><\/div>\n<div class=\"textwrap\">\n<div class=\"name\">Santiago P\u00e9rez Chiconi<\/div>\n<\/div>\n<p><a href=\"https:\/\/noticiasargentinas.com\/-agenciana_t6916e70a4551e78eb9423f59\">#AgenciaNA<\/a><\/p>\n<\/div>\n<\/div>\n<\/div>\n<\/div>\n","protected":false},"excerpt":{"rendered":"<p>La Justicia de La Plata rechaz\u00f3 el art\u00faculo 55, como lo hab\u00eda hecho antes un juez de C\u00f3rdoba.<\/p>\n","protected":false},"author":3,"featured_media":99819,"comment_status":"closed","ping_status":"closed","sticky":false,"template":"","format":"standard","meta":{"footnotes":""},"categories":[57],"tags":[],"class_list":["post-134191","post","type-post","status-publish","format-standard","has-post-thumbnail","hentry","category-judiciales"],"yoast_head":"<!-- This site is optimized with the Yoast SEO plugin v25.9 - https:\/\/yoast.com\/wordpress\/plugins\/seo\/ -->\n<title>Otro fallo judicial declar\u00f3 inconstitucional el art\u00edculo de la reforma laboral sobre indemnizaciones - Noticias Radio Reflejos<\/title>\n<meta name=\"robots\" content=\"index, follow, max-snippet:-1, max-image-preview:large, max-video-preview:-1\" \/>\n<link rel=\"canonical\" href=\"https:\/\/www.noticiasradioreflejos.com.ar\/2021\/otro-fallo-judicial-declaro-inconstitucional-el-articulo-de-la-reforma-laboral-sobre-indemnizaciones\/\" \/>\n<meta property=\"og:locale\" content=\"es_ES\" \/>\n<meta property=\"og:type\" content=\"article\" \/>\n<meta property=\"og:title\" content=\"Otro fallo judicial declar\u00f3 inconstitucional el art\u00edculo de la reforma laboral sobre indemnizaciones - Noticias Radio Reflejos\" \/>\n<meta property=\"og:description\" content=\"La Justicia de La Plata rechaz\u00f3 el art\u00faculo 55, como lo hab\u00eda hecho antes un juez de C\u00f3rdoba.\" \/>\n<meta property=\"og:url\" content=\"https:\/\/www.noticiasradioreflejos.com.ar\/2021\/otro-fallo-judicial-declaro-inconstitucional-el-articulo-de-la-reforma-laboral-sobre-indemnizaciones\/\" \/>\n<meta property=\"og:site_name\" content=\"Noticias Radio Reflejos\" \/>\n<meta property=\"article:published_time\" content=\"2026-03-17T00:35:42+00:00\" \/>\n<meta property=\"article:modified_time\" content=\"2026-03-17T13:58:55+00:00\" \/>\n<meta property=\"og:image\" content=\"https:\/\/www.noticiasradioreflejos.com.ar\/2021\/wp-content\/uploads\/2024\/03\/industria.jpg\" \/>\n\t<meta property=\"og:image:width\" content=\"950\" \/>\n\t<meta property=\"og:image:height\" content=\"560\" \/>\n\t<meta property=\"og:image:type\" content=\"image\/jpeg\" \/>\n<meta name=\"author\" content=\"Arnaldo Botto\" \/>\n<meta name=\"twitter:card\" content=\"summary_large_image\" \/>\n<script type=\"application\/ld+json\" class=\"yoast-schema-graph\">{\"@context\":\"https:\/\/schema.org\",\"@graph\":[{\"@type\":\"WebPage\",\"@id\":\"https:\/\/www.noticiasradioreflejos.com.ar\/2021\/otro-fallo-judicial-declaro-inconstitucional-el-articulo-de-la-reforma-laboral-sobre-indemnizaciones\/\",\"url\":\"https:\/\/www.noticiasradioreflejos.com.ar\/2021\/otro-fallo-judicial-declaro-inconstitucional-el-articulo-de-la-reforma-laboral-sobre-indemnizaciones\/\",\"name\":\"Otro fallo judicial declar\u00f3 inconstitucional el art\u00edculo de la reforma laboral sobre indemnizaciones - Noticias Radio Reflejos\",\"isPartOf\":{\"@id\":\"https:\/\/www.noticiasradioreflejos.com.ar\/2021\/#website\"},\"primaryImageOfPage\":{\"@id\":\"https:\/\/www.noticiasradioreflejos.com.ar\/2021\/otro-fallo-judicial-declaro-inconstitucional-el-articulo-de-la-reforma-laboral-sobre-indemnizaciones\/#primaryimage\"},\"image\":{\"@id\":\"https:\/\/www.noticiasradioreflejos.com.ar\/2021\/otro-fallo-judicial-declaro-inconstitucional-el-articulo-de-la-reforma-laboral-sobre-indemnizaciones\/#primaryimage\"},\"thumbnailUrl\":\"https:\/\/www.noticiasradioreflejos.com.ar\/2021\/wp-content\/uploads\/2024\/03\/industria.jpg\",\"datePublished\":\"2026-03-17T00:35:42+00:00\",\"dateModified\":\"2026-03-17T13:58:55+00:00\",\"author\":{\"@id\":\"https:\/\/www.noticiasradioreflejos.com.ar\/2021\/#\/schema\/person\/ad82545263dcc5ec0996818884fd5fb1\"},\"breadcrumb\":{\"@id\":\"https:\/\/www.noticiasradioreflejos.com.ar\/2021\/otro-fallo-judicial-declaro-inconstitucional-el-articulo-de-la-reforma-laboral-sobre-indemnizaciones\/#breadcrumb\"},\"inLanguage\":\"es\",\"potentialAction\":[{\"@type\":\"ReadAction\",\"target\":[\"https:\/\/www.noticiasradioreflejos.com.ar\/2021\/otro-fallo-judicial-declaro-inconstitucional-el-articulo-de-la-reforma-laboral-sobre-indemnizaciones\/\"]}]},{\"@type\":\"ImageObject\",\"inLanguage\":\"es\",\"@id\":\"https:\/\/www.noticiasradioreflejos.com.ar\/2021\/otro-fallo-judicial-declaro-inconstitucional-el-articulo-de-la-reforma-laboral-sobre-indemnizaciones\/#primaryimage\",\"url\":\"https:\/\/www.noticiasradioreflejos.com.ar\/2021\/wp-content\/uploads\/2024\/03\/industria.jpg\",\"contentUrl\":\"https:\/\/www.noticiasradioreflejos.com.ar\/2021\/wp-content\/uploads\/2024\/03\/industria.jpg\",\"width\":950,\"height\":560},{\"@type\":\"BreadcrumbList\",\"@id\":\"https:\/\/www.noticiasradioreflejos.com.ar\/2021\/otro-fallo-judicial-declaro-inconstitucional-el-articulo-de-la-reforma-laboral-sobre-indemnizaciones\/#breadcrumb\",\"itemListElement\":[{\"@type\":\"ListItem\",\"position\":1,\"name\":\"Portada\",\"item\":\"https:\/\/www.noticiasradioreflejos.com.ar\/2021\/\"},{\"@type\":\"ListItem\",\"position\":2,\"name\":\"Otro fallo judicial declar\u00f3 inconstitucional el art\u00edculo de la reforma laboral sobre indemnizaciones\"}]},{\"@type\":\"WebSite\",\"@id\":\"https:\/\/www.noticiasradioreflejos.com.ar\/2021\/#website\",\"url\":\"https:\/\/www.noticiasradioreflejos.com.ar\/2021\/\",\"name\":\"Noticias Radio Reflejos\",\"description\":\"Las noticias de mi comarca\",\"potentialAction\":[{\"@type\":\"SearchAction\",\"target\":{\"@type\":\"EntryPoint\",\"urlTemplate\":\"https:\/\/www.noticiasradioreflejos.com.ar\/2021\/?s={search_term_string}\"},\"query-input\":{\"@type\":\"PropertyValueSpecification\",\"valueRequired\":true,\"valueName\":\"search_term_string\"}}],\"inLanguage\":\"es\"},{\"@type\":\"Person\",\"@id\":\"https:\/\/www.noticiasradioreflejos.com.ar\/2021\/#\/schema\/person\/ad82545263dcc5ec0996818884fd5fb1\",\"name\":\"Arnaldo Botto\",\"image\":{\"@type\":\"ImageObject\",\"inLanguage\":\"es\",\"@id\":\"https:\/\/www.noticiasradioreflejos.com.ar\/2021\/#\/schema\/person\/image\/\",\"url\":\"https:\/\/secure.gravatar.com\/avatar\/55cb5e37c1efa326397366e6974cb338056df65cb50e7d64d1cf314e87504837?s=96&d=mm&r=g\",\"contentUrl\":\"https:\/\/secure.gravatar.com\/avatar\/55cb5e37c1efa326397366e6974cb338056df65cb50e7d64d1cf314e87504837?s=96&d=mm&r=g\",\"caption\":\"Arnaldo Botto\"},\"url\":\"https:\/\/www.noticiasradioreflejos.com.ar\/2021\/author\/arnaldo\/\"}]}<\/script>\n<!-- \/ Yoast SEO plugin. -->","yoast_head_json":{"title":"Otro fallo judicial declar\u00f3 inconstitucional el art\u00edculo de la reforma laboral sobre indemnizaciones - Noticias Radio Reflejos","robots":{"index":"index","follow":"follow","max-snippet":"max-snippet:-1","max-image-preview":"max-image-preview:large","max-video-preview":"max-video-preview:-1"},"canonical":"https:\/\/www.noticiasradioreflejos.com.ar\/2021\/otro-fallo-judicial-declaro-inconstitucional-el-articulo-de-la-reforma-laboral-sobre-indemnizaciones\/","og_locale":"es_ES","og_type":"article","og_title":"Otro fallo judicial declar\u00f3 inconstitucional el art\u00edculo de la reforma laboral sobre indemnizaciones - Noticias Radio Reflejos","og_description":"La Justicia de La Plata rechaz\u00f3 el art\u00faculo 55, como lo hab\u00eda hecho antes un juez de C\u00f3rdoba.","og_url":"https:\/\/www.noticiasradioreflejos.com.ar\/2021\/otro-fallo-judicial-declaro-inconstitucional-el-articulo-de-la-reforma-laboral-sobre-indemnizaciones\/","og_site_name":"Noticias Radio Reflejos","article_published_time":"2026-03-17T00:35:42+00:00","article_modified_time":"2026-03-17T13:58:55+00:00","og_image":[{"width":950,"height":560,"url":"https:\/\/www.noticiasradioreflejos.com.ar\/2021\/wp-content\/uploads\/2024\/03\/industria.jpg","type":"image\/jpeg"}],"author":"Arnaldo Botto","twitter_card":"summary_large_image","schema":{"@context":"https:\/\/schema.org","@graph":[{"@type":"WebPage","@id":"https:\/\/www.noticiasradioreflejos.com.ar\/2021\/otro-fallo-judicial-declaro-inconstitucional-el-articulo-de-la-reforma-laboral-sobre-indemnizaciones\/","url":"https:\/\/www.noticiasradioreflejos.com.ar\/2021\/otro-fallo-judicial-declaro-inconstitucional-el-articulo-de-la-reforma-laboral-sobre-indemnizaciones\/","name":"Otro fallo judicial declar\u00f3 inconstitucional el art\u00edculo de la reforma laboral sobre indemnizaciones - Noticias Radio Reflejos","isPartOf":{"@id":"https:\/\/www.noticiasradioreflejos.com.ar\/2021\/#website"},"primaryImageOfPage":{"@id":"https:\/\/www.noticiasradioreflejos.com.ar\/2021\/otro-fallo-judicial-declaro-inconstitucional-el-articulo-de-la-reforma-laboral-sobre-indemnizaciones\/#primaryimage"},"image":{"@id":"https:\/\/www.noticiasradioreflejos.com.ar\/2021\/otro-fallo-judicial-declaro-inconstitucional-el-articulo-de-la-reforma-laboral-sobre-indemnizaciones\/#primaryimage"},"thumbnailUrl":"https:\/\/www.noticiasradioreflejos.com.ar\/2021\/wp-content\/uploads\/2024\/03\/industria.jpg","datePublished":"2026-03-17T00:35:42+00:00","dateModified":"2026-03-17T13:58:55+00:00","author":{"@id":"https:\/\/www.noticiasradioreflejos.com.ar\/2021\/#\/schema\/person\/ad82545263dcc5ec0996818884fd5fb1"},"breadcrumb":{"@id":"https:\/\/www.noticiasradioreflejos.com.ar\/2021\/otro-fallo-judicial-declaro-inconstitucional-el-articulo-de-la-reforma-laboral-sobre-indemnizaciones\/#breadcrumb"},"inLanguage":"es","potentialAction":[{"@type":"ReadAction","target":["https:\/\/www.noticiasradioreflejos.com.ar\/2021\/otro-fallo-judicial-declaro-inconstitucional-el-articulo-de-la-reforma-laboral-sobre-indemnizaciones\/"]}]},{"@type":"ImageObject","inLanguage":"es","@id":"https:\/\/www.noticiasradioreflejos.com.ar\/2021\/otro-fallo-judicial-declaro-inconstitucional-el-articulo-de-la-reforma-laboral-sobre-indemnizaciones\/#primaryimage","url":"https:\/\/www.noticiasradioreflejos.com.ar\/2021\/wp-content\/uploads\/2024\/03\/industria.jpg","contentUrl":"https:\/\/www.noticiasradioreflejos.com.ar\/2021\/wp-content\/uploads\/2024\/03\/industria.jpg","width":950,"height":560},{"@type":"BreadcrumbList","@id":"https:\/\/www.noticiasradioreflejos.com.ar\/2021\/otro-fallo-judicial-declaro-inconstitucional-el-articulo-de-la-reforma-laboral-sobre-indemnizaciones\/#breadcrumb","itemListElement":[{"@type":"ListItem","position":1,"name":"Portada","item":"https:\/\/www.noticiasradioreflejos.com.ar\/2021\/"},{"@type":"ListItem","position":2,"name":"Otro fallo judicial declar\u00f3 inconstitucional el art\u00edculo de la reforma laboral sobre indemnizaciones"}]},{"@type":"WebSite","@id":"https:\/\/www.noticiasradioreflejos.com.ar\/2021\/#website","url":"https:\/\/www.noticiasradioreflejos.com.ar\/2021\/","name":"Noticias Radio Reflejos","description":"Las noticias de mi comarca","potentialAction":[{"@type":"SearchAction","target":{"@type":"EntryPoint","urlTemplate":"https:\/\/www.noticiasradioreflejos.com.ar\/2021\/?s={search_term_string}"},"query-input":{"@type":"PropertyValueSpecification","valueRequired":true,"valueName":"search_term_string"}}],"inLanguage":"es"},{"@type":"Person","@id":"https:\/\/www.noticiasradioreflejos.com.ar\/2021\/#\/schema\/person\/ad82545263dcc5ec0996818884fd5fb1","name":"Arnaldo Botto","image":{"@type":"ImageObject","inLanguage":"es","@id":"https:\/\/www.noticiasradioreflejos.com.ar\/2021\/#\/schema\/person\/image\/","url":"https:\/\/secure.gravatar.com\/avatar\/55cb5e37c1efa326397366e6974cb338056df65cb50e7d64d1cf314e87504837?s=96&d=mm&r=g","contentUrl":"https:\/\/secure.gravatar.com\/avatar\/55cb5e37c1efa326397366e6974cb338056df65cb50e7d64d1cf314e87504837?s=96&d=mm&r=g","caption":"Arnaldo Botto"},"url":"https:\/\/www.noticiasradioreflejos.com.ar\/2021\/author\/arnaldo\/"}]}},"_links":{"self":[{"href":"https:\/\/www.noticiasradioreflejos.com.ar\/2021\/wp-json\/wp\/v2\/posts\/134191","targetHints":{"allow":["GET"]}}],"collection":[{"href":"https:\/\/www.noticiasradioreflejos.com.ar\/2021\/wp-json\/wp\/v2\/posts"}],"about":[{"href":"https:\/\/www.noticiasradioreflejos.com.ar\/2021\/wp-json\/wp\/v2\/types\/post"}],"author":[{"embeddable":true,"href":"https:\/\/www.noticiasradioreflejos.com.ar\/2021\/wp-json\/wp\/v2\/users\/3"}],"replies":[{"embeddable":true,"href":"https:\/\/www.noticiasradioreflejos.com.ar\/2021\/wp-json\/wp\/v2\/comments?post=134191"}],"version-history":[{"count":2,"href":"https:\/\/www.noticiasradioreflejos.com.ar\/2021\/wp-json\/wp\/v2\/posts\/134191\/revisions"}],"predecessor-version":[{"id":134234,"href":"https:\/\/www.noticiasradioreflejos.com.ar\/2021\/wp-json\/wp\/v2\/posts\/134191\/revisions\/134234"}],"wp:featuredmedia":[{"embeddable":true,"href":"https:\/\/www.noticiasradioreflejos.com.ar\/2021\/wp-json\/wp\/v2\/media\/99819"}],"wp:attachment":[{"href":"https:\/\/www.noticiasradioreflejos.com.ar\/2021\/wp-json\/wp\/v2\/media?parent=134191"}],"wp:term":[{"taxonomy":"category","embeddable":true,"href":"https:\/\/www.noticiasradioreflejos.com.ar\/2021\/wp-json\/wp\/v2\/categories?post=134191"},{"taxonomy":"post_tag","embeddable":true,"href":"https:\/\/www.noticiasradioreflejos.com.ar\/2021\/wp-json\/wp\/v2\/tags?post=134191"}],"curies":[{"name":"wp","href":"https:\/\/api.w.org\/{rel}","templated":true}]}}