{"id":134189,"date":"2026-03-16T21:28:30","date_gmt":"2026-03-17T00:28:30","guid":{"rendered":"https:\/\/www.noticiasradioreflejos.com.ar\/2021\/?p=134189"},"modified":"2026-03-16T21:28:30","modified_gmt":"2026-03-17T00:28:30","slug":"libra-denuncian-al-fiscal-taiano-por-encubrimiento-y-buscan-interpelar-a-los-milei","status":"publish","type":"post","link":"https:\/\/www.noticiasradioreflejos.com.ar\/2021\/libra-denuncian-al-fiscal-taiano-por-encubrimiento-y-buscan-interpelar-a-los-milei\/","title":{"rendered":"$LIBRA: denuncian al fiscal Taiano por encubrimiento y buscan interpelar a los Milei"},"content":{"rendered":"<p>Luego de las filtraciones de las comunicaciones entre el Presidente y Novelli, el grupo de opositores que investig\u00f3 el esc\u00e1ndalo cripto exigi\u00f3 la salida del fiscal por demorar la causa. Tambi\u00e9n buscar\u00e1n interpelar a Santiago Caputo y Adorni.<!--more--><br \/>\nLa comisi\u00f3n de la C\u00e1mara de Diputados que investig\u00f3 el caso $LIBRA pidi\u00f3 <strong>que se aparte el fiscal Eduardo Taiana y que se interpele a los hermanos Milei<\/strong>, adem\u00e1s de al asesor\u00a0<strong>Santiago Caputo<\/strong>\u00a0y al jefe de Gabinete,\u00a0<strong>Manuel Adorni<\/strong>. La ofensiva parlamentaria se conoce poco despu\u00e9s de las filtraciones del tel\u00e9fono de\u00a0<strong>Mauricio Novelli<\/strong>\u00a0sobre sus insistentes contactos con todo el Gobierno al momento del lanzamiento de la cripto, el 14 de febrero del a\u00f1o pasado, y un supuesto borrador de\u00a0<a class=\"link\" href=\"https:\/\/www.eldiarioar.com\/politica\/contrato-hallado-celular-novelli-menciona-pago-us-5-millones-milei-promocionara-libra_1_13068965.html\" data-mrf-recirculation=\"links-noticia\" data-mrf-link=\"https:\/\/www.eldiarioar.com\/politica\/contrato-hallado-celular-novelli-menciona-pago-us-5-millones-milei-promocionara-libra_1_13068965.html\">un acuerdo por US$5.000.000<\/a> para la participaci\u00f3n de Milei.<\/p>\n<div class=\"partner-wrapper article-page__body-row\">\n<div class=\"second-col\">\n<p class=\"article-text\"><strong>\u201cEl caso es una estafa y un hecho de corrupci\u00f3n millonario\u201d<\/strong>, lanz\u00f3 el diputado Maximiliano Ferraro, que fue presidente de la comisi\u00f3n especial durante el a\u00f1o pasado. Denunci\u00f3 que hubo \u201cuna clara malversaci\u00f3n de la investidura presidencial que reviste una gravedad enorme desde el punto de vista institucional\u201d.<\/p>\n<p class=\"article-text\"><strong>\u201c$LIBRA tuvo como protagonista y part\u00edcipe necesario al Presidente\u201d<\/strong>, advirti\u00f3 Ferraro al encabezar una conferencia de prensa en la C\u00e1mara de Diputados.<\/p>\n<figure><picture class=\"news-image\"><source srcset=\"https:\/\/static.eldiario.es\/clip\/9f1c4bb9-4308-487e-8dab-de3742e1b573_16-9-discover-aspect-ratio_50p_0.webp\" type=\"image\/webp\" media=\"(max-width: 576px)\" \/><source srcset=\"https:\/\/static.eldiario.es\/clip\/9f1c4bb9-4308-487e-8dab-de3742e1b573_16-9-discover-aspect-ratio_50p_0.jpg\" type=\"image\/jpg\" media=\"(max-width: 576px)\" \/><source srcset=\"https:\/\/static.eldiario.es\/clip\/9f1c4bb9-4308-487e-8dab-de3742e1b573_16-9-discover-aspect-ratio_75p_0.webp\" type=\"image\/webp\" media=\"(max-width: 767px)\" \/><source srcset=\"https:\/\/static.eldiario.es\/clip\/9f1c4bb9-4308-487e-8dab-de3742e1b573_16-9-discover-aspect-ratio_75p_0.jpg\" type=\"image\/jpg\" media=\"(max-width: 767px)\" \/><source srcset=\"https:\/\/static.eldiario.es\/clip\/9f1c4bb9-4308-487e-8dab-de3742e1b573_16-9-discover-aspect-ratio_default_0.webp\" type=\"image\/webp\" media=\"(min-width: 768px)\" \/><source srcset=\"https:\/\/static.eldiario.es\/clip\/9f1c4bb9-4308-487e-8dab-de3742e1b573_16-9-discover-aspect-ratio_default_0.jpg\" type=\"image\/jpg\" media=\"(min-width: 768px)\" \/><source srcset=\"https:\/\/static.eldiario.es\/clip\/9f1c4bb9-4308-487e-8dab-de3742e1b573_16-9-discover-aspect-ratio_default_0.webp\" type=\"image\/webp\" \/><img decoding=\"async\" class=\"lazy entered loaded\" src=\"https:\/\/static.eldiario.es\/clip\/9f1c4bb9-4308-487e-8dab-de3742e1b573_16-9-discover-aspect-ratio_default_0.jpg\" alt=\"Los diputados opositores que integraron la comisi\u00f3n $LIBRA.\" data-src=\"https:\/\/static.eldiario.es\/clip\/9f1c4bb9-4308-487e-8dab-de3742e1b573_16-9-discover-aspect-ratio_default_0.jpg\" data-ll-status=\"loaded\" \/><\/picture><figcaption class=\"image-footer\"><span class=\"title\">Los diputados opositores que integraron la comisi\u00f3n $LIBRA.\u00a0<span class=\"author\">Prensa<\/span><\/span><\/figcaption><\/figure>\n<p class=\"article-text\">Los ex integrantes de la comisi\u00f3n investigadora anunciaron que resolviero denunciar al fiscal Taiano por \u201centorpecer la causa\u201d; requerir que el presidente Milei y su hermana Karina, la secretaria general de la Presidencia, \u201cden las explicaciones que tienen que dar\u201d, por lo que se presentar\u00e1 un \u201cproyecto de resoluci\u00f3n por escrito al Poder Ejecutivo para que todos los funcionarios involucrados\u201d respondan sobre el caso.<\/p>\n<p class=\"article-text\">\u201cKarina Milei no solamente porque autoriz\u00f3 las reuniones con los involucrados sino porque habl\u00f3 por tel\u00e9fono con Novelli antes y despu\u00e9s del lanzamiento del token Libra\u201d, consign\u00f3 Ferraro. Adem\u00e1s la comisi\u00f3n resolvi\u00f3 evaluar una segunda etapa investigativa en la C\u00e1mara de Diputados y \u201ccontinuar delimitando las responsabilidades pol\u00edticas del presidente de Milei y sus funcionarios en el caso\u201d.<\/p>\n<div id=\"container-after-news-outlook\"><\/div>\n<p class=\"article-text\">Por su parte, el diputado Juan Marino, de Uni\u00f3n por la Patria (UxP), sostuvo que \u201cMilei minti\u00f3\u201d porque \u201cdijo que no estaba interiorizado en los pormenores del proyecto\u201d. Sin embargo en numerosas oportunidades el mismo 14 de febrero del a\u00f1o pasado habl\u00f3 con Mauricio Novelli.<\/p>\n<aside class=\"know-more know-more--with-image\">\n<p class=\"know-more__title\">La trama de llamadas detr\u00e1s de<\/p>\n<\/aside>\n<\/div>\n<\/div>\n","protected":false},"excerpt":{"rendered":"<p>Luego de las filtraciones de las comunicaciones entre el Presidente y Novelli, el grupo de opositores que investig\u00f3 el esc\u00e1ndalo cripto exigi\u00f3 la salida del fiscal por demorar la causa. Tambi\u00e9n buscar\u00e1n interpelar a Santiago Caputo y Adorni.<\/p>\n","protected":false},"author":3,"featured_media":115229,"comment_status":"closed","ping_status":"closed","sticky":false,"template":"","format":"standard","meta":{"footnotes":""},"categories":[57,24],"tags":[],"class_list":["post-134189","post","type-post","status-publish","format-standard","has-post-thumbnail","hentry","category-judiciales","category-politica"],"yoast_head":"<!-- This site is optimized with the Yoast SEO plugin v25.9 - https:\/\/yoast.com\/wordpress\/plugins\/seo\/ -->\n<title>$LIBRA: denuncian al fiscal Taiano por encubrimiento y buscan interpelar a los Milei - Noticias Radio Reflejos<\/title>\n<meta name=\"robots\" content=\"index, follow, max-snippet:-1, max-image-preview:large, max-video-preview:-1\" \/>\n<link rel=\"canonical\" href=\"https:\/\/www.noticiasradioreflejos.com.ar\/2021\/libra-denuncian-al-fiscal-taiano-por-encubrimiento-y-buscan-interpelar-a-los-milei\/\" \/>\n<meta property=\"og:locale\" content=\"es_ES\" \/>\n<meta property=\"og:type\" content=\"article\" \/>\n<meta property=\"og:title\" content=\"$LIBRA: denuncian al fiscal Taiano por encubrimiento y buscan interpelar a los Milei - Noticias Radio Reflejos\" \/>\n<meta property=\"og:description\" content=\"Luego de las filtraciones de las comunicaciones entre el Presidente y Novelli, el grupo de opositores que investig\u00f3 el esc\u00e1ndalo cripto exigi\u00f3 la salida del fiscal por demorar la causa. Tambi\u00e9n buscar\u00e1n interpelar a Santiago Caputo y Adorni.\" \/>\n<meta property=\"og:url\" content=\"https:\/\/www.noticiasradioreflejos.com.ar\/2021\/libra-denuncian-al-fiscal-taiano-por-encubrimiento-y-buscan-interpelar-a-los-milei\/\" \/>\n<meta property=\"og:site_name\" content=\"Noticias Radio Reflejos\" \/>\n<meta property=\"article:published_time\" content=\"2026-03-17T00:28:30+00:00\" \/>\n<meta property=\"og:image\" content=\"https:\/\/www.noticiasradioreflejos.com.ar\/2021\/wp-content\/uploads\/2025\/04\/Milei.jpg\" \/>\n\t<meta property=\"og:image:width\" content=\"1065\" \/>\n\t<meta property=\"og:image:height\" content=\"720\" \/>\n\t<meta property=\"og:image:type\" content=\"image\/jpeg\" \/>\n<meta name=\"author\" content=\"Arnaldo Botto\" \/>\n<meta name=\"twitter:card\" content=\"summary_large_image\" \/>\n<script type=\"application\/ld+json\" class=\"yoast-schema-graph\">{\"@context\":\"https:\/\/schema.org\",\"@graph\":[{\"@type\":\"WebPage\",\"@id\":\"https:\/\/www.noticiasradioreflejos.com.ar\/2021\/libra-denuncian-al-fiscal-taiano-por-encubrimiento-y-buscan-interpelar-a-los-milei\/\",\"url\":\"https:\/\/www.noticiasradioreflejos.com.ar\/2021\/libra-denuncian-al-fiscal-taiano-por-encubrimiento-y-buscan-interpelar-a-los-milei\/\",\"name\":\"$LIBRA: denuncian al fiscal Taiano por encubrimiento y buscan interpelar a los Milei - Noticias Radio Reflejos\",\"isPartOf\":{\"@id\":\"https:\/\/www.noticiasradioreflejos.com.ar\/2021\/#website\"},\"primaryImageOfPage\":{\"@id\":\"https:\/\/www.noticiasradioreflejos.com.ar\/2021\/libra-denuncian-al-fiscal-taiano-por-encubrimiento-y-buscan-interpelar-a-los-milei\/#primaryimage\"},\"image\":{\"@id\":\"https:\/\/www.noticiasradioreflejos.com.ar\/2021\/libra-denuncian-al-fiscal-taiano-por-encubrimiento-y-buscan-interpelar-a-los-milei\/#primaryimage\"},\"thumbnailUrl\":\"https:\/\/www.noticiasradioreflejos.com.ar\/2021\/wp-content\/uploads\/2025\/04\/Milei.jpg\",\"datePublished\":\"2026-03-17T00:28:30+00:00\",\"author\":{\"@id\":\"https:\/\/www.noticiasradioreflejos.com.ar\/2021\/#\/schema\/person\/ad82545263dcc5ec0996818884fd5fb1\"},\"breadcrumb\":{\"@id\":\"https:\/\/www.noticiasradioreflejos.com.ar\/2021\/libra-denuncian-al-fiscal-taiano-por-encubrimiento-y-buscan-interpelar-a-los-milei\/#breadcrumb\"},\"inLanguage\":\"es\",\"potentialAction\":[{\"@type\":\"ReadAction\",\"target\":[\"https:\/\/www.noticiasradioreflejos.com.ar\/2021\/libra-denuncian-al-fiscal-taiano-por-encubrimiento-y-buscan-interpelar-a-los-milei\/\"]}]},{\"@type\":\"ImageObject\",\"inLanguage\":\"es\",\"@id\":\"https:\/\/www.noticiasradioreflejos.com.ar\/2021\/libra-denuncian-al-fiscal-taiano-por-encubrimiento-y-buscan-interpelar-a-los-milei\/#primaryimage\",\"url\":\"https:\/\/www.noticiasradioreflejos.com.ar\/2021\/wp-content\/uploads\/2025\/04\/Milei.jpg\",\"contentUrl\":\"https:\/\/www.noticiasradioreflejos.com.ar\/2021\/wp-content\/uploads\/2025\/04\/Milei.jpg\",\"width\":1065,\"height\":720},{\"@type\":\"BreadcrumbList\",\"@id\":\"https:\/\/www.noticiasradioreflejos.com.ar\/2021\/libra-denuncian-al-fiscal-taiano-por-encubrimiento-y-buscan-interpelar-a-los-milei\/#breadcrumb\",\"itemListElement\":[{\"@type\":\"ListItem\",\"position\":1,\"name\":\"Portada\",\"item\":\"https:\/\/www.noticiasradioreflejos.com.ar\/2021\/\"},{\"@type\":\"ListItem\",\"position\":2,\"name\":\"$LIBRA: denuncian al fiscal Taiano por encubrimiento y buscan interpelar a los Milei\"}]},{\"@type\":\"WebSite\",\"@id\":\"https:\/\/www.noticiasradioreflejos.com.ar\/2021\/#website\",\"url\":\"https:\/\/www.noticiasradioreflejos.com.ar\/2021\/\",\"name\":\"Noticias Radio Reflejos\",\"description\":\"Las noticias de mi comarca\",\"potentialAction\":[{\"@type\":\"SearchAction\",\"target\":{\"@type\":\"EntryPoint\",\"urlTemplate\":\"https:\/\/www.noticiasradioreflejos.com.ar\/2021\/?s={search_term_string}\"},\"query-input\":{\"@type\":\"PropertyValueSpecification\",\"valueRequired\":true,\"valueName\":\"search_term_string\"}}],\"inLanguage\":\"es\"},{\"@type\":\"Person\",\"@id\":\"https:\/\/www.noticiasradioreflejos.com.ar\/2021\/#\/schema\/person\/ad82545263dcc5ec0996818884fd5fb1\",\"name\":\"Arnaldo Botto\",\"image\":{\"@type\":\"ImageObject\",\"inLanguage\":\"es\",\"@id\":\"https:\/\/www.noticiasradioreflejos.com.ar\/2021\/#\/schema\/person\/image\/\",\"url\":\"https:\/\/secure.gravatar.com\/avatar\/55cb5e37c1efa326397366e6974cb338056df65cb50e7d64d1cf314e87504837?s=96&d=mm&r=g\",\"contentUrl\":\"https:\/\/secure.gravatar.com\/avatar\/55cb5e37c1efa326397366e6974cb338056df65cb50e7d64d1cf314e87504837?s=96&d=mm&r=g\",\"caption\":\"Arnaldo Botto\"},\"url\":\"https:\/\/www.noticiasradioreflejos.com.ar\/2021\/author\/arnaldo\/\"}]}<\/script>\n<!-- \/ Yoast SEO plugin. -->","yoast_head_json":{"title":"$LIBRA: denuncian al fiscal Taiano por encubrimiento y buscan interpelar a los Milei - Noticias Radio Reflejos","robots":{"index":"index","follow":"follow","max-snippet":"max-snippet:-1","max-image-preview":"max-image-preview:large","max-video-preview":"max-video-preview:-1"},"canonical":"https:\/\/www.noticiasradioreflejos.com.ar\/2021\/libra-denuncian-al-fiscal-taiano-por-encubrimiento-y-buscan-interpelar-a-los-milei\/","og_locale":"es_ES","og_type":"article","og_title":"$LIBRA: denuncian al fiscal Taiano por encubrimiento y buscan interpelar a los Milei - Noticias Radio Reflejos","og_description":"Luego de las filtraciones de las comunicaciones entre el Presidente y Novelli, el grupo de opositores que investig\u00f3 el esc\u00e1ndalo cripto exigi\u00f3 la salida del fiscal por demorar la causa. Tambi\u00e9n buscar\u00e1n interpelar a Santiago Caputo y Adorni.","og_url":"https:\/\/www.noticiasradioreflejos.com.ar\/2021\/libra-denuncian-al-fiscal-taiano-por-encubrimiento-y-buscan-interpelar-a-los-milei\/","og_site_name":"Noticias Radio Reflejos","article_published_time":"2026-03-17T00:28:30+00:00","og_image":[{"width":1065,"height":720,"url":"https:\/\/www.noticiasradioreflejos.com.ar\/2021\/wp-content\/uploads\/2025\/04\/Milei.jpg","type":"image\/jpeg"}],"author":"Arnaldo Botto","twitter_card":"summary_large_image","schema":{"@context":"https:\/\/schema.org","@graph":[{"@type":"WebPage","@id":"https:\/\/www.noticiasradioreflejos.com.ar\/2021\/libra-denuncian-al-fiscal-taiano-por-encubrimiento-y-buscan-interpelar-a-los-milei\/","url":"https:\/\/www.noticiasradioreflejos.com.ar\/2021\/libra-denuncian-al-fiscal-taiano-por-encubrimiento-y-buscan-interpelar-a-los-milei\/","name":"$LIBRA: denuncian al fiscal Taiano por encubrimiento y buscan interpelar a los Milei - Noticias Radio Reflejos","isPartOf":{"@id":"https:\/\/www.noticiasradioreflejos.com.ar\/2021\/#website"},"primaryImageOfPage":{"@id":"https:\/\/www.noticiasradioreflejos.com.ar\/2021\/libra-denuncian-al-fiscal-taiano-por-encubrimiento-y-buscan-interpelar-a-los-milei\/#primaryimage"},"image":{"@id":"https:\/\/www.noticiasradioreflejos.com.ar\/2021\/libra-denuncian-al-fiscal-taiano-por-encubrimiento-y-buscan-interpelar-a-los-milei\/#primaryimage"},"thumbnailUrl":"https:\/\/www.noticiasradioreflejos.com.ar\/2021\/wp-content\/uploads\/2025\/04\/Milei.jpg","datePublished":"2026-03-17T00:28:30+00:00","author":{"@id":"https:\/\/www.noticiasradioreflejos.com.ar\/2021\/#\/schema\/person\/ad82545263dcc5ec0996818884fd5fb1"},"breadcrumb":{"@id":"https:\/\/www.noticiasradioreflejos.com.ar\/2021\/libra-denuncian-al-fiscal-taiano-por-encubrimiento-y-buscan-interpelar-a-los-milei\/#breadcrumb"},"inLanguage":"es","potentialAction":[{"@type":"ReadAction","target":["https:\/\/www.noticiasradioreflejos.com.ar\/2021\/libra-denuncian-al-fiscal-taiano-por-encubrimiento-y-buscan-interpelar-a-los-milei\/"]}]},{"@type":"ImageObject","inLanguage":"es","@id":"https:\/\/www.noticiasradioreflejos.com.ar\/2021\/libra-denuncian-al-fiscal-taiano-por-encubrimiento-y-buscan-interpelar-a-los-milei\/#primaryimage","url":"https:\/\/www.noticiasradioreflejos.com.ar\/2021\/wp-content\/uploads\/2025\/04\/Milei.jpg","contentUrl":"https:\/\/www.noticiasradioreflejos.com.ar\/2021\/wp-content\/uploads\/2025\/04\/Milei.jpg","width":1065,"height":720},{"@type":"BreadcrumbList","@id":"https:\/\/www.noticiasradioreflejos.com.ar\/2021\/libra-denuncian-al-fiscal-taiano-por-encubrimiento-y-buscan-interpelar-a-los-milei\/#breadcrumb","itemListElement":[{"@type":"ListItem","position":1,"name":"Portada","item":"https:\/\/www.noticiasradioreflejos.com.ar\/2021\/"},{"@type":"ListItem","position":2,"name":"$LIBRA: denuncian al fiscal Taiano por encubrimiento y buscan interpelar a los Milei"}]},{"@type":"WebSite","@id":"https:\/\/www.noticiasradioreflejos.com.ar\/2021\/#website","url":"https:\/\/www.noticiasradioreflejos.com.ar\/2021\/","name":"Noticias Radio Reflejos","description":"Las noticias de mi comarca","potentialAction":[{"@type":"SearchAction","target":{"@type":"EntryPoint","urlTemplate":"https:\/\/www.noticiasradioreflejos.com.ar\/2021\/?s={search_term_string}"},"query-input":{"@type":"PropertyValueSpecification","valueRequired":true,"valueName":"search_term_string"}}],"inLanguage":"es"},{"@type":"Person","@id":"https:\/\/www.noticiasradioreflejos.com.ar\/2021\/#\/schema\/person\/ad82545263dcc5ec0996818884fd5fb1","name":"Arnaldo Botto","image":{"@type":"ImageObject","inLanguage":"es","@id":"https:\/\/www.noticiasradioreflejos.com.ar\/2021\/#\/schema\/person\/image\/","url":"https:\/\/secure.gravatar.com\/avatar\/55cb5e37c1efa326397366e6974cb338056df65cb50e7d64d1cf314e87504837?s=96&d=mm&r=g","contentUrl":"https:\/\/secure.gravatar.com\/avatar\/55cb5e37c1efa326397366e6974cb338056df65cb50e7d64d1cf314e87504837?s=96&d=mm&r=g","caption":"Arnaldo Botto"},"url":"https:\/\/www.noticiasradioreflejos.com.ar\/2021\/author\/arnaldo\/"}]}},"_links":{"self":[{"href":"https:\/\/www.noticiasradioreflejos.com.ar\/2021\/wp-json\/wp\/v2\/posts\/134189","targetHints":{"allow":["GET"]}}],"collection":[{"href":"https:\/\/www.noticiasradioreflejos.com.ar\/2021\/wp-json\/wp\/v2\/posts"}],"about":[{"href":"https:\/\/www.noticiasradioreflejos.com.ar\/2021\/wp-json\/wp\/v2\/types\/post"}],"author":[{"embeddable":true,"href":"https:\/\/www.noticiasradioreflejos.com.ar\/2021\/wp-json\/wp\/v2\/users\/3"}],"replies":[{"embeddable":true,"href":"https:\/\/www.noticiasradioreflejos.com.ar\/2021\/wp-json\/wp\/v2\/comments?post=134189"}],"version-history":[{"count":1,"href":"https:\/\/www.noticiasradioreflejos.com.ar\/2021\/wp-json\/wp\/v2\/posts\/134189\/revisions"}],"predecessor-version":[{"id":134190,"href":"https:\/\/www.noticiasradioreflejos.com.ar\/2021\/wp-json\/wp\/v2\/posts\/134189\/revisions\/134190"}],"wp:featuredmedia":[{"embeddable":true,"href":"https:\/\/www.noticiasradioreflejos.com.ar\/2021\/wp-json\/wp\/v2\/media\/115229"}],"wp:attachment":[{"href":"https:\/\/www.noticiasradioreflejos.com.ar\/2021\/wp-json\/wp\/v2\/media?parent=134189"}],"wp:term":[{"taxonomy":"category","embeddable":true,"href":"https:\/\/www.noticiasradioreflejos.com.ar\/2021\/wp-json\/wp\/v2\/categories?post=134189"},{"taxonomy":"post_tag","embeddable":true,"href":"https:\/\/www.noticiasradioreflejos.com.ar\/2021\/wp-json\/wp\/v2\/tags?post=134189"}],"curies":[{"name":"wp","href":"https:\/\/api.w.org\/{rel}","templated":true}]}}