{"id":134179,"date":"2026-03-16T21:22:15","date_gmt":"2026-03-17T00:22:15","guid":{"rendered":"https:\/\/www.noticiasradioreflejos.com.ar\/2021\/?p=134179"},"modified":"2026-03-16T21:22:16","modified_gmt":"2026-03-17T00:22:16","slug":"huella-serrana-brillo-en-tandil-y-monte-hermoso-con-destacadas-actuaciones","status":"publish","type":"post","link":"https:\/\/www.noticiasradioreflejos.com.ar\/2021\/huella-serrana-brillo-en-tandil-y-monte-hermoso-con-destacadas-actuaciones\/","title":{"rendered":"Huella Serrana brill\u00f3 en Tandil y Monte Hermoso con destacadas actuaciones"},"content":{"rendered":"<p>Integrantes del grupo de entrenamiento local participaron este domingo de la emblem\u00e1tica Adventure Race en las sierras tandileras y del Triatl\u00f3n en Monte Hermoso. Con podios y debuts exitosos, los corredores de Sierra de la Ventana reafirmaron su compromiso deportivo de cara a los pr\u00f3ximos desaf\u00edos del calendario, como el Reto al Filo y la M42.<!--more--><\/p>\n<p>Tres corredores de @huellaSerrana_sdlv estuvieron presentes en la 25\u00b0 edici\u00f3n Adventure Race Tandil 2026, que se desarroll\u00f3 este domingo 15\/3.<br \/>\nEn 11K Gabriel Campos en la categor\u00eda 50-59 quedando 72 en la categor\u00eda y 636 en la general.<br \/>\nY en 29K Micaela Costas en la categor\u00eda 50-59 obtuvo el 4to puesto en la categor\u00eda y 401 en la general, Marcela Rey tambi\u00e9n en categor\u00eda 50-59, 34 en la categor\u00eda y 1120 en la general.<\/p>\n<p>El mismo d\u00eda en otro punto de la provincia de Bs As, debutaron dos corredoras en el Triatl\u00f3n de Monte Hermoso, en la modalidad MTB D categor\u00eda +40 Anabella Corbetto y Mar\u00eda Eugenia Haun, clasificando 1era y 2da respectivamente.<br \/>\nFelicitaciones por el compromiso con el entrenamiento y los logros obtenidos. A seguir entrenando que tenemos por delante varios desaf\u00edos: Reto al filo y M42<\/p>\n<p>&nbsp;<\/p>\n<p><a href=\"https:\/\/www.noticiasradioreflejos.com.ar\/2021\/huella-serrana-brillo-en-tandil-y-monte-hermoso-con-destacadas-actuaciones\/whatsapp-image-2026-03-16-at-19-11-34-2\/\" rel=\"attachment wp-att-134184\"><img loading=\"lazy\" decoding=\"async\" class=\"aligncenter size-full wp-image-134184\" src=\"https:\/\/www.noticiasradioreflejos.com.ar\/2021\/wp-content\/uploads\/2026\/03\/WhatsApp-Image-2026-03-16-at-19.11.34-1.jpeg\" alt=\"\" width=\"1564\" height=\"1600\" srcset=\"https:\/\/www.noticiasradioreflejos.com.ar\/2021\/wp-content\/uploads\/2026\/03\/WhatsApp-Image-2026-03-16-at-19.11.34-1.jpeg 1564w, https:\/\/www.noticiasradioreflejos.com.ar\/2021\/wp-content\/uploads\/2026\/03\/WhatsApp-Image-2026-03-16-at-19.11.34-1-293x300.jpeg 293w, https:\/\/www.noticiasradioreflejos.com.ar\/2021\/wp-content\/uploads\/2026\/03\/WhatsApp-Image-2026-03-16-at-19.11.34-1-1001x1024.jpeg 1001w, https:\/\/www.noticiasradioreflejos.com.ar\/2021\/wp-content\/uploads\/2026\/03\/WhatsApp-Image-2026-03-16-at-19.11.34-1-768x786.jpeg 768w, https:\/\/www.noticiasradioreflejos.com.ar\/2021\/wp-content\/uploads\/2026\/03\/WhatsApp-Image-2026-03-16-at-19.11.34-1-1501x1536.jpeg 1501w, https:\/\/www.noticiasradioreflejos.com.ar\/2021\/wp-content\/uploads\/2026\/03\/WhatsApp-Image-2026-03-16-at-19.11.34-1-750x767.jpeg 750w, https:\/\/www.noticiasradioreflejos.com.ar\/2021\/wp-content\/uploads\/2026\/03\/WhatsApp-Image-2026-03-16-at-19.11.34-1-1140x1166.jpeg 1140w\" sizes=\"auto, (max-width: 1564px) 100vw, 1564px\" \/><\/a> <a href=\"https:\/\/www.noticiasradioreflejos.com.ar\/2021\/huella-serrana-brillo-en-tandil-y-monte-hermoso-con-destacadas-actuaciones\/whatsapp-image-2026-03-16-at-19-15-26-2\/\" rel=\"attachment wp-att-134185\"><img loading=\"lazy\" decoding=\"async\" class=\"aligncenter size-full wp-image-134185\" src=\"https:\/\/www.noticiasradioreflejos.com.ar\/2021\/wp-content\/uploads\/2026\/03\/WhatsApp-Image-2026-03-16-at-19.15.26-1.jpeg\" alt=\"\" width=\"899\" height=\"1599\" srcset=\"https:\/\/www.noticiasradioreflejos.com.ar\/2021\/wp-content\/uploads\/2026\/03\/WhatsApp-Image-2026-03-16-at-19.15.26-1.jpeg 899w, https:\/\/www.noticiasradioreflejos.com.ar\/2021\/wp-content\/uploads\/2026\/03\/WhatsApp-Image-2026-03-16-at-19.15.26-1-169x300.jpeg 169w, https:\/\/www.noticiasradioreflejos.com.ar\/2021\/wp-content\/uploads\/2026\/03\/WhatsApp-Image-2026-03-16-at-19.15.26-1-576x1024.jpeg 576w, https:\/\/www.noticiasradioreflejos.com.ar\/2021\/wp-content\/uploads\/2026\/03\/WhatsApp-Image-2026-03-16-at-19.15.26-1-768x1366.jpeg 768w, https:\/\/www.noticiasradioreflejos.com.ar\/2021\/wp-content\/uploads\/2026\/03\/WhatsApp-Image-2026-03-16-at-19.15.26-1-864x1536.jpeg 864w, https:\/\/www.noticiasradioreflejos.com.ar\/2021\/wp-content\/uploads\/2026\/03\/WhatsApp-Image-2026-03-16-at-19.15.26-1-750x1334.jpeg 750w\" sizes=\"auto, (max-width: 899px) 100vw, 899px\" \/><\/a> <a href=\"https:\/\/www.noticiasradioreflejos.com.ar\/2021\/huella-serrana-brillo-en-tandil-y-monte-hermoso-con-destacadas-actuaciones\/whatsapp-image-2026-03-16-at-19-15-10-2\/\" rel=\"attachment wp-att-134186\"><img loading=\"lazy\" decoding=\"async\" class=\"aligncenter size-full wp-image-134186\" src=\"https:\/\/www.noticiasradioreflejos.com.ar\/2021\/wp-content\/uploads\/2026\/03\/WhatsApp-Image-2026-03-16-at-19.15.10-1.jpeg\" alt=\"\" width=\"1080\" height=\"1417\" srcset=\"https:\/\/www.noticiasradioreflejos.com.ar\/2021\/wp-content\/uploads\/2026\/03\/WhatsApp-Image-2026-03-16-at-19.15.10-1.jpeg 1080w, https:\/\/www.noticiasradioreflejos.com.ar\/2021\/wp-content\/uploads\/2026\/03\/WhatsApp-Image-2026-03-16-at-19.15.10-1-229x300.jpeg 229w, https:\/\/www.noticiasradioreflejos.com.ar\/2021\/wp-content\/uploads\/2026\/03\/WhatsApp-Image-2026-03-16-at-19.15.10-1-780x1024.jpeg 780w, https:\/\/www.noticiasradioreflejos.com.ar\/2021\/wp-content\/uploads\/2026\/03\/WhatsApp-Image-2026-03-16-at-19.15.10-1-768x1008.jpeg 768w, https:\/\/www.noticiasradioreflejos.com.ar\/2021\/wp-content\/uploads\/2026\/03\/WhatsApp-Image-2026-03-16-at-19.15.10-1-750x984.jpeg 750w\" sizes=\"auto, (max-width: 1080px) 100vw, 1080px\" \/><\/a><\/p>\n<p>Prof. de Educaci\u00f3n F\u00edsica y Lic. en Nutrici\u00f3n Marcela Rey<\/p>\n","protected":false},"excerpt":{"rendered":"<p>Integrantes del grupo de entrenamiento local participaron este domingo de la emblem\u00e1tica Adventure Race en las sierras tandileras y del Triatl\u00f3n en Monte Hermoso. Con podios y debuts exitosos, los corredores de Sierra de la Ventana reafirmaron su compromiso deportivo de cara a los pr\u00f3ximos desaf\u00edos del calendario, como el Reto al Filo y la [&hellip;]<\/p>\n","protected":false},"author":3,"featured_media":134183,"comment_status":"closed","ping_status":"closed","sticky":false,"template":"","format":"standard","meta":{"footnotes":""},"categories":[27],"tags":[],"class_list":["post-134179","post","type-post","status-publish","format-standard","has-post-thumbnail","hentry","category-deportes"],"yoast_head":"<!-- This site is optimized with the Yoast SEO plugin v25.9 - https:\/\/yoast.com\/wordpress\/plugins\/seo\/ -->\n<title>Huella Serrana brill\u00f3 en Tandil y Monte Hermoso con destacadas actuaciones - Noticias Radio Reflejos<\/title>\n<meta name=\"robots\" content=\"index, follow, max-snippet:-1, max-image-preview:large, max-video-preview:-1\" \/>\n<link rel=\"canonical\" href=\"https:\/\/www.noticiasradioreflejos.com.ar\/2021\/huella-serrana-brillo-en-tandil-y-monte-hermoso-con-destacadas-actuaciones\/\" \/>\n<meta property=\"og:locale\" content=\"es_ES\" \/>\n<meta property=\"og:type\" content=\"article\" \/>\n<meta property=\"og:title\" content=\"Huella Serrana brill\u00f3 en Tandil y Monte Hermoso con destacadas actuaciones - Noticias Radio Reflejos\" \/>\n<meta property=\"og:description\" content=\"Integrantes del grupo de entrenamiento local participaron este domingo de la emblem\u00e1tica Adventure Race en las sierras tandileras y del Triatl\u00f3n en Monte Hermoso. Con podios y debuts exitosos, los corredores de Sierra de la Ventana reafirmaron su compromiso deportivo de cara a los pr\u00f3ximos desaf\u00edos del calendario, como el Reto al Filo y la [&hellip;]\" \/>\n<meta property=\"og:url\" content=\"https:\/\/www.noticiasradioreflejos.com.ar\/2021\/huella-serrana-brillo-en-tandil-y-monte-hermoso-con-destacadas-actuaciones\/\" \/>\n<meta property=\"og:site_name\" content=\"Noticias Radio Reflejos\" \/>\n<meta property=\"article:published_time\" content=\"2026-03-17T00:22:15+00:00\" \/>\n<meta property=\"article:modified_time\" content=\"2026-03-17T00:22:16+00:00\" \/>\n<meta property=\"og:image\" content=\"https:\/\/www.noticiasradioreflejos.com.ar\/2021\/wp-content\/uploads\/2026\/03\/WhatsApp-Image-2026-03-16-at-19.12.15.jpeg\" \/>\n\t<meta property=\"og:image:width\" content=\"1204\" \/>\n\t<meta property=\"og:image:height\" content=\"1107\" \/>\n\t<meta property=\"og:image:type\" content=\"image\/jpeg\" \/>\n<meta name=\"author\" content=\"Arnaldo Botto\" \/>\n<meta name=\"twitter:card\" content=\"summary_large_image\" \/>\n<script type=\"application\/ld+json\" class=\"yoast-schema-graph\">{\"@context\":\"https:\/\/schema.org\",\"@graph\":[{\"@type\":\"WebPage\",\"@id\":\"https:\/\/www.noticiasradioreflejos.com.ar\/2021\/huella-serrana-brillo-en-tandil-y-monte-hermoso-con-destacadas-actuaciones\/\",\"url\":\"https:\/\/www.noticiasradioreflejos.com.ar\/2021\/huella-serrana-brillo-en-tandil-y-monte-hermoso-con-destacadas-actuaciones\/\",\"name\":\"Huella Serrana brill\u00f3 en Tandil y Monte Hermoso con destacadas actuaciones - Noticias Radio Reflejos\",\"isPartOf\":{\"@id\":\"https:\/\/www.noticiasradioreflejos.com.ar\/2021\/#website\"},\"primaryImageOfPage\":{\"@id\":\"https:\/\/www.noticiasradioreflejos.com.ar\/2021\/huella-serrana-brillo-en-tandil-y-monte-hermoso-con-destacadas-actuaciones\/#primaryimage\"},\"image\":{\"@id\":\"https:\/\/www.noticiasradioreflejos.com.ar\/2021\/huella-serrana-brillo-en-tandil-y-monte-hermoso-con-destacadas-actuaciones\/#primaryimage\"},\"thumbnailUrl\":\"https:\/\/www.noticiasradioreflejos.com.ar\/2021\/wp-content\/uploads\/2026\/03\/WhatsApp-Image-2026-03-16-at-19.12.15.jpeg\",\"datePublished\":\"2026-03-17T00:22:15+00:00\",\"dateModified\":\"2026-03-17T00:22:16+00:00\",\"author\":{\"@id\":\"https:\/\/www.noticiasradioreflejos.com.ar\/2021\/#\/schema\/person\/ad82545263dcc5ec0996818884fd5fb1\"},\"breadcrumb\":{\"@id\":\"https:\/\/www.noticiasradioreflejos.com.ar\/2021\/huella-serrana-brillo-en-tandil-y-monte-hermoso-con-destacadas-actuaciones\/#breadcrumb\"},\"inLanguage\":\"es\",\"potentialAction\":[{\"@type\":\"ReadAction\",\"target\":[\"https:\/\/www.noticiasradioreflejos.com.ar\/2021\/huella-serrana-brillo-en-tandil-y-monte-hermoso-con-destacadas-actuaciones\/\"]}]},{\"@type\":\"ImageObject\",\"inLanguage\":\"es\",\"@id\":\"https:\/\/www.noticiasradioreflejos.com.ar\/2021\/huella-serrana-brillo-en-tandil-y-monte-hermoso-con-destacadas-actuaciones\/#primaryimage\",\"url\":\"https:\/\/www.noticiasradioreflejos.com.ar\/2021\/wp-content\/uploads\/2026\/03\/WhatsApp-Image-2026-03-16-at-19.12.15.jpeg\",\"contentUrl\":\"https:\/\/www.noticiasradioreflejos.com.ar\/2021\/wp-content\/uploads\/2026\/03\/WhatsApp-Image-2026-03-16-at-19.12.15.jpeg\",\"width\":1204,\"height\":1107},{\"@type\":\"BreadcrumbList\",\"@id\":\"https:\/\/www.noticiasradioreflejos.com.ar\/2021\/huella-serrana-brillo-en-tandil-y-monte-hermoso-con-destacadas-actuaciones\/#breadcrumb\",\"itemListElement\":[{\"@type\":\"ListItem\",\"position\":1,\"name\":\"Portada\",\"item\":\"https:\/\/www.noticiasradioreflejos.com.ar\/2021\/\"},{\"@type\":\"ListItem\",\"position\":2,\"name\":\"Huella Serrana brill\u00f3 en Tandil y Monte Hermoso con destacadas actuaciones\"}]},{\"@type\":\"WebSite\",\"@id\":\"https:\/\/www.noticiasradioreflejos.com.ar\/2021\/#website\",\"url\":\"https:\/\/www.noticiasradioreflejos.com.ar\/2021\/\",\"name\":\"Noticias Radio Reflejos\",\"description\":\"Las noticias de mi comarca\",\"potentialAction\":[{\"@type\":\"SearchAction\",\"target\":{\"@type\":\"EntryPoint\",\"urlTemplate\":\"https:\/\/www.noticiasradioreflejos.com.ar\/2021\/?s={search_term_string}\"},\"query-input\":{\"@type\":\"PropertyValueSpecification\",\"valueRequired\":true,\"valueName\":\"search_term_string\"}}],\"inLanguage\":\"es\"},{\"@type\":\"Person\",\"@id\":\"https:\/\/www.noticiasradioreflejos.com.ar\/2021\/#\/schema\/person\/ad82545263dcc5ec0996818884fd5fb1\",\"name\":\"Arnaldo Botto\",\"image\":{\"@type\":\"ImageObject\",\"inLanguage\":\"es\",\"@id\":\"https:\/\/www.noticiasradioreflejos.com.ar\/2021\/#\/schema\/person\/image\/\",\"url\":\"https:\/\/secure.gravatar.com\/avatar\/55cb5e37c1efa326397366e6974cb338056df65cb50e7d64d1cf314e87504837?s=96&d=mm&r=g\",\"contentUrl\":\"https:\/\/secure.gravatar.com\/avatar\/55cb5e37c1efa326397366e6974cb338056df65cb50e7d64d1cf314e87504837?s=96&d=mm&r=g\",\"caption\":\"Arnaldo Botto\"},\"url\":\"https:\/\/www.noticiasradioreflejos.com.ar\/2021\/author\/arnaldo\/\"}]}<\/script>\n<!-- \/ Yoast SEO plugin. -->","yoast_head_json":{"title":"Huella Serrana brill\u00f3 en Tandil y Monte Hermoso con destacadas actuaciones - Noticias Radio Reflejos","robots":{"index":"index","follow":"follow","max-snippet":"max-snippet:-1","max-image-preview":"max-image-preview:large","max-video-preview":"max-video-preview:-1"},"canonical":"https:\/\/www.noticiasradioreflejos.com.ar\/2021\/huella-serrana-brillo-en-tandil-y-monte-hermoso-con-destacadas-actuaciones\/","og_locale":"es_ES","og_type":"article","og_title":"Huella Serrana brill\u00f3 en Tandil y Monte Hermoso con destacadas actuaciones - Noticias Radio Reflejos","og_description":"Integrantes del grupo de entrenamiento local participaron este domingo de la emblem\u00e1tica Adventure Race en las sierras tandileras y del Triatl\u00f3n en Monte Hermoso. Con podios y debuts exitosos, los corredores de Sierra de la Ventana reafirmaron su compromiso deportivo de cara a los pr\u00f3ximos desaf\u00edos del calendario, como el Reto al Filo y la [&hellip;]","og_url":"https:\/\/www.noticiasradioreflejos.com.ar\/2021\/huella-serrana-brillo-en-tandil-y-monte-hermoso-con-destacadas-actuaciones\/","og_site_name":"Noticias Radio Reflejos","article_published_time":"2026-03-17T00:22:15+00:00","article_modified_time":"2026-03-17T00:22:16+00:00","og_image":[{"width":1204,"height":1107,"url":"https:\/\/www.noticiasradioreflejos.com.ar\/2021\/wp-content\/uploads\/2026\/03\/WhatsApp-Image-2026-03-16-at-19.12.15.jpeg","type":"image\/jpeg"}],"author":"Arnaldo Botto","twitter_card":"summary_large_image","schema":{"@context":"https:\/\/schema.org","@graph":[{"@type":"WebPage","@id":"https:\/\/www.noticiasradioreflejos.com.ar\/2021\/huella-serrana-brillo-en-tandil-y-monte-hermoso-con-destacadas-actuaciones\/","url":"https:\/\/www.noticiasradioreflejos.com.ar\/2021\/huella-serrana-brillo-en-tandil-y-monte-hermoso-con-destacadas-actuaciones\/","name":"Huella Serrana brill\u00f3 en Tandil y Monte Hermoso con destacadas actuaciones - Noticias Radio Reflejos","isPartOf":{"@id":"https:\/\/www.noticiasradioreflejos.com.ar\/2021\/#website"},"primaryImageOfPage":{"@id":"https:\/\/www.noticiasradioreflejos.com.ar\/2021\/huella-serrana-brillo-en-tandil-y-monte-hermoso-con-destacadas-actuaciones\/#primaryimage"},"image":{"@id":"https:\/\/www.noticiasradioreflejos.com.ar\/2021\/huella-serrana-brillo-en-tandil-y-monte-hermoso-con-destacadas-actuaciones\/#primaryimage"},"thumbnailUrl":"https:\/\/www.noticiasradioreflejos.com.ar\/2021\/wp-content\/uploads\/2026\/03\/WhatsApp-Image-2026-03-16-at-19.12.15.jpeg","datePublished":"2026-03-17T00:22:15+00:00","dateModified":"2026-03-17T00:22:16+00:00","author":{"@id":"https:\/\/www.noticiasradioreflejos.com.ar\/2021\/#\/schema\/person\/ad82545263dcc5ec0996818884fd5fb1"},"breadcrumb":{"@id":"https:\/\/www.noticiasradioreflejos.com.ar\/2021\/huella-serrana-brillo-en-tandil-y-monte-hermoso-con-destacadas-actuaciones\/#breadcrumb"},"inLanguage":"es","potentialAction":[{"@type":"ReadAction","target":["https:\/\/www.noticiasradioreflejos.com.ar\/2021\/huella-serrana-brillo-en-tandil-y-monte-hermoso-con-destacadas-actuaciones\/"]}]},{"@type":"ImageObject","inLanguage":"es","@id":"https:\/\/www.noticiasradioreflejos.com.ar\/2021\/huella-serrana-brillo-en-tandil-y-monte-hermoso-con-destacadas-actuaciones\/#primaryimage","url":"https:\/\/www.noticiasradioreflejos.com.ar\/2021\/wp-content\/uploads\/2026\/03\/WhatsApp-Image-2026-03-16-at-19.12.15.jpeg","contentUrl":"https:\/\/www.noticiasradioreflejos.com.ar\/2021\/wp-content\/uploads\/2026\/03\/WhatsApp-Image-2026-03-16-at-19.12.15.jpeg","width":1204,"height":1107},{"@type":"BreadcrumbList","@id":"https:\/\/www.noticiasradioreflejos.com.ar\/2021\/huella-serrana-brillo-en-tandil-y-monte-hermoso-con-destacadas-actuaciones\/#breadcrumb","itemListElement":[{"@type":"ListItem","position":1,"name":"Portada","item":"https:\/\/www.noticiasradioreflejos.com.ar\/2021\/"},{"@type":"ListItem","position":2,"name":"Huella Serrana brill\u00f3 en Tandil y Monte Hermoso con destacadas actuaciones"}]},{"@type":"WebSite","@id":"https:\/\/www.noticiasradioreflejos.com.ar\/2021\/#website","url":"https:\/\/www.noticiasradioreflejos.com.ar\/2021\/","name":"Noticias Radio Reflejos","description":"Las noticias de mi comarca","potentialAction":[{"@type":"SearchAction","target":{"@type":"EntryPoint","urlTemplate":"https:\/\/www.noticiasradioreflejos.com.ar\/2021\/?s={search_term_string}"},"query-input":{"@type":"PropertyValueSpecification","valueRequired":true,"valueName":"search_term_string"}}],"inLanguage":"es"},{"@type":"Person","@id":"https:\/\/www.noticiasradioreflejos.com.ar\/2021\/#\/schema\/person\/ad82545263dcc5ec0996818884fd5fb1","name":"Arnaldo Botto","image":{"@type":"ImageObject","inLanguage":"es","@id":"https:\/\/www.noticiasradioreflejos.com.ar\/2021\/#\/schema\/person\/image\/","url":"https:\/\/secure.gravatar.com\/avatar\/55cb5e37c1efa326397366e6974cb338056df65cb50e7d64d1cf314e87504837?s=96&d=mm&r=g","contentUrl":"https:\/\/secure.gravatar.com\/avatar\/55cb5e37c1efa326397366e6974cb338056df65cb50e7d64d1cf314e87504837?s=96&d=mm&r=g","caption":"Arnaldo Botto"},"url":"https:\/\/www.noticiasradioreflejos.com.ar\/2021\/author\/arnaldo\/"}]}},"_links":{"self":[{"href":"https:\/\/www.noticiasradioreflejos.com.ar\/2021\/wp-json\/wp\/v2\/posts\/134179","targetHints":{"allow":["GET"]}}],"collection":[{"href":"https:\/\/www.noticiasradioreflejos.com.ar\/2021\/wp-json\/wp\/v2\/posts"}],"about":[{"href":"https:\/\/www.noticiasradioreflejos.com.ar\/2021\/wp-json\/wp\/v2\/types\/post"}],"author":[{"embeddable":true,"href":"https:\/\/www.noticiasradioreflejos.com.ar\/2021\/wp-json\/wp\/v2\/users\/3"}],"replies":[{"embeddable":true,"href":"https:\/\/www.noticiasradioreflejos.com.ar\/2021\/wp-json\/wp\/v2\/comments?post=134179"}],"version-history":[{"count":2,"href":"https:\/\/www.noticiasradioreflejos.com.ar\/2021\/wp-json\/wp\/v2\/posts\/134179\/revisions"}],"predecessor-version":[{"id":134188,"href":"https:\/\/www.noticiasradioreflejos.com.ar\/2021\/wp-json\/wp\/v2\/posts\/134179\/revisions\/134188"}],"wp:featuredmedia":[{"embeddable":true,"href":"https:\/\/www.noticiasradioreflejos.com.ar\/2021\/wp-json\/wp\/v2\/media\/134183"}],"wp:attachment":[{"href":"https:\/\/www.noticiasradioreflejos.com.ar\/2021\/wp-json\/wp\/v2\/media?parent=134179"}],"wp:term":[{"taxonomy":"category","embeddable":true,"href":"https:\/\/www.noticiasradioreflejos.com.ar\/2021\/wp-json\/wp\/v2\/categories?post=134179"},{"taxonomy":"post_tag","embeddable":true,"href":"https:\/\/www.noticiasradioreflejos.com.ar\/2021\/wp-json\/wp\/v2\/tags?post=134179"}],"curies":[{"name":"wp","href":"https:\/\/api.w.org\/{rel}","templated":true}]}}