{"id":134163,"date":"2026-03-16T12:29:49","date_gmt":"2026-03-16T15:29:49","guid":{"rendered":"https:\/\/www.noticiasradioreflejos.com.ar\/2021\/?p=134163"},"modified":"2026-03-16T21:03:30","modified_gmt":"2026-03-17T00:03:30","slug":"precaucion-en-el-ingreso-a-sierra-de-la-ventana-una-camioneta-obstruye-media-calzada-en-la-ruta-72","status":"publish","type":"post","link":"https:\/\/www.noticiasradioreflejos.com.ar\/2021\/precaucion-en-el-ingreso-a-sierra-de-la-ventana-una-camioneta-obstruye-media-calzada-en-la-ruta-72\/","title":{"rendered":"Precauci\u00f3n en el ingreso a Sierra de la Ventana: una camioneta obstruye media calzada en la ruta 72"},"content":{"rendered":"<p>Debido a un desperfecto mec\u00e1nico, una Toyota Hilux qued\u00f3 detenida sobre la cinta asf\u00e1ltica a la altura del acceso a Valle Hermoso. Personal de Tr\u00e1nsito Municipal trabaja en el lugar para ordenar el flujo vehicular. Se solicita a los conductores extremar las medidas de seguridad al circular por la zona de lomos de burro y la garita de seguridad.<!--more--><\/p>\n<p data-path-to-node=\"4\">Una situaci\u00f3n de riesgo vial se registra en estos momentos en el principal acceso a nuestra localidad. Por un desperfecto mec\u00e1nico imprevisto, una camioneta <b data-path-to-node=\"4\" data-index-in-node=\"180\">Toyota Hilux<\/b> se encuentra obstruyendo media calzada de la <b data-path-to-node=\"4\" data-index-in-node=\"238\">Ruta Provincial 72<\/b>, dificultando el tr\u00e1nsito normal.<\/p>\n<p data-path-to-node=\"6\">El veh\u00edculo qued\u00f3 varado exactamente a la altura del lomos de burro y la garita de seguridad del barrio <b data-path-to-node=\"6\" data-index-in-node=\"107\">Valle Hermoso<\/b>, un sector cr\u00edtico debido a la reducci\u00f3n de velocidad obligatoria y la constante afluencia de veh\u00edculos que ingresan y egresan de la localidad.<\/p>\n<p data-path-to-node=\"8\">Personal de <b data-path-to-node=\"8\" data-index-in-node=\"12\">Tr\u00e1nsito Municipal<\/b> se desplaz\u00f3 r\u00e1pidamente al lugar y se encuentra realizando tareas de abanderamiento y gu\u00eda para los automovilistas. El objetivo es evitar colisiones y permitir que el tr\u00e1nsito fluya de manera alternada mientras se aguarda el retiro del rodado.<\/p>\n<h3 data-path-to-node=\"9\"><b data-path-to-node=\"9\" data-index-in-node=\"0\">Pedido de m\u00e1xima precauci\u00f3n<\/b><\/h3>\n<p data-path-to-node=\"10\">Desde las autoridades locales se pide <b data-path-to-node=\"10\" data-index-in-node=\"38\">m\u00e1xima precauci\u00f3n<\/b> a quienes circulan por la zona, especialmente a aquellos que lo hacen en sentido hacia el interior de la localidad. Se recomienda disminuir la velocidad con antelaci\u00f3n y seguir estrictamente las indicaciones del personal apostado en la ruta para evitar accidentes.<\/p>\n","protected":false},"excerpt":{"rendered":"<p>Debido a un desperfecto mec\u00e1nico, una Toyota Hilux qued\u00f3 detenida sobre la cinta asf\u00e1ltica a la altura del acceso a Valle Hermoso. Personal de Tr\u00e1nsito Municipal trabaja en el lugar para ordenar el flujo vehicular. Se solicita a los conductores extremar las medidas de seguridad al circular por la zona de lomos de burro y [&hellip;]<\/p>\n","protected":false},"author":3,"featured_media":134164,"comment_status":"closed","ping_status":"closed","sticky":false,"template":"","format":"standard","meta":{"footnotes":""},"categories":[28,26],"tags":[],"class_list":["post-134163","post","type-post","status-publish","format-standard","has-post-thumbnail","hentry","category-municipales","category-sociedad"],"yoast_head":"<!-- This site is optimized with the Yoast SEO plugin v25.9 - https:\/\/yoast.com\/wordpress\/plugins\/seo\/ -->\n<title>Precauci\u00f3n en el ingreso a Sierra de la Ventana: una camioneta obstruye media calzada en la ruta 72 - Noticias Radio Reflejos<\/title>\n<meta name=\"robots\" content=\"index, follow, max-snippet:-1, max-image-preview:large, max-video-preview:-1\" \/>\n<link rel=\"canonical\" href=\"https:\/\/www.noticiasradioreflejos.com.ar\/2021\/precaucion-en-el-ingreso-a-sierra-de-la-ventana-una-camioneta-obstruye-media-calzada-en-la-ruta-72\/\" \/>\n<meta property=\"og:locale\" content=\"es_ES\" \/>\n<meta property=\"og:type\" content=\"article\" \/>\n<meta property=\"og:title\" content=\"Precauci\u00f3n en el ingreso a Sierra de la Ventana: una camioneta obstruye media calzada en la ruta 72 - Noticias Radio Reflejos\" \/>\n<meta property=\"og:description\" content=\"Debido a un desperfecto mec\u00e1nico, una Toyota Hilux qued\u00f3 detenida sobre la cinta asf\u00e1ltica a la altura del acceso a Valle Hermoso. Personal de Tr\u00e1nsito Municipal trabaja en el lugar para ordenar el flujo vehicular. Se solicita a los conductores extremar las medidas de seguridad al circular por la zona de lomos de burro y [&hellip;]\" \/>\n<meta property=\"og:url\" content=\"https:\/\/www.noticiasradioreflejos.com.ar\/2021\/precaucion-en-el-ingreso-a-sierra-de-la-ventana-una-camioneta-obstruye-media-calzada-en-la-ruta-72\/\" \/>\n<meta property=\"og:site_name\" content=\"Noticias Radio Reflejos\" \/>\n<meta property=\"article:published_time\" content=\"2026-03-16T15:29:49+00:00\" \/>\n<meta property=\"article:modified_time\" content=\"2026-03-17T00:03:30+00:00\" \/>\n<meta property=\"og:image\" content=\"https:\/\/www.noticiasradioreflejos.com.ar\/2021\/wp-content\/uploads\/2026\/03\/WhatsApp-Image-2026-03-16-at-12.22.31-1.jpeg\" \/>\n\t<meta property=\"og:image:width\" content=\"1280\" \/>\n\t<meta property=\"og:image:height\" content=\"576\" \/>\n\t<meta property=\"og:image:type\" content=\"image\/jpeg\" \/>\n<meta name=\"author\" content=\"Arnaldo Botto\" \/>\n<meta name=\"twitter:card\" content=\"summary_large_image\" \/>\n<script type=\"application\/ld+json\" class=\"yoast-schema-graph\">{\"@context\":\"https:\/\/schema.org\",\"@graph\":[{\"@type\":\"WebPage\",\"@id\":\"https:\/\/www.noticiasradioreflejos.com.ar\/2021\/precaucion-en-el-ingreso-a-sierra-de-la-ventana-una-camioneta-obstruye-media-calzada-en-la-ruta-72\/\",\"url\":\"https:\/\/www.noticiasradioreflejos.com.ar\/2021\/precaucion-en-el-ingreso-a-sierra-de-la-ventana-una-camioneta-obstruye-media-calzada-en-la-ruta-72\/\",\"name\":\"Precauci\u00f3n en el ingreso a Sierra de la Ventana: una camioneta obstruye media calzada en la ruta 72 - Noticias Radio Reflejos\",\"isPartOf\":{\"@id\":\"https:\/\/www.noticiasradioreflejos.com.ar\/2021\/#website\"},\"primaryImageOfPage\":{\"@id\":\"https:\/\/www.noticiasradioreflejos.com.ar\/2021\/precaucion-en-el-ingreso-a-sierra-de-la-ventana-una-camioneta-obstruye-media-calzada-en-la-ruta-72\/#primaryimage\"},\"image\":{\"@id\":\"https:\/\/www.noticiasradioreflejos.com.ar\/2021\/precaucion-en-el-ingreso-a-sierra-de-la-ventana-una-camioneta-obstruye-media-calzada-en-la-ruta-72\/#primaryimage\"},\"thumbnailUrl\":\"https:\/\/www.noticiasradioreflejos.com.ar\/2021\/wp-content\/uploads\/2026\/03\/WhatsApp-Image-2026-03-16-at-12.22.31-1.jpeg\",\"datePublished\":\"2026-03-16T15:29:49+00:00\",\"dateModified\":\"2026-03-17T00:03:30+00:00\",\"author\":{\"@id\":\"https:\/\/www.noticiasradioreflejos.com.ar\/2021\/#\/schema\/person\/ad82545263dcc5ec0996818884fd5fb1\"},\"breadcrumb\":{\"@id\":\"https:\/\/www.noticiasradioreflejos.com.ar\/2021\/precaucion-en-el-ingreso-a-sierra-de-la-ventana-una-camioneta-obstruye-media-calzada-en-la-ruta-72\/#breadcrumb\"},\"inLanguage\":\"es\",\"potentialAction\":[{\"@type\":\"ReadAction\",\"target\":[\"https:\/\/www.noticiasradioreflejos.com.ar\/2021\/precaucion-en-el-ingreso-a-sierra-de-la-ventana-una-camioneta-obstruye-media-calzada-en-la-ruta-72\/\"]}]},{\"@type\":\"ImageObject\",\"inLanguage\":\"es\",\"@id\":\"https:\/\/www.noticiasradioreflejos.com.ar\/2021\/precaucion-en-el-ingreso-a-sierra-de-la-ventana-una-camioneta-obstruye-media-calzada-en-la-ruta-72\/#primaryimage\",\"url\":\"https:\/\/www.noticiasradioreflejos.com.ar\/2021\/wp-content\/uploads\/2026\/03\/WhatsApp-Image-2026-03-16-at-12.22.31-1.jpeg\",\"contentUrl\":\"https:\/\/www.noticiasradioreflejos.com.ar\/2021\/wp-content\/uploads\/2026\/03\/WhatsApp-Image-2026-03-16-at-12.22.31-1.jpeg\",\"width\":1280,\"height\":576},{\"@type\":\"BreadcrumbList\",\"@id\":\"https:\/\/www.noticiasradioreflejos.com.ar\/2021\/precaucion-en-el-ingreso-a-sierra-de-la-ventana-una-camioneta-obstruye-media-calzada-en-la-ruta-72\/#breadcrumb\",\"itemListElement\":[{\"@type\":\"ListItem\",\"position\":1,\"name\":\"Portada\",\"item\":\"https:\/\/www.noticiasradioreflejos.com.ar\/2021\/\"},{\"@type\":\"ListItem\",\"position\":2,\"name\":\"Precauci\u00f3n en el ingreso a Sierra de la Ventana: una camioneta obstruye media calzada en la ruta 72\"}]},{\"@type\":\"WebSite\",\"@id\":\"https:\/\/www.noticiasradioreflejos.com.ar\/2021\/#website\",\"url\":\"https:\/\/www.noticiasradioreflejos.com.ar\/2021\/\",\"name\":\"Noticias Radio Reflejos\",\"description\":\"Las noticias de mi comarca\",\"potentialAction\":[{\"@type\":\"SearchAction\",\"target\":{\"@type\":\"EntryPoint\",\"urlTemplate\":\"https:\/\/www.noticiasradioreflejos.com.ar\/2021\/?s={search_term_string}\"},\"query-input\":{\"@type\":\"PropertyValueSpecification\",\"valueRequired\":true,\"valueName\":\"search_term_string\"}}],\"inLanguage\":\"es\"},{\"@type\":\"Person\",\"@id\":\"https:\/\/www.noticiasradioreflejos.com.ar\/2021\/#\/schema\/person\/ad82545263dcc5ec0996818884fd5fb1\",\"name\":\"Arnaldo Botto\",\"image\":{\"@type\":\"ImageObject\",\"inLanguage\":\"es\",\"@id\":\"https:\/\/www.noticiasradioreflejos.com.ar\/2021\/#\/schema\/person\/image\/\",\"url\":\"https:\/\/secure.gravatar.com\/avatar\/55cb5e37c1efa326397366e6974cb338056df65cb50e7d64d1cf314e87504837?s=96&d=mm&r=g\",\"contentUrl\":\"https:\/\/secure.gravatar.com\/avatar\/55cb5e37c1efa326397366e6974cb338056df65cb50e7d64d1cf314e87504837?s=96&d=mm&r=g\",\"caption\":\"Arnaldo Botto\"},\"url\":\"https:\/\/www.noticiasradioreflejos.com.ar\/2021\/author\/arnaldo\/\"}]}<\/script>\n<!-- \/ Yoast SEO plugin. -->","yoast_head_json":{"title":"Precauci\u00f3n en el ingreso a Sierra de la Ventana: una camioneta obstruye media calzada en la ruta 72 - Noticias Radio Reflejos","robots":{"index":"index","follow":"follow","max-snippet":"max-snippet:-1","max-image-preview":"max-image-preview:large","max-video-preview":"max-video-preview:-1"},"canonical":"https:\/\/www.noticiasradioreflejos.com.ar\/2021\/precaucion-en-el-ingreso-a-sierra-de-la-ventana-una-camioneta-obstruye-media-calzada-en-la-ruta-72\/","og_locale":"es_ES","og_type":"article","og_title":"Precauci\u00f3n en el ingreso a Sierra de la Ventana: una camioneta obstruye media calzada en la ruta 72 - Noticias Radio Reflejos","og_description":"Debido a un desperfecto mec\u00e1nico, una Toyota Hilux qued\u00f3 detenida sobre la cinta asf\u00e1ltica a la altura del acceso a Valle Hermoso. Personal de Tr\u00e1nsito Municipal trabaja en el lugar para ordenar el flujo vehicular. Se solicita a los conductores extremar las medidas de seguridad al circular por la zona de lomos de burro y [&hellip;]","og_url":"https:\/\/www.noticiasradioreflejos.com.ar\/2021\/precaucion-en-el-ingreso-a-sierra-de-la-ventana-una-camioneta-obstruye-media-calzada-en-la-ruta-72\/","og_site_name":"Noticias Radio Reflejos","article_published_time":"2026-03-16T15:29:49+00:00","article_modified_time":"2026-03-17T00:03:30+00:00","og_image":[{"width":1280,"height":576,"url":"https:\/\/www.noticiasradioreflejos.com.ar\/2021\/wp-content\/uploads\/2026\/03\/WhatsApp-Image-2026-03-16-at-12.22.31-1.jpeg","type":"image\/jpeg"}],"author":"Arnaldo Botto","twitter_card":"summary_large_image","schema":{"@context":"https:\/\/schema.org","@graph":[{"@type":"WebPage","@id":"https:\/\/www.noticiasradioreflejos.com.ar\/2021\/precaucion-en-el-ingreso-a-sierra-de-la-ventana-una-camioneta-obstruye-media-calzada-en-la-ruta-72\/","url":"https:\/\/www.noticiasradioreflejos.com.ar\/2021\/precaucion-en-el-ingreso-a-sierra-de-la-ventana-una-camioneta-obstruye-media-calzada-en-la-ruta-72\/","name":"Precauci\u00f3n en el ingreso a Sierra de la Ventana: una camioneta obstruye media calzada en la ruta 72 - Noticias Radio Reflejos","isPartOf":{"@id":"https:\/\/www.noticiasradioreflejos.com.ar\/2021\/#website"},"primaryImageOfPage":{"@id":"https:\/\/www.noticiasradioreflejos.com.ar\/2021\/precaucion-en-el-ingreso-a-sierra-de-la-ventana-una-camioneta-obstruye-media-calzada-en-la-ruta-72\/#primaryimage"},"image":{"@id":"https:\/\/www.noticiasradioreflejos.com.ar\/2021\/precaucion-en-el-ingreso-a-sierra-de-la-ventana-una-camioneta-obstruye-media-calzada-en-la-ruta-72\/#primaryimage"},"thumbnailUrl":"https:\/\/www.noticiasradioreflejos.com.ar\/2021\/wp-content\/uploads\/2026\/03\/WhatsApp-Image-2026-03-16-at-12.22.31-1.jpeg","datePublished":"2026-03-16T15:29:49+00:00","dateModified":"2026-03-17T00:03:30+00:00","author":{"@id":"https:\/\/www.noticiasradioreflejos.com.ar\/2021\/#\/schema\/person\/ad82545263dcc5ec0996818884fd5fb1"},"breadcrumb":{"@id":"https:\/\/www.noticiasradioreflejos.com.ar\/2021\/precaucion-en-el-ingreso-a-sierra-de-la-ventana-una-camioneta-obstruye-media-calzada-en-la-ruta-72\/#breadcrumb"},"inLanguage":"es","potentialAction":[{"@type":"ReadAction","target":["https:\/\/www.noticiasradioreflejos.com.ar\/2021\/precaucion-en-el-ingreso-a-sierra-de-la-ventana-una-camioneta-obstruye-media-calzada-en-la-ruta-72\/"]}]},{"@type":"ImageObject","inLanguage":"es","@id":"https:\/\/www.noticiasradioreflejos.com.ar\/2021\/precaucion-en-el-ingreso-a-sierra-de-la-ventana-una-camioneta-obstruye-media-calzada-en-la-ruta-72\/#primaryimage","url":"https:\/\/www.noticiasradioreflejos.com.ar\/2021\/wp-content\/uploads\/2026\/03\/WhatsApp-Image-2026-03-16-at-12.22.31-1.jpeg","contentUrl":"https:\/\/www.noticiasradioreflejos.com.ar\/2021\/wp-content\/uploads\/2026\/03\/WhatsApp-Image-2026-03-16-at-12.22.31-1.jpeg","width":1280,"height":576},{"@type":"BreadcrumbList","@id":"https:\/\/www.noticiasradioreflejos.com.ar\/2021\/precaucion-en-el-ingreso-a-sierra-de-la-ventana-una-camioneta-obstruye-media-calzada-en-la-ruta-72\/#breadcrumb","itemListElement":[{"@type":"ListItem","position":1,"name":"Portada","item":"https:\/\/www.noticiasradioreflejos.com.ar\/2021\/"},{"@type":"ListItem","position":2,"name":"Precauci\u00f3n en el ingreso a Sierra de la Ventana: una camioneta obstruye media calzada en la ruta 72"}]},{"@type":"WebSite","@id":"https:\/\/www.noticiasradioreflejos.com.ar\/2021\/#website","url":"https:\/\/www.noticiasradioreflejos.com.ar\/2021\/","name":"Noticias Radio Reflejos","description":"Las noticias de mi comarca","potentialAction":[{"@type":"SearchAction","target":{"@type":"EntryPoint","urlTemplate":"https:\/\/www.noticiasradioreflejos.com.ar\/2021\/?s={search_term_string}"},"query-input":{"@type":"PropertyValueSpecification","valueRequired":true,"valueName":"search_term_string"}}],"inLanguage":"es"},{"@type":"Person","@id":"https:\/\/www.noticiasradioreflejos.com.ar\/2021\/#\/schema\/person\/ad82545263dcc5ec0996818884fd5fb1","name":"Arnaldo Botto","image":{"@type":"ImageObject","inLanguage":"es","@id":"https:\/\/www.noticiasradioreflejos.com.ar\/2021\/#\/schema\/person\/image\/","url":"https:\/\/secure.gravatar.com\/avatar\/55cb5e37c1efa326397366e6974cb338056df65cb50e7d64d1cf314e87504837?s=96&d=mm&r=g","contentUrl":"https:\/\/secure.gravatar.com\/avatar\/55cb5e37c1efa326397366e6974cb338056df65cb50e7d64d1cf314e87504837?s=96&d=mm&r=g","caption":"Arnaldo Botto"},"url":"https:\/\/www.noticiasradioreflejos.com.ar\/2021\/author\/arnaldo\/"}]}},"_links":{"self":[{"href":"https:\/\/www.noticiasradioreflejos.com.ar\/2021\/wp-json\/wp\/v2\/posts\/134163","targetHints":{"allow":["GET"]}}],"collection":[{"href":"https:\/\/www.noticiasradioreflejos.com.ar\/2021\/wp-json\/wp\/v2\/posts"}],"about":[{"href":"https:\/\/www.noticiasradioreflejos.com.ar\/2021\/wp-json\/wp\/v2\/types\/post"}],"author":[{"embeddable":true,"href":"https:\/\/www.noticiasradioreflejos.com.ar\/2021\/wp-json\/wp\/v2\/users\/3"}],"replies":[{"embeddable":true,"href":"https:\/\/www.noticiasradioreflejos.com.ar\/2021\/wp-json\/wp\/v2\/comments?post=134163"}],"version-history":[{"count":1,"href":"https:\/\/www.noticiasradioreflejos.com.ar\/2021\/wp-json\/wp\/v2\/posts\/134163\/revisions"}],"predecessor-version":[{"id":134165,"href":"https:\/\/www.noticiasradioreflejos.com.ar\/2021\/wp-json\/wp\/v2\/posts\/134163\/revisions\/134165"}],"wp:featuredmedia":[{"embeddable":true,"href":"https:\/\/www.noticiasradioreflejos.com.ar\/2021\/wp-json\/wp\/v2\/media\/134164"}],"wp:attachment":[{"href":"https:\/\/www.noticiasradioreflejos.com.ar\/2021\/wp-json\/wp\/v2\/media?parent=134163"}],"wp:term":[{"taxonomy":"category","embeddable":true,"href":"https:\/\/www.noticiasradioreflejos.com.ar\/2021\/wp-json\/wp\/v2\/categories?post=134163"},{"taxonomy":"post_tag","embeddable":true,"href":"https:\/\/www.noticiasradioreflejos.com.ar\/2021\/wp-json\/wp\/v2\/tags?post=134163"}],"curies":[{"name":"wp","href":"https:\/\/api.w.org\/{rel}","templated":true}]}}