{"id":134160,"date":"2026-03-16T18:39:17","date_gmt":"2026-03-16T21:39:17","guid":{"rendered":"https:\/\/www.noticiasradioreflejos.com.ar\/2021\/?p=134160"},"modified":"2026-03-16T18:40:38","modified_gmt":"2026-03-16T21:40:38","slug":"juan-carlos-gisler-16-02","status":"publish","type":"post","link":"https:\/\/www.noticiasradioreflejos.com.ar\/2021\/juan-carlos-gisler-16-02\/","title":{"rendered":"Gisler analiz\u00f3 la derrota de la Lista 2: cr\u00edticas al uso de recursos municipales y dudas sobre la unidad"},"content":{"rendered":"<p data-path-to-node=\"3\">El referente peronista atribuy\u00f3 el resultado a la disparidad de estructuras durante la campa\u00f1a y se mostr\u00f3 cauteloso ante una posible integraci\u00f3n con el oficialismo de Alberto Musso. Pese al balance general, celebr\u00f3 el triunfo de su espacio en Sierra de la Ventana y llam\u00f3 a recuperar la confianza del electorado frente al actual escenario nacional.<\/p>\n<p data-path-to-node=\"3\"><!--more--><\/p>\n<p data-path-to-node=\"3\">El referente de la Lista 2 analiz\u00f3 el resultado de los comicios y atribuy\u00f3 la derrota al despliegue de la estructura municipal. Aunque se mostr\u00f3 esc\u00e9ptico respecto a una futura integraci\u00f3n, celebr\u00f3 el triunfo de su espacio en la localidad de Sierra de la Ventana y llam\u00f3 a recuperar la confianza del votante.<\/p>\n<p data-path-to-node=\"4\">Tras una jornada electoral intensa, <b data-path-to-node=\"4\" data-index-in-node=\"36\">Juan Carlos Gisler<\/b> comparti\u00f3 sus reflexiones sobre una derrota que, seg\u00fan sus estimaciones previas, no se perfilaba tan marcada. El candidato de la Lista 2 se\u00f1al\u00f3 la disparidad de recursos durante la campa\u00f1a como un factor determinante en el resultado: \u00abCalcul\u00e1bamos que est\u00e1bamos mucho m\u00e1s cerca. Hab\u00eda toda una estructura partidaria, pol\u00edtica y municipal, usando todos los recursos para tratar de convencer a la gente y, evidentemente, llegaron a mucha gente. Uno sabe las maneras que tienen de hacer pol\u00edtica, nosotros no\u00bb.<\/p>\n<p data-path-to-node=\"5\">A pesar del resultado adverso, Gisler puso el foco en la necesidad de preservar la identidad del movimiento de cara a los desaf\u00edos externos. \u00abAgradecidos con toda la gente que nos pudo acompa\u00f1ar. Ahora tienen la responsabilidad ellos, y nosotros como peronistas, les pedimos que sean responsables y cuiden al Peronismo. Porque despu\u00e9s nos puede votar el independiente u otros espacios pol\u00edticos\u00bb, advirti\u00f3, remarcando la importancia de mantener convicciones firmes en un escenario pol\u00edtico nacional complejo.<\/p>\n<p data-path-to-node=\"7\">Respecto a la posibilidad de que la minor\u00eda se sume a la conducci\u00f3n ganadora, el dirigente se mostr\u00f3 cauteloso y puso condiciones para un eventual acercamiento con la lista encabezada por Alberto Musso. \u00abVamos a ver cu\u00e1les son las condiciones. Porque participar en una integraci\u00f3n donde no te dan el lugar para plantear inquietudes, tampoco est\u00e1 bien. Todav\u00eda no he hablado con Tito; hay que ver en la realidad c\u00f3mo se practica\u00bb, explic\u00f3 sobre la integraci\u00f3n de la lista.<\/p>\n<p data-path-to-node=\"8\">Finalmente, Gisler reflexion\u00f3 sobre el desencanto de la sociedad con la clase dirigente y la responsabilidad que le cabe al justicialismo local. \u00abHay que generar confianza en el votante y hoy en d\u00eda la gente no sabe para d\u00f3nde van a salir los partidos pol\u00edticos. Hoy est\u00e1 Milei de presidente y nosotros somos muy responsables de lo que pase de ac\u00e1 en adelante\u00bb, sostuvo. Antes de concluir, envi\u00f3 un mensaje de gratitud espec\u00edfico a la militancia de la zona serrana: \u00abAgradecer a todos los afiliados que nos acompa\u00f1aron en Sierra de la Ventana, que fue en el \u00fanico lugar donde triunfamos\u00bb.<\/p>\n<audio class=\"wp-audio-shortcode\" id=\"audio-134160-1\" preload=\"none\" style=\"width: 100%;\" controls=\"controls\"><source type=\"audio\/mpeg\" src=\"https:\/\/www.noticiasradioreflejos.com.ar\/2021\/wp-content\/uploads\/2026\/03\/Juan-Carlos-Gisler16-02.mp3?_=1\" \/><a href=\"https:\/\/www.noticiasradioreflejos.com.ar\/2021\/wp-content\/uploads\/2026\/03\/Juan-Carlos-Gisler16-02.mp3\">https:\/\/www.noticiasradioreflejos.com.ar\/2021\/wp-content\/uploads\/2026\/03\/Juan-Carlos-Gisler16-02.mp3<\/a><\/audio>\n","protected":false},"excerpt":{"rendered":"<p>El referente peronista atribuy\u00f3 el resultado a la disparidad de estructuras durante la campa\u00f1a y se mostr\u00f3 cauteloso ante una posible integraci\u00f3n con el oficialismo de Alberto Musso. Pese al balance general, celebr\u00f3 el triunfo de su espacio en Sierra de la Ventana y llam\u00f3 a recuperar la confianza del electorado frente al actual escenario [&hellip;]<\/p>\n","protected":false},"author":3,"featured_media":134174,"comment_status":"closed","ping_status":"closed","sticky":false,"template":"","format":"standard","meta":{"footnotes":""},"categories":[24],"tags":[48],"class_list":["post-134160","post","type-post","status-publish","format-standard","has-post-thumbnail","hentry","category-politica","tag-destacada"],"yoast_head":"<!-- This site is optimized with the Yoast SEO plugin v25.9 - https:\/\/yoast.com\/wordpress\/plugins\/seo\/ -->\n<title>Gisler analiz\u00f3 la derrota de la Lista 2: cr\u00edticas al uso de recursos municipales y dudas sobre la unidad - Noticias Radio Reflejos<\/title>\n<meta name=\"robots\" content=\"index, follow, max-snippet:-1, max-image-preview:large, max-video-preview:-1\" \/>\n<link rel=\"canonical\" href=\"https:\/\/www.noticiasradioreflejos.com.ar\/2021\/juan-carlos-gisler-16-02\/\" \/>\n<meta property=\"og:locale\" content=\"es_ES\" \/>\n<meta property=\"og:type\" content=\"article\" \/>\n<meta property=\"og:title\" content=\"Gisler analiz\u00f3 la derrota de la Lista 2: cr\u00edticas al uso de recursos municipales y dudas sobre la unidad - Noticias Radio Reflejos\" \/>\n<meta property=\"og:description\" content=\"El referente peronista atribuy\u00f3 el resultado a la disparidad de estructuras durante la campa\u00f1a y se mostr\u00f3 cauteloso ante una posible integraci\u00f3n con el oficialismo de Alberto Musso. Pese al balance general, celebr\u00f3 el triunfo de su espacio en Sierra de la Ventana y llam\u00f3 a recuperar la confianza del electorado frente al actual escenario [&hellip;]\" \/>\n<meta property=\"og:url\" content=\"https:\/\/www.noticiasradioreflejos.com.ar\/2021\/juan-carlos-gisler-16-02\/\" \/>\n<meta property=\"og:site_name\" content=\"Noticias Radio Reflejos\" \/>\n<meta property=\"article:published_time\" content=\"2026-03-16T21:39:17+00:00\" \/>\n<meta property=\"article:modified_time\" content=\"2026-03-16T21:40:38+00:00\" \/>\n<meta property=\"og:image\" content=\"https:\/\/www.noticiasradioreflejos.com.ar\/2021\/wp-content\/uploads\/2026\/03\/200006_64_whatsapp-image-20260315-at-19.34.29.jpeg\" \/>\n\t<meta property=\"og:image:width\" content=\"320\" \/>\n\t<meta property=\"og:image:height\" content=\"240\" \/>\n\t<meta property=\"og:image:type\" content=\"image\/jpeg\" \/>\n<meta name=\"author\" content=\"Arnaldo Botto\" \/>\n<meta name=\"twitter:card\" content=\"summary_large_image\" \/>\n<script type=\"application\/ld+json\" class=\"yoast-schema-graph\">{\"@context\":\"https:\/\/schema.org\",\"@graph\":[{\"@type\":\"WebPage\",\"@id\":\"https:\/\/www.noticiasradioreflejos.com.ar\/2021\/juan-carlos-gisler-16-02\/\",\"url\":\"https:\/\/www.noticiasradioreflejos.com.ar\/2021\/juan-carlos-gisler-16-02\/\",\"name\":\"Gisler analiz\u00f3 la derrota de la Lista 2: cr\u00edticas al uso de recursos municipales y dudas sobre la unidad - Noticias Radio Reflejos\",\"isPartOf\":{\"@id\":\"https:\/\/www.noticiasradioreflejos.com.ar\/2021\/#website\"},\"primaryImageOfPage\":{\"@id\":\"https:\/\/www.noticiasradioreflejos.com.ar\/2021\/juan-carlos-gisler-16-02\/#primaryimage\"},\"image\":{\"@id\":\"https:\/\/www.noticiasradioreflejos.com.ar\/2021\/juan-carlos-gisler-16-02\/#primaryimage\"},\"thumbnailUrl\":\"https:\/\/www.noticiasradioreflejos.com.ar\/2021\/wp-content\/uploads\/2026\/03\/200006_64_whatsapp-image-20260315-at-19.34.29.jpeg\",\"datePublished\":\"2026-03-16T21:39:17+00:00\",\"dateModified\":\"2026-03-16T21:40:38+00:00\",\"author\":{\"@id\":\"https:\/\/www.noticiasradioreflejos.com.ar\/2021\/#\/schema\/person\/ad82545263dcc5ec0996818884fd5fb1\"},\"breadcrumb\":{\"@id\":\"https:\/\/www.noticiasradioreflejos.com.ar\/2021\/juan-carlos-gisler-16-02\/#breadcrumb\"},\"inLanguage\":\"es\",\"potentialAction\":[{\"@type\":\"ReadAction\",\"target\":[\"https:\/\/www.noticiasradioreflejos.com.ar\/2021\/juan-carlos-gisler-16-02\/\"]}]},{\"@type\":\"ImageObject\",\"inLanguage\":\"es\",\"@id\":\"https:\/\/www.noticiasradioreflejos.com.ar\/2021\/juan-carlos-gisler-16-02\/#primaryimage\",\"url\":\"https:\/\/www.noticiasradioreflejos.com.ar\/2021\/wp-content\/uploads\/2026\/03\/200006_64_whatsapp-image-20260315-at-19.34.29.jpeg\",\"contentUrl\":\"https:\/\/www.noticiasradioreflejos.com.ar\/2021\/wp-content\/uploads\/2026\/03\/200006_64_whatsapp-image-20260315-at-19.34.29.jpeg\",\"width\":320,\"height\":240},{\"@type\":\"BreadcrumbList\",\"@id\":\"https:\/\/www.noticiasradioreflejos.com.ar\/2021\/juan-carlos-gisler-16-02\/#breadcrumb\",\"itemListElement\":[{\"@type\":\"ListItem\",\"position\":1,\"name\":\"Portada\",\"item\":\"https:\/\/www.noticiasradioreflejos.com.ar\/2021\/\"},{\"@type\":\"ListItem\",\"position\":2,\"name\":\"Gisler analiz\u00f3 la derrota de la Lista 2: cr\u00edticas al uso de recursos municipales y dudas sobre la unidad\"}]},{\"@type\":\"WebSite\",\"@id\":\"https:\/\/www.noticiasradioreflejos.com.ar\/2021\/#website\",\"url\":\"https:\/\/www.noticiasradioreflejos.com.ar\/2021\/\",\"name\":\"Noticias Radio Reflejos\",\"description\":\"Las noticias de mi comarca\",\"potentialAction\":[{\"@type\":\"SearchAction\",\"target\":{\"@type\":\"EntryPoint\",\"urlTemplate\":\"https:\/\/www.noticiasradioreflejos.com.ar\/2021\/?s={search_term_string}\"},\"query-input\":{\"@type\":\"PropertyValueSpecification\",\"valueRequired\":true,\"valueName\":\"search_term_string\"}}],\"inLanguage\":\"es\"},{\"@type\":\"Person\",\"@id\":\"https:\/\/www.noticiasradioreflejos.com.ar\/2021\/#\/schema\/person\/ad82545263dcc5ec0996818884fd5fb1\",\"name\":\"Arnaldo Botto\",\"image\":{\"@type\":\"ImageObject\",\"inLanguage\":\"es\",\"@id\":\"https:\/\/www.noticiasradioreflejos.com.ar\/2021\/#\/schema\/person\/image\/\",\"url\":\"https:\/\/secure.gravatar.com\/avatar\/55cb5e37c1efa326397366e6974cb338056df65cb50e7d64d1cf314e87504837?s=96&d=mm&r=g\",\"contentUrl\":\"https:\/\/secure.gravatar.com\/avatar\/55cb5e37c1efa326397366e6974cb338056df65cb50e7d64d1cf314e87504837?s=96&d=mm&r=g\",\"caption\":\"Arnaldo Botto\"},\"url\":\"https:\/\/www.noticiasradioreflejos.com.ar\/2021\/author\/arnaldo\/\"}]}<\/script>\n<!-- \/ Yoast SEO plugin. -->","yoast_head_json":{"title":"Gisler analiz\u00f3 la derrota de la Lista 2: cr\u00edticas al uso de recursos municipales y dudas sobre la unidad - Noticias Radio Reflejos","robots":{"index":"index","follow":"follow","max-snippet":"max-snippet:-1","max-image-preview":"max-image-preview:large","max-video-preview":"max-video-preview:-1"},"canonical":"https:\/\/www.noticiasradioreflejos.com.ar\/2021\/juan-carlos-gisler-16-02\/","og_locale":"es_ES","og_type":"article","og_title":"Gisler analiz\u00f3 la derrota de la Lista 2: cr\u00edticas al uso de recursos municipales y dudas sobre la unidad - Noticias Radio Reflejos","og_description":"El referente peronista atribuy\u00f3 el resultado a la disparidad de estructuras durante la campa\u00f1a y se mostr\u00f3 cauteloso ante una posible integraci\u00f3n con el oficialismo de Alberto Musso. Pese al balance general, celebr\u00f3 el triunfo de su espacio en Sierra de la Ventana y llam\u00f3 a recuperar la confianza del electorado frente al actual escenario [&hellip;]","og_url":"https:\/\/www.noticiasradioreflejos.com.ar\/2021\/juan-carlos-gisler-16-02\/","og_site_name":"Noticias Radio Reflejos","article_published_time":"2026-03-16T21:39:17+00:00","article_modified_time":"2026-03-16T21:40:38+00:00","og_image":[{"width":320,"height":240,"url":"https:\/\/www.noticiasradioreflejos.com.ar\/2021\/wp-content\/uploads\/2026\/03\/200006_64_whatsapp-image-20260315-at-19.34.29.jpeg","type":"image\/jpeg"}],"author":"Arnaldo Botto","twitter_card":"summary_large_image","schema":{"@context":"https:\/\/schema.org","@graph":[{"@type":"WebPage","@id":"https:\/\/www.noticiasradioreflejos.com.ar\/2021\/juan-carlos-gisler-16-02\/","url":"https:\/\/www.noticiasradioreflejos.com.ar\/2021\/juan-carlos-gisler-16-02\/","name":"Gisler analiz\u00f3 la derrota de la Lista 2: cr\u00edticas al uso de recursos municipales y dudas sobre la unidad - Noticias Radio Reflejos","isPartOf":{"@id":"https:\/\/www.noticiasradioreflejos.com.ar\/2021\/#website"},"primaryImageOfPage":{"@id":"https:\/\/www.noticiasradioreflejos.com.ar\/2021\/juan-carlos-gisler-16-02\/#primaryimage"},"image":{"@id":"https:\/\/www.noticiasradioreflejos.com.ar\/2021\/juan-carlos-gisler-16-02\/#primaryimage"},"thumbnailUrl":"https:\/\/www.noticiasradioreflejos.com.ar\/2021\/wp-content\/uploads\/2026\/03\/200006_64_whatsapp-image-20260315-at-19.34.29.jpeg","datePublished":"2026-03-16T21:39:17+00:00","dateModified":"2026-03-16T21:40:38+00:00","author":{"@id":"https:\/\/www.noticiasradioreflejos.com.ar\/2021\/#\/schema\/person\/ad82545263dcc5ec0996818884fd5fb1"},"breadcrumb":{"@id":"https:\/\/www.noticiasradioreflejos.com.ar\/2021\/juan-carlos-gisler-16-02\/#breadcrumb"},"inLanguage":"es","potentialAction":[{"@type":"ReadAction","target":["https:\/\/www.noticiasradioreflejos.com.ar\/2021\/juan-carlos-gisler-16-02\/"]}]},{"@type":"ImageObject","inLanguage":"es","@id":"https:\/\/www.noticiasradioreflejos.com.ar\/2021\/juan-carlos-gisler-16-02\/#primaryimage","url":"https:\/\/www.noticiasradioreflejos.com.ar\/2021\/wp-content\/uploads\/2026\/03\/200006_64_whatsapp-image-20260315-at-19.34.29.jpeg","contentUrl":"https:\/\/www.noticiasradioreflejos.com.ar\/2021\/wp-content\/uploads\/2026\/03\/200006_64_whatsapp-image-20260315-at-19.34.29.jpeg","width":320,"height":240},{"@type":"BreadcrumbList","@id":"https:\/\/www.noticiasradioreflejos.com.ar\/2021\/juan-carlos-gisler-16-02\/#breadcrumb","itemListElement":[{"@type":"ListItem","position":1,"name":"Portada","item":"https:\/\/www.noticiasradioreflejos.com.ar\/2021\/"},{"@type":"ListItem","position":2,"name":"Gisler analiz\u00f3 la derrota de la Lista 2: cr\u00edticas al uso de recursos municipales y dudas sobre la unidad"}]},{"@type":"WebSite","@id":"https:\/\/www.noticiasradioreflejos.com.ar\/2021\/#website","url":"https:\/\/www.noticiasradioreflejos.com.ar\/2021\/","name":"Noticias Radio Reflejos","description":"Las noticias de mi comarca","potentialAction":[{"@type":"SearchAction","target":{"@type":"EntryPoint","urlTemplate":"https:\/\/www.noticiasradioreflejos.com.ar\/2021\/?s={search_term_string}"},"query-input":{"@type":"PropertyValueSpecification","valueRequired":true,"valueName":"search_term_string"}}],"inLanguage":"es"},{"@type":"Person","@id":"https:\/\/www.noticiasradioreflejos.com.ar\/2021\/#\/schema\/person\/ad82545263dcc5ec0996818884fd5fb1","name":"Arnaldo Botto","image":{"@type":"ImageObject","inLanguage":"es","@id":"https:\/\/www.noticiasradioreflejos.com.ar\/2021\/#\/schema\/person\/image\/","url":"https:\/\/secure.gravatar.com\/avatar\/55cb5e37c1efa326397366e6974cb338056df65cb50e7d64d1cf314e87504837?s=96&d=mm&r=g","contentUrl":"https:\/\/secure.gravatar.com\/avatar\/55cb5e37c1efa326397366e6974cb338056df65cb50e7d64d1cf314e87504837?s=96&d=mm&r=g","caption":"Arnaldo Botto"},"url":"https:\/\/www.noticiasradioreflejos.com.ar\/2021\/author\/arnaldo\/"}]}},"_links":{"self":[{"href":"https:\/\/www.noticiasradioreflejos.com.ar\/2021\/wp-json\/wp\/v2\/posts\/134160","targetHints":{"allow":["GET"]}}],"collection":[{"href":"https:\/\/www.noticiasradioreflejos.com.ar\/2021\/wp-json\/wp\/v2\/posts"}],"about":[{"href":"https:\/\/www.noticiasradioreflejos.com.ar\/2021\/wp-json\/wp\/v2\/types\/post"}],"author":[{"embeddable":true,"href":"https:\/\/www.noticiasradioreflejos.com.ar\/2021\/wp-json\/wp\/v2\/users\/3"}],"replies":[{"embeddable":true,"href":"https:\/\/www.noticiasradioreflejos.com.ar\/2021\/wp-json\/wp\/v2\/comments?post=134160"}],"version-history":[{"count":5,"href":"https:\/\/www.noticiasradioreflejos.com.ar\/2021\/wp-json\/wp\/v2\/posts\/134160\/revisions"}],"predecessor-version":[{"id":134177,"href":"https:\/\/www.noticiasradioreflejos.com.ar\/2021\/wp-json\/wp\/v2\/posts\/134160\/revisions\/134177"}],"wp:featuredmedia":[{"embeddable":true,"href":"https:\/\/www.noticiasradioreflejos.com.ar\/2021\/wp-json\/wp\/v2\/media\/134174"}],"wp:attachment":[{"href":"https:\/\/www.noticiasradioreflejos.com.ar\/2021\/wp-json\/wp\/v2\/media?parent=134160"}],"wp:term":[{"taxonomy":"category","embeddable":true,"href":"https:\/\/www.noticiasradioreflejos.com.ar\/2021\/wp-json\/wp\/v2\/categories?post=134160"},{"taxonomy":"post_tag","embeddable":true,"href":"https:\/\/www.noticiasradioreflejos.com.ar\/2021\/wp-json\/wp\/v2\/tags?post=134160"}],"curies":[{"name":"wp","href":"https:\/\/api.w.org\/{rel}","templated":true}]}}