{"id":134155,"date":"2026-03-16T11:37:07","date_gmt":"2026-03-16T14:37:07","guid":{"rendered":"https:\/\/www.noticiasradioreflejos.com.ar\/2021\/?p=134155"},"modified":"2026-03-16T11:37:07","modified_gmt":"2026-03-16T14:37:07","slug":"la-guerra-en-medio-oriente-empuja-los-granos-y-dispara-la-volatilidad-global","status":"publish","type":"post","link":"https:\/\/www.noticiasradioreflejos.com.ar\/2021\/la-guerra-en-medio-oriente-empuja-los-granos-y-dispara-la-volatilidad-global\/","title":{"rendered":"La guerra en Medio Oriente empuja los granos y dispara la volatilidad global"},"content":{"rendered":"<p>En medio de la escalada del conflicto en Medio Oriente, los mercados globales reaccionan con fuertes subas en energ\u00eda, fertilizantes y granos, mientras crece la volatilidad financiera. En un an\u00e1lisis del escenario internacional y local,\u00a0<strong>Dante Romano, profesor e investigador del Centro de Agronegocios y Alimentos de la Universidad Austral<\/strong>, advierte que la geopol\u00edtica vuelve a imponerse sobre los fundamentos del mercado agr\u00edcola y abre interrogantes sobre las decisiones de siembra, el comercio global y las estrategias comerciales de los productores.<!--more--><\/p>\n<p><strong>Rosario, Santa Fe; 16 de marzo de 2026\u00a0\u2013<\/strong> La escalada del conflicto en Medio Oriente vuelve a dominar la din\u00e1mica de los mercados internacionales y\u00a0<strong>desplaza a los fundamentos propios del agro<\/strong>. En la \u00faltima semana, la guerra que involucra a Ir\u00e1n, Estados Unidos e Israel impulsa subas generalizadas:\u00a0<strong>la energ\u00eda avanza 11%, el gas natural 9%, la urea 7% y los granos alrededor de 3%<\/strong>.<\/p>\n<p>Al mismo tiempo,\u00a0<strong>los fletes comienzan a encarecerse por el aumento del combustible y la creciente inestabilidad log\u00edstica<\/strong>. En paralelo, el clima financiero refleja una b\u00fasqueda de refugio:\u00a0<strong>el d\u00f3lar se reval\u00faa 2%, el oro sube 3%, las acciones caen cerca de 3% y el \u00edndice de volatilidad se dispara<\/strong>.<\/p>\n<p>\u201c<strong>El mercado est\u00e1 reaccionando con una clara huida hacia activos m\u00e1s l\u00edquidos y conservadores. En granos, los fondos financieros llevan su posici\u00f3n neta comprada a 90 millones de toneladas, el nivel m\u00e1s alto desde 2014<\/strong>\u201d, explica\u00a0<strong>Dante Romano<\/strong>.<\/p>\n<p>Uno de los efectos m\u00e1s inmediatos del conflicto se observa en\u00a0<strong>el mercado de fertilizantes<\/strong>. El aumento del gas \u2014principal insumo para su producci\u00f3n\u2014, las dificultades log\u00edsticas en regiones exportadoras clave y el encarecimiento de los fletes\u00a0<strong>impulsan los precios al alza<\/strong>.<\/p>\n<p>Este fen\u00f3meno impacta directamente en las decisiones productivas, especialmente en Estados Unidos. \u201c<strong>M\u00e1s que la siembra inicial, el problema podr\u00eda aparecer en la re-fertilizaci\u00f3n de los cultivos. Esto lleva a pensar en una menor \u00e1rea de ma\u00edz y trigo y un mayor espacio para la soja<\/strong>\u201d, se\u00f1ala Romano.<\/p>\n<p>Esta tendencia ya aparece en\u00a0<strong>el Outlook Forum del Departamento de Agricultura de Estados Unidos (USDA)<\/strong>, aunque el informe oficial de intenci\u00f3n de siembra que se publicar\u00e1 el 31 de marzo\u00a0<strong>podr\u00eda no reflejar todav\u00eda el impacto completo de este nuevo factor<\/strong>.<\/p>\n<p>Mientras tanto, en Sudam\u00e9rica surgen factores inesperados que podr\u00edan modificar el comercio internacional.\u00a0<strong>Brasil avanza con lentitud en la cosecha de soja<\/strong>\u00a0y enfrenta un problema sanitario: China exige un protocolo fitosanitario que en la pr\u00e1ctica dificulta los embarques.<\/p>\n<p>\u201c<strong>Algunos grandes exportadores suspenden cargas mientras se ajusta el protocolo, y varios barcos que estaban en camino podr\u00edan terminar redirigi\u00e9ndose a Argentina. Eso abre una oportunidad inesperada para nuestras exportaciones<\/strong>\u201d, indica Romano.<\/p>\n<p>En el plano geopol\u00edtico, tambi\u00e9n se prepara\u00a0<strong>una reuni\u00f3n clave entre Estados Unidos y China<\/strong>. Aunque el conflicto en Medio Oriente domina la agenda, tambi\u00e9n se discuten temas comerciales vinculados a la tregua en la guerra arancelaria.\u00a0<strong>Washington se\u00f1ala que China podr\u00eda comprar hasta 8 millones de toneladas adicionales de soja estadounidense<\/strong>, aunque por ahora no se registran operaciones concretas.<\/p>\n<p>En Argentina, el clima ofrece una se\u00f1al m\u00e1s favorable.\u00a0<strong>Las lluvias se vuelven m\u00e1s regulares en la mayor parte de las regiones productivas<\/strong>\u00a0y permiten estabilizar las perspectivas de producci\u00f3n, con excepci\u00f3n del sudeste de Buenos Aires. Los pron\u00f3sticos, sin embargo,\u00a0<strong>se mantienen optimistas<\/strong>.<\/p>\n<p>En el frente de pol\u00edtica econ\u00f3mica, vuelven a circular\u00a0<strong>rumores sobre una posible baja de los derechos de exportaci\u00f3n<\/strong>. No obstante, desde el Gobierno reiteran que cualquier reducci\u00f3n depende del resultado fiscal y de la evoluci\u00f3n del programa econ\u00f3mico.<\/p>\n<p>\u201cLa recaudaci\u00f3n viene cayendo en t\u00e9rminos reales desde fines del a\u00f1o pasado y hoy el agro, junto con la miner\u00eda y la energ\u00eda, son los sectores con mayor dinamismo. La industria y el comercio atraviesan una situaci\u00f3n mucho m\u00e1s compleja\u201d, explica Romano.<\/p>\n<p>En este contexto,\u00a0<strong>los productores muestran una estrategia clara: vender ma\u00edz y retener soja<\/strong>. Esta conducta genera tensiones log\u00edsticas en la cadena comercial.<\/p>\n<p>\u201c<strong>Muchos productores optan por no vender, lo que complica a acopios y cooperativas porque queda poco espacio de almacenamiento y todav\u00eda tenemos remanentes de un trigo muy grande, adem\u00e1s de la nueva cosecha de ma\u00edz y soja<\/strong>\u201d, se\u00f1ala.<\/p>\n<p>En el caso del ma\u00edz, el escenario internacional muestra\u00a0<strong>se\u00f1ales alcistas para los precios<\/strong>. Las exportaciones semanales de Estados Unidos se mantienen firmes pese a la suba de precios,\u00a0<strong>Brasil avanza con demoras en la siembra de safrinha<\/strong>\u00a0y en Argentina las lluvias ralentizan la cosecha, lo que limita la presi\u00f3n de oferta.<\/p>\n<p>El trigo, en cambio, empieza a mirar\u00a0<strong>la pr\u00f3xima campa\u00f1a global<\/strong>. Las estimaciones de producci\u00f3n en Ucrania bajan por el exceso de fr\u00edo, Estados Unidos mantiene condiciones secas y\u00a0<strong>Francia logra estabilizar sus cultivos<\/strong>, aunque todav\u00eda sin una mejora clara en la calidad.<\/p>\n<p>Adem\u00e1s,\u00a0<strong>el aumento de los fertilizantes afecta las decisiones productivas<\/strong>. Brasil ya anticipa una menor producci\u00f3n y una mayor dependencia del mercado internacional.<\/p>\n<p>\u201c<strong>En contextos b\u00e9licos, los pa\u00edses importadores suelen asegurarse stock de trigo para evitar riesgos de abastecimiento. Eso puede activar la demanda global en los pr\u00f3ximos meses<\/strong>\u201d, afirma Romano.<\/p>\n<p>En el plano local, sin embargo, persiste un problema:\u00a0<strong>queda mucho trigo sin vender<\/strong>, lo que presiona los precios disponibles frente a las posiciones de julio y\u00a0<strong>genera complicaciones de almacenamiento para la cadena comercial<\/strong>.<\/p>\n<p>M\u00e1s all\u00e1 de la coyuntura,\u00a0<strong>los precios de la nueva cosecha alcanzan niveles que hasta hace poco parec\u00edan dif\u00edciles de imaginar<\/strong>: alrededor de 190 d\u00f3lares para el ma\u00edz, 340 para la soja y 220 para el trigo.<\/p>\n<p>\u201c<strong>Son valores muy influenciados por la situaci\u00f3n en Medio Oriente y el encarecimiento de los costos. En un escenario internacional m\u00e1s normalizado, estos precios ser\u00edan muy altos, por lo que puede ser interesante ir asegurando parte de esos valores<\/strong>\u201d, concluye Romano.<\/p>\n<p>La gran inc\u00f3gnita es\u00a0<strong>cu\u00e1nto tiempo persiste este escenario de tensi\u00f3n global<\/strong>. Si el panorama geopol\u00edtico se estabiliza hacia la segunda mitad de 2026 y durante 2027, los mercados podr\u00edan volver a regirse por los fundamentos tradicionales del agro. Mientras tanto,\u00a0<strong>la volatilidad sigue siendo un factor central para productores, exportadores y operadores financieros<\/strong>.<\/p>\n<table>\n<tbody>\n<tr>\n<td><b><a href=\"https:\/\/austral.us3.list-manage.com\/track\/click?u=efbc01da6c391663922e4f957&amp;id=362608529f&amp;e=af05b289a5\" data-saferedirecturl=\"https:\/\/www.google.com\/url?q=https:\/\/austral.us3.list-manage.com\/track\/click?u%3Defbc01da6c391663922e4f957%26id%3D362608529f%26e%3Daf05b289a5&amp;source=gmail&amp;ust=1773756895383000&amp;usg=AOvVaw2pspZdzMSGcPiaO6tlwjw8\">Acceda al informe AGROPERSPECTIVAS de Dante Romano<\/a><\/b><\/td>\n<\/tr>\n<\/tbody>\n<\/table>\n<table width=\"100%\">\n<tbody>\n<tr>\n<td>\n<table width=\"100%\">\n<tbody>\n<tr>\n<td>\n<table width=\"100%\">\n<tbody>\n<tr>\n<td colspan=\"12\" width=\"100%\">\n<table width=\"100%\">\n<tbody>\n<tr>\n<td>\n<table width=\"100%\">\n<tbody>\n<tr>\n<td>\n<table width=\"100%\">\n<tbody>\n<tr>\n<td colspan=\"12\" width=\"100%\">\n<table width=\"100%\">\n<tbody>\n<tr>\n<td>\n<table width=\"100%\">\n<tbody>\n<tr>\n<td>\n<table width=\"100%\">\n<tbody>\n<tr>\n<td colspan=\"12\" width=\"100%\">\n<table width=\"100%\">\n<tbody>\n<tr>\n<td>\n<table width=\"100%\">\n<tbody>\n<tr>\n<td><\/td>\n<\/tr>\n<\/tbody>\n<\/table>\n<\/td>\n<\/tr>\n<\/tbody>\n<\/table>\n<\/td>\n<\/tr>\n<\/tbody>\n<\/table>\n<\/td>\n<\/tr>\n<\/tbody>\n<\/table>\n<\/td>\n<\/tr>\n<\/tbody>\n<\/table>\n<\/td>\n<\/tr>\n<\/tbody>\n<\/table>\n<\/td>\n<\/tr>\n<\/tbody>\n<\/table>\n<\/td>\n<\/tr>\n<\/tbody>\n<\/table>\n<\/td>\n<\/tr>\n<\/tbody>\n<\/table>\n<\/td>\n<\/tr>\n<\/tbody>\n<\/table>\n<\/td>\n<\/tr>\n<\/tbody>\n<\/table>\n<p>&nbsp;<\/p>\n","protected":false},"excerpt":{"rendered":"<p>En medio de la escalada del conflicto en Medio Oriente, los mercados globales reaccionan con fuertes subas en energ\u00eda, fertilizantes y granos, mientras crece la volatilidad financiera. En un an\u00e1lisis del escenario internacional y local,\u00a0Dante Romano, profesor e investigador del Centro de Agronegocios y Alimentos de la Universidad Austral, advierte que la geopol\u00edtica vuelve a [&hellip;]<\/p>\n","protected":false},"author":3,"featured_media":110694,"comment_status":"closed","ping_status":"closed","sticky":false,"template":"","format":"standard","meta":{"footnotes":""},"categories":[36],"tags":[],"class_list":["post-134155","post","type-post","status-publish","format-standard","has-post-thumbnail","hentry","category-economia"],"yoast_head":"<!-- This site is optimized with the Yoast SEO plugin v25.9 - https:\/\/yoast.com\/wordpress\/plugins\/seo\/ -->\n<title>La guerra en Medio Oriente empuja los granos y dispara la volatilidad global - Noticias Radio Reflejos<\/title>\n<meta name=\"robots\" content=\"index, follow, max-snippet:-1, max-image-preview:large, max-video-preview:-1\" \/>\n<link rel=\"canonical\" href=\"https:\/\/www.noticiasradioreflejos.com.ar\/2021\/la-guerra-en-medio-oriente-empuja-los-granos-y-dispara-la-volatilidad-global\/\" \/>\n<meta property=\"og:locale\" content=\"es_ES\" \/>\n<meta property=\"og:type\" content=\"article\" \/>\n<meta property=\"og:title\" content=\"La guerra en Medio Oriente empuja los granos y dispara la volatilidad global - Noticias Radio Reflejos\" \/>\n<meta property=\"og:description\" content=\"En medio de la escalada del conflicto en Medio Oriente, los mercados globales reaccionan con fuertes subas en energ\u00eda, fertilizantes y granos, mientras crece la volatilidad financiera. En un an\u00e1lisis del escenario internacional y local,\u00a0Dante Romano, profesor e investigador del Centro de Agronegocios y Alimentos de la Universidad Austral, advierte que la geopol\u00edtica vuelve a [&hellip;]\" \/>\n<meta property=\"og:url\" content=\"https:\/\/www.noticiasradioreflejos.com.ar\/2021\/la-guerra-en-medio-oriente-empuja-los-granos-y-dispara-la-volatilidad-global\/\" \/>\n<meta property=\"og:site_name\" content=\"Noticias Radio Reflejos\" \/>\n<meta property=\"article:published_time\" content=\"2026-03-16T14:37:07+00:00\" \/>\n<meta property=\"og:image\" content=\"https:\/\/www.noticiasradioreflejos.com.ar\/2021\/wp-content\/uploads\/2024\/12\/trigo-cosecha-2.jpg\" \/>\n\t<meta property=\"og:image:width\" content=\"1024\" \/>\n\t<meta property=\"og:image:height\" content=\"576\" \/>\n\t<meta property=\"og:image:type\" content=\"image\/jpeg\" \/>\n<meta name=\"author\" content=\"Arnaldo Botto\" \/>\n<meta name=\"twitter:card\" content=\"summary_large_image\" \/>\n<script type=\"application\/ld+json\" class=\"yoast-schema-graph\">{\"@context\":\"https:\/\/schema.org\",\"@graph\":[{\"@type\":\"WebPage\",\"@id\":\"https:\/\/www.noticiasradioreflejos.com.ar\/2021\/la-guerra-en-medio-oriente-empuja-los-granos-y-dispara-la-volatilidad-global\/\",\"url\":\"https:\/\/www.noticiasradioreflejos.com.ar\/2021\/la-guerra-en-medio-oriente-empuja-los-granos-y-dispara-la-volatilidad-global\/\",\"name\":\"La guerra en Medio Oriente empuja los granos y dispara la volatilidad global - Noticias Radio Reflejos\",\"isPartOf\":{\"@id\":\"https:\/\/www.noticiasradioreflejos.com.ar\/2021\/#website\"},\"primaryImageOfPage\":{\"@id\":\"https:\/\/www.noticiasradioreflejos.com.ar\/2021\/la-guerra-en-medio-oriente-empuja-los-granos-y-dispara-la-volatilidad-global\/#primaryimage\"},\"image\":{\"@id\":\"https:\/\/www.noticiasradioreflejos.com.ar\/2021\/la-guerra-en-medio-oriente-empuja-los-granos-y-dispara-la-volatilidad-global\/#primaryimage\"},\"thumbnailUrl\":\"https:\/\/www.noticiasradioreflejos.com.ar\/2021\/wp-content\/uploads\/2024\/12\/trigo-cosecha-2.jpg\",\"datePublished\":\"2026-03-16T14:37:07+00:00\",\"author\":{\"@id\":\"https:\/\/www.noticiasradioreflejos.com.ar\/2021\/#\/schema\/person\/ad82545263dcc5ec0996818884fd5fb1\"},\"breadcrumb\":{\"@id\":\"https:\/\/www.noticiasradioreflejos.com.ar\/2021\/la-guerra-en-medio-oriente-empuja-los-granos-y-dispara-la-volatilidad-global\/#breadcrumb\"},\"inLanguage\":\"es\",\"potentialAction\":[{\"@type\":\"ReadAction\",\"target\":[\"https:\/\/www.noticiasradioreflejos.com.ar\/2021\/la-guerra-en-medio-oriente-empuja-los-granos-y-dispara-la-volatilidad-global\/\"]}]},{\"@type\":\"ImageObject\",\"inLanguage\":\"es\",\"@id\":\"https:\/\/www.noticiasradioreflejos.com.ar\/2021\/la-guerra-en-medio-oriente-empuja-los-granos-y-dispara-la-volatilidad-global\/#primaryimage\",\"url\":\"https:\/\/www.noticiasradioreflejos.com.ar\/2021\/wp-content\/uploads\/2024\/12\/trigo-cosecha-2.jpg\",\"contentUrl\":\"https:\/\/www.noticiasradioreflejos.com.ar\/2021\/wp-content\/uploads\/2024\/12\/trigo-cosecha-2.jpg\",\"width\":1024,\"height\":576},{\"@type\":\"BreadcrumbList\",\"@id\":\"https:\/\/www.noticiasradioreflejos.com.ar\/2021\/la-guerra-en-medio-oriente-empuja-los-granos-y-dispara-la-volatilidad-global\/#breadcrumb\",\"itemListElement\":[{\"@type\":\"ListItem\",\"position\":1,\"name\":\"Portada\",\"item\":\"https:\/\/www.noticiasradioreflejos.com.ar\/2021\/\"},{\"@type\":\"ListItem\",\"position\":2,\"name\":\"La guerra en Medio Oriente empuja los granos y dispara la volatilidad global\"}]},{\"@type\":\"WebSite\",\"@id\":\"https:\/\/www.noticiasradioreflejos.com.ar\/2021\/#website\",\"url\":\"https:\/\/www.noticiasradioreflejos.com.ar\/2021\/\",\"name\":\"Noticias Radio Reflejos\",\"description\":\"Las noticias de mi comarca\",\"potentialAction\":[{\"@type\":\"SearchAction\",\"target\":{\"@type\":\"EntryPoint\",\"urlTemplate\":\"https:\/\/www.noticiasradioreflejos.com.ar\/2021\/?s={search_term_string}\"},\"query-input\":{\"@type\":\"PropertyValueSpecification\",\"valueRequired\":true,\"valueName\":\"search_term_string\"}}],\"inLanguage\":\"es\"},{\"@type\":\"Person\",\"@id\":\"https:\/\/www.noticiasradioreflejos.com.ar\/2021\/#\/schema\/person\/ad82545263dcc5ec0996818884fd5fb1\",\"name\":\"Arnaldo Botto\",\"image\":{\"@type\":\"ImageObject\",\"inLanguage\":\"es\",\"@id\":\"https:\/\/www.noticiasradioreflejos.com.ar\/2021\/#\/schema\/person\/image\/\",\"url\":\"https:\/\/secure.gravatar.com\/avatar\/55cb5e37c1efa326397366e6974cb338056df65cb50e7d64d1cf314e87504837?s=96&d=mm&r=g\",\"contentUrl\":\"https:\/\/secure.gravatar.com\/avatar\/55cb5e37c1efa326397366e6974cb338056df65cb50e7d64d1cf314e87504837?s=96&d=mm&r=g\",\"caption\":\"Arnaldo Botto\"},\"url\":\"https:\/\/www.noticiasradioreflejos.com.ar\/2021\/author\/arnaldo\/\"}]}<\/script>\n<!-- \/ Yoast SEO plugin. -->","yoast_head_json":{"title":"La guerra en Medio Oriente empuja los granos y dispara la volatilidad global - Noticias Radio Reflejos","robots":{"index":"index","follow":"follow","max-snippet":"max-snippet:-1","max-image-preview":"max-image-preview:large","max-video-preview":"max-video-preview:-1"},"canonical":"https:\/\/www.noticiasradioreflejos.com.ar\/2021\/la-guerra-en-medio-oriente-empuja-los-granos-y-dispara-la-volatilidad-global\/","og_locale":"es_ES","og_type":"article","og_title":"La guerra en Medio Oriente empuja los granos y dispara la volatilidad global - Noticias Radio Reflejos","og_description":"En medio de la escalada del conflicto en Medio Oriente, los mercados globales reaccionan con fuertes subas en energ\u00eda, fertilizantes y granos, mientras crece la volatilidad financiera. En un an\u00e1lisis del escenario internacional y local,\u00a0Dante Romano, profesor e investigador del Centro de Agronegocios y Alimentos de la Universidad Austral, advierte que la geopol\u00edtica vuelve a [&hellip;]","og_url":"https:\/\/www.noticiasradioreflejos.com.ar\/2021\/la-guerra-en-medio-oriente-empuja-los-granos-y-dispara-la-volatilidad-global\/","og_site_name":"Noticias Radio Reflejos","article_published_time":"2026-03-16T14:37:07+00:00","og_image":[{"width":1024,"height":576,"url":"https:\/\/www.noticiasradioreflejos.com.ar\/2021\/wp-content\/uploads\/2024\/12\/trigo-cosecha-2.jpg","type":"image\/jpeg"}],"author":"Arnaldo Botto","twitter_card":"summary_large_image","schema":{"@context":"https:\/\/schema.org","@graph":[{"@type":"WebPage","@id":"https:\/\/www.noticiasradioreflejos.com.ar\/2021\/la-guerra-en-medio-oriente-empuja-los-granos-y-dispara-la-volatilidad-global\/","url":"https:\/\/www.noticiasradioreflejos.com.ar\/2021\/la-guerra-en-medio-oriente-empuja-los-granos-y-dispara-la-volatilidad-global\/","name":"La guerra en Medio Oriente empuja los granos y dispara la volatilidad global - Noticias Radio Reflejos","isPartOf":{"@id":"https:\/\/www.noticiasradioreflejos.com.ar\/2021\/#website"},"primaryImageOfPage":{"@id":"https:\/\/www.noticiasradioreflejos.com.ar\/2021\/la-guerra-en-medio-oriente-empuja-los-granos-y-dispara-la-volatilidad-global\/#primaryimage"},"image":{"@id":"https:\/\/www.noticiasradioreflejos.com.ar\/2021\/la-guerra-en-medio-oriente-empuja-los-granos-y-dispara-la-volatilidad-global\/#primaryimage"},"thumbnailUrl":"https:\/\/www.noticiasradioreflejos.com.ar\/2021\/wp-content\/uploads\/2024\/12\/trigo-cosecha-2.jpg","datePublished":"2026-03-16T14:37:07+00:00","author":{"@id":"https:\/\/www.noticiasradioreflejos.com.ar\/2021\/#\/schema\/person\/ad82545263dcc5ec0996818884fd5fb1"},"breadcrumb":{"@id":"https:\/\/www.noticiasradioreflejos.com.ar\/2021\/la-guerra-en-medio-oriente-empuja-los-granos-y-dispara-la-volatilidad-global\/#breadcrumb"},"inLanguage":"es","potentialAction":[{"@type":"ReadAction","target":["https:\/\/www.noticiasradioreflejos.com.ar\/2021\/la-guerra-en-medio-oriente-empuja-los-granos-y-dispara-la-volatilidad-global\/"]}]},{"@type":"ImageObject","inLanguage":"es","@id":"https:\/\/www.noticiasradioreflejos.com.ar\/2021\/la-guerra-en-medio-oriente-empuja-los-granos-y-dispara-la-volatilidad-global\/#primaryimage","url":"https:\/\/www.noticiasradioreflejos.com.ar\/2021\/wp-content\/uploads\/2024\/12\/trigo-cosecha-2.jpg","contentUrl":"https:\/\/www.noticiasradioreflejos.com.ar\/2021\/wp-content\/uploads\/2024\/12\/trigo-cosecha-2.jpg","width":1024,"height":576},{"@type":"BreadcrumbList","@id":"https:\/\/www.noticiasradioreflejos.com.ar\/2021\/la-guerra-en-medio-oriente-empuja-los-granos-y-dispara-la-volatilidad-global\/#breadcrumb","itemListElement":[{"@type":"ListItem","position":1,"name":"Portada","item":"https:\/\/www.noticiasradioreflejos.com.ar\/2021\/"},{"@type":"ListItem","position":2,"name":"La guerra en Medio Oriente empuja los granos y dispara la volatilidad global"}]},{"@type":"WebSite","@id":"https:\/\/www.noticiasradioreflejos.com.ar\/2021\/#website","url":"https:\/\/www.noticiasradioreflejos.com.ar\/2021\/","name":"Noticias Radio Reflejos","description":"Las noticias de mi comarca","potentialAction":[{"@type":"SearchAction","target":{"@type":"EntryPoint","urlTemplate":"https:\/\/www.noticiasradioreflejos.com.ar\/2021\/?s={search_term_string}"},"query-input":{"@type":"PropertyValueSpecification","valueRequired":true,"valueName":"search_term_string"}}],"inLanguage":"es"},{"@type":"Person","@id":"https:\/\/www.noticiasradioreflejos.com.ar\/2021\/#\/schema\/person\/ad82545263dcc5ec0996818884fd5fb1","name":"Arnaldo Botto","image":{"@type":"ImageObject","inLanguage":"es","@id":"https:\/\/www.noticiasradioreflejos.com.ar\/2021\/#\/schema\/person\/image\/","url":"https:\/\/secure.gravatar.com\/avatar\/55cb5e37c1efa326397366e6974cb338056df65cb50e7d64d1cf314e87504837?s=96&d=mm&r=g","contentUrl":"https:\/\/secure.gravatar.com\/avatar\/55cb5e37c1efa326397366e6974cb338056df65cb50e7d64d1cf314e87504837?s=96&d=mm&r=g","caption":"Arnaldo Botto"},"url":"https:\/\/www.noticiasradioreflejos.com.ar\/2021\/author\/arnaldo\/"}]}},"_links":{"self":[{"href":"https:\/\/www.noticiasradioreflejos.com.ar\/2021\/wp-json\/wp\/v2\/posts\/134155","targetHints":{"allow":["GET"]}}],"collection":[{"href":"https:\/\/www.noticiasradioreflejos.com.ar\/2021\/wp-json\/wp\/v2\/posts"}],"about":[{"href":"https:\/\/www.noticiasradioreflejos.com.ar\/2021\/wp-json\/wp\/v2\/types\/post"}],"author":[{"embeddable":true,"href":"https:\/\/www.noticiasradioreflejos.com.ar\/2021\/wp-json\/wp\/v2\/users\/3"}],"replies":[{"embeddable":true,"href":"https:\/\/www.noticiasradioreflejos.com.ar\/2021\/wp-json\/wp\/v2\/comments?post=134155"}],"version-history":[{"count":1,"href":"https:\/\/www.noticiasradioreflejos.com.ar\/2021\/wp-json\/wp\/v2\/posts\/134155\/revisions"}],"predecessor-version":[{"id":134156,"href":"https:\/\/www.noticiasradioreflejos.com.ar\/2021\/wp-json\/wp\/v2\/posts\/134155\/revisions\/134156"}],"wp:featuredmedia":[{"embeddable":true,"href":"https:\/\/www.noticiasradioreflejos.com.ar\/2021\/wp-json\/wp\/v2\/media\/110694"}],"wp:attachment":[{"href":"https:\/\/www.noticiasradioreflejos.com.ar\/2021\/wp-json\/wp\/v2\/media?parent=134155"}],"wp:term":[{"taxonomy":"category","embeddable":true,"href":"https:\/\/www.noticiasradioreflejos.com.ar\/2021\/wp-json\/wp\/v2\/categories?post=134155"},{"taxonomy":"post_tag","embeddable":true,"href":"https:\/\/www.noticiasradioreflejos.com.ar\/2021\/wp-json\/wp\/v2\/tags?post=134155"}],"curies":[{"name":"wp","href":"https:\/\/api.w.org\/{rel}","templated":true}]}}