{"id":134150,"date":"2026-03-16T18:11:53","date_gmt":"2026-03-16T21:11:53","guid":{"rendered":"https:\/\/www.noticiasradioreflejos.com.ar\/2021\/?p=134150"},"modified":"2026-03-16T21:44:21","modified_gmt":"2026-03-17T00:44:21","slug":"soverchia-musso-y-rosatelli-celebraron-el-triunfo-en-las-internas-del-pj","status":"publish","type":"post","link":"https:\/\/www.noticiasradioreflejos.com.ar\/2021\/soverchia-musso-y-rosatelli-celebraron-el-triunfo-en-las-internas-del-pj\/","title":{"rendered":"Soverchia, Musso y Rosatelli celebraron el triunfo en las internas del PJ"},"content":{"rendered":"<p dir=\"ltr\">Los ganadores de la contienda destacaron la militancia en las localidades de Saldungaray y Sierra de la Ventana. Tras el escrutinio, adelantaron que buscar\u00e1n integrar a todos los sectores para fortalecer la estructura pol\u00edtica que sostiene al gobierno municipal.<\/p>\n<p data-path-to-node=\"3\"><!--more--><\/p>\n<p data-path-to-node=\"3\">Tras imponerse en las elecciones internas de este domingo, Carmen Soverchia, Alberto \u00abTito\u00bb Musso y Laura Rosatelli celebraron el resultado y llamaron a la unidad del movimiento. Los nuevos conductores del Partido Justicialista local destacaron la importancia de fortalecer la gesti\u00f3n de la Intendenta Estefan\u00eda Bordoni de cara al 2027.<\/p>\n<p data-path-to-node=\"4\">Con los resultados finales sobre la mesa, los referentes de la Lista 4 analizaron la jornada democr\u00e1tica y el camino que se abre para el peronismo del distrito. <b data-path-to-node=\"4\" data-index-in-node=\"161\">Carmen Soverchia<\/b> fue la primera en destacar el tono de la contienda, lamentando ciertos roces digitales pero rescatando la conducta de su espacio: \u00abEstuvimos viendo en las redes el fin de semana de algunos compa\u00f1eros con agresiones que no benefician a nadie. Creo que la gente en general est\u00e1 cansada de esas cuestiones que no suman, que no construyen. Nuestra postura, desde el inicio, fue tratarnos con respeto, de una campa\u00f1a limpia y clara\u00bb.<\/p>\n<p data-path-to-node=\"5\">Por su parte, <b data-path-to-node=\"5\" data-index-in-node=\"14\">Alberto \u00abTito\u00bb Musso<\/b> detall\u00f3 los pasos institucionales que restan para formalizar el traspaso de mando: \u00abVamos a esperar a que se oficialice nuestro triunfo. Seguramente va a llegar una notificaci\u00f3n donde oficialmente quedemos constituidos como representantes del PJ en el distrito. A partir de ah\u00ed, tomar\u00edamos la posesi\u00f3n del local partidario\u00bb. El dirigente aprovech\u00f3 para reconocer el despliegue territorial en las distintas localidades: \u00abQuiero agradecer a nuestros compa\u00f1eros en Saldungaray y en Sierra de la Ventana, han hecho una gran militancia. Esto nos da una responsabilidad muy grande de conducir los destinos del partido durante los cuatro a\u00f1os\u00bb.<\/p>\n<p data-path-to-node=\"7\">La integraci\u00f3n de las distintas vertientes del peronismo fue uno de los ejes centrales de los ganadores. <b data-path-to-node=\"7\" data-index-in-node=\"105\">Laura Rosatelli<\/b> enfatiz\u00f3 que, pasada la elecci\u00f3n, la prioridad es el frente externo: \u00abEn una interna somos compa\u00f1eros. Obviamente, van a ser bien recibidos los compa\u00f1eros de la otra lista si quieren integrarse. Nunca deben olvidarse que nuestro enemigo est\u00e1 afuera. Nuestro deseo es trabajar y que se arme una lista de unidad\u00bb. En coincidencia, Soverchia agreg\u00f3 que ya proyectan nuevas ideas para el partido con la mirada puesta en el pr\u00f3ximo turno electoral: \u00abEs el comienzo de una nueva etapa, vamos a trabajar en conjunto. Uno de los fines que nos convoca es el 2027\u00bb.<\/p>\n<p data-path-to-node=\"8\">Finalmente, Musso vincul\u00f3 el resultado de la interna con la estabilidad pol\u00edtica del gobierno local, ratificando su pertenencia al espacio liderado por la jefa comunal: \u00abEs la pata que le faltaba a Estefan\u00eda (Bordoni) para gobernar con tranquilidad y confianza. Nosotros siempre la vamos a acompa\u00f1ar, nos sentimos totalmente identificados con Fuerza Patria\u00bb, concluy\u00f3, sellando as\u00ed el compromiso de la nueva conducci\u00f3n partidaria con la actual gesti\u00f3n municipal.<\/p>\n<audio class=\"wp-audio-shortcode\" id=\"audio-134150-1\" preload=\"none\" style=\"width: 100%;\" controls=\"controls\"><source type=\"audio\/mpeg\" src=\"https:\/\/www.noticiasradioreflejos.com.ar\/2021\/wp-content\/uploads\/2026\/03\/Alberto-musso-y-Laura-Rosatelli16-03.mp3?_=1\" \/><a href=\"https:\/\/www.noticiasradioreflejos.com.ar\/2021\/wp-content\/uploads\/2026\/03\/Alberto-musso-y-Laura-Rosatelli16-03.mp3\">https:\/\/www.noticiasradioreflejos.com.ar\/2021\/wp-content\/uploads\/2026\/03\/Alberto-musso-y-Laura-Rosatelli16-03.mp3<\/a><\/audio>\n<p>&nbsp;<br \/>\n<iframe loading=\"lazy\" width=\"697\" height=\"392\" src=\"https:\/\/www.youtube.com\/embed\/O9XeLdLVvNM\" title=\"Tito presidente\" frameborder=\"0\" allow=\"accelerometer; autoplay; clipboard-write; encrypted-media; gyroscope; picture-in-picture; web-share\" referrerpolicy=\"strict-origin-when-cross-origin\" allowfullscreen><\/iframe><br \/>\n&nbsp;<\/p>\n","protected":false},"excerpt":{"rendered":"<p>Los ganadores de la contienda destacaron la militancia en las localidades de Saldungaray y Sierra de la Ventana. Tras el escrutinio, adelantaron que buscar\u00e1n integrar a todos los sectores para fortalecer la estructura pol\u00edtica que sostiene al gobierno municipal.<\/p>\n","protected":false},"author":3,"featured_media":134171,"comment_status":"closed","ping_status":"closed","sticky":false,"template":"","format":"standard","meta":{"footnotes":""},"categories":[24],"tags":[48],"class_list":["post-134150","post","type-post","status-publish","format-standard","has-post-thumbnail","hentry","category-politica","tag-destacada"],"yoast_head":"<!-- This site is optimized with the Yoast SEO plugin v25.9 - https:\/\/yoast.com\/wordpress\/plugins\/seo\/ -->\n<title>Soverchia, Musso y Rosatelli celebraron el triunfo en las internas del PJ - Noticias Radio Reflejos<\/title>\n<meta name=\"robots\" content=\"index, follow, max-snippet:-1, max-image-preview:large, max-video-preview:-1\" \/>\n<link rel=\"canonical\" href=\"https:\/\/www.noticiasradioreflejos.com.ar\/2021\/soverchia-musso-y-rosatelli-celebraron-el-triunfo-en-las-internas-del-pj\/\" \/>\n<meta property=\"og:locale\" content=\"es_ES\" \/>\n<meta property=\"og:type\" content=\"article\" \/>\n<meta property=\"og:title\" content=\"Soverchia, Musso y Rosatelli celebraron el triunfo en las internas del PJ - Noticias Radio Reflejos\" \/>\n<meta property=\"og:description\" content=\"Los ganadores de la contienda destacaron la militancia en las localidades de Saldungaray y Sierra de la Ventana. Tras el escrutinio, adelantaron que buscar\u00e1n integrar a todos los sectores para fortalecer la estructura pol\u00edtica que sostiene al gobierno municipal.\" \/>\n<meta property=\"og:url\" content=\"https:\/\/www.noticiasradioreflejos.com.ar\/2021\/soverchia-musso-y-rosatelli-celebraron-el-triunfo-en-las-internas-del-pj\/\" \/>\n<meta property=\"og:site_name\" content=\"Noticias Radio Reflejos\" \/>\n<meta property=\"article:published_time\" content=\"2026-03-16T21:11:53+00:00\" \/>\n<meta property=\"article:modified_time\" content=\"2026-03-17T00:44:21+00:00\" \/>\n<meta property=\"og:image\" content=\"https:\/\/www.noticiasradioreflejos.com.ar\/2021\/wp-content\/uploads\/2026\/03\/185914_99_whatsapp-image-20260315-at-18.58.13.jpeg\" \/>\n\t<meta property=\"og:image:width\" content=\"320\" \/>\n\t<meta property=\"og:image:height\" content=\"180\" \/>\n\t<meta property=\"og:image:type\" content=\"image\/jpeg\" \/>\n<meta name=\"author\" content=\"Arnaldo Botto\" \/>\n<meta name=\"twitter:card\" content=\"summary_large_image\" \/>\n<script type=\"application\/ld+json\" class=\"yoast-schema-graph\">{\"@context\":\"https:\/\/schema.org\",\"@graph\":[{\"@type\":\"WebPage\",\"@id\":\"https:\/\/www.noticiasradioreflejos.com.ar\/2021\/soverchia-musso-y-rosatelli-celebraron-el-triunfo-en-las-internas-del-pj\/\",\"url\":\"https:\/\/www.noticiasradioreflejos.com.ar\/2021\/soverchia-musso-y-rosatelli-celebraron-el-triunfo-en-las-internas-del-pj\/\",\"name\":\"Soverchia, Musso y Rosatelli celebraron el triunfo en las internas del PJ - Noticias Radio Reflejos\",\"isPartOf\":{\"@id\":\"https:\/\/www.noticiasradioreflejos.com.ar\/2021\/#website\"},\"primaryImageOfPage\":{\"@id\":\"https:\/\/www.noticiasradioreflejos.com.ar\/2021\/soverchia-musso-y-rosatelli-celebraron-el-triunfo-en-las-internas-del-pj\/#primaryimage\"},\"image\":{\"@id\":\"https:\/\/www.noticiasradioreflejos.com.ar\/2021\/soverchia-musso-y-rosatelli-celebraron-el-triunfo-en-las-internas-del-pj\/#primaryimage\"},\"thumbnailUrl\":\"https:\/\/www.noticiasradioreflejos.com.ar\/2021\/wp-content\/uploads\/2026\/03\/185914_99_whatsapp-image-20260315-at-18.58.13.jpeg\",\"datePublished\":\"2026-03-16T21:11:53+00:00\",\"dateModified\":\"2026-03-17T00:44:21+00:00\",\"author\":{\"@id\":\"https:\/\/www.noticiasradioreflejos.com.ar\/2021\/#\/schema\/person\/ad82545263dcc5ec0996818884fd5fb1\"},\"breadcrumb\":{\"@id\":\"https:\/\/www.noticiasradioreflejos.com.ar\/2021\/soverchia-musso-y-rosatelli-celebraron-el-triunfo-en-las-internas-del-pj\/#breadcrumb\"},\"inLanguage\":\"es\",\"potentialAction\":[{\"@type\":\"ReadAction\",\"target\":[\"https:\/\/www.noticiasradioreflejos.com.ar\/2021\/soverchia-musso-y-rosatelli-celebraron-el-triunfo-en-las-internas-del-pj\/\"]}]},{\"@type\":\"ImageObject\",\"inLanguage\":\"es\",\"@id\":\"https:\/\/www.noticiasradioreflejos.com.ar\/2021\/soverchia-musso-y-rosatelli-celebraron-el-triunfo-en-las-internas-del-pj\/#primaryimage\",\"url\":\"https:\/\/www.noticiasradioreflejos.com.ar\/2021\/wp-content\/uploads\/2026\/03\/185914_99_whatsapp-image-20260315-at-18.58.13.jpeg\",\"contentUrl\":\"https:\/\/www.noticiasradioreflejos.com.ar\/2021\/wp-content\/uploads\/2026\/03\/185914_99_whatsapp-image-20260315-at-18.58.13.jpeg\",\"width\":320,\"height\":180},{\"@type\":\"BreadcrumbList\",\"@id\":\"https:\/\/www.noticiasradioreflejos.com.ar\/2021\/soverchia-musso-y-rosatelli-celebraron-el-triunfo-en-las-internas-del-pj\/#breadcrumb\",\"itemListElement\":[{\"@type\":\"ListItem\",\"position\":1,\"name\":\"Portada\",\"item\":\"https:\/\/www.noticiasradioreflejos.com.ar\/2021\/\"},{\"@type\":\"ListItem\",\"position\":2,\"name\":\"Soverchia, Musso y Rosatelli celebraron el triunfo en las internas del PJ\"}]},{\"@type\":\"WebSite\",\"@id\":\"https:\/\/www.noticiasradioreflejos.com.ar\/2021\/#website\",\"url\":\"https:\/\/www.noticiasradioreflejos.com.ar\/2021\/\",\"name\":\"Noticias Radio Reflejos\",\"description\":\"Las noticias de mi comarca\",\"potentialAction\":[{\"@type\":\"SearchAction\",\"target\":{\"@type\":\"EntryPoint\",\"urlTemplate\":\"https:\/\/www.noticiasradioreflejos.com.ar\/2021\/?s={search_term_string}\"},\"query-input\":{\"@type\":\"PropertyValueSpecification\",\"valueRequired\":true,\"valueName\":\"search_term_string\"}}],\"inLanguage\":\"es\"},{\"@type\":\"Person\",\"@id\":\"https:\/\/www.noticiasradioreflejos.com.ar\/2021\/#\/schema\/person\/ad82545263dcc5ec0996818884fd5fb1\",\"name\":\"Arnaldo Botto\",\"image\":{\"@type\":\"ImageObject\",\"inLanguage\":\"es\",\"@id\":\"https:\/\/www.noticiasradioreflejos.com.ar\/2021\/#\/schema\/person\/image\/\",\"url\":\"https:\/\/secure.gravatar.com\/avatar\/55cb5e37c1efa326397366e6974cb338056df65cb50e7d64d1cf314e87504837?s=96&d=mm&r=g\",\"contentUrl\":\"https:\/\/secure.gravatar.com\/avatar\/55cb5e37c1efa326397366e6974cb338056df65cb50e7d64d1cf314e87504837?s=96&d=mm&r=g\",\"caption\":\"Arnaldo Botto\"},\"url\":\"https:\/\/www.noticiasradioreflejos.com.ar\/2021\/author\/arnaldo\/\"}]}<\/script>\n<!-- \/ Yoast SEO plugin. -->","yoast_head_json":{"title":"Soverchia, Musso y Rosatelli celebraron el triunfo en las internas del PJ - Noticias Radio Reflejos","robots":{"index":"index","follow":"follow","max-snippet":"max-snippet:-1","max-image-preview":"max-image-preview:large","max-video-preview":"max-video-preview:-1"},"canonical":"https:\/\/www.noticiasradioreflejos.com.ar\/2021\/soverchia-musso-y-rosatelli-celebraron-el-triunfo-en-las-internas-del-pj\/","og_locale":"es_ES","og_type":"article","og_title":"Soverchia, Musso y Rosatelli celebraron el triunfo en las internas del PJ - Noticias Radio Reflejos","og_description":"Los ganadores de la contienda destacaron la militancia en las localidades de Saldungaray y Sierra de la Ventana. Tras el escrutinio, adelantaron que buscar\u00e1n integrar a todos los sectores para fortalecer la estructura pol\u00edtica que sostiene al gobierno municipal.","og_url":"https:\/\/www.noticiasradioreflejos.com.ar\/2021\/soverchia-musso-y-rosatelli-celebraron-el-triunfo-en-las-internas-del-pj\/","og_site_name":"Noticias Radio Reflejos","article_published_time":"2026-03-16T21:11:53+00:00","article_modified_time":"2026-03-17T00:44:21+00:00","og_image":[{"width":320,"height":180,"url":"https:\/\/www.noticiasradioreflejos.com.ar\/2021\/wp-content\/uploads\/2026\/03\/185914_99_whatsapp-image-20260315-at-18.58.13.jpeg","type":"image\/jpeg"}],"author":"Arnaldo Botto","twitter_card":"summary_large_image","schema":{"@context":"https:\/\/schema.org","@graph":[{"@type":"WebPage","@id":"https:\/\/www.noticiasradioreflejos.com.ar\/2021\/soverchia-musso-y-rosatelli-celebraron-el-triunfo-en-las-internas-del-pj\/","url":"https:\/\/www.noticiasradioreflejos.com.ar\/2021\/soverchia-musso-y-rosatelli-celebraron-el-triunfo-en-las-internas-del-pj\/","name":"Soverchia, Musso y Rosatelli celebraron el triunfo en las internas del PJ - Noticias Radio Reflejos","isPartOf":{"@id":"https:\/\/www.noticiasradioreflejos.com.ar\/2021\/#website"},"primaryImageOfPage":{"@id":"https:\/\/www.noticiasradioreflejos.com.ar\/2021\/soverchia-musso-y-rosatelli-celebraron-el-triunfo-en-las-internas-del-pj\/#primaryimage"},"image":{"@id":"https:\/\/www.noticiasradioreflejos.com.ar\/2021\/soverchia-musso-y-rosatelli-celebraron-el-triunfo-en-las-internas-del-pj\/#primaryimage"},"thumbnailUrl":"https:\/\/www.noticiasradioreflejos.com.ar\/2021\/wp-content\/uploads\/2026\/03\/185914_99_whatsapp-image-20260315-at-18.58.13.jpeg","datePublished":"2026-03-16T21:11:53+00:00","dateModified":"2026-03-17T00:44:21+00:00","author":{"@id":"https:\/\/www.noticiasradioreflejos.com.ar\/2021\/#\/schema\/person\/ad82545263dcc5ec0996818884fd5fb1"},"breadcrumb":{"@id":"https:\/\/www.noticiasradioreflejos.com.ar\/2021\/soverchia-musso-y-rosatelli-celebraron-el-triunfo-en-las-internas-del-pj\/#breadcrumb"},"inLanguage":"es","potentialAction":[{"@type":"ReadAction","target":["https:\/\/www.noticiasradioreflejos.com.ar\/2021\/soverchia-musso-y-rosatelli-celebraron-el-triunfo-en-las-internas-del-pj\/"]}]},{"@type":"ImageObject","inLanguage":"es","@id":"https:\/\/www.noticiasradioreflejos.com.ar\/2021\/soverchia-musso-y-rosatelli-celebraron-el-triunfo-en-las-internas-del-pj\/#primaryimage","url":"https:\/\/www.noticiasradioreflejos.com.ar\/2021\/wp-content\/uploads\/2026\/03\/185914_99_whatsapp-image-20260315-at-18.58.13.jpeg","contentUrl":"https:\/\/www.noticiasradioreflejos.com.ar\/2021\/wp-content\/uploads\/2026\/03\/185914_99_whatsapp-image-20260315-at-18.58.13.jpeg","width":320,"height":180},{"@type":"BreadcrumbList","@id":"https:\/\/www.noticiasradioreflejos.com.ar\/2021\/soverchia-musso-y-rosatelli-celebraron-el-triunfo-en-las-internas-del-pj\/#breadcrumb","itemListElement":[{"@type":"ListItem","position":1,"name":"Portada","item":"https:\/\/www.noticiasradioreflejos.com.ar\/2021\/"},{"@type":"ListItem","position":2,"name":"Soverchia, Musso y Rosatelli celebraron el triunfo en las internas del PJ"}]},{"@type":"WebSite","@id":"https:\/\/www.noticiasradioreflejos.com.ar\/2021\/#website","url":"https:\/\/www.noticiasradioreflejos.com.ar\/2021\/","name":"Noticias Radio Reflejos","description":"Las noticias de mi comarca","potentialAction":[{"@type":"SearchAction","target":{"@type":"EntryPoint","urlTemplate":"https:\/\/www.noticiasradioreflejos.com.ar\/2021\/?s={search_term_string}"},"query-input":{"@type":"PropertyValueSpecification","valueRequired":true,"valueName":"search_term_string"}}],"inLanguage":"es"},{"@type":"Person","@id":"https:\/\/www.noticiasradioreflejos.com.ar\/2021\/#\/schema\/person\/ad82545263dcc5ec0996818884fd5fb1","name":"Arnaldo Botto","image":{"@type":"ImageObject","inLanguage":"es","@id":"https:\/\/www.noticiasradioreflejos.com.ar\/2021\/#\/schema\/person\/image\/","url":"https:\/\/secure.gravatar.com\/avatar\/55cb5e37c1efa326397366e6974cb338056df65cb50e7d64d1cf314e87504837?s=96&d=mm&r=g","contentUrl":"https:\/\/secure.gravatar.com\/avatar\/55cb5e37c1efa326397366e6974cb338056df65cb50e7d64d1cf314e87504837?s=96&d=mm&r=g","caption":"Arnaldo Botto"},"url":"https:\/\/www.noticiasradioreflejos.com.ar\/2021\/author\/arnaldo\/"}]}},"_links":{"self":[{"href":"https:\/\/www.noticiasradioreflejos.com.ar\/2021\/wp-json\/wp\/v2\/posts\/134150","targetHints":{"allow":["GET"]}}],"collection":[{"href":"https:\/\/www.noticiasradioreflejos.com.ar\/2021\/wp-json\/wp\/v2\/posts"}],"about":[{"href":"https:\/\/www.noticiasradioreflejos.com.ar\/2021\/wp-json\/wp\/v2\/types\/post"}],"author":[{"embeddable":true,"href":"https:\/\/www.noticiasradioreflejos.com.ar\/2021\/wp-json\/wp\/v2\/users\/3"}],"replies":[{"embeddable":true,"href":"https:\/\/www.noticiasradioreflejos.com.ar\/2021\/wp-json\/wp\/v2\/comments?post=134150"}],"version-history":[{"count":5,"href":"https:\/\/www.noticiasradioreflejos.com.ar\/2021\/wp-json\/wp\/v2\/posts\/134150\/revisions"}],"predecessor-version":[{"id":134194,"href":"https:\/\/www.noticiasradioreflejos.com.ar\/2021\/wp-json\/wp\/v2\/posts\/134150\/revisions\/134194"}],"wp:featuredmedia":[{"embeddable":true,"href":"https:\/\/www.noticiasradioreflejos.com.ar\/2021\/wp-json\/wp\/v2\/media\/134171"}],"wp:attachment":[{"href":"https:\/\/www.noticiasradioreflejos.com.ar\/2021\/wp-json\/wp\/v2\/media?parent=134150"}],"wp:term":[{"taxonomy":"category","embeddable":true,"href":"https:\/\/www.noticiasradioreflejos.com.ar\/2021\/wp-json\/wp\/v2\/categories?post=134150"},{"taxonomy":"post_tag","embeddable":true,"href":"https:\/\/www.noticiasradioreflejos.com.ar\/2021\/wp-json\/wp\/v2\/tags?post=134150"}],"curies":[{"name":"wp","href":"https:\/\/api.w.org\/{rel}","templated":true}]}}