{"id":134141,"date":"2026-03-16T07:28:19","date_gmt":"2026-03-16T10:28:19","guid":{"rendered":"https:\/\/www.noticiasradioreflejos.com.ar\/2021\/?p=134141"},"modified":"2026-03-16T11:38:32","modified_gmt":"2026-03-16T14:38:32","slug":"temporal-de-lluvia-y-alertas-en-la-comarca-el-agua-no-da-tregua-en-el-valle","status":"publish","type":"post","link":"https:\/\/www.noticiasradioreflejos.com.ar\/2021\/temporal-de-lluvia-y-alertas-en-la-comarca-el-agua-no-da-tregua-en-el-valle\/","title":{"rendered":"Temporal de lluvia y alertas en la Comarca: el agua no da tregua en el valle"},"content":{"rendered":"<p data-path-to-node=\"1\"><b data-path-to-node=\"1\" data-index-in-node=\"0\">Con un acumulado que ya alcanza los 116 mm y el mantenimiento del alerta amarillo, la regi\u00f3n se prepara para nuevas tormentas nocturnas y una fuerte crecida de los cursos de agua.<\/b><\/p>\n<p data-path-to-node=\"3\"><!--more--><\/p>\n<p data-path-to-node=\"3\">El escenario meteorol\u00f3gico en el <b data-path-to-node=\"3\" data-index-in-node=\"33\">valle del Sauce Grande<\/b> ha cobrado una intensidad cr\u00edtica durante las \u00faltimas horas. Tras un s\u00e1bado que dej\u00f3 <b data-path-to-node=\"3\" data-index-in-node=\"141\">38 mm<\/b> y un domingo de lluvias ligeras que elevaron el total a <b data-path-to-node=\"3\" data-index-in-node=\"203\">45 mm<\/b>, la madrugada de este lunes marc\u00f3 un quiebre: una persistente descarga el\u00e9ctrica y lluvias incesantes sumaron <b data-path-to-node=\"3\" data-index-in-node=\"319\">75 mm<\/b> adicionales, totalizando <b data-path-to-node=\"3\" data-index-in-node=\"350\">116 mm<\/b> hasta las 7 de la ma\u00f1ana. Con una temperatura m\u00ednima de <b data-path-to-node=\"3\" data-index-in-node=\"413\">14\u00b0C<\/b>, el sistema de avisos a corto plazo permanece activo mientras el frente de tormentas contin\u00faa su desarrollo sobre la zona serrana.<\/p>\n<h3 data-path-to-node=\"4\">Perspectivas para las pr\u00f3ximas horas<\/h3>\n<p data-path-to-node=\"5\">Para lo que resta del lunes, se anticipa que las precipitaciones persistan hasta media ma\u00f1ana, dando paso a una tarde con una m\u00e1xima de <b data-path-to-node=\"5\" data-index-in-node=\"136\">25\u00b0C<\/b> y una carga de humedad muy elevada. Si bien el cielo mostrar\u00e1 algunos claros de sol durante el mediod\u00eda, el viento suave del estenordeste preceder\u00e1 a un nuevo frente de tormentas previsto para las <b data-path-to-node=\"5\" data-index-in-node=\"338\">21:00 hs<\/b>. Este segundo pulso de inestabilidad se extender\u00e1 hasta la ma\u00f1ana del martes bajo <b data-path-to-node=\"5\" data-index-in-node=\"429\">alerta amarillo<\/b>, sumando el riesgo de vientos muy fuertes del sudoeste con r\u00e1fagas que podr\u00edan alcanzar los <b data-path-to-node=\"5\" data-index-in-node=\"537\">60 km\/h<\/b>, lo que provocar\u00e1 un marcado descenso t\u00e9rmico con temperaturas de entre <b data-path-to-node=\"5\" data-index-in-node=\"617\">17\u00b0C y 20\u00b0C<\/b>.<\/p>\n<h3 data-path-to-node=\"6\">Alerta por crecidas inminentes<\/h3>\n<p data-path-to-node=\"7\">Debido al extraordinario volumen de agua acumulado en los suelos y las cuencas altas, se emite una <b data-path-to-node=\"7\" data-index-in-node=\"99\">alerta especial para vecinos y turistas<\/b> ante la inminente crecida del <b data-path-to-node=\"7\" data-index-in-node=\"169\">R\u00edo Sauce Grande y todos sus afluentes<\/b>. El escurrimiento de los <b data-path-to-node=\"7\" data-index-in-node=\"233\">116 mm<\/b> ya registrados, sumado a las lluvias que se esperan para la noche, generar\u00e1 un incremento repentino y violento en los niveles de los arroyos. Se solicita a la poblaci\u00f3n evitar circular por zonas ribere\u00f1as, no cruzar vados o puentes que presenten agua sobre la calzada y retirar cualquier elemento que pueda ser arrastrado por la corriente.<\/p>\n<h4 data-path-to-node=\"7\">Totales de lluvias hasta las 7 horas acumulado<\/h4>\n<p>116 mm en Sierra de la Ventana<br \/>\n70 mm en Villa Ventana<br \/>\n76 mm en Las Acacias<br \/>\n90 mm en La desembocadura del Sauce Grande<br \/>\n65 mm en Saldungaray<br \/>\n62 mm en Las \u00c1guilas<br \/>\n45 mm en Frapal<br \/>\n56 mm Tornquist<br \/>\n60 mm Chasico<br \/>\n106 mm en Tres Picos<br \/>\n50 mm San Andres de la Sierra<br \/>\n51 mm Villa Serrana La Gruta<br \/>\n60 mm Club de Pesca Tornquist<br \/>\n77 mm Pigue<br \/>\n60 mm Bordenave<br \/>\n91 mm Felipe Sola<br \/>\n32 mm Saavedra<br \/>\n40 mm en Cnel Pringles<br \/>\n46 m en Lartigau<br \/>\n47 mm en Cnel Dorrego<\/p>\n<p>&nbsp;<\/p>\n<p><a href=\"https:\/\/www.noticiasradioreflejos.com.ar\/2021\/lluvias-torrenciales-en-sierra-de-la-ventana-arroyos-y-el-rio-sauce-grande-muestrean-importantes-crecidas\/dique-balneraio-sierra-crecida\/\" rel=\"attachment wp-att-125419\"><img loading=\"lazy\" decoding=\"async\" class=\"aligncenter size-full wp-image-125419\" src=\"https:\/\/www.noticiasradioreflejos.com.ar\/2021\/wp-content\/uploads\/2025\/09\/Dique-Balneraio-sierra-crecida.jpeg\" alt=\"\" width=\"1536\" height=\"838\" srcset=\"https:\/\/www.noticiasradioreflejos.com.ar\/2021\/wp-content\/uploads\/2025\/09\/Dique-Balneraio-sierra-crecida.jpeg 1536w, https:\/\/www.noticiasradioreflejos.com.ar\/2021\/wp-content\/uploads\/2025\/09\/Dique-Balneraio-sierra-crecida-300x164.jpeg 300w, https:\/\/www.noticiasradioreflejos.com.ar\/2021\/wp-content\/uploads\/2025\/09\/Dique-Balneraio-sierra-crecida-1024x559.jpeg 1024w, https:\/\/www.noticiasradioreflejos.com.ar\/2021\/wp-content\/uploads\/2025\/09\/Dique-Balneraio-sierra-crecida-768x419.jpeg 768w, https:\/\/www.noticiasradioreflejos.com.ar\/2021\/wp-content\/uploads\/2025\/09\/Dique-Balneraio-sierra-crecida-750x409.jpeg 750w, https:\/\/www.noticiasradioreflejos.com.ar\/2021\/wp-content\/uploads\/2025\/09\/Dique-Balneraio-sierra-crecida-1140x622.jpeg 1140w\" sizes=\"auto, (max-width: 1536px) 100vw, 1536px\" \/><\/a><\/p>\n<p data-path-to-node=\"7\">\n","protected":false},"excerpt":{"rendered":"<p>Con un acumulado que ya alcanza los 116 mm y el mantenimiento del alerta amarillo, la regi\u00f3n se prepara para nuevas tormentas nocturnas y una fuerte crecida de los cursos de agua.<\/p>\n","protected":false},"author":3,"featured_media":85132,"comment_status":"closed","ping_status":"closed","sticky":false,"template":"","format":"standard","meta":{"footnotes":""},"categories":[46],"tags":[48],"class_list":["post-134141","post","type-post","status-publish","format-standard","has-post-thumbnail","hentry","category-ciencia-y-tecnologia","tag-destacada"],"yoast_head":"<!-- This site is optimized with the Yoast SEO plugin v25.9 - https:\/\/yoast.com\/wordpress\/plugins\/seo\/ -->\n<title>Temporal de lluvia y alertas en la Comarca: el agua no da tregua en el valle - Noticias Radio Reflejos<\/title>\n<meta name=\"robots\" content=\"index, follow, max-snippet:-1, max-image-preview:large, max-video-preview:-1\" \/>\n<link rel=\"canonical\" href=\"https:\/\/www.noticiasradioreflejos.com.ar\/2021\/temporal-de-lluvia-y-alertas-en-la-comarca-el-agua-no-da-tregua-en-el-valle\/\" \/>\n<meta property=\"og:locale\" content=\"es_ES\" \/>\n<meta property=\"og:type\" content=\"article\" \/>\n<meta property=\"og:title\" content=\"Temporal de lluvia y alertas en la Comarca: el agua no da tregua en el valle - Noticias Radio Reflejos\" \/>\n<meta property=\"og:description\" content=\"Con un acumulado que ya alcanza los 116 mm y el mantenimiento del alerta amarillo, la regi\u00f3n se prepara para nuevas tormentas nocturnas y una fuerte crecida de los cursos de agua.\" \/>\n<meta property=\"og:url\" content=\"https:\/\/www.noticiasradioreflejos.com.ar\/2021\/temporal-de-lluvia-y-alertas-en-la-comarca-el-agua-no-da-tregua-en-el-valle\/\" \/>\n<meta property=\"og:site_name\" content=\"Noticias Radio Reflejos\" \/>\n<meta property=\"article:published_time\" content=\"2026-03-16T10:28:19+00:00\" \/>\n<meta property=\"article:modified_time\" content=\"2026-03-16T14:38:32+00:00\" \/>\n<meta property=\"og:image\" content=\"https:\/\/www.noticiasradioreflejos.com.ar\/2021\/wp-content\/uploads\/2023\/03\/Lluvia-centro-de-sierra.jpeg\" \/>\n\t<meta property=\"og:image:width\" content=\"1600\" \/>\n\t<meta property=\"og:image:height\" content=\"900\" \/>\n\t<meta property=\"og:image:type\" content=\"image\/jpeg\" \/>\n<meta name=\"author\" content=\"Arnaldo Botto\" \/>\n<meta name=\"twitter:card\" content=\"summary_large_image\" \/>\n<script type=\"application\/ld+json\" class=\"yoast-schema-graph\">{\"@context\":\"https:\/\/schema.org\",\"@graph\":[{\"@type\":\"WebPage\",\"@id\":\"https:\/\/www.noticiasradioreflejos.com.ar\/2021\/temporal-de-lluvia-y-alertas-en-la-comarca-el-agua-no-da-tregua-en-el-valle\/\",\"url\":\"https:\/\/www.noticiasradioreflejos.com.ar\/2021\/temporal-de-lluvia-y-alertas-en-la-comarca-el-agua-no-da-tregua-en-el-valle\/\",\"name\":\"Temporal de lluvia y alertas en la Comarca: el agua no da tregua en el valle - Noticias Radio Reflejos\",\"isPartOf\":{\"@id\":\"https:\/\/www.noticiasradioreflejos.com.ar\/2021\/#website\"},\"primaryImageOfPage\":{\"@id\":\"https:\/\/www.noticiasradioreflejos.com.ar\/2021\/temporal-de-lluvia-y-alertas-en-la-comarca-el-agua-no-da-tregua-en-el-valle\/#primaryimage\"},\"image\":{\"@id\":\"https:\/\/www.noticiasradioreflejos.com.ar\/2021\/temporal-de-lluvia-y-alertas-en-la-comarca-el-agua-no-da-tregua-en-el-valle\/#primaryimage\"},\"thumbnailUrl\":\"https:\/\/www.noticiasradioreflejos.com.ar\/2021\/wp-content\/uploads\/2023\/03\/Lluvia-centro-de-sierra.jpeg\",\"datePublished\":\"2026-03-16T10:28:19+00:00\",\"dateModified\":\"2026-03-16T14:38:32+00:00\",\"author\":{\"@id\":\"https:\/\/www.noticiasradioreflejos.com.ar\/2021\/#\/schema\/person\/ad82545263dcc5ec0996818884fd5fb1\"},\"breadcrumb\":{\"@id\":\"https:\/\/www.noticiasradioreflejos.com.ar\/2021\/temporal-de-lluvia-y-alertas-en-la-comarca-el-agua-no-da-tregua-en-el-valle\/#breadcrumb\"},\"inLanguage\":\"es\",\"potentialAction\":[{\"@type\":\"ReadAction\",\"target\":[\"https:\/\/www.noticiasradioreflejos.com.ar\/2021\/temporal-de-lluvia-y-alertas-en-la-comarca-el-agua-no-da-tregua-en-el-valle\/\"]}]},{\"@type\":\"ImageObject\",\"inLanguage\":\"es\",\"@id\":\"https:\/\/www.noticiasradioreflejos.com.ar\/2021\/temporal-de-lluvia-y-alertas-en-la-comarca-el-agua-no-da-tregua-en-el-valle\/#primaryimage\",\"url\":\"https:\/\/www.noticiasradioreflejos.com.ar\/2021\/wp-content\/uploads\/2023\/03\/Lluvia-centro-de-sierra.jpeg\",\"contentUrl\":\"https:\/\/www.noticiasradioreflejos.com.ar\/2021\/wp-content\/uploads\/2023\/03\/Lluvia-centro-de-sierra.jpeg\",\"width\":1600,\"height\":900},{\"@type\":\"BreadcrumbList\",\"@id\":\"https:\/\/www.noticiasradioreflejos.com.ar\/2021\/temporal-de-lluvia-y-alertas-en-la-comarca-el-agua-no-da-tregua-en-el-valle\/#breadcrumb\",\"itemListElement\":[{\"@type\":\"ListItem\",\"position\":1,\"name\":\"Portada\",\"item\":\"https:\/\/www.noticiasradioreflejos.com.ar\/2021\/\"},{\"@type\":\"ListItem\",\"position\":2,\"name\":\"Temporal de lluvia y alertas en la Comarca: el agua no da tregua en el valle\"}]},{\"@type\":\"WebSite\",\"@id\":\"https:\/\/www.noticiasradioreflejos.com.ar\/2021\/#website\",\"url\":\"https:\/\/www.noticiasradioreflejos.com.ar\/2021\/\",\"name\":\"Noticias Radio Reflejos\",\"description\":\"Las noticias de mi comarca\",\"potentialAction\":[{\"@type\":\"SearchAction\",\"target\":{\"@type\":\"EntryPoint\",\"urlTemplate\":\"https:\/\/www.noticiasradioreflejos.com.ar\/2021\/?s={search_term_string}\"},\"query-input\":{\"@type\":\"PropertyValueSpecification\",\"valueRequired\":true,\"valueName\":\"search_term_string\"}}],\"inLanguage\":\"es\"},{\"@type\":\"Person\",\"@id\":\"https:\/\/www.noticiasradioreflejos.com.ar\/2021\/#\/schema\/person\/ad82545263dcc5ec0996818884fd5fb1\",\"name\":\"Arnaldo Botto\",\"image\":{\"@type\":\"ImageObject\",\"inLanguage\":\"es\",\"@id\":\"https:\/\/www.noticiasradioreflejos.com.ar\/2021\/#\/schema\/person\/image\/\",\"url\":\"https:\/\/secure.gravatar.com\/avatar\/55cb5e37c1efa326397366e6974cb338056df65cb50e7d64d1cf314e87504837?s=96&d=mm&r=g\",\"contentUrl\":\"https:\/\/secure.gravatar.com\/avatar\/55cb5e37c1efa326397366e6974cb338056df65cb50e7d64d1cf314e87504837?s=96&d=mm&r=g\",\"caption\":\"Arnaldo Botto\"},\"url\":\"https:\/\/www.noticiasradioreflejos.com.ar\/2021\/author\/arnaldo\/\"}]}<\/script>\n<!-- \/ Yoast SEO plugin. -->","yoast_head_json":{"title":"Temporal de lluvia y alertas en la Comarca: el agua no da tregua en el valle - Noticias Radio Reflejos","robots":{"index":"index","follow":"follow","max-snippet":"max-snippet:-1","max-image-preview":"max-image-preview:large","max-video-preview":"max-video-preview:-1"},"canonical":"https:\/\/www.noticiasradioreflejos.com.ar\/2021\/temporal-de-lluvia-y-alertas-en-la-comarca-el-agua-no-da-tregua-en-el-valle\/","og_locale":"es_ES","og_type":"article","og_title":"Temporal de lluvia y alertas en la Comarca: el agua no da tregua en el valle - Noticias Radio Reflejos","og_description":"Con un acumulado que ya alcanza los 116 mm y el mantenimiento del alerta amarillo, la regi\u00f3n se prepara para nuevas tormentas nocturnas y una fuerte crecida de los cursos de agua.","og_url":"https:\/\/www.noticiasradioreflejos.com.ar\/2021\/temporal-de-lluvia-y-alertas-en-la-comarca-el-agua-no-da-tregua-en-el-valle\/","og_site_name":"Noticias Radio Reflejos","article_published_time":"2026-03-16T10:28:19+00:00","article_modified_time":"2026-03-16T14:38:32+00:00","og_image":[{"width":1600,"height":900,"url":"https:\/\/www.noticiasradioreflejos.com.ar\/2021\/wp-content\/uploads\/2023\/03\/Lluvia-centro-de-sierra.jpeg","type":"image\/jpeg"}],"author":"Arnaldo Botto","twitter_card":"summary_large_image","schema":{"@context":"https:\/\/schema.org","@graph":[{"@type":"WebPage","@id":"https:\/\/www.noticiasradioreflejos.com.ar\/2021\/temporal-de-lluvia-y-alertas-en-la-comarca-el-agua-no-da-tregua-en-el-valle\/","url":"https:\/\/www.noticiasradioreflejos.com.ar\/2021\/temporal-de-lluvia-y-alertas-en-la-comarca-el-agua-no-da-tregua-en-el-valle\/","name":"Temporal de lluvia y alertas en la Comarca: el agua no da tregua en el valle - Noticias Radio Reflejos","isPartOf":{"@id":"https:\/\/www.noticiasradioreflejos.com.ar\/2021\/#website"},"primaryImageOfPage":{"@id":"https:\/\/www.noticiasradioreflejos.com.ar\/2021\/temporal-de-lluvia-y-alertas-en-la-comarca-el-agua-no-da-tregua-en-el-valle\/#primaryimage"},"image":{"@id":"https:\/\/www.noticiasradioreflejos.com.ar\/2021\/temporal-de-lluvia-y-alertas-en-la-comarca-el-agua-no-da-tregua-en-el-valle\/#primaryimage"},"thumbnailUrl":"https:\/\/www.noticiasradioreflejos.com.ar\/2021\/wp-content\/uploads\/2023\/03\/Lluvia-centro-de-sierra.jpeg","datePublished":"2026-03-16T10:28:19+00:00","dateModified":"2026-03-16T14:38:32+00:00","author":{"@id":"https:\/\/www.noticiasradioreflejos.com.ar\/2021\/#\/schema\/person\/ad82545263dcc5ec0996818884fd5fb1"},"breadcrumb":{"@id":"https:\/\/www.noticiasradioreflejos.com.ar\/2021\/temporal-de-lluvia-y-alertas-en-la-comarca-el-agua-no-da-tregua-en-el-valle\/#breadcrumb"},"inLanguage":"es","potentialAction":[{"@type":"ReadAction","target":["https:\/\/www.noticiasradioreflejos.com.ar\/2021\/temporal-de-lluvia-y-alertas-en-la-comarca-el-agua-no-da-tregua-en-el-valle\/"]}]},{"@type":"ImageObject","inLanguage":"es","@id":"https:\/\/www.noticiasradioreflejos.com.ar\/2021\/temporal-de-lluvia-y-alertas-en-la-comarca-el-agua-no-da-tregua-en-el-valle\/#primaryimage","url":"https:\/\/www.noticiasradioreflejos.com.ar\/2021\/wp-content\/uploads\/2023\/03\/Lluvia-centro-de-sierra.jpeg","contentUrl":"https:\/\/www.noticiasradioreflejos.com.ar\/2021\/wp-content\/uploads\/2023\/03\/Lluvia-centro-de-sierra.jpeg","width":1600,"height":900},{"@type":"BreadcrumbList","@id":"https:\/\/www.noticiasradioreflejos.com.ar\/2021\/temporal-de-lluvia-y-alertas-en-la-comarca-el-agua-no-da-tregua-en-el-valle\/#breadcrumb","itemListElement":[{"@type":"ListItem","position":1,"name":"Portada","item":"https:\/\/www.noticiasradioreflejos.com.ar\/2021\/"},{"@type":"ListItem","position":2,"name":"Temporal de lluvia y alertas en la Comarca: el agua no da tregua en el valle"}]},{"@type":"WebSite","@id":"https:\/\/www.noticiasradioreflejos.com.ar\/2021\/#website","url":"https:\/\/www.noticiasradioreflejos.com.ar\/2021\/","name":"Noticias Radio Reflejos","description":"Las noticias de mi comarca","potentialAction":[{"@type":"SearchAction","target":{"@type":"EntryPoint","urlTemplate":"https:\/\/www.noticiasradioreflejos.com.ar\/2021\/?s={search_term_string}"},"query-input":{"@type":"PropertyValueSpecification","valueRequired":true,"valueName":"search_term_string"}}],"inLanguage":"es"},{"@type":"Person","@id":"https:\/\/www.noticiasradioreflejos.com.ar\/2021\/#\/schema\/person\/ad82545263dcc5ec0996818884fd5fb1","name":"Arnaldo Botto","image":{"@type":"ImageObject","inLanguage":"es","@id":"https:\/\/www.noticiasradioreflejos.com.ar\/2021\/#\/schema\/person\/image\/","url":"https:\/\/secure.gravatar.com\/avatar\/55cb5e37c1efa326397366e6974cb338056df65cb50e7d64d1cf314e87504837?s=96&d=mm&r=g","contentUrl":"https:\/\/secure.gravatar.com\/avatar\/55cb5e37c1efa326397366e6974cb338056df65cb50e7d64d1cf314e87504837?s=96&d=mm&r=g","caption":"Arnaldo Botto"},"url":"https:\/\/www.noticiasradioreflejos.com.ar\/2021\/author\/arnaldo\/"}]}},"_links":{"self":[{"href":"https:\/\/www.noticiasradioreflejos.com.ar\/2021\/wp-json\/wp\/v2\/posts\/134141","targetHints":{"allow":["GET"]}}],"collection":[{"href":"https:\/\/www.noticiasradioreflejos.com.ar\/2021\/wp-json\/wp\/v2\/posts"}],"about":[{"href":"https:\/\/www.noticiasradioreflejos.com.ar\/2021\/wp-json\/wp\/v2\/types\/post"}],"author":[{"embeddable":true,"href":"https:\/\/www.noticiasradioreflejos.com.ar\/2021\/wp-json\/wp\/v2\/users\/3"}],"replies":[{"embeddable":true,"href":"https:\/\/www.noticiasradioreflejos.com.ar\/2021\/wp-json\/wp\/v2\/comments?post=134141"}],"version-history":[{"count":7,"href":"https:\/\/www.noticiasradioreflejos.com.ar\/2021\/wp-json\/wp\/v2\/posts\/134141\/revisions"}],"predecessor-version":[{"id":134143,"href":"https:\/\/www.noticiasradioreflejos.com.ar\/2021\/wp-json\/wp\/v2\/posts\/134141\/revisions\/134143"}],"wp:featuredmedia":[{"embeddable":true,"href":"https:\/\/www.noticiasradioreflejos.com.ar\/2021\/wp-json\/wp\/v2\/media\/85132"}],"wp:attachment":[{"href":"https:\/\/www.noticiasradioreflejos.com.ar\/2021\/wp-json\/wp\/v2\/media?parent=134141"}],"wp:term":[{"taxonomy":"category","embeddable":true,"href":"https:\/\/www.noticiasradioreflejos.com.ar\/2021\/wp-json\/wp\/v2\/categories?post=134141"},{"taxonomy":"post_tag","embeddable":true,"href":"https:\/\/www.noticiasradioreflejos.com.ar\/2021\/wp-json\/wp\/v2\/tags?post=134141"}],"curies":[{"name":"wp","href":"https:\/\/api.w.org\/{rel}","templated":true}]}}