{"id":134137,"date":"2026-03-16T07:08:13","date_gmt":"2026-03-16T10:08:13","guid":{"rendered":"https:\/\/www.noticiasradioreflejos.com.ar\/2021\/?p=134137"},"modified":"2026-03-16T07:08:13","modified_gmt":"2026-03-16T10:08:13","slug":"dia-del-oso-panda-por-que-se-celebra-el-16-de-marzo","status":"publish","type":"post","link":"https:\/\/www.noticiasradioreflejos.com.ar\/2021\/dia-del-oso-panda-por-que-se-celebra-el-16-de-marzo\/","title":{"rendered":"D\u00eda del Oso Panda: \u00bfPor qu\u00e9 se celebra el 16 de marzo?"},"content":{"rendered":"<p>La jornada busca generar conciencia sobre la conservaci\u00f3n del panda gigante, una de las especies m\u00e1s emblem\u00e1ticas y vulnerables del planeta, s\u00edmbolo global de la protecci\u00f3n de la fauna silvestre.<!--more--><br \/>\nCada\u00a0<strong>16 de marzo<\/strong>\u00a0se conmemora el\u00a0<strong>D\u00eda Mundial del Panda<\/strong>, una fecha destinada a promover la protecci\u00f3n del\u00a0<strong>panda gigante<\/strong>, una de las especies m\u00e1s reconocidas de la fauna mundial y durante d\u00e9cadas considerada en peligro de extinci\u00f3n.<\/p>\n<p class=\"article-text\">El animal, nativo de las regiones monta\u00f1osas del centro de China, se convirti\u00f3 en un s\u00edmbolo internacional de la conservaci\u00f3n de la biodiversidad. Su imagen fue adoptada como emblema por la organizaci\u00f3n ambiental World Wide Fund for Nature (WWF), una de las entidades m\u00e1s influyentes en la defensa del ambiente a nivel global.<\/p>\n<p class=\"article-text\">El panda gigante (Ailuropoda melanoleuca) habita principalmente en bosques de bamb\u00fa ubicados en las provincias chinas de Sichuan, Shaanxi y Gansu. Su dieta est\u00e1 compuesta casi exclusivamente por bamb\u00fa y necesita grandes extensiones de bosque para sobrevivir, lo que lo vuelve especialmente vulnerable a la p\u00e9rdida de h\u00e1bitat.<\/p>\n<p class=\"article-text\">Durante gran parte del siglo XX la especie sufri\u00f3 una fuerte disminuci\u00f3n de su poblaci\u00f3n debido a la deforestaci\u00f3n, la fragmentaci\u00f3n de los ecosistemas y la expansi\u00f3n de actividades humanas en su territorio natural.<\/p>\n<p class=\"article-text\">En las \u00faltimas d\u00e9cadas, sin embargo, las pol\u00edticas de conservaci\u00f3n impulsadas por el gobierno chino y organizaciones internacionales permitieron una recuperaci\u00f3n gradual de la poblaci\u00f3n. Gracias a esos esfuerzos, en 2016 la Uni\u00f3n Internacional para la Conservaci\u00f3n de la Naturaleza reclasific\u00f3 al panda gigante de \u201cen peligro\u201d a \u201cvulnerable\u201d.<\/p>\n<div id=\"container-after-news-outlook\"><\/div>\n<p class=\"article-text\">Actualmente se estima que\u00a0<strong>alrededor de 1.800 pandas viven en estado salvaje<\/strong>, mientras que otros centenares forman parte de programas de reproducci\u00f3n y conservaci\u00f3n en centros especializados.<\/p>\n<p class=\"article-text\">El D\u00eda Mundial del Panda busca recordar la importancia de proteger los ecosistemas donde vive esta especie y reforzar la conciencia sobre la preservaci\u00f3n de la biodiversidad, en un contexto global marcado por la p\u00e9rdida acelerada de h\u00e1bitats naturales y el riesgo de extinci\u00f3n de miles de especies animales.<\/p>\n<p>&nbsp;<\/p>\n<div class=\"second-col\"><\/div>\n<div class=\"news-info\" data-mrf-recirculation=\"firma\">\n<div class=\"info-wrapper\">\n<p class=\"authors\">elDiarioAR<\/p>\n<div class=\"date-comments-wrapper\"><\/div>\n<\/div>\n<div class=\"twitter-wrapper\"><\/div>\n<\/div>\n","protected":false},"excerpt":{"rendered":"<p>La jornada busca generar conciencia sobre la conservaci\u00f3n del panda gigante, una de las especies m\u00e1s emblem\u00e1ticas y vulnerables del planeta, s\u00edmbolo global de la protecci\u00f3n de la fauna silvestre.<\/p>\n","protected":false},"author":3,"featured_media":134138,"comment_status":"closed","ping_status":"closed","sticky":false,"template":"","format":"standard","meta":{"footnotes":""},"categories":[26],"tags":[],"class_list":["post-134137","post","type-post","status-publish","format-standard","has-post-thumbnail","hentry","category-sociedad"],"yoast_head":"<!-- This site is optimized with the Yoast SEO plugin v25.9 - https:\/\/yoast.com\/wordpress\/plugins\/seo\/ -->\n<title>D\u00eda del Oso Panda: \u00bfPor qu\u00e9 se celebra el 16 de marzo? - Noticias Radio Reflejos<\/title>\n<meta name=\"robots\" content=\"index, follow, max-snippet:-1, max-image-preview:large, max-video-preview:-1\" \/>\n<link rel=\"canonical\" href=\"https:\/\/www.noticiasradioreflejos.com.ar\/2021\/dia-del-oso-panda-por-que-se-celebra-el-16-de-marzo\/\" \/>\n<meta property=\"og:locale\" content=\"es_ES\" \/>\n<meta property=\"og:type\" content=\"article\" \/>\n<meta property=\"og:title\" content=\"D\u00eda del Oso Panda: \u00bfPor qu\u00e9 se celebra el 16 de marzo? - Noticias Radio Reflejos\" \/>\n<meta property=\"og:description\" content=\"La jornada busca generar conciencia sobre la conservaci\u00f3n del panda gigante, una de las especies m\u00e1s emblem\u00e1ticas y vulnerables del planeta, s\u00edmbolo global de la protecci\u00f3n de la fauna silvestre.\" \/>\n<meta property=\"og:url\" content=\"https:\/\/www.noticiasradioreflejos.com.ar\/2021\/dia-del-oso-panda-por-que-se-celebra-el-16-de-marzo\/\" \/>\n<meta property=\"og:site_name\" content=\"Noticias Radio Reflejos\" \/>\n<meta property=\"article:published_time\" content=\"2026-03-16T10:08:13+00:00\" \/>\n<meta property=\"og:image\" content=\"https:\/\/www.noticiasradioreflejos.com.ar\/2021\/wp-content\/uploads\/2026\/03\/osos-panda.webp\" \/>\n\t<meta property=\"og:image:width\" content=\"1200\" \/>\n\t<meta property=\"og:image:height\" content=\"675\" \/>\n\t<meta property=\"og:image:type\" content=\"image\/webp\" \/>\n<meta name=\"author\" content=\"Arnaldo Botto\" \/>\n<meta name=\"twitter:card\" content=\"summary_large_image\" \/>\n<script type=\"application\/ld+json\" class=\"yoast-schema-graph\">{\"@context\":\"https:\/\/schema.org\",\"@graph\":[{\"@type\":\"WebPage\",\"@id\":\"https:\/\/www.noticiasradioreflejos.com.ar\/2021\/dia-del-oso-panda-por-que-se-celebra-el-16-de-marzo\/\",\"url\":\"https:\/\/www.noticiasradioreflejos.com.ar\/2021\/dia-del-oso-panda-por-que-se-celebra-el-16-de-marzo\/\",\"name\":\"D\u00eda del Oso Panda: \u00bfPor qu\u00e9 se celebra el 16 de marzo? - Noticias Radio Reflejos\",\"isPartOf\":{\"@id\":\"https:\/\/www.noticiasradioreflejos.com.ar\/2021\/#website\"},\"primaryImageOfPage\":{\"@id\":\"https:\/\/www.noticiasradioreflejos.com.ar\/2021\/dia-del-oso-panda-por-que-se-celebra-el-16-de-marzo\/#primaryimage\"},\"image\":{\"@id\":\"https:\/\/www.noticiasradioreflejos.com.ar\/2021\/dia-del-oso-panda-por-que-se-celebra-el-16-de-marzo\/#primaryimage\"},\"thumbnailUrl\":\"https:\/\/www.noticiasradioreflejos.com.ar\/2021\/wp-content\/uploads\/2026\/03\/osos-panda.webp\",\"datePublished\":\"2026-03-16T10:08:13+00:00\",\"author\":{\"@id\":\"https:\/\/www.noticiasradioreflejos.com.ar\/2021\/#\/schema\/person\/ad82545263dcc5ec0996818884fd5fb1\"},\"breadcrumb\":{\"@id\":\"https:\/\/www.noticiasradioreflejos.com.ar\/2021\/dia-del-oso-panda-por-que-se-celebra-el-16-de-marzo\/#breadcrumb\"},\"inLanguage\":\"es\",\"potentialAction\":[{\"@type\":\"ReadAction\",\"target\":[\"https:\/\/www.noticiasradioreflejos.com.ar\/2021\/dia-del-oso-panda-por-que-se-celebra-el-16-de-marzo\/\"]}]},{\"@type\":\"ImageObject\",\"inLanguage\":\"es\",\"@id\":\"https:\/\/www.noticiasradioreflejos.com.ar\/2021\/dia-del-oso-panda-por-que-se-celebra-el-16-de-marzo\/#primaryimage\",\"url\":\"https:\/\/www.noticiasradioreflejos.com.ar\/2021\/wp-content\/uploads\/2026\/03\/osos-panda.webp\",\"contentUrl\":\"https:\/\/www.noticiasradioreflejos.com.ar\/2021\/wp-content\/uploads\/2026\/03\/osos-panda.webp\",\"width\":1200,\"height\":675},{\"@type\":\"BreadcrumbList\",\"@id\":\"https:\/\/www.noticiasradioreflejos.com.ar\/2021\/dia-del-oso-panda-por-que-se-celebra-el-16-de-marzo\/#breadcrumb\",\"itemListElement\":[{\"@type\":\"ListItem\",\"position\":1,\"name\":\"Portada\",\"item\":\"https:\/\/www.noticiasradioreflejos.com.ar\/2021\/\"},{\"@type\":\"ListItem\",\"position\":2,\"name\":\"D\u00eda del Oso Panda: \u00bfPor qu\u00e9 se celebra el 16 de marzo?\"}]},{\"@type\":\"WebSite\",\"@id\":\"https:\/\/www.noticiasradioreflejos.com.ar\/2021\/#website\",\"url\":\"https:\/\/www.noticiasradioreflejos.com.ar\/2021\/\",\"name\":\"Noticias Radio Reflejos\",\"description\":\"Las noticias de mi comarca\",\"potentialAction\":[{\"@type\":\"SearchAction\",\"target\":{\"@type\":\"EntryPoint\",\"urlTemplate\":\"https:\/\/www.noticiasradioreflejos.com.ar\/2021\/?s={search_term_string}\"},\"query-input\":{\"@type\":\"PropertyValueSpecification\",\"valueRequired\":true,\"valueName\":\"search_term_string\"}}],\"inLanguage\":\"es\"},{\"@type\":\"Person\",\"@id\":\"https:\/\/www.noticiasradioreflejos.com.ar\/2021\/#\/schema\/person\/ad82545263dcc5ec0996818884fd5fb1\",\"name\":\"Arnaldo Botto\",\"image\":{\"@type\":\"ImageObject\",\"inLanguage\":\"es\",\"@id\":\"https:\/\/www.noticiasradioreflejos.com.ar\/2021\/#\/schema\/person\/image\/\",\"url\":\"https:\/\/secure.gravatar.com\/avatar\/55cb5e37c1efa326397366e6974cb338056df65cb50e7d64d1cf314e87504837?s=96&d=mm&r=g\",\"contentUrl\":\"https:\/\/secure.gravatar.com\/avatar\/55cb5e37c1efa326397366e6974cb338056df65cb50e7d64d1cf314e87504837?s=96&d=mm&r=g\",\"caption\":\"Arnaldo Botto\"},\"url\":\"https:\/\/www.noticiasradioreflejos.com.ar\/2021\/author\/arnaldo\/\"}]}<\/script>\n<!-- \/ Yoast SEO plugin. -->","yoast_head_json":{"title":"D\u00eda del Oso Panda: \u00bfPor qu\u00e9 se celebra el 16 de marzo? - Noticias Radio Reflejos","robots":{"index":"index","follow":"follow","max-snippet":"max-snippet:-1","max-image-preview":"max-image-preview:large","max-video-preview":"max-video-preview:-1"},"canonical":"https:\/\/www.noticiasradioreflejos.com.ar\/2021\/dia-del-oso-panda-por-que-se-celebra-el-16-de-marzo\/","og_locale":"es_ES","og_type":"article","og_title":"D\u00eda del Oso Panda: \u00bfPor qu\u00e9 se celebra el 16 de marzo? - Noticias Radio Reflejos","og_description":"La jornada busca generar conciencia sobre la conservaci\u00f3n del panda gigante, una de las especies m\u00e1s emblem\u00e1ticas y vulnerables del planeta, s\u00edmbolo global de la protecci\u00f3n de la fauna silvestre.","og_url":"https:\/\/www.noticiasradioreflejos.com.ar\/2021\/dia-del-oso-panda-por-que-se-celebra-el-16-de-marzo\/","og_site_name":"Noticias Radio Reflejos","article_published_time":"2026-03-16T10:08:13+00:00","og_image":[{"width":1200,"height":675,"url":"https:\/\/www.noticiasradioreflejos.com.ar\/2021\/wp-content\/uploads\/2026\/03\/osos-panda.webp","type":"image\/webp"}],"author":"Arnaldo Botto","twitter_card":"summary_large_image","schema":{"@context":"https:\/\/schema.org","@graph":[{"@type":"WebPage","@id":"https:\/\/www.noticiasradioreflejos.com.ar\/2021\/dia-del-oso-panda-por-que-se-celebra-el-16-de-marzo\/","url":"https:\/\/www.noticiasradioreflejos.com.ar\/2021\/dia-del-oso-panda-por-que-se-celebra-el-16-de-marzo\/","name":"D\u00eda del Oso Panda: \u00bfPor qu\u00e9 se celebra el 16 de marzo? - Noticias Radio Reflejos","isPartOf":{"@id":"https:\/\/www.noticiasradioreflejos.com.ar\/2021\/#website"},"primaryImageOfPage":{"@id":"https:\/\/www.noticiasradioreflejos.com.ar\/2021\/dia-del-oso-panda-por-que-se-celebra-el-16-de-marzo\/#primaryimage"},"image":{"@id":"https:\/\/www.noticiasradioreflejos.com.ar\/2021\/dia-del-oso-panda-por-que-se-celebra-el-16-de-marzo\/#primaryimage"},"thumbnailUrl":"https:\/\/www.noticiasradioreflejos.com.ar\/2021\/wp-content\/uploads\/2026\/03\/osos-panda.webp","datePublished":"2026-03-16T10:08:13+00:00","author":{"@id":"https:\/\/www.noticiasradioreflejos.com.ar\/2021\/#\/schema\/person\/ad82545263dcc5ec0996818884fd5fb1"},"breadcrumb":{"@id":"https:\/\/www.noticiasradioreflejos.com.ar\/2021\/dia-del-oso-panda-por-que-se-celebra-el-16-de-marzo\/#breadcrumb"},"inLanguage":"es","potentialAction":[{"@type":"ReadAction","target":["https:\/\/www.noticiasradioreflejos.com.ar\/2021\/dia-del-oso-panda-por-que-se-celebra-el-16-de-marzo\/"]}]},{"@type":"ImageObject","inLanguage":"es","@id":"https:\/\/www.noticiasradioreflejos.com.ar\/2021\/dia-del-oso-panda-por-que-se-celebra-el-16-de-marzo\/#primaryimage","url":"https:\/\/www.noticiasradioreflejos.com.ar\/2021\/wp-content\/uploads\/2026\/03\/osos-panda.webp","contentUrl":"https:\/\/www.noticiasradioreflejos.com.ar\/2021\/wp-content\/uploads\/2026\/03\/osos-panda.webp","width":1200,"height":675},{"@type":"BreadcrumbList","@id":"https:\/\/www.noticiasradioreflejos.com.ar\/2021\/dia-del-oso-panda-por-que-se-celebra-el-16-de-marzo\/#breadcrumb","itemListElement":[{"@type":"ListItem","position":1,"name":"Portada","item":"https:\/\/www.noticiasradioreflejos.com.ar\/2021\/"},{"@type":"ListItem","position":2,"name":"D\u00eda del Oso Panda: \u00bfPor qu\u00e9 se celebra el 16 de marzo?"}]},{"@type":"WebSite","@id":"https:\/\/www.noticiasradioreflejos.com.ar\/2021\/#website","url":"https:\/\/www.noticiasradioreflejos.com.ar\/2021\/","name":"Noticias Radio Reflejos","description":"Las noticias de mi comarca","potentialAction":[{"@type":"SearchAction","target":{"@type":"EntryPoint","urlTemplate":"https:\/\/www.noticiasradioreflejos.com.ar\/2021\/?s={search_term_string}"},"query-input":{"@type":"PropertyValueSpecification","valueRequired":true,"valueName":"search_term_string"}}],"inLanguage":"es"},{"@type":"Person","@id":"https:\/\/www.noticiasradioreflejos.com.ar\/2021\/#\/schema\/person\/ad82545263dcc5ec0996818884fd5fb1","name":"Arnaldo Botto","image":{"@type":"ImageObject","inLanguage":"es","@id":"https:\/\/www.noticiasradioreflejos.com.ar\/2021\/#\/schema\/person\/image\/","url":"https:\/\/secure.gravatar.com\/avatar\/55cb5e37c1efa326397366e6974cb338056df65cb50e7d64d1cf314e87504837?s=96&d=mm&r=g","contentUrl":"https:\/\/secure.gravatar.com\/avatar\/55cb5e37c1efa326397366e6974cb338056df65cb50e7d64d1cf314e87504837?s=96&d=mm&r=g","caption":"Arnaldo Botto"},"url":"https:\/\/www.noticiasradioreflejos.com.ar\/2021\/author\/arnaldo\/"}]}},"_links":{"self":[{"href":"https:\/\/www.noticiasradioreflejos.com.ar\/2021\/wp-json\/wp\/v2\/posts\/134137","targetHints":{"allow":["GET"]}}],"collection":[{"href":"https:\/\/www.noticiasradioreflejos.com.ar\/2021\/wp-json\/wp\/v2\/posts"}],"about":[{"href":"https:\/\/www.noticiasradioreflejos.com.ar\/2021\/wp-json\/wp\/v2\/types\/post"}],"author":[{"embeddable":true,"href":"https:\/\/www.noticiasradioreflejos.com.ar\/2021\/wp-json\/wp\/v2\/users\/3"}],"replies":[{"embeddable":true,"href":"https:\/\/www.noticiasradioreflejos.com.ar\/2021\/wp-json\/wp\/v2\/comments?post=134137"}],"version-history":[{"count":1,"href":"https:\/\/www.noticiasradioreflejos.com.ar\/2021\/wp-json\/wp\/v2\/posts\/134137\/revisions"}],"predecessor-version":[{"id":134139,"href":"https:\/\/www.noticiasradioreflejos.com.ar\/2021\/wp-json\/wp\/v2\/posts\/134137\/revisions\/134139"}],"wp:featuredmedia":[{"embeddable":true,"href":"https:\/\/www.noticiasradioreflejos.com.ar\/2021\/wp-json\/wp\/v2\/media\/134138"}],"wp:attachment":[{"href":"https:\/\/www.noticiasradioreflejos.com.ar\/2021\/wp-json\/wp\/v2\/media?parent=134137"}],"wp:term":[{"taxonomy":"category","embeddable":true,"href":"https:\/\/www.noticiasradioreflejos.com.ar\/2021\/wp-json\/wp\/v2\/categories?post=134137"},{"taxonomy":"post_tag","embeddable":true,"href":"https:\/\/www.noticiasradioreflejos.com.ar\/2021\/wp-json\/wp\/v2\/tags?post=134137"}],"curies":[{"name":"wp","href":"https:\/\/api.w.org\/{rel}","templated":true}]}}