{"id":134134,"date":"2026-03-16T07:05:17","date_gmt":"2026-03-16T10:05:17","guid":{"rendered":"https:\/\/www.noticiasradioreflejos.com.ar\/2021\/?p=134134"},"modified":"2026-03-16T07:05:17","modified_gmt":"2026-03-16T10:05:17","slug":"el-derecho-a-crecer","status":"publish","type":"post","link":"https:\/\/www.noticiasradioreflejos.com.ar\/2021\/el-derecho-a-crecer\/","title":{"rendered":"EL DERECHO A CRECER"},"content":{"rendered":"<p>Hubo elecciones internas. O, para ser m\u00e1s precisos, hubo un tr\u00e1mite burocr\u00e1tico dentro de un frente pol\u00edtico dif\u00edcil de definir, sostenido todav\u00eda bajo la red institucional del Partido Justicialista. Se eligieron autoridades. Se repartieron cargos. Se repartieron llaves.<!--more--><\/p>\n<p>Cada \u201cnuevo\u201d presidente partidario tendr\u00e1 ahora la llave de una puerta. Una puerta que se abrir\u00e1 cuando haya tiempo. O cuando convenga.<\/p>\n<p>As\u00ed funciona hoy la estructura pol\u00edtica en los 135 municipios de la provincia de Buenos Ayres: locales cerrados, persianas bajas y militantes convertidos en espectadores.<\/p>\n<p>El afiliado hace mucho que dej\u00f3 de tener un punto geogr\u00e1fico para reunirse. Un lugar donde discutir, disentir, formarse. Ser escuchado. El PJ -que supo ser escuela pol\u00edtica, centro social y espacio de organizaci\u00f3n- solo se abre 60 d\u00edas antes de cada elecci\u00f3n pol\u00edtica.<\/p>\n<p>Hace tiempo que los dirigentes dejaron de escuchar. Y cuando un movimiento deja de escuchar, deja tambi\u00e9n de pensar.<\/p>\n<p>En ese vac\u00edo desapareci\u00f3 lo m\u00e1s elemental de cualquier construcci\u00f3n pol\u00edtica seria: la Unidad de Concepci\u00f3n para la Unidad de Acci\u00f3n. Sin doctrina no hay conducci\u00f3n. Sin conducci\u00f3n no hay organizaci\u00f3n. Y sin organizaci\u00f3n solo queda el reparto de cargos.<\/p>\n<p>Lo m\u00e1s alarmante es que muchos de quienes hoy conducen nuestras unidades partidarias jam\u00e1s leyeron una p\u00e1gina de nuestra producci\u00f3n doctrinaria. No conocen Doctrina Peronista. No pasaron por Conducci\u00f3n Pol\u00edtica. No estudiaron Organizaci\u00f3n, Econom\u00eda ni Filosof\u00eda Peronista. Mucho menos comprendieron la profundidad de Comunidad Organizada. En el mejor de los casos, llegaron hasta las XX Verdades\u2026 y ni siquiera las aplican.<\/p>\n<p><strong>Pero el problema ya no es solo doctrinario.<\/strong><\/p>\n<p>Mientras el mundo discute inteligencia artificial, reorganizaci\u00f3n productiva, soberan\u00eda tecnol\u00f3gica y nuevas formas de poder global, buena parte de esta dirigencia sigue atrapada en debates congelados en la d\u00e9cada del setenta. No entienden el cambio de paradigma que ocurre frente a sus ojos. No nos preparan para lo que viene.<\/p>\n<p>No nos preparan para comprender el avance de una arquitectura continental panamericanista impulsada desde Estados Unidos. No nos preparan para pensar la unidad con los pueblos de la Am\u00e9rica Hispana. No nos preparan para discutir municipalismo real, federalismo efectivo o conducci\u00f3n territorial. No nos preparan porque ellos tampoco est\u00e1n preparados.<\/p>\n<p>Y quien no estudia el mundo que viene, condena a su pueblo a llegar tarde. Y hace tiempo que estamos llegando tarde.<\/p>\n<p>As\u00ed se produce una paradoja dolorosa: una generaci\u00f3n de dirigentes que no crece y que, para sostener su lugar, tampoco deja crecer a los dem\u00e1s. Se han olvidado del trasvasamiento real.<\/p>\n<p>Cierran las puertas de los partidos. Cierran el debate. Cierran la formaci\u00f3n. Cierran la posibilidad de renovaci\u00f3n. Y despu\u00e9s se preguntan por qu\u00e9 los j\u00f3venes se van o se alejan de la pol\u00edtica. En Mar del Plata, por ejemplo, de 31 mil afiliados, apenas concurrieron 5 mil.<\/p>\n<p>Nos dicen que no hay salida. Pero la hay. De todo laberinto siempre se sale.<\/p>\n<p>Los laberintos no se resuelven caminando en c\u00edrculos. Se resuelven cambiando la perspectiva. Y cuando la mochila se vuelve demasiado pesada, el bast\u00f3n de mariscal no puede seguir guardado: debe salir, debe usarse, debe se\u00f1alar el camino. Como expresaba el gran poeta Leopoldo Marechal: de los laberintos se sale por arriba.<\/p>\n<p>El pueblo tiene derecho a crecer. Derecho a formarse. Derecho a pensar su futuro. Y ese derecho no depende de ninguna llave partidaria, de ego\u00edsmos ni de personalismos.<\/p>\n<p>Porque cuando una conducci\u00f3n deja de abrir puertas, de escuchar a su pueblo, la historia termina abriendo otras&#8230;y nuestro pueblo, como dir\u00eda Scalabrini Ortiz: \u00abes el hombre que est\u00e1 solo y espera<\/p>\n<p><em><strong>Luis Gotte<\/strong><\/em><br \/>\n<em><strong>La trinchera bonaerense<\/strong><\/em><\/p>\n","protected":false},"excerpt":{"rendered":"<p>Hubo elecciones internas. O, para ser m\u00e1s precisos, hubo un tr\u00e1mite burocr\u00e1tico dentro de un frente pol\u00edtico dif\u00edcil de definir, sostenido todav\u00eda bajo la red institucional del Partido Justicialista. Se eligieron autoridades. Se repartieron cargos. Se repartieron llaves.<\/p>\n","protected":false},"author":3,"featured_media":134135,"comment_status":"closed","ping_status":"closed","sticky":false,"template":"","format":"standard","meta":{"footnotes":""},"categories":[24],"tags":[48],"class_list":["post-134134","post","type-post","status-publish","format-standard","has-post-thumbnail","hentry","category-politica","tag-destacada"],"yoast_head":"<!-- This site is optimized with the Yoast SEO plugin v25.9 - https:\/\/yoast.com\/wordpress\/plugins\/seo\/ -->\n<title>EL DERECHO A CRECER - Noticias Radio Reflejos<\/title>\n<meta name=\"robots\" content=\"index, follow, max-snippet:-1, max-image-preview:large, max-video-preview:-1\" \/>\n<link rel=\"canonical\" href=\"https:\/\/www.noticiasradioreflejos.com.ar\/2021\/el-derecho-a-crecer\/\" \/>\n<meta property=\"og:locale\" content=\"es_ES\" \/>\n<meta property=\"og:type\" content=\"article\" \/>\n<meta property=\"og:title\" content=\"EL DERECHO A CRECER - Noticias Radio Reflejos\" \/>\n<meta property=\"og:description\" content=\"Hubo elecciones internas. O, para ser m\u00e1s precisos, hubo un tr\u00e1mite burocr\u00e1tico dentro de un frente pol\u00edtico dif\u00edcil de definir, sostenido todav\u00eda bajo la red institucional del Partido Justicialista. Se eligieron autoridades. Se repartieron cargos. Se repartieron llaves.\" \/>\n<meta property=\"og:url\" content=\"https:\/\/www.noticiasradioreflejos.com.ar\/2021\/el-derecho-a-crecer\/\" \/>\n<meta property=\"og:site_name\" content=\"Noticias Radio Reflejos\" \/>\n<meta property=\"article:published_time\" content=\"2026-03-16T10:05:17+00:00\" \/>\n<meta property=\"og:image\" content=\"https:\/\/www.noticiasradioreflejos.com.ar\/2021\/wp-content\/uploads\/2026\/03\/WhatsApp-Image-2026-03-16-at-00.12.05.jpeg\" \/>\n\t<meta property=\"og:image:width\" content=\"1024\" \/>\n\t<meta property=\"og:image:height\" content=\"1536\" \/>\n\t<meta property=\"og:image:type\" content=\"image\/jpeg\" \/>\n<meta name=\"author\" content=\"Arnaldo Botto\" \/>\n<meta name=\"twitter:card\" content=\"summary_large_image\" \/>\n<script type=\"application\/ld+json\" class=\"yoast-schema-graph\">{\"@context\":\"https:\/\/schema.org\",\"@graph\":[{\"@type\":\"WebPage\",\"@id\":\"https:\/\/www.noticiasradioreflejos.com.ar\/2021\/el-derecho-a-crecer\/\",\"url\":\"https:\/\/www.noticiasradioreflejos.com.ar\/2021\/el-derecho-a-crecer\/\",\"name\":\"EL DERECHO A CRECER - Noticias Radio Reflejos\",\"isPartOf\":{\"@id\":\"https:\/\/www.noticiasradioreflejos.com.ar\/2021\/#website\"},\"primaryImageOfPage\":{\"@id\":\"https:\/\/www.noticiasradioreflejos.com.ar\/2021\/el-derecho-a-crecer\/#primaryimage\"},\"image\":{\"@id\":\"https:\/\/www.noticiasradioreflejos.com.ar\/2021\/el-derecho-a-crecer\/#primaryimage\"},\"thumbnailUrl\":\"https:\/\/www.noticiasradioreflejos.com.ar\/2021\/wp-content\/uploads\/2026\/03\/WhatsApp-Image-2026-03-16-at-00.12.05.jpeg\",\"datePublished\":\"2026-03-16T10:05:17+00:00\",\"author\":{\"@id\":\"https:\/\/www.noticiasradioreflejos.com.ar\/2021\/#\/schema\/person\/ad82545263dcc5ec0996818884fd5fb1\"},\"breadcrumb\":{\"@id\":\"https:\/\/www.noticiasradioreflejos.com.ar\/2021\/el-derecho-a-crecer\/#breadcrumb\"},\"inLanguage\":\"es\",\"potentialAction\":[{\"@type\":\"ReadAction\",\"target\":[\"https:\/\/www.noticiasradioreflejos.com.ar\/2021\/el-derecho-a-crecer\/\"]}]},{\"@type\":\"ImageObject\",\"inLanguage\":\"es\",\"@id\":\"https:\/\/www.noticiasradioreflejos.com.ar\/2021\/el-derecho-a-crecer\/#primaryimage\",\"url\":\"https:\/\/www.noticiasradioreflejos.com.ar\/2021\/wp-content\/uploads\/2026\/03\/WhatsApp-Image-2026-03-16-at-00.12.05.jpeg\",\"contentUrl\":\"https:\/\/www.noticiasradioreflejos.com.ar\/2021\/wp-content\/uploads\/2026\/03\/WhatsApp-Image-2026-03-16-at-00.12.05.jpeg\",\"width\":1024,\"height\":1536},{\"@type\":\"BreadcrumbList\",\"@id\":\"https:\/\/www.noticiasradioreflejos.com.ar\/2021\/el-derecho-a-crecer\/#breadcrumb\",\"itemListElement\":[{\"@type\":\"ListItem\",\"position\":1,\"name\":\"Portada\",\"item\":\"https:\/\/www.noticiasradioreflejos.com.ar\/2021\/\"},{\"@type\":\"ListItem\",\"position\":2,\"name\":\"EL DERECHO A CRECER\"}]},{\"@type\":\"WebSite\",\"@id\":\"https:\/\/www.noticiasradioreflejos.com.ar\/2021\/#website\",\"url\":\"https:\/\/www.noticiasradioreflejos.com.ar\/2021\/\",\"name\":\"Noticias Radio Reflejos\",\"description\":\"Las noticias de mi comarca\",\"potentialAction\":[{\"@type\":\"SearchAction\",\"target\":{\"@type\":\"EntryPoint\",\"urlTemplate\":\"https:\/\/www.noticiasradioreflejos.com.ar\/2021\/?s={search_term_string}\"},\"query-input\":{\"@type\":\"PropertyValueSpecification\",\"valueRequired\":true,\"valueName\":\"search_term_string\"}}],\"inLanguage\":\"es\"},{\"@type\":\"Person\",\"@id\":\"https:\/\/www.noticiasradioreflejos.com.ar\/2021\/#\/schema\/person\/ad82545263dcc5ec0996818884fd5fb1\",\"name\":\"Arnaldo Botto\",\"image\":{\"@type\":\"ImageObject\",\"inLanguage\":\"es\",\"@id\":\"https:\/\/www.noticiasradioreflejos.com.ar\/2021\/#\/schema\/person\/image\/\",\"url\":\"https:\/\/secure.gravatar.com\/avatar\/55cb5e37c1efa326397366e6974cb338056df65cb50e7d64d1cf314e87504837?s=96&d=mm&r=g\",\"contentUrl\":\"https:\/\/secure.gravatar.com\/avatar\/55cb5e37c1efa326397366e6974cb338056df65cb50e7d64d1cf314e87504837?s=96&d=mm&r=g\",\"caption\":\"Arnaldo Botto\"},\"url\":\"https:\/\/www.noticiasradioreflejos.com.ar\/2021\/author\/arnaldo\/\"}]}<\/script>\n<!-- \/ Yoast SEO plugin. -->","yoast_head_json":{"title":"EL DERECHO A CRECER - Noticias Radio Reflejos","robots":{"index":"index","follow":"follow","max-snippet":"max-snippet:-1","max-image-preview":"max-image-preview:large","max-video-preview":"max-video-preview:-1"},"canonical":"https:\/\/www.noticiasradioreflejos.com.ar\/2021\/el-derecho-a-crecer\/","og_locale":"es_ES","og_type":"article","og_title":"EL DERECHO A CRECER - Noticias Radio Reflejos","og_description":"Hubo elecciones internas. O, para ser m\u00e1s precisos, hubo un tr\u00e1mite burocr\u00e1tico dentro de un frente pol\u00edtico dif\u00edcil de definir, sostenido todav\u00eda bajo la red institucional del Partido Justicialista. Se eligieron autoridades. Se repartieron cargos. Se repartieron llaves.","og_url":"https:\/\/www.noticiasradioreflejos.com.ar\/2021\/el-derecho-a-crecer\/","og_site_name":"Noticias Radio Reflejos","article_published_time":"2026-03-16T10:05:17+00:00","og_image":[{"width":1024,"height":1536,"url":"https:\/\/www.noticiasradioreflejos.com.ar\/2021\/wp-content\/uploads\/2026\/03\/WhatsApp-Image-2026-03-16-at-00.12.05.jpeg","type":"image\/jpeg"}],"author":"Arnaldo Botto","twitter_card":"summary_large_image","schema":{"@context":"https:\/\/schema.org","@graph":[{"@type":"WebPage","@id":"https:\/\/www.noticiasradioreflejos.com.ar\/2021\/el-derecho-a-crecer\/","url":"https:\/\/www.noticiasradioreflejos.com.ar\/2021\/el-derecho-a-crecer\/","name":"EL DERECHO A CRECER - Noticias Radio Reflejos","isPartOf":{"@id":"https:\/\/www.noticiasradioreflejos.com.ar\/2021\/#website"},"primaryImageOfPage":{"@id":"https:\/\/www.noticiasradioreflejos.com.ar\/2021\/el-derecho-a-crecer\/#primaryimage"},"image":{"@id":"https:\/\/www.noticiasradioreflejos.com.ar\/2021\/el-derecho-a-crecer\/#primaryimage"},"thumbnailUrl":"https:\/\/www.noticiasradioreflejos.com.ar\/2021\/wp-content\/uploads\/2026\/03\/WhatsApp-Image-2026-03-16-at-00.12.05.jpeg","datePublished":"2026-03-16T10:05:17+00:00","author":{"@id":"https:\/\/www.noticiasradioreflejos.com.ar\/2021\/#\/schema\/person\/ad82545263dcc5ec0996818884fd5fb1"},"breadcrumb":{"@id":"https:\/\/www.noticiasradioreflejos.com.ar\/2021\/el-derecho-a-crecer\/#breadcrumb"},"inLanguage":"es","potentialAction":[{"@type":"ReadAction","target":["https:\/\/www.noticiasradioreflejos.com.ar\/2021\/el-derecho-a-crecer\/"]}]},{"@type":"ImageObject","inLanguage":"es","@id":"https:\/\/www.noticiasradioreflejos.com.ar\/2021\/el-derecho-a-crecer\/#primaryimage","url":"https:\/\/www.noticiasradioreflejos.com.ar\/2021\/wp-content\/uploads\/2026\/03\/WhatsApp-Image-2026-03-16-at-00.12.05.jpeg","contentUrl":"https:\/\/www.noticiasradioreflejos.com.ar\/2021\/wp-content\/uploads\/2026\/03\/WhatsApp-Image-2026-03-16-at-00.12.05.jpeg","width":1024,"height":1536},{"@type":"BreadcrumbList","@id":"https:\/\/www.noticiasradioreflejos.com.ar\/2021\/el-derecho-a-crecer\/#breadcrumb","itemListElement":[{"@type":"ListItem","position":1,"name":"Portada","item":"https:\/\/www.noticiasradioreflejos.com.ar\/2021\/"},{"@type":"ListItem","position":2,"name":"EL DERECHO A CRECER"}]},{"@type":"WebSite","@id":"https:\/\/www.noticiasradioreflejos.com.ar\/2021\/#website","url":"https:\/\/www.noticiasradioreflejos.com.ar\/2021\/","name":"Noticias Radio Reflejos","description":"Las noticias de mi comarca","potentialAction":[{"@type":"SearchAction","target":{"@type":"EntryPoint","urlTemplate":"https:\/\/www.noticiasradioreflejos.com.ar\/2021\/?s={search_term_string}"},"query-input":{"@type":"PropertyValueSpecification","valueRequired":true,"valueName":"search_term_string"}}],"inLanguage":"es"},{"@type":"Person","@id":"https:\/\/www.noticiasradioreflejos.com.ar\/2021\/#\/schema\/person\/ad82545263dcc5ec0996818884fd5fb1","name":"Arnaldo Botto","image":{"@type":"ImageObject","inLanguage":"es","@id":"https:\/\/www.noticiasradioreflejos.com.ar\/2021\/#\/schema\/person\/image\/","url":"https:\/\/secure.gravatar.com\/avatar\/55cb5e37c1efa326397366e6974cb338056df65cb50e7d64d1cf314e87504837?s=96&d=mm&r=g","contentUrl":"https:\/\/secure.gravatar.com\/avatar\/55cb5e37c1efa326397366e6974cb338056df65cb50e7d64d1cf314e87504837?s=96&d=mm&r=g","caption":"Arnaldo Botto"},"url":"https:\/\/www.noticiasradioreflejos.com.ar\/2021\/author\/arnaldo\/"}]}},"_links":{"self":[{"href":"https:\/\/www.noticiasradioreflejos.com.ar\/2021\/wp-json\/wp\/v2\/posts\/134134","targetHints":{"allow":["GET"]}}],"collection":[{"href":"https:\/\/www.noticiasradioreflejos.com.ar\/2021\/wp-json\/wp\/v2\/posts"}],"about":[{"href":"https:\/\/www.noticiasradioreflejos.com.ar\/2021\/wp-json\/wp\/v2\/types\/post"}],"author":[{"embeddable":true,"href":"https:\/\/www.noticiasradioreflejos.com.ar\/2021\/wp-json\/wp\/v2\/users\/3"}],"replies":[{"embeddable":true,"href":"https:\/\/www.noticiasradioreflejos.com.ar\/2021\/wp-json\/wp\/v2\/comments?post=134134"}],"version-history":[{"count":1,"href":"https:\/\/www.noticiasradioreflejos.com.ar\/2021\/wp-json\/wp\/v2\/posts\/134134\/revisions"}],"predecessor-version":[{"id":134136,"href":"https:\/\/www.noticiasradioreflejos.com.ar\/2021\/wp-json\/wp\/v2\/posts\/134134\/revisions\/134136"}],"wp:featuredmedia":[{"embeddable":true,"href":"https:\/\/www.noticiasradioreflejos.com.ar\/2021\/wp-json\/wp\/v2\/media\/134135"}],"wp:attachment":[{"href":"https:\/\/www.noticiasradioreflejos.com.ar\/2021\/wp-json\/wp\/v2\/media?parent=134134"}],"wp:term":[{"taxonomy":"category","embeddable":true,"href":"https:\/\/www.noticiasradioreflejos.com.ar\/2021\/wp-json\/wp\/v2\/categories?post=134134"},{"taxonomy":"post_tag","embeddable":true,"href":"https:\/\/www.noticiasradioreflejos.com.ar\/2021\/wp-json\/wp\/v2\/tags?post=134134"}],"curies":[{"name":"wp","href":"https:\/\/api.w.org\/{rel}","templated":true}]}}