{"id":134121,"date":"2026-03-15T19:00:00","date_gmt":"2026-03-15T22:00:00","guid":{"rendered":"https:\/\/www.noticiasradioreflejos.com.ar\/2021\/?p=134121"},"modified":"2026-03-16T07:11:41","modified_gmt":"2026-03-16T10:11:41","slug":"contundente-triunfo-de-la-lista-4-tito-musso-es-el-nuevo-presidente-del-pj-de-tornquist","status":"publish","type":"post","link":"https:\/\/www.noticiasradioreflejos.com.ar\/2021\/contundente-triunfo-de-la-lista-4-tito-musso-es-el-nuevo-presidente-del-pj-de-tornquist\/","title":{"rendered":"Contundente triunfo de la Lista 4: \u00abTito\u00bb Musso es el nuevo presidente del PJ de Tornquist"},"content":{"rendered":"<p>En una jornada marcada por una clara tendencia opositora a nivel distrital, la n\u00f3mina encabezada por Alberto Musso se impuso con una diferencia abrumadora sobre la Lista 2 de Juan Carlos Gisler. Con un resultado final de 331 a 164 votos, la lista ganadora obtuvo el 67% de los sufragios, logrando victorias clave en la ciudad cabecera y en la localidad de Saldungaray, mientras que el oficialismo partidario solo pudo retener Sierra de la Ventana por un estrecho margen.<!--more--><\/p>\n<p data-path-to-node=\"4\"><b data-path-to-node=\"4\" data-index-in-node=\"0\">TORNQUIST \u2013<\/b> El Justicialismo del distrito defini\u00f3 este domingo su nueva conducci\u00f3n en una interna que dej\u00f3 un mensaje pol\u00edtico contundente. <b data-path-to-node=\"4\" data-index-in-node=\"140\">Alberto \u00abTito\u00bb Musso<\/b>, al frente de la <b data-path-to-node=\"4\" data-index-in-node=\"178\">Lista 4<\/b>, logr\u00f3 una victoria que en el b\u00fanker ganador calificaron como una \u00abverdadera paliza\u00bb electoral, al duplicar en votos a la estructura que lideraba Gisler.<\/p>\n<h3 data-path-to-node=\"5\"><b data-path-to-node=\"5\" data-index-in-node=\"0\">Los n\u00fameros de la jornada<\/b><\/h3>\n<p data-path-to-node=\"6\">El escrutinio definitivo reflej\u00f3 una polarizaci\u00f3n donde la ciudad cabecera fue el motor del triunfo de Musso. En <b data-path-to-node=\"6\" data-index-in-node=\"113\">Tornquist<\/b>, los resultados de las dos mesas fueron determinantes:<\/p>\n<ul data-path-to-node=\"7\">\n<li>\n<p data-path-to-node=\"7,0,0\"><b data-path-to-node=\"7,0,0\" data-index-in-node=\"0\">Mesa 1:<\/b> La Lista 4 obtuvo <b data-path-to-node=\"7,0,0\" data-index-in-node=\"26\">144 votos<\/b> frente a los 45 de la Lista 2 (2 votos en blanco).<\/p>\n<\/li>\n<li>\n<p data-path-to-node=\"7,1,0\"><b data-path-to-node=\"7,1,0\" data-index-in-node=\"0\">Mesa 2:<\/b> Se repiti\u00f3 la tendencia con un <b data-path-to-node=\"7,1,0\" data-index-in-node=\"39\">130 a 60<\/b> a favor de la lista opositora.<\/p>\n<\/li>\n<\/ul>\n<p data-path-to-node=\"8\">En <b data-path-to-node=\"8\" data-index-in-node=\"3\">Saldungaray<\/b>, la participaci\u00f3n alcanz\u00f3 el 30% del padr\u00f3n. All\u00ed, Musso tambi\u00e9n logr\u00f3 imponerse con <b data-path-to-node=\"8\" data-index-in-node=\"100\">29 votos<\/b> contra los 18 que cosech\u00f3 la lista de Gisler.<\/p>\n<h3 data-path-to-node=\"9\"><b data-path-to-node=\"9\" data-index-in-node=\"0\">El basti\u00f3n de la Lista 2<\/b><\/h3>\n<p data-path-to-node=\"10\">El \u00fanico respiro para el oficialismo partidario lleg\u00f3 desde <b data-path-to-node=\"10\" data-index-in-node=\"60\">Sierra de la Ventana<\/b>. En la \u00fanica mesa habilitada de la localidad serrana, la <b data-path-to-node=\"10\" data-index-in-node=\"138\">Lista 2<\/b> logr\u00f3 vencer con <b data-path-to-node=\"10\" data-index-in-node=\"163\">41 sufragios<\/b> frente a los 27 de la Lista 4, con una participaci\u00f3n del 24.5% de los afiliados locales. Sin embargo, esta diferencia fue insuficiente para revertir la tendencia general del distrito.<\/p>\n<h3 data-path-to-node=\"11\"><b data-path-to-node=\"11\" data-index-in-node=\"0\">Consagraci\u00f3n y porcentajes<\/b><\/h3>\n<p data-path-to-node=\"12\">Con el cierre de todas las urnas, el total general arroj\u00f3 una cifra de <b data-path-to-node=\"12\" data-index-in-node=\"71\">331 votos para la Lista 4<\/b> contra <b data-path-to-node=\"12\" data-index-in-node=\"104\">164 de la Lista 2<\/b>. En t\u00e9rminos porcentuales, la diferencia fue de un <b data-path-to-node=\"12\" data-index-in-node=\"173\">67% a 33%<\/b>, una brecha de 34 puntos que deposita a \u00abTito\u00bb Musso en la presidencia del Partido Justicialista de Tornquist a partir de este lunes 16 de marzo.<\/p>\n<p data-path-to-node=\"13\">La nueva conducci\u00f3n asume ahora el desaf\u00edo de la unidad tras una campa\u00f1a que tuvo momentos de fuerte cruce medi\u00e1tico, con el objetivo puesto en reorganizar el movimiento de cara al 2027 y plantarse como la principal fuerza opositora a las pol\u00edticas nacionales.<\/p>\n<p data-path-to-node=\"13\"><a href=\"https:\/\/www.noticiasradioreflejos.com.ar\/2021\/contundente-triunfo-de-la-lista-4-tito-musso-es-el-nuevo-presidente-del-pj-de-tornquist\/eleccion-pj\/\" rel=\"attachment wp-att-134123\"><img loading=\"lazy\" decoding=\"async\" class=\"aligncenter size-full wp-image-134123\" src=\"https:\/\/www.noticiasradioreflejos.com.ar\/2021\/wp-content\/uploads\/2026\/03\/Eleccion-PJ.jpeg\" alt=\"\" width=\"578\" height=\"226\" srcset=\"https:\/\/www.noticiasradioreflejos.com.ar\/2021\/wp-content\/uploads\/2026\/03\/Eleccion-PJ.jpeg 578w, https:\/\/www.noticiasradioreflejos.com.ar\/2021\/wp-content\/uploads\/2026\/03\/Eleccion-PJ-300x117.jpeg 300w\" sizes=\"auto, (max-width: 578px) 100vw, 578px\" \/><\/a><\/p>\n","protected":false},"excerpt":{"rendered":"<p>En una jornada marcada por una clara tendencia opositora a nivel distrital, la n\u00f3mina encabezada por Alberto Musso se impuso con una diferencia abrumadora sobre la Lista 2 de Juan Carlos Gisler. Con un resultado final de 331 a 164 votos, la lista ganadora obtuvo el 67% de los sufragios, logrando victorias clave en la [&hellip;]<\/p>\n","protected":false},"author":3,"featured_media":134140,"comment_status":"closed","ping_status":"closed","sticky":false,"template":"","format":"standard","meta":{"footnotes":""},"categories":[24],"tags":[48],"class_list":["post-134121","post","type-post","status-publish","format-standard","has-post-thumbnail","hentry","category-politica","tag-destacada"],"yoast_head":"<!-- This site is optimized with the Yoast SEO plugin v25.9 - https:\/\/yoast.com\/wordpress\/plugins\/seo\/ -->\n<title>Contundente triunfo de la Lista 4: &quot;Tito&quot; Musso es el nuevo presidente del PJ de Tornquist - Noticias Radio Reflejos<\/title>\n<meta name=\"robots\" content=\"index, follow, max-snippet:-1, max-image-preview:large, max-video-preview:-1\" \/>\n<link rel=\"canonical\" href=\"https:\/\/www.noticiasradioreflejos.com.ar\/2021\/contundente-triunfo-de-la-lista-4-tito-musso-es-el-nuevo-presidente-del-pj-de-tornquist\/\" \/>\n<meta property=\"og:locale\" content=\"es_ES\" \/>\n<meta property=\"og:type\" content=\"article\" \/>\n<meta property=\"og:title\" content=\"Contundente triunfo de la Lista 4: &quot;Tito&quot; Musso es el nuevo presidente del PJ de Tornquist - Noticias Radio Reflejos\" \/>\n<meta property=\"og:description\" content=\"En una jornada marcada por una clara tendencia opositora a nivel distrital, la n\u00f3mina encabezada por Alberto Musso se impuso con una diferencia abrumadora sobre la Lista 2 de Juan Carlos Gisler. Con un resultado final de 331 a 164 votos, la lista ganadora obtuvo el 67% de los sufragios, logrando victorias clave en la [&hellip;]\" \/>\n<meta property=\"og:url\" content=\"https:\/\/www.noticiasradioreflejos.com.ar\/2021\/contundente-triunfo-de-la-lista-4-tito-musso-es-el-nuevo-presidente-del-pj-de-tornquist\/\" \/>\n<meta property=\"og:site_name\" content=\"Noticias Radio Reflejos\" \/>\n<meta property=\"article:published_time\" content=\"2026-03-15T22:00:00+00:00\" \/>\n<meta property=\"article:modified_time\" content=\"2026-03-16T10:11:41+00:00\" \/>\n<meta property=\"og:image\" content=\"https:\/\/www.noticiasradioreflejos.com.ar\/2021\/wp-content\/uploads\/2026\/03\/reflejos-tito.jpg\" \/>\n\t<meta property=\"og:image:width\" content=\"1024\" \/>\n\t<meta property=\"og:image:height\" content=\"731\" \/>\n\t<meta property=\"og:image:type\" content=\"image\/jpeg\" \/>\n<meta name=\"author\" content=\"Arnaldo Botto\" \/>\n<meta name=\"twitter:card\" content=\"summary_large_image\" \/>\n<script type=\"application\/ld+json\" class=\"yoast-schema-graph\">{\"@context\":\"https:\/\/schema.org\",\"@graph\":[{\"@type\":\"WebPage\",\"@id\":\"https:\/\/www.noticiasradioreflejos.com.ar\/2021\/contundente-triunfo-de-la-lista-4-tito-musso-es-el-nuevo-presidente-del-pj-de-tornquist\/\",\"url\":\"https:\/\/www.noticiasradioreflejos.com.ar\/2021\/contundente-triunfo-de-la-lista-4-tito-musso-es-el-nuevo-presidente-del-pj-de-tornquist\/\",\"name\":\"Contundente triunfo de la Lista 4: \\\"Tito\\\" Musso es el nuevo presidente del PJ de Tornquist - Noticias Radio Reflejos\",\"isPartOf\":{\"@id\":\"https:\/\/www.noticiasradioreflejos.com.ar\/2021\/#website\"},\"primaryImageOfPage\":{\"@id\":\"https:\/\/www.noticiasradioreflejos.com.ar\/2021\/contundente-triunfo-de-la-lista-4-tito-musso-es-el-nuevo-presidente-del-pj-de-tornquist\/#primaryimage\"},\"image\":{\"@id\":\"https:\/\/www.noticiasradioreflejos.com.ar\/2021\/contundente-triunfo-de-la-lista-4-tito-musso-es-el-nuevo-presidente-del-pj-de-tornquist\/#primaryimage\"},\"thumbnailUrl\":\"https:\/\/www.noticiasradioreflejos.com.ar\/2021\/wp-content\/uploads\/2026\/03\/reflejos-tito.jpg\",\"datePublished\":\"2026-03-15T22:00:00+00:00\",\"dateModified\":\"2026-03-16T10:11:41+00:00\",\"author\":{\"@id\":\"https:\/\/www.noticiasradioreflejos.com.ar\/2021\/#\/schema\/person\/ad82545263dcc5ec0996818884fd5fb1\"},\"breadcrumb\":{\"@id\":\"https:\/\/www.noticiasradioreflejos.com.ar\/2021\/contundente-triunfo-de-la-lista-4-tito-musso-es-el-nuevo-presidente-del-pj-de-tornquist\/#breadcrumb\"},\"inLanguage\":\"es\",\"potentialAction\":[{\"@type\":\"ReadAction\",\"target\":[\"https:\/\/www.noticiasradioreflejos.com.ar\/2021\/contundente-triunfo-de-la-lista-4-tito-musso-es-el-nuevo-presidente-del-pj-de-tornquist\/\"]}]},{\"@type\":\"ImageObject\",\"inLanguage\":\"es\",\"@id\":\"https:\/\/www.noticiasradioreflejos.com.ar\/2021\/contundente-triunfo-de-la-lista-4-tito-musso-es-el-nuevo-presidente-del-pj-de-tornquist\/#primaryimage\",\"url\":\"https:\/\/www.noticiasradioreflejos.com.ar\/2021\/wp-content\/uploads\/2026\/03\/reflejos-tito.jpg\",\"contentUrl\":\"https:\/\/www.noticiasradioreflejos.com.ar\/2021\/wp-content\/uploads\/2026\/03\/reflejos-tito.jpg\",\"width\":1024,\"height\":731},{\"@type\":\"BreadcrumbList\",\"@id\":\"https:\/\/www.noticiasradioreflejos.com.ar\/2021\/contundente-triunfo-de-la-lista-4-tito-musso-es-el-nuevo-presidente-del-pj-de-tornquist\/#breadcrumb\",\"itemListElement\":[{\"@type\":\"ListItem\",\"position\":1,\"name\":\"Portada\",\"item\":\"https:\/\/www.noticiasradioreflejos.com.ar\/2021\/\"},{\"@type\":\"ListItem\",\"position\":2,\"name\":\"Contundente triunfo de la Lista 4: \u00abTito\u00bb Musso es el nuevo presidente del PJ de Tornquist\"}]},{\"@type\":\"WebSite\",\"@id\":\"https:\/\/www.noticiasradioreflejos.com.ar\/2021\/#website\",\"url\":\"https:\/\/www.noticiasradioreflejos.com.ar\/2021\/\",\"name\":\"Noticias Radio Reflejos\",\"description\":\"Las noticias de mi comarca\",\"potentialAction\":[{\"@type\":\"SearchAction\",\"target\":{\"@type\":\"EntryPoint\",\"urlTemplate\":\"https:\/\/www.noticiasradioreflejos.com.ar\/2021\/?s={search_term_string}\"},\"query-input\":{\"@type\":\"PropertyValueSpecification\",\"valueRequired\":true,\"valueName\":\"search_term_string\"}}],\"inLanguage\":\"es\"},{\"@type\":\"Person\",\"@id\":\"https:\/\/www.noticiasradioreflejos.com.ar\/2021\/#\/schema\/person\/ad82545263dcc5ec0996818884fd5fb1\",\"name\":\"Arnaldo Botto\",\"image\":{\"@type\":\"ImageObject\",\"inLanguage\":\"es\",\"@id\":\"https:\/\/www.noticiasradioreflejos.com.ar\/2021\/#\/schema\/person\/image\/\",\"url\":\"https:\/\/secure.gravatar.com\/avatar\/55cb5e37c1efa326397366e6974cb338056df65cb50e7d64d1cf314e87504837?s=96&d=mm&r=g\",\"contentUrl\":\"https:\/\/secure.gravatar.com\/avatar\/55cb5e37c1efa326397366e6974cb338056df65cb50e7d64d1cf314e87504837?s=96&d=mm&r=g\",\"caption\":\"Arnaldo Botto\"},\"url\":\"https:\/\/www.noticiasradioreflejos.com.ar\/2021\/author\/arnaldo\/\"}]}<\/script>\n<!-- \/ Yoast SEO plugin. -->","yoast_head_json":{"title":"Contundente triunfo de la Lista 4: \"Tito\" Musso es el nuevo presidente del PJ de Tornquist - Noticias Radio Reflejos","robots":{"index":"index","follow":"follow","max-snippet":"max-snippet:-1","max-image-preview":"max-image-preview:large","max-video-preview":"max-video-preview:-1"},"canonical":"https:\/\/www.noticiasradioreflejos.com.ar\/2021\/contundente-triunfo-de-la-lista-4-tito-musso-es-el-nuevo-presidente-del-pj-de-tornquist\/","og_locale":"es_ES","og_type":"article","og_title":"Contundente triunfo de la Lista 4: \"Tito\" Musso es el nuevo presidente del PJ de Tornquist - Noticias Radio Reflejos","og_description":"En una jornada marcada por una clara tendencia opositora a nivel distrital, la n\u00f3mina encabezada por Alberto Musso se impuso con una diferencia abrumadora sobre la Lista 2 de Juan Carlos Gisler. Con un resultado final de 331 a 164 votos, la lista ganadora obtuvo el 67% de los sufragios, logrando victorias clave en la [&hellip;]","og_url":"https:\/\/www.noticiasradioreflejos.com.ar\/2021\/contundente-triunfo-de-la-lista-4-tito-musso-es-el-nuevo-presidente-del-pj-de-tornquist\/","og_site_name":"Noticias Radio Reflejos","article_published_time":"2026-03-15T22:00:00+00:00","article_modified_time":"2026-03-16T10:11:41+00:00","og_image":[{"width":1024,"height":731,"url":"https:\/\/www.noticiasradioreflejos.com.ar\/2021\/wp-content\/uploads\/2026\/03\/reflejos-tito.jpg","type":"image\/jpeg"}],"author":"Arnaldo Botto","twitter_card":"summary_large_image","schema":{"@context":"https:\/\/schema.org","@graph":[{"@type":"WebPage","@id":"https:\/\/www.noticiasradioreflejos.com.ar\/2021\/contundente-triunfo-de-la-lista-4-tito-musso-es-el-nuevo-presidente-del-pj-de-tornquist\/","url":"https:\/\/www.noticiasradioreflejos.com.ar\/2021\/contundente-triunfo-de-la-lista-4-tito-musso-es-el-nuevo-presidente-del-pj-de-tornquist\/","name":"Contundente triunfo de la Lista 4: \"Tito\" Musso es el nuevo presidente del PJ de Tornquist - Noticias Radio Reflejos","isPartOf":{"@id":"https:\/\/www.noticiasradioreflejos.com.ar\/2021\/#website"},"primaryImageOfPage":{"@id":"https:\/\/www.noticiasradioreflejos.com.ar\/2021\/contundente-triunfo-de-la-lista-4-tito-musso-es-el-nuevo-presidente-del-pj-de-tornquist\/#primaryimage"},"image":{"@id":"https:\/\/www.noticiasradioreflejos.com.ar\/2021\/contundente-triunfo-de-la-lista-4-tito-musso-es-el-nuevo-presidente-del-pj-de-tornquist\/#primaryimage"},"thumbnailUrl":"https:\/\/www.noticiasradioreflejos.com.ar\/2021\/wp-content\/uploads\/2026\/03\/reflejos-tito.jpg","datePublished":"2026-03-15T22:00:00+00:00","dateModified":"2026-03-16T10:11:41+00:00","author":{"@id":"https:\/\/www.noticiasradioreflejos.com.ar\/2021\/#\/schema\/person\/ad82545263dcc5ec0996818884fd5fb1"},"breadcrumb":{"@id":"https:\/\/www.noticiasradioreflejos.com.ar\/2021\/contundente-triunfo-de-la-lista-4-tito-musso-es-el-nuevo-presidente-del-pj-de-tornquist\/#breadcrumb"},"inLanguage":"es","potentialAction":[{"@type":"ReadAction","target":["https:\/\/www.noticiasradioreflejos.com.ar\/2021\/contundente-triunfo-de-la-lista-4-tito-musso-es-el-nuevo-presidente-del-pj-de-tornquist\/"]}]},{"@type":"ImageObject","inLanguage":"es","@id":"https:\/\/www.noticiasradioreflejos.com.ar\/2021\/contundente-triunfo-de-la-lista-4-tito-musso-es-el-nuevo-presidente-del-pj-de-tornquist\/#primaryimage","url":"https:\/\/www.noticiasradioreflejos.com.ar\/2021\/wp-content\/uploads\/2026\/03\/reflejos-tito.jpg","contentUrl":"https:\/\/www.noticiasradioreflejos.com.ar\/2021\/wp-content\/uploads\/2026\/03\/reflejos-tito.jpg","width":1024,"height":731},{"@type":"BreadcrumbList","@id":"https:\/\/www.noticiasradioreflejos.com.ar\/2021\/contundente-triunfo-de-la-lista-4-tito-musso-es-el-nuevo-presidente-del-pj-de-tornquist\/#breadcrumb","itemListElement":[{"@type":"ListItem","position":1,"name":"Portada","item":"https:\/\/www.noticiasradioreflejos.com.ar\/2021\/"},{"@type":"ListItem","position":2,"name":"Contundente triunfo de la Lista 4: \u00abTito\u00bb Musso es el nuevo presidente del PJ de Tornquist"}]},{"@type":"WebSite","@id":"https:\/\/www.noticiasradioreflejos.com.ar\/2021\/#website","url":"https:\/\/www.noticiasradioreflejos.com.ar\/2021\/","name":"Noticias Radio Reflejos","description":"Las noticias de mi comarca","potentialAction":[{"@type":"SearchAction","target":{"@type":"EntryPoint","urlTemplate":"https:\/\/www.noticiasradioreflejos.com.ar\/2021\/?s={search_term_string}"},"query-input":{"@type":"PropertyValueSpecification","valueRequired":true,"valueName":"search_term_string"}}],"inLanguage":"es"},{"@type":"Person","@id":"https:\/\/www.noticiasradioreflejos.com.ar\/2021\/#\/schema\/person\/ad82545263dcc5ec0996818884fd5fb1","name":"Arnaldo Botto","image":{"@type":"ImageObject","inLanguage":"es","@id":"https:\/\/www.noticiasradioreflejos.com.ar\/2021\/#\/schema\/person\/image\/","url":"https:\/\/secure.gravatar.com\/avatar\/55cb5e37c1efa326397366e6974cb338056df65cb50e7d64d1cf314e87504837?s=96&d=mm&r=g","contentUrl":"https:\/\/secure.gravatar.com\/avatar\/55cb5e37c1efa326397366e6974cb338056df65cb50e7d64d1cf314e87504837?s=96&d=mm&r=g","caption":"Arnaldo Botto"},"url":"https:\/\/www.noticiasradioreflejos.com.ar\/2021\/author\/arnaldo\/"}]}},"_links":{"self":[{"href":"https:\/\/www.noticiasradioreflejos.com.ar\/2021\/wp-json\/wp\/v2\/posts\/134121","targetHints":{"allow":["GET"]}}],"collection":[{"href":"https:\/\/www.noticiasradioreflejos.com.ar\/2021\/wp-json\/wp\/v2\/posts"}],"about":[{"href":"https:\/\/www.noticiasradioreflejos.com.ar\/2021\/wp-json\/wp\/v2\/types\/post"}],"author":[{"embeddable":true,"href":"https:\/\/www.noticiasradioreflejos.com.ar\/2021\/wp-json\/wp\/v2\/users\/3"}],"replies":[{"embeddable":true,"href":"https:\/\/www.noticiasradioreflejos.com.ar\/2021\/wp-json\/wp\/v2\/comments?post=134121"}],"version-history":[{"count":5,"href":"https:\/\/www.noticiasradioreflejos.com.ar\/2021\/wp-json\/wp\/v2\/posts\/134121\/revisions"}],"predecessor-version":[{"id":134129,"href":"https:\/\/www.noticiasradioreflejos.com.ar\/2021\/wp-json\/wp\/v2\/posts\/134121\/revisions\/134129"}],"wp:featuredmedia":[{"embeddable":true,"href":"https:\/\/www.noticiasradioreflejos.com.ar\/2021\/wp-json\/wp\/v2\/media\/134140"}],"wp:attachment":[{"href":"https:\/\/www.noticiasradioreflejos.com.ar\/2021\/wp-json\/wp\/v2\/media?parent=134121"}],"wp:term":[{"taxonomy":"category","embeddable":true,"href":"https:\/\/www.noticiasradioreflejos.com.ar\/2021\/wp-json\/wp\/v2\/categories?post=134121"},{"taxonomy":"post_tag","embeddable":true,"href":"https:\/\/www.noticiasradioreflejos.com.ar\/2021\/wp-json\/wp\/v2\/tags?post=134121"}],"curies":[{"name":"wp","href":"https:\/\/api.w.org\/{rel}","templated":true}]}}