{"id":134118,"date":"2026-03-15T14:00:38","date_gmt":"2026-03-15T17:00:38","guid":{"rendered":"https:\/\/www.noticiasradioreflejos.com.ar\/2021\/?p=134118"},"modified":"2026-03-15T14:00:38","modified_gmt":"2026-03-15T17:00:38","slug":"seis-cuerpos-enterrados-en-la-perla-ya-han-sido-identificados","status":"publish","type":"post","link":"https:\/\/www.noticiasradioreflejos.com.ar\/2021\/seis-cuerpos-enterrados-en-la-perla-ya-han-sido-identificados\/","title":{"rendered":"Seis cuerpos enterrados en La Perla ya han sido identificados"},"content":{"rendered":"<p>Una vez m\u00e1s, se trata de un gran trabajo realizado por el Equipo Argentino de Antropolog\u00eda Forense.<!--more--><br \/>\n<strong>Ya son seis los secuestrados, torturados y desaparecidos de la \u00faltima dictadura militar en la Argentina que fueron identificados en La Perla<\/strong>, ex Centro clandestino de detenci\u00f3n en la provincia de C\u00f3rdoba. Los trabajos de recuperaci\u00f3n se lograron tras un trabajo del\u00a0<strong>Equipo Argentino de Antropolog\u00eda Forense (EAAF).<\/strong><\/p>\n<p>La<strong>\u00a0Asociaci\u00f3n H.I.J.O.S de C\u00f3rdoba<\/strong>\u00a0anunci\u00f3 que ya son seis los militantes identificados que fueron secuestrados y asesinados. Se tratan de\u00a0<strong>Eduardo Jorge Valverde Su\u00e1rez, Oscar Reyes, Ramiro Bustillo, alguna de las mellizas Carranza, Ra\u00fal Oscar Ceballos Canton y Mario Alberto N\u00edvoli<\/strong>.<\/p>\n<p>Valverde Su\u00e1rez era mendocino y se hab\u00eda mudado a C\u00f3rdoba para estudiar Derecho. Fue delegado de la Federaci\u00f3n Universitaria y al egresarse, se dedic\u00f3 a la defensa de presos pol\u00edticos.\u00a0Fue secuestrado apenas se perpetr\u00f3 el golpe, en el puesto de Guardia Militar de la Fuerza A\u00e9rea.<\/p>\n<p>Ceballos Canton era cordob\u00e9s, estudiaba ingenier\u00eda y trabajaba en la empresa automotriz FIAT, en la planta de Materfer. Ten\u00eda 23 a\u00f1os y militaba en Montoneros. Lo secuestraron de su casa del barrio Altamira el 26 de agosto de 1976.<\/p>\n<p>Acerca de las mellizas Carranza, los an\u00e1lisis forenses permitieron establecer que un diente encontrado coincide gen\u00e9ticamente con Adriana o Cecilia. Al compartir pr\u00e1cticamente el mismo ADN, la identificaci\u00f3n a\u00fan no permite determinar con certeza a cu\u00e1l de ellas pertenec\u00eda. Las mellizas Carranza ten\u00edan 18 a\u00f1os cuando, en mayo de 1976, una patota del Ej\u00e9rcito ingres\u00f3 a la pensi\u00f3n del barrio General Paz donde viv\u00edan y se las llev\u00f3.<\/p>\n<p>Respecto a Reyes, naci\u00f3 en Banfield, provincia de Buenos Aires. Estaba casado y era padre de cinco hijos. En C\u00f3rdoba trabajaba como obrero en la empresa FIAT y militaba en el Partido Comunista (PC). Fue secuestrado la tarde del 18 de octubre de 1977, en la v\u00eda p\u00fablica, cuando iba en su auto a una reuni\u00f3n del partido.<\/p>\n<p>Bustillo fue secuestrado el 18 de octubre de 1977 en la ciudad de C\u00f3rdoba, por orden del comandante del III Cuerpo de Ej\u00e9rcito, Luciano Benjam\u00edn Men\u00e9ndez. Ten\u00eda 27 a\u00f1os, estudiaba, militaba en el Partido Comunista y trabajaba como obrero.<\/p>\n<p>Sobre N\u00edvoli, militaba en la Juventud Universitaria Peronista (J.U.P.) y trabajaba como t\u00e9cnico electricista. Su secuestro sucedi\u00f3 en la madrugada del 14 de febrero de 1977, en presencia de su familia, en su casa del barrio General Paz, C\u00f3rdoba capital.<\/p>\n<p>Fuente: NA<\/p>\n","protected":false},"excerpt":{"rendered":"<p>Una vez m\u00e1s, se trata de un gran trabajo realizado por el Equipo Argentino de Antropolog\u00eda Forense.<\/p>\n","protected":false},"author":3,"featured_media":134119,"comment_status":"closed","ping_status":"closed","sticky":false,"template":"","format":"standard","meta":{"footnotes":""},"categories":[57],"tags":[],"class_list":["post-134118","post","type-post","status-publish","format-standard","has-post-thumbnail","hentry","category-judiciales"],"yoast_head":"<!-- This site is optimized with the Yoast SEO plugin v25.9 - https:\/\/yoast.com\/wordpress\/plugins\/seo\/ -->\n<title>Seis cuerpos enterrados en La Perla ya han sido identificados - Noticias Radio Reflejos<\/title>\n<meta name=\"robots\" content=\"index, follow, max-snippet:-1, max-image-preview:large, max-video-preview:-1\" \/>\n<link rel=\"canonical\" href=\"https:\/\/www.noticiasradioreflejos.com.ar\/2021\/seis-cuerpos-enterrados-en-la-perla-ya-han-sido-identificados\/\" \/>\n<meta property=\"og:locale\" content=\"es_ES\" \/>\n<meta property=\"og:type\" content=\"article\" \/>\n<meta property=\"og:title\" content=\"Seis cuerpos enterrados en La Perla ya han sido identificados - Noticias Radio Reflejos\" \/>\n<meta property=\"og:description\" content=\"Una vez m\u00e1s, se trata de un gran trabajo realizado por el Equipo Argentino de Antropolog\u00eda Forense.\" \/>\n<meta property=\"og:url\" content=\"https:\/\/www.noticiasradioreflejos.com.ar\/2021\/seis-cuerpos-enterrados-en-la-perla-ya-han-sido-identificados\/\" \/>\n<meta property=\"og:site_name\" content=\"Noticias Radio Reflejos\" \/>\n<meta property=\"article:published_time\" content=\"2026-03-15T17:00:38+00:00\" \/>\n<meta property=\"og:image\" content=\"https:\/\/www.noticiasradioreflejos.com.ar\/2021\/wp-content\/uploads\/2026\/03\/identificados-de-la-perla.webp\" \/>\n\t<meta property=\"og:image:width\" content=\"1080\" \/>\n\t<meta property=\"og:image:height\" content=\"720\" \/>\n\t<meta property=\"og:image:type\" content=\"image\/webp\" \/>\n<meta name=\"author\" content=\"Arnaldo Botto\" \/>\n<meta name=\"twitter:card\" content=\"summary_large_image\" \/>\n<script type=\"application\/ld+json\" class=\"yoast-schema-graph\">{\"@context\":\"https:\/\/schema.org\",\"@graph\":[{\"@type\":\"WebPage\",\"@id\":\"https:\/\/www.noticiasradioreflejos.com.ar\/2021\/seis-cuerpos-enterrados-en-la-perla-ya-han-sido-identificados\/\",\"url\":\"https:\/\/www.noticiasradioreflejos.com.ar\/2021\/seis-cuerpos-enterrados-en-la-perla-ya-han-sido-identificados\/\",\"name\":\"Seis cuerpos enterrados en La Perla ya han sido identificados - Noticias Radio Reflejos\",\"isPartOf\":{\"@id\":\"https:\/\/www.noticiasradioreflejos.com.ar\/2021\/#website\"},\"primaryImageOfPage\":{\"@id\":\"https:\/\/www.noticiasradioreflejos.com.ar\/2021\/seis-cuerpos-enterrados-en-la-perla-ya-han-sido-identificados\/#primaryimage\"},\"image\":{\"@id\":\"https:\/\/www.noticiasradioreflejos.com.ar\/2021\/seis-cuerpos-enterrados-en-la-perla-ya-han-sido-identificados\/#primaryimage\"},\"thumbnailUrl\":\"https:\/\/www.noticiasradioreflejos.com.ar\/2021\/wp-content\/uploads\/2026\/03\/identificados-de-la-perla.webp\",\"datePublished\":\"2026-03-15T17:00:38+00:00\",\"author\":{\"@id\":\"https:\/\/www.noticiasradioreflejos.com.ar\/2021\/#\/schema\/person\/ad82545263dcc5ec0996818884fd5fb1\"},\"breadcrumb\":{\"@id\":\"https:\/\/www.noticiasradioreflejos.com.ar\/2021\/seis-cuerpos-enterrados-en-la-perla-ya-han-sido-identificados\/#breadcrumb\"},\"inLanguage\":\"es\",\"potentialAction\":[{\"@type\":\"ReadAction\",\"target\":[\"https:\/\/www.noticiasradioreflejos.com.ar\/2021\/seis-cuerpos-enterrados-en-la-perla-ya-han-sido-identificados\/\"]}]},{\"@type\":\"ImageObject\",\"inLanguage\":\"es\",\"@id\":\"https:\/\/www.noticiasradioreflejos.com.ar\/2021\/seis-cuerpos-enterrados-en-la-perla-ya-han-sido-identificados\/#primaryimage\",\"url\":\"https:\/\/www.noticiasradioreflejos.com.ar\/2021\/wp-content\/uploads\/2026\/03\/identificados-de-la-perla.webp\",\"contentUrl\":\"https:\/\/www.noticiasradioreflejos.com.ar\/2021\/wp-content\/uploads\/2026\/03\/identificados-de-la-perla.webp\",\"width\":1080,\"height\":720},{\"@type\":\"BreadcrumbList\",\"@id\":\"https:\/\/www.noticiasradioreflejos.com.ar\/2021\/seis-cuerpos-enterrados-en-la-perla-ya-han-sido-identificados\/#breadcrumb\",\"itemListElement\":[{\"@type\":\"ListItem\",\"position\":1,\"name\":\"Portada\",\"item\":\"https:\/\/www.noticiasradioreflejos.com.ar\/2021\/\"},{\"@type\":\"ListItem\",\"position\":2,\"name\":\"Seis cuerpos enterrados en La Perla ya han sido identificados\"}]},{\"@type\":\"WebSite\",\"@id\":\"https:\/\/www.noticiasradioreflejos.com.ar\/2021\/#website\",\"url\":\"https:\/\/www.noticiasradioreflejos.com.ar\/2021\/\",\"name\":\"Noticias Radio Reflejos\",\"description\":\"Las noticias de mi comarca\",\"potentialAction\":[{\"@type\":\"SearchAction\",\"target\":{\"@type\":\"EntryPoint\",\"urlTemplate\":\"https:\/\/www.noticiasradioreflejos.com.ar\/2021\/?s={search_term_string}\"},\"query-input\":{\"@type\":\"PropertyValueSpecification\",\"valueRequired\":true,\"valueName\":\"search_term_string\"}}],\"inLanguage\":\"es\"},{\"@type\":\"Person\",\"@id\":\"https:\/\/www.noticiasradioreflejos.com.ar\/2021\/#\/schema\/person\/ad82545263dcc5ec0996818884fd5fb1\",\"name\":\"Arnaldo Botto\",\"image\":{\"@type\":\"ImageObject\",\"inLanguage\":\"es\",\"@id\":\"https:\/\/www.noticiasradioreflejos.com.ar\/2021\/#\/schema\/person\/image\/\",\"url\":\"https:\/\/secure.gravatar.com\/avatar\/55cb5e37c1efa326397366e6974cb338056df65cb50e7d64d1cf314e87504837?s=96&d=mm&r=g\",\"contentUrl\":\"https:\/\/secure.gravatar.com\/avatar\/55cb5e37c1efa326397366e6974cb338056df65cb50e7d64d1cf314e87504837?s=96&d=mm&r=g\",\"caption\":\"Arnaldo Botto\"},\"url\":\"https:\/\/www.noticiasradioreflejos.com.ar\/2021\/author\/arnaldo\/\"}]}<\/script>\n<!-- \/ Yoast SEO plugin. -->","yoast_head_json":{"title":"Seis cuerpos enterrados en La Perla ya han sido identificados - Noticias Radio Reflejos","robots":{"index":"index","follow":"follow","max-snippet":"max-snippet:-1","max-image-preview":"max-image-preview:large","max-video-preview":"max-video-preview:-1"},"canonical":"https:\/\/www.noticiasradioreflejos.com.ar\/2021\/seis-cuerpos-enterrados-en-la-perla-ya-han-sido-identificados\/","og_locale":"es_ES","og_type":"article","og_title":"Seis cuerpos enterrados en La Perla ya han sido identificados - Noticias Radio Reflejos","og_description":"Una vez m\u00e1s, se trata de un gran trabajo realizado por el Equipo Argentino de Antropolog\u00eda Forense.","og_url":"https:\/\/www.noticiasradioreflejos.com.ar\/2021\/seis-cuerpos-enterrados-en-la-perla-ya-han-sido-identificados\/","og_site_name":"Noticias Radio Reflejos","article_published_time":"2026-03-15T17:00:38+00:00","og_image":[{"width":1080,"height":720,"url":"https:\/\/www.noticiasradioreflejos.com.ar\/2021\/wp-content\/uploads\/2026\/03\/identificados-de-la-perla.webp","type":"image\/webp"}],"author":"Arnaldo Botto","twitter_card":"summary_large_image","schema":{"@context":"https:\/\/schema.org","@graph":[{"@type":"WebPage","@id":"https:\/\/www.noticiasradioreflejos.com.ar\/2021\/seis-cuerpos-enterrados-en-la-perla-ya-han-sido-identificados\/","url":"https:\/\/www.noticiasradioreflejos.com.ar\/2021\/seis-cuerpos-enterrados-en-la-perla-ya-han-sido-identificados\/","name":"Seis cuerpos enterrados en La Perla ya han sido identificados - Noticias Radio Reflejos","isPartOf":{"@id":"https:\/\/www.noticiasradioreflejos.com.ar\/2021\/#website"},"primaryImageOfPage":{"@id":"https:\/\/www.noticiasradioreflejos.com.ar\/2021\/seis-cuerpos-enterrados-en-la-perla-ya-han-sido-identificados\/#primaryimage"},"image":{"@id":"https:\/\/www.noticiasradioreflejos.com.ar\/2021\/seis-cuerpos-enterrados-en-la-perla-ya-han-sido-identificados\/#primaryimage"},"thumbnailUrl":"https:\/\/www.noticiasradioreflejos.com.ar\/2021\/wp-content\/uploads\/2026\/03\/identificados-de-la-perla.webp","datePublished":"2026-03-15T17:00:38+00:00","author":{"@id":"https:\/\/www.noticiasradioreflejos.com.ar\/2021\/#\/schema\/person\/ad82545263dcc5ec0996818884fd5fb1"},"breadcrumb":{"@id":"https:\/\/www.noticiasradioreflejos.com.ar\/2021\/seis-cuerpos-enterrados-en-la-perla-ya-han-sido-identificados\/#breadcrumb"},"inLanguage":"es","potentialAction":[{"@type":"ReadAction","target":["https:\/\/www.noticiasradioreflejos.com.ar\/2021\/seis-cuerpos-enterrados-en-la-perla-ya-han-sido-identificados\/"]}]},{"@type":"ImageObject","inLanguage":"es","@id":"https:\/\/www.noticiasradioreflejos.com.ar\/2021\/seis-cuerpos-enterrados-en-la-perla-ya-han-sido-identificados\/#primaryimage","url":"https:\/\/www.noticiasradioreflejos.com.ar\/2021\/wp-content\/uploads\/2026\/03\/identificados-de-la-perla.webp","contentUrl":"https:\/\/www.noticiasradioreflejos.com.ar\/2021\/wp-content\/uploads\/2026\/03\/identificados-de-la-perla.webp","width":1080,"height":720},{"@type":"BreadcrumbList","@id":"https:\/\/www.noticiasradioreflejos.com.ar\/2021\/seis-cuerpos-enterrados-en-la-perla-ya-han-sido-identificados\/#breadcrumb","itemListElement":[{"@type":"ListItem","position":1,"name":"Portada","item":"https:\/\/www.noticiasradioreflejos.com.ar\/2021\/"},{"@type":"ListItem","position":2,"name":"Seis cuerpos enterrados en La Perla ya han sido identificados"}]},{"@type":"WebSite","@id":"https:\/\/www.noticiasradioreflejos.com.ar\/2021\/#website","url":"https:\/\/www.noticiasradioreflejos.com.ar\/2021\/","name":"Noticias Radio Reflejos","description":"Las noticias de mi comarca","potentialAction":[{"@type":"SearchAction","target":{"@type":"EntryPoint","urlTemplate":"https:\/\/www.noticiasradioreflejos.com.ar\/2021\/?s={search_term_string}"},"query-input":{"@type":"PropertyValueSpecification","valueRequired":true,"valueName":"search_term_string"}}],"inLanguage":"es"},{"@type":"Person","@id":"https:\/\/www.noticiasradioreflejos.com.ar\/2021\/#\/schema\/person\/ad82545263dcc5ec0996818884fd5fb1","name":"Arnaldo Botto","image":{"@type":"ImageObject","inLanguage":"es","@id":"https:\/\/www.noticiasradioreflejos.com.ar\/2021\/#\/schema\/person\/image\/","url":"https:\/\/secure.gravatar.com\/avatar\/55cb5e37c1efa326397366e6974cb338056df65cb50e7d64d1cf314e87504837?s=96&d=mm&r=g","contentUrl":"https:\/\/secure.gravatar.com\/avatar\/55cb5e37c1efa326397366e6974cb338056df65cb50e7d64d1cf314e87504837?s=96&d=mm&r=g","caption":"Arnaldo Botto"},"url":"https:\/\/www.noticiasradioreflejos.com.ar\/2021\/author\/arnaldo\/"}]}},"_links":{"self":[{"href":"https:\/\/www.noticiasradioreflejos.com.ar\/2021\/wp-json\/wp\/v2\/posts\/134118","targetHints":{"allow":["GET"]}}],"collection":[{"href":"https:\/\/www.noticiasradioreflejos.com.ar\/2021\/wp-json\/wp\/v2\/posts"}],"about":[{"href":"https:\/\/www.noticiasradioreflejos.com.ar\/2021\/wp-json\/wp\/v2\/types\/post"}],"author":[{"embeddable":true,"href":"https:\/\/www.noticiasradioreflejos.com.ar\/2021\/wp-json\/wp\/v2\/users\/3"}],"replies":[{"embeddable":true,"href":"https:\/\/www.noticiasradioreflejos.com.ar\/2021\/wp-json\/wp\/v2\/comments?post=134118"}],"version-history":[{"count":1,"href":"https:\/\/www.noticiasradioreflejos.com.ar\/2021\/wp-json\/wp\/v2\/posts\/134118\/revisions"}],"predecessor-version":[{"id":134120,"href":"https:\/\/www.noticiasradioreflejos.com.ar\/2021\/wp-json\/wp\/v2\/posts\/134118\/revisions\/134120"}],"wp:featuredmedia":[{"embeddable":true,"href":"https:\/\/www.noticiasradioreflejos.com.ar\/2021\/wp-json\/wp\/v2\/media\/134119"}],"wp:attachment":[{"href":"https:\/\/www.noticiasradioreflejos.com.ar\/2021\/wp-json\/wp\/v2\/media?parent=134118"}],"wp:term":[{"taxonomy":"category","embeddable":true,"href":"https:\/\/www.noticiasradioreflejos.com.ar\/2021\/wp-json\/wp\/v2\/categories?post=134118"},{"taxonomy":"post_tag","embeddable":true,"href":"https:\/\/www.noticiasradioreflejos.com.ar\/2021\/wp-json\/wp\/v2\/tags?post=134118"}],"curies":[{"name":"wp","href":"https:\/\/api.w.org\/{rel}","templated":true}]}}