{"id":134112,"date":"2026-03-15T11:15:40","date_gmt":"2026-03-15T14:15:40","guid":{"rendered":"https:\/\/www.noticiasradioreflejos.com.ar\/2021\/?p=134112"},"modified":"2026-03-15T11:33:29","modified_gmt":"2026-03-15T14:33:29","slug":"se-cancelo-la-finalissima-entre-argentina-y-espana-los-motivos-del-desencuentro","status":"publish","type":"post","link":"https:\/\/www.noticiasradioreflejos.com.ar\/2021\/se-cancelo-la-finalissima-entre-argentina-y-espana-los-motivos-del-desencuentro\/","title":{"rendered":"Se cancel\u00f3 la \u00abFinalissima\u00bb entre Argentina y Espa\u00f1a: los motivos del desencuentro"},"content":{"rendered":"<p data-path-to-node=\"3\">En las \u00faltimas horas se confirm\u00f3 una noticia que impacta de lleno en el calendario deportivo internacional: la <b data-path-to-node=\"3\" data-index-in-node=\"136\">UEFA<\/b> anunci\u00f3 oficialmente la cancelaci\u00f3n de la <b data-path-to-node=\"3\" data-index-in-node=\"183\">Finalissima 2026<\/b>, el esperado duelo que deb\u00eda enfrentar a la Selecci\u00f3n Argentina (campeona de la Copa Am\u00e9rica) y a Espa\u00f1a (campeona de la Eurocopa).<!--more--><\/p>\n<p data-path-to-node=\"4\">El partido estaba originalmente programado para el pr\u00f3ximo <b data-path-to-node=\"4\" data-index-in-node=\"59\">27 de marzo en el Estadio Lusail de Qatar<\/b>. Sin embargo, la delicada situaci\u00f3n geopol\u00edtica y el conflicto b\u00e9lico que atraviesa la regi\u00f3n de Medio Oriente obligaron a descartar la sede original por falta de garant\u00edas de seguridad.<\/p>\n<p data-path-to-node=\"5\"><b data-path-to-node=\"5\" data-index-in-node=\"0\">Fracaso en las negociaciones<\/b> A pesar de los intentos por salvar el evento, las confederaciones no lograron ponerse de acuerdo en una sede alternativa ni en una nueva fecha. Seg\u00fan el comunicado oficial del organismo europeo, se barajaron opciones como trasladar el encuentro al Estadio Santiago Bernab\u00e9u en Madrid o incluso disputar una serie de ida y vuelta entre Buenos Aires y Espa\u00f1a.<\/p>\n<p data-path-to-node=\"6\">No obstante, las diferencias de calendario y la falta de consenso entre la <b data-path-to-node=\"6\" data-index-in-node=\"75\">AFA<\/b> y la <b data-path-to-node=\"6\" data-index-in-node=\"84\">UEFA<\/b> \u2014que incluy\u00f3 el rechazo de varias propuestas por ambas partes\u2014 terminaron por sepultar la posibilidad de que el trofeo se ponga en juego en esta edici\u00f3n.<\/p>\n<p data-path-to-node=\"7\">Desde la organizaci\u00f3n lamentaron que las circunstancias y el factor tiempo hayan privado a los aficionados de este choque de potencias, que buscaba repetir el \u00e9xito de la edici\u00f3n 2022, cuando la \u00abScaloneta\u00bb se coron\u00f3 tras vencer a Italia en Wembley.<\/p>\n","protected":false},"excerpt":{"rendered":"<p>En las \u00faltimas horas se confirm\u00f3 una noticia que impacta de lleno en el calendario deportivo internacional: la UEFA anunci\u00f3 oficialmente la cancelaci\u00f3n de la Finalissima 2026, el esperado duelo que deb\u00eda enfrentar a la Selecci\u00f3n Argentina (campeona de la Copa Am\u00e9rica) y a Espa\u00f1a (campeona de la Eurocopa).<\/p>\n","protected":false},"author":3,"featured_media":0,"comment_status":"closed","ping_status":"closed","sticky":false,"template":"","format":"standard","meta":{"footnotes":""},"categories":[27],"tags":[48],"class_list":["post-134112","post","type-post","status-publish","format-standard","hentry","category-deportes","tag-destacada"],"yoast_head":"<!-- This site is optimized with the Yoast SEO plugin v25.9 - https:\/\/yoast.com\/wordpress\/plugins\/seo\/ -->\n<title>Se cancel\u00f3 la &quot;Finalissima&quot; entre Argentina y Espa\u00f1a: los motivos del desencuentro - Noticias Radio Reflejos<\/title>\n<meta name=\"robots\" content=\"index, follow, max-snippet:-1, max-image-preview:large, max-video-preview:-1\" \/>\n<link rel=\"canonical\" href=\"https:\/\/www.noticiasradioreflejos.com.ar\/2021\/se-cancelo-la-finalissima-entre-argentina-y-espana-los-motivos-del-desencuentro\/\" \/>\n<meta property=\"og:locale\" content=\"es_ES\" \/>\n<meta property=\"og:type\" content=\"article\" \/>\n<meta property=\"og:title\" content=\"Se cancel\u00f3 la &quot;Finalissima&quot; entre Argentina y Espa\u00f1a: los motivos del desencuentro - Noticias Radio Reflejos\" \/>\n<meta property=\"og:description\" content=\"En las \u00faltimas horas se confirm\u00f3 una noticia que impacta de lleno en el calendario deportivo internacional: la UEFA anunci\u00f3 oficialmente la cancelaci\u00f3n de la Finalissima 2026, el esperado duelo que deb\u00eda enfrentar a la Selecci\u00f3n Argentina (campeona de la Copa Am\u00e9rica) y a Espa\u00f1a (campeona de la Eurocopa).\" \/>\n<meta property=\"og:url\" content=\"https:\/\/www.noticiasradioreflejos.com.ar\/2021\/se-cancelo-la-finalissima-entre-argentina-y-espana-los-motivos-del-desencuentro\/\" \/>\n<meta property=\"og:site_name\" content=\"Noticias Radio Reflejos\" \/>\n<meta property=\"article:published_time\" content=\"2026-03-15T14:15:40+00:00\" \/>\n<meta property=\"article:modified_time\" content=\"2026-03-15T14:33:29+00:00\" \/>\n<meta property=\"og:image\" content=\"https:\/\/www.noticiasradioreflejos.com.ar\/2021\/wp-content\/uploads\/2026\/03\/tapia.jpg\" \/>\n\t<meta property=\"og:image:width\" content=\"996\" \/>\n\t<meta property=\"og:image:height\" content=\"537\" \/>\n\t<meta property=\"og:image:type\" content=\"image\/jpeg\" \/>\n<meta name=\"author\" content=\"Arnaldo Botto\" \/>\n<meta name=\"twitter:card\" content=\"summary_large_image\" \/>\n<script type=\"application\/ld+json\" class=\"yoast-schema-graph\">{\"@context\":\"https:\/\/schema.org\",\"@graph\":[{\"@type\":\"WebPage\",\"@id\":\"https:\/\/www.noticiasradioreflejos.com.ar\/2021\/se-cancelo-la-finalissima-entre-argentina-y-espana-los-motivos-del-desencuentro\/\",\"url\":\"https:\/\/www.noticiasradioreflejos.com.ar\/2021\/se-cancelo-la-finalissima-entre-argentina-y-espana-los-motivos-del-desencuentro\/\",\"name\":\"Se cancel\u00f3 la \\\"Finalissima\\\" entre Argentina y Espa\u00f1a: los motivos del desencuentro - Noticias Radio Reflejos\",\"isPartOf\":{\"@id\":\"https:\/\/www.noticiasradioreflejos.com.ar\/2021\/#website\"},\"datePublished\":\"2026-03-15T14:15:40+00:00\",\"dateModified\":\"2026-03-15T14:33:29+00:00\",\"author\":{\"@id\":\"https:\/\/www.noticiasradioreflejos.com.ar\/2021\/#\/schema\/person\/ad82545263dcc5ec0996818884fd5fb1\"},\"breadcrumb\":{\"@id\":\"https:\/\/www.noticiasradioreflejos.com.ar\/2021\/se-cancelo-la-finalissima-entre-argentina-y-espana-los-motivos-del-desencuentro\/#breadcrumb\"},\"inLanguage\":\"es\",\"potentialAction\":[{\"@type\":\"ReadAction\",\"target\":[\"https:\/\/www.noticiasradioreflejos.com.ar\/2021\/se-cancelo-la-finalissima-entre-argentina-y-espana-los-motivos-del-desencuentro\/\"]}]},{\"@type\":\"BreadcrumbList\",\"@id\":\"https:\/\/www.noticiasradioreflejos.com.ar\/2021\/se-cancelo-la-finalissima-entre-argentina-y-espana-los-motivos-del-desencuentro\/#breadcrumb\",\"itemListElement\":[{\"@type\":\"ListItem\",\"position\":1,\"name\":\"Portada\",\"item\":\"https:\/\/www.noticiasradioreflejos.com.ar\/2021\/\"},{\"@type\":\"ListItem\",\"position\":2,\"name\":\"Se cancel\u00f3 la \u00abFinalissima\u00bb entre Argentina y Espa\u00f1a: los motivos del desencuentro\"}]},{\"@type\":\"WebSite\",\"@id\":\"https:\/\/www.noticiasradioreflejos.com.ar\/2021\/#website\",\"url\":\"https:\/\/www.noticiasradioreflejos.com.ar\/2021\/\",\"name\":\"Noticias Radio Reflejos\",\"description\":\"Las noticias de mi comarca\",\"potentialAction\":[{\"@type\":\"SearchAction\",\"target\":{\"@type\":\"EntryPoint\",\"urlTemplate\":\"https:\/\/www.noticiasradioreflejos.com.ar\/2021\/?s={search_term_string}\"},\"query-input\":{\"@type\":\"PropertyValueSpecification\",\"valueRequired\":true,\"valueName\":\"search_term_string\"}}],\"inLanguage\":\"es\"},{\"@type\":\"Person\",\"@id\":\"https:\/\/www.noticiasradioreflejos.com.ar\/2021\/#\/schema\/person\/ad82545263dcc5ec0996818884fd5fb1\",\"name\":\"Arnaldo Botto\",\"image\":{\"@type\":\"ImageObject\",\"inLanguage\":\"es\",\"@id\":\"https:\/\/www.noticiasradioreflejos.com.ar\/2021\/#\/schema\/person\/image\/\",\"url\":\"https:\/\/secure.gravatar.com\/avatar\/55cb5e37c1efa326397366e6974cb338056df65cb50e7d64d1cf314e87504837?s=96&d=mm&r=g\",\"contentUrl\":\"https:\/\/secure.gravatar.com\/avatar\/55cb5e37c1efa326397366e6974cb338056df65cb50e7d64d1cf314e87504837?s=96&d=mm&r=g\",\"caption\":\"Arnaldo Botto\"},\"url\":\"https:\/\/www.noticiasradioreflejos.com.ar\/2021\/author\/arnaldo\/\"}]}<\/script>\n<!-- \/ Yoast SEO plugin. -->","yoast_head_json":{"title":"Se cancel\u00f3 la \"Finalissima\" entre Argentina y Espa\u00f1a: los motivos del desencuentro - Noticias Radio Reflejos","robots":{"index":"index","follow":"follow","max-snippet":"max-snippet:-1","max-image-preview":"max-image-preview:large","max-video-preview":"max-video-preview:-1"},"canonical":"https:\/\/www.noticiasradioreflejos.com.ar\/2021\/se-cancelo-la-finalissima-entre-argentina-y-espana-los-motivos-del-desencuentro\/","og_locale":"es_ES","og_type":"article","og_title":"Se cancel\u00f3 la \"Finalissima\" entre Argentina y Espa\u00f1a: los motivos del desencuentro - Noticias Radio Reflejos","og_description":"En las \u00faltimas horas se confirm\u00f3 una noticia que impacta de lleno en el calendario deportivo internacional: la UEFA anunci\u00f3 oficialmente la cancelaci\u00f3n de la Finalissima 2026, el esperado duelo que deb\u00eda enfrentar a la Selecci\u00f3n Argentina (campeona de la Copa Am\u00e9rica) y a Espa\u00f1a (campeona de la Eurocopa).","og_url":"https:\/\/www.noticiasradioreflejos.com.ar\/2021\/se-cancelo-la-finalissima-entre-argentina-y-espana-los-motivos-del-desencuentro\/","og_site_name":"Noticias Radio Reflejos","article_published_time":"2026-03-15T14:15:40+00:00","article_modified_time":"2026-03-15T14:33:29+00:00","og_image":[{"width":996,"height":537,"url":"https:\/\/www.noticiasradioreflejos.com.ar\/2021\/wp-content\/uploads\/2026\/03\/tapia.jpg","type":"image\/jpeg"}],"author":"Arnaldo Botto","twitter_card":"summary_large_image","schema":{"@context":"https:\/\/schema.org","@graph":[{"@type":"WebPage","@id":"https:\/\/www.noticiasradioreflejos.com.ar\/2021\/se-cancelo-la-finalissima-entre-argentina-y-espana-los-motivos-del-desencuentro\/","url":"https:\/\/www.noticiasradioreflejos.com.ar\/2021\/se-cancelo-la-finalissima-entre-argentina-y-espana-los-motivos-del-desencuentro\/","name":"Se cancel\u00f3 la \"Finalissima\" entre Argentina y Espa\u00f1a: los motivos del desencuentro - Noticias Radio Reflejos","isPartOf":{"@id":"https:\/\/www.noticiasradioreflejos.com.ar\/2021\/#website"},"datePublished":"2026-03-15T14:15:40+00:00","dateModified":"2026-03-15T14:33:29+00:00","author":{"@id":"https:\/\/www.noticiasradioreflejos.com.ar\/2021\/#\/schema\/person\/ad82545263dcc5ec0996818884fd5fb1"},"breadcrumb":{"@id":"https:\/\/www.noticiasradioreflejos.com.ar\/2021\/se-cancelo-la-finalissima-entre-argentina-y-espana-los-motivos-del-desencuentro\/#breadcrumb"},"inLanguage":"es","potentialAction":[{"@type":"ReadAction","target":["https:\/\/www.noticiasradioreflejos.com.ar\/2021\/se-cancelo-la-finalissima-entre-argentina-y-espana-los-motivos-del-desencuentro\/"]}]},{"@type":"BreadcrumbList","@id":"https:\/\/www.noticiasradioreflejos.com.ar\/2021\/se-cancelo-la-finalissima-entre-argentina-y-espana-los-motivos-del-desencuentro\/#breadcrumb","itemListElement":[{"@type":"ListItem","position":1,"name":"Portada","item":"https:\/\/www.noticiasradioreflejos.com.ar\/2021\/"},{"@type":"ListItem","position":2,"name":"Se cancel\u00f3 la \u00abFinalissima\u00bb entre Argentina y Espa\u00f1a: los motivos del desencuentro"}]},{"@type":"WebSite","@id":"https:\/\/www.noticiasradioreflejos.com.ar\/2021\/#website","url":"https:\/\/www.noticiasradioreflejos.com.ar\/2021\/","name":"Noticias Radio Reflejos","description":"Las noticias de mi comarca","potentialAction":[{"@type":"SearchAction","target":{"@type":"EntryPoint","urlTemplate":"https:\/\/www.noticiasradioreflejos.com.ar\/2021\/?s={search_term_string}"},"query-input":{"@type":"PropertyValueSpecification","valueRequired":true,"valueName":"search_term_string"}}],"inLanguage":"es"},{"@type":"Person","@id":"https:\/\/www.noticiasradioreflejos.com.ar\/2021\/#\/schema\/person\/ad82545263dcc5ec0996818884fd5fb1","name":"Arnaldo Botto","image":{"@type":"ImageObject","inLanguage":"es","@id":"https:\/\/www.noticiasradioreflejos.com.ar\/2021\/#\/schema\/person\/image\/","url":"https:\/\/secure.gravatar.com\/avatar\/55cb5e37c1efa326397366e6974cb338056df65cb50e7d64d1cf314e87504837?s=96&d=mm&r=g","contentUrl":"https:\/\/secure.gravatar.com\/avatar\/55cb5e37c1efa326397366e6974cb338056df65cb50e7d64d1cf314e87504837?s=96&d=mm&r=g","caption":"Arnaldo Botto"},"url":"https:\/\/www.noticiasradioreflejos.com.ar\/2021\/author\/arnaldo\/"}]}},"_links":{"self":[{"href":"https:\/\/www.noticiasradioreflejos.com.ar\/2021\/wp-json\/wp\/v2\/posts\/134112","targetHints":{"allow":["GET"]}}],"collection":[{"href":"https:\/\/www.noticiasradioreflejos.com.ar\/2021\/wp-json\/wp\/v2\/posts"}],"about":[{"href":"https:\/\/www.noticiasradioreflejos.com.ar\/2021\/wp-json\/wp\/v2\/types\/post"}],"author":[{"embeddable":true,"href":"https:\/\/www.noticiasradioreflejos.com.ar\/2021\/wp-json\/wp\/v2\/users\/3"}],"replies":[{"embeddable":true,"href":"https:\/\/www.noticiasradioreflejos.com.ar\/2021\/wp-json\/wp\/v2\/comments?post=134112"}],"version-history":[{"count":1,"href":"https:\/\/www.noticiasradioreflejos.com.ar\/2021\/wp-json\/wp\/v2\/posts\/134112\/revisions"}],"predecessor-version":[{"id":134114,"href":"https:\/\/www.noticiasradioreflejos.com.ar\/2021\/wp-json\/wp\/v2\/posts\/134112\/revisions\/134114"}],"wp:attachment":[{"href":"https:\/\/www.noticiasradioreflejos.com.ar\/2021\/wp-json\/wp\/v2\/media?parent=134112"}],"wp:term":[{"taxonomy":"category","embeddable":true,"href":"https:\/\/www.noticiasradioreflejos.com.ar\/2021\/wp-json\/wp\/v2\/categories?post=134112"},{"taxonomy":"post_tag","embeddable":true,"href":"https:\/\/www.noticiasradioreflejos.com.ar\/2021\/wp-json\/wp\/v2\/tags?post=134112"}],"curies":[{"name":"wp","href":"https:\/\/api.w.org\/{rel}","templated":true}]}}