{"id":134108,"date":"2026-03-15T10:56:26","date_gmt":"2026-03-15T13:56:26","guid":{"rendered":"https:\/\/www.noticiasradioreflejos.com.ar\/2021\/?p=134108"},"modified":"2026-03-15T12:07:37","modified_gmt":"2026-03-15T15:07:37","slug":"alerta-meteorologico-tormentas-vientos-fuertes-y-lluvias-persistentes-para-la-comarca","status":"publish","type":"post","link":"https:\/\/www.noticiasradioreflejos.com.ar\/2021\/alerta-meteorologico-tormentas-vientos-fuertes-y-lluvias-persistentes-para-la-comarca\/","title":{"rendered":"Alerta meteorol\u00f3gico: tormentas, vientos fuertes y lluvias persistentes para la comarca"},"content":{"rendered":"<p data-path-to-node=\"2\">Tras un s\u00e1bado de gran intensidad clim\u00e1tica, donde se registraron <b data-path-to-node=\"2\" data-index-in-node=\"66\">38 mm<\/b> de precipitaci\u00f3n con descargas el\u00e9ctricas \u2014incluyendo un pico de casi <b data-path-to-node=\"2\" data-index-in-node=\"142\">30 mm en menos de 20 minutos<\/b>\u2014, la inestabilidad persiste en Sierra de la Ventana y la regi\u00f3n. El rigor del alerta meteorol\u00f3gico se mantiene vigente para el cierre del fin de semana y el inicio de la pr\u00f3xima jornada.<!--more--><\/p>\n<p data-path-to-node=\"4\">La situaci\u00f3n meteorol\u00f3gica presenta varios frentes de atenci\u00f3n para las pr\u00f3ximas horas. Se mantiene el <b data-path-to-node=\"5,0,0\" data-index-in-node=\"34\">alerta amarillo<\/b> por vientos intensos del <b data-path-to-node=\"5,0,0\" data-index-in-node=\"75\">Noroeste (NO)<\/b>, con r\u00e1fagas que podr\u00edan alcanzar los <b data-path-to-node=\"5,0,0\" data-index-in-node=\"127\">60 km\/h<\/b> hacia el mediod\u00eda. \u00a0El alerta por tormentas contin\u00faa activo para la tarde de hoy, momento en el cual se espera que el viento rote hacia el sector <b data-path-to-node=\"5,1,0\" data-index-in-node=\"150\">Sur<\/b>. La temperatura m\u00e1xima alcanzar\u00e1 los <b data-path-to-node=\"5,1,0\" data-index-in-node=\"191\">26\u00b0C<\/b>.<\/p>\n<p data-path-to-node=\"5,2,0\">\u00a0Pasada la medianoche, se prev\u00e9 el desarrollo de <b data-path-to-node=\"5,2,0\" data-index-in-node=\"72\">lluvias de variada intensidad<\/b>. Este fen\u00f3meno se prolongar\u00e1 durante la madrugada y la ma\u00f1ana del <b data-path-to-node=\"5,2,0\" data-index-in-node=\"168\">lunes<\/b>.<\/p>\n<p data-path-to-node=\"5,3,0\"><b data-path-to-node=\"5,3,0\" data-index-in-node=\"0\">Lunes fresco y nublado:<\/b> Para el inicio de la semana, se espera un marcado descenso t\u00e9rmico con valores entre los <b data-path-to-node=\"5,3,0\" data-index-in-node=\"113\">14\u00b0C y 15\u00b0C<\/b>. El cielo permanecer\u00e1 de mayormente nublado a cubierto, con vientos suaves predominantes del <b data-path-to-node=\"5,3,0\" data-index-in-node=\"218\">Sudeste<\/b>.<\/p>\n<p data-path-to-node=\"7\">Las condiciones de mal tiempo no dar\u00e1n tregua inmediata. Durante la noche del lunes, se espera nuevamente la llegada de precipitaciones que se extender\u00edan durante gran parte de la ma\u00f1ana del <b data-path-to-node=\"7\" data-index-in-node=\"191\">martes<\/b>, manteniendo el escenario de humedad y cielos cubiertos en toda la zona serrana.<\/p>\n<p data-path-to-node=\"7\"><strong>Datos de lluvias hasta las 8 hs<\/strong><\/p>\n<p>38 mm en Sierra de la Ventana<br \/>\n20 mm en Villa Ventana<br \/>\n15 mm en Las Acacias<br \/>\n26 mm en La Casita de Ventana<br \/>\n28 mm Villa Serrana La gruta<br \/>\n26 mm en Cerros Colorados<br \/>\n27 mm Tornquist<br \/>\n30 mm Chasico<br \/>\n23 mm Tres picos<br \/>\n32 mm San Andr\u00e9s de la Sierra<\/p>\n","protected":false},"excerpt":{"rendered":"<p>Tras un s\u00e1bado de gran intensidad clim\u00e1tica, donde se registraron 38 mm de precipitaci\u00f3n con descargas el\u00e9ctricas \u2014incluyendo un pico de casi 30 mm en menos de 20 minutos\u2014, la inestabilidad persiste en Sierra de la Ventana y la regi\u00f3n. El rigor del alerta meteorol\u00f3gico se mantiene vigente para el cierre del fin de semana [&hellip;]<\/p>\n","protected":false},"author":3,"featured_media":96525,"comment_status":"closed","ping_status":"closed","sticky":false,"template":"","format":"standard","meta":{"footnotes":""},"categories":[46],"tags":[48],"class_list":["post-134108","post","type-post","status-publish","format-standard","has-post-thumbnail","hentry","category-ciencia-y-tecnologia","tag-destacada"],"yoast_head":"<!-- This site is optimized with the Yoast SEO plugin v25.9 - https:\/\/yoast.com\/wordpress\/plugins\/seo\/ -->\n<title>Alerta meteorol\u00f3gico: tormentas, vientos fuertes y lluvias persistentes para la comarca - Noticias Radio Reflejos<\/title>\n<meta name=\"robots\" content=\"index, follow, max-snippet:-1, max-image-preview:large, max-video-preview:-1\" \/>\n<link rel=\"canonical\" href=\"https:\/\/www.noticiasradioreflejos.com.ar\/2021\/alerta-meteorologico-tormentas-vientos-fuertes-y-lluvias-persistentes-para-la-comarca\/\" \/>\n<meta property=\"og:locale\" content=\"es_ES\" \/>\n<meta property=\"og:type\" content=\"article\" \/>\n<meta property=\"og:title\" content=\"Alerta meteorol\u00f3gico: tormentas, vientos fuertes y lluvias persistentes para la comarca - Noticias Radio Reflejos\" \/>\n<meta property=\"og:description\" content=\"Tras un s\u00e1bado de gran intensidad clim\u00e1tica, donde se registraron 38 mm de precipitaci\u00f3n con descargas el\u00e9ctricas \u2014incluyendo un pico de casi 30 mm en menos de 20 minutos\u2014, la inestabilidad persiste en Sierra de la Ventana y la regi\u00f3n. El rigor del alerta meteorol\u00f3gico se mantiene vigente para el cierre del fin de semana [&hellip;]\" \/>\n<meta property=\"og:url\" content=\"https:\/\/www.noticiasradioreflejos.com.ar\/2021\/alerta-meteorologico-tormentas-vientos-fuertes-y-lluvias-persistentes-para-la-comarca\/\" \/>\n<meta property=\"og:site_name\" content=\"Noticias Radio Reflejos\" \/>\n<meta property=\"article:published_time\" content=\"2026-03-15T13:56:26+00:00\" \/>\n<meta property=\"article:modified_time\" content=\"2026-03-15T15:07:37+00:00\" \/>\n<meta property=\"og:image\" content=\"https:\/\/www.noticiasradioreflejos.com.ar\/2021\/wp-content\/uploads\/2023\/12\/tormenta-abra-de-la-ventana-1.jpeg\" \/>\n\t<meta property=\"og:image:width\" content=\"1600\" \/>\n\t<meta property=\"og:image:height\" content=\"900\" \/>\n\t<meta property=\"og:image:type\" content=\"image\/jpeg\" \/>\n<meta name=\"author\" content=\"Arnaldo Botto\" \/>\n<meta name=\"twitter:card\" content=\"summary_large_image\" \/>\n<script type=\"application\/ld+json\" class=\"yoast-schema-graph\">{\"@context\":\"https:\/\/schema.org\",\"@graph\":[{\"@type\":\"WebPage\",\"@id\":\"https:\/\/www.noticiasradioreflejos.com.ar\/2021\/alerta-meteorologico-tormentas-vientos-fuertes-y-lluvias-persistentes-para-la-comarca\/\",\"url\":\"https:\/\/www.noticiasradioreflejos.com.ar\/2021\/alerta-meteorologico-tormentas-vientos-fuertes-y-lluvias-persistentes-para-la-comarca\/\",\"name\":\"Alerta meteorol\u00f3gico: tormentas, vientos fuertes y lluvias persistentes para la comarca - Noticias Radio Reflejos\",\"isPartOf\":{\"@id\":\"https:\/\/www.noticiasradioreflejos.com.ar\/2021\/#website\"},\"primaryImageOfPage\":{\"@id\":\"https:\/\/www.noticiasradioreflejos.com.ar\/2021\/alerta-meteorologico-tormentas-vientos-fuertes-y-lluvias-persistentes-para-la-comarca\/#primaryimage\"},\"image\":{\"@id\":\"https:\/\/www.noticiasradioreflejos.com.ar\/2021\/alerta-meteorologico-tormentas-vientos-fuertes-y-lluvias-persistentes-para-la-comarca\/#primaryimage\"},\"thumbnailUrl\":\"https:\/\/www.noticiasradioreflejos.com.ar\/2021\/wp-content\/uploads\/2023\/12\/tormenta-abra-de-la-ventana-1.jpeg\",\"datePublished\":\"2026-03-15T13:56:26+00:00\",\"dateModified\":\"2026-03-15T15:07:37+00:00\",\"author\":{\"@id\":\"https:\/\/www.noticiasradioreflejos.com.ar\/2021\/#\/schema\/person\/ad82545263dcc5ec0996818884fd5fb1\"},\"breadcrumb\":{\"@id\":\"https:\/\/www.noticiasradioreflejos.com.ar\/2021\/alerta-meteorologico-tormentas-vientos-fuertes-y-lluvias-persistentes-para-la-comarca\/#breadcrumb\"},\"inLanguage\":\"es\",\"potentialAction\":[{\"@type\":\"ReadAction\",\"target\":[\"https:\/\/www.noticiasradioreflejos.com.ar\/2021\/alerta-meteorologico-tormentas-vientos-fuertes-y-lluvias-persistentes-para-la-comarca\/\"]}]},{\"@type\":\"ImageObject\",\"inLanguage\":\"es\",\"@id\":\"https:\/\/www.noticiasradioreflejos.com.ar\/2021\/alerta-meteorologico-tormentas-vientos-fuertes-y-lluvias-persistentes-para-la-comarca\/#primaryimage\",\"url\":\"https:\/\/www.noticiasradioreflejos.com.ar\/2021\/wp-content\/uploads\/2023\/12\/tormenta-abra-de-la-ventana-1.jpeg\",\"contentUrl\":\"https:\/\/www.noticiasradioreflejos.com.ar\/2021\/wp-content\/uploads\/2023\/12\/tormenta-abra-de-la-ventana-1.jpeg\",\"width\":1600,\"height\":900},{\"@type\":\"BreadcrumbList\",\"@id\":\"https:\/\/www.noticiasradioreflejos.com.ar\/2021\/alerta-meteorologico-tormentas-vientos-fuertes-y-lluvias-persistentes-para-la-comarca\/#breadcrumb\",\"itemListElement\":[{\"@type\":\"ListItem\",\"position\":1,\"name\":\"Portada\",\"item\":\"https:\/\/www.noticiasradioreflejos.com.ar\/2021\/\"},{\"@type\":\"ListItem\",\"position\":2,\"name\":\"Alerta meteorol\u00f3gico: tormentas, vientos fuertes y lluvias persistentes para la comarca\"}]},{\"@type\":\"WebSite\",\"@id\":\"https:\/\/www.noticiasradioreflejos.com.ar\/2021\/#website\",\"url\":\"https:\/\/www.noticiasradioreflejos.com.ar\/2021\/\",\"name\":\"Noticias Radio Reflejos\",\"description\":\"Las noticias de mi comarca\",\"potentialAction\":[{\"@type\":\"SearchAction\",\"target\":{\"@type\":\"EntryPoint\",\"urlTemplate\":\"https:\/\/www.noticiasradioreflejos.com.ar\/2021\/?s={search_term_string}\"},\"query-input\":{\"@type\":\"PropertyValueSpecification\",\"valueRequired\":true,\"valueName\":\"search_term_string\"}}],\"inLanguage\":\"es\"},{\"@type\":\"Person\",\"@id\":\"https:\/\/www.noticiasradioreflejos.com.ar\/2021\/#\/schema\/person\/ad82545263dcc5ec0996818884fd5fb1\",\"name\":\"Arnaldo Botto\",\"image\":{\"@type\":\"ImageObject\",\"inLanguage\":\"es\",\"@id\":\"https:\/\/www.noticiasradioreflejos.com.ar\/2021\/#\/schema\/person\/image\/\",\"url\":\"https:\/\/secure.gravatar.com\/avatar\/55cb5e37c1efa326397366e6974cb338056df65cb50e7d64d1cf314e87504837?s=96&d=mm&r=g\",\"contentUrl\":\"https:\/\/secure.gravatar.com\/avatar\/55cb5e37c1efa326397366e6974cb338056df65cb50e7d64d1cf314e87504837?s=96&d=mm&r=g\",\"caption\":\"Arnaldo Botto\"},\"url\":\"https:\/\/www.noticiasradioreflejos.com.ar\/2021\/author\/arnaldo\/\"}]}<\/script>\n<!-- \/ Yoast SEO plugin. -->","yoast_head_json":{"title":"Alerta meteorol\u00f3gico: tormentas, vientos fuertes y lluvias persistentes para la comarca - Noticias Radio Reflejos","robots":{"index":"index","follow":"follow","max-snippet":"max-snippet:-1","max-image-preview":"max-image-preview:large","max-video-preview":"max-video-preview:-1"},"canonical":"https:\/\/www.noticiasradioreflejos.com.ar\/2021\/alerta-meteorologico-tormentas-vientos-fuertes-y-lluvias-persistentes-para-la-comarca\/","og_locale":"es_ES","og_type":"article","og_title":"Alerta meteorol\u00f3gico: tormentas, vientos fuertes y lluvias persistentes para la comarca - Noticias Radio Reflejos","og_description":"Tras un s\u00e1bado de gran intensidad clim\u00e1tica, donde se registraron 38 mm de precipitaci\u00f3n con descargas el\u00e9ctricas \u2014incluyendo un pico de casi 30 mm en menos de 20 minutos\u2014, la inestabilidad persiste en Sierra de la Ventana y la regi\u00f3n. El rigor del alerta meteorol\u00f3gico se mantiene vigente para el cierre del fin de semana [&hellip;]","og_url":"https:\/\/www.noticiasradioreflejos.com.ar\/2021\/alerta-meteorologico-tormentas-vientos-fuertes-y-lluvias-persistentes-para-la-comarca\/","og_site_name":"Noticias Radio Reflejos","article_published_time":"2026-03-15T13:56:26+00:00","article_modified_time":"2026-03-15T15:07:37+00:00","og_image":[{"width":1600,"height":900,"url":"https:\/\/www.noticiasradioreflejos.com.ar\/2021\/wp-content\/uploads\/2023\/12\/tormenta-abra-de-la-ventana-1.jpeg","type":"image\/jpeg"}],"author":"Arnaldo Botto","twitter_card":"summary_large_image","schema":{"@context":"https:\/\/schema.org","@graph":[{"@type":"WebPage","@id":"https:\/\/www.noticiasradioreflejos.com.ar\/2021\/alerta-meteorologico-tormentas-vientos-fuertes-y-lluvias-persistentes-para-la-comarca\/","url":"https:\/\/www.noticiasradioreflejos.com.ar\/2021\/alerta-meteorologico-tormentas-vientos-fuertes-y-lluvias-persistentes-para-la-comarca\/","name":"Alerta meteorol\u00f3gico: tormentas, vientos fuertes y lluvias persistentes para la comarca - Noticias Radio Reflejos","isPartOf":{"@id":"https:\/\/www.noticiasradioreflejos.com.ar\/2021\/#website"},"primaryImageOfPage":{"@id":"https:\/\/www.noticiasradioreflejos.com.ar\/2021\/alerta-meteorologico-tormentas-vientos-fuertes-y-lluvias-persistentes-para-la-comarca\/#primaryimage"},"image":{"@id":"https:\/\/www.noticiasradioreflejos.com.ar\/2021\/alerta-meteorologico-tormentas-vientos-fuertes-y-lluvias-persistentes-para-la-comarca\/#primaryimage"},"thumbnailUrl":"https:\/\/www.noticiasradioreflejos.com.ar\/2021\/wp-content\/uploads\/2023\/12\/tormenta-abra-de-la-ventana-1.jpeg","datePublished":"2026-03-15T13:56:26+00:00","dateModified":"2026-03-15T15:07:37+00:00","author":{"@id":"https:\/\/www.noticiasradioreflejos.com.ar\/2021\/#\/schema\/person\/ad82545263dcc5ec0996818884fd5fb1"},"breadcrumb":{"@id":"https:\/\/www.noticiasradioreflejos.com.ar\/2021\/alerta-meteorologico-tormentas-vientos-fuertes-y-lluvias-persistentes-para-la-comarca\/#breadcrumb"},"inLanguage":"es","potentialAction":[{"@type":"ReadAction","target":["https:\/\/www.noticiasradioreflejos.com.ar\/2021\/alerta-meteorologico-tormentas-vientos-fuertes-y-lluvias-persistentes-para-la-comarca\/"]}]},{"@type":"ImageObject","inLanguage":"es","@id":"https:\/\/www.noticiasradioreflejos.com.ar\/2021\/alerta-meteorologico-tormentas-vientos-fuertes-y-lluvias-persistentes-para-la-comarca\/#primaryimage","url":"https:\/\/www.noticiasradioreflejos.com.ar\/2021\/wp-content\/uploads\/2023\/12\/tormenta-abra-de-la-ventana-1.jpeg","contentUrl":"https:\/\/www.noticiasradioreflejos.com.ar\/2021\/wp-content\/uploads\/2023\/12\/tormenta-abra-de-la-ventana-1.jpeg","width":1600,"height":900},{"@type":"BreadcrumbList","@id":"https:\/\/www.noticiasradioreflejos.com.ar\/2021\/alerta-meteorologico-tormentas-vientos-fuertes-y-lluvias-persistentes-para-la-comarca\/#breadcrumb","itemListElement":[{"@type":"ListItem","position":1,"name":"Portada","item":"https:\/\/www.noticiasradioreflejos.com.ar\/2021\/"},{"@type":"ListItem","position":2,"name":"Alerta meteorol\u00f3gico: tormentas, vientos fuertes y lluvias persistentes para la comarca"}]},{"@type":"WebSite","@id":"https:\/\/www.noticiasradioreflejos.com.ar\/2021\/#website","url":"https:\/\/www.noticiasradioreflejos.com.ar\/2021\/","name":"Noticias Radio Reflejos","description":"Las noticias de mi comarca","potentialAction":[{"@type":"SearchAction","target":{"@type":"EntryPoint","urlTemplate":"https:\/\/www.noticiasradioreflejos.com.ar\/2021\/?s={search_term_string}"},"query-input":{"@type":"PropertyValueSpecification","valueRequired":true,"valueName":"search_term_string"}}],"inLanguage":"es"},{"@type":"Person","@id":"https:\/\/www.noticiasradioreflejos.com.ar\/2021\/#\/schema\/person\/ad82545263dcc5ec0996818884fd5fb1","name":"Arnaldo Botto","image":{"@type":"ImageObject","inLanguage":"es","@id":"https:\/\/www.noticiasradioreflejos.com.ar\/2021\/#\/schema\/person\/image\/","url":"https:\/\/secure.gravatar.com\/avatar\/55cb5e37c1efa326397366e6974cb338056df65cb50e7d64d1cf314e87504837?s=96&d=mm&r=g","contentUrl":"https:\/\/secure.gravatar.com\/avatar\/55cb5e37c1efa326397366e6974cb338056df65cb50e7d64d1cf314e87504837?s=96&d=mm&r=g","caption":"Arnaldo Botto"},"url":"https:\/\/www.noticiasradioreflejos.com.ar\/2021\/author\/arnaldo\/"}]}},"_links":{"self":[{"href":"https:\/\/www.noticiasradioreflejos.com.ar\/2021\/wp-json\/wp\/v2\/posts\/134108","targetHints":{"allow":["GET"]}}],"collection":[{"href":"https:\/\/www.noticiasradioreflejos.com.ar\/2021\/wp-json\/wp\/v2\/posts"}],"about":[{"href":"https:\/\/www.noticiasradioreflejos.com.ar\/2021\/wp-json\/wp\/v2\/types\/post"}],"author":[{"embeddable":true,"href":"https:\/\/www.noticiasradioreflejos.com.ar\/2021\/wp-json\/wp\/v2\/users\/3"}],"replies":[{"embeddable":true,"href":"https:\/\/www.noticiasradioreflejos.com.ar\/2021\/wp-json\/wp\/v2\/comments?post=134108"}],"version-history":[{"count":5,"href":"https:\/\/www.noticiasradioreflejos.com.ar\/2021\/wp-json\/wp\/v2\/posts\/134108\/revisions"}],"predecessor-version":[{"id":134117,"href":"https:\/\/www.noticiasradioreflejos.com.ar\/2021\/wp-json\/wp\/v2\/posts\/134108\/revisions\/134117"}],"wp:featuredmedia":[{"embeddable":true,"href":"https:\/\/www.noticiasradioreflejos.com.ar\/2021\/wp-json\/wp\/v2\/media\/96525"}],"wp:attachment":[{"href":"https:\/\/www.noticiasradioreflejos.com.ar\/2021\/wp-json\/wp\/v2\/media?parent=134108"}],"wp:term":[{"taxonomy":"category","embeddable":true,"href":"https:\/\/www.noticiasradioreflejos.com.ar\/2021\/wp-json\/wp\/v2\/categories?post=134108"},{"taxonomy":"post_tag","embeddable":true,"href":"https:\/\/www.noticiasradioreflejos.com.ar\/2021\/wp-json\/wp\/v2\/tags?post=134108"}],"curies":[{"name":"wp","href":"https:\/\/api.w.org\/{rel}","templated":true}]}}