{"id":134105,"date":"2026-03-15T10:44:37","date_gmt":"2026-03-15T13:44:37","guid":{"rendered":"https:\/\/www.noticiasradioreflejos.com.ar\/2021\/?p=134105"},"modified":"2026-03-15T11:09:44","modified_gmt":"2026-03-15T14:09:44","slug":"colapinto-termino-decimo-en-el-gp-de-china-y-sumo-un-punto-para-el-campeonato","status":"publish","type":"post","link":"https:\/\/www.noticiasradioreflejos.com.ar\/2021\/colapinto-termino-decimo-en-el-gp-de-china-y-sumo-un-punto-para-el-campeonato\/","title":{"rendered":"Colapinto termin\u00f3 d\u00e9cimo en el GP de China y sum\u00f3 un punto para el campeonato"},"content":{"rendered":"<p>El joven piloto italiano, Kimi Antonelli, gan\u00f3 la carrera de principio a fin.<!--more--><\/p>\n<div class=\"noticia__imagen\">Franco Colapinto sum\u00f3 puntos al finalizar d\u00e9cimo en el Gran Premio de China, la segunda fecha del\u00a0<strong>Campeonato del Mundo de la F\u00f3rmula 1<\/strong>\u00a0en la que el italiano de Mercedes,\u00a0Kimi Antonelli, se qued\u00f3 con la victoria. Su compa\u00f1ero, el brit\u00e1nico George Russell, y Lewis Hamilton (Ferrari) completaron el podio.El italiano de 19 a\u00f1os, que v<a href=\"https:\/\/www.tycsports.com\/automovilismo\/f1-horario-y-donde-ver-en-vivo-la-clasificacion-del-gp-de-china-id717925.html\" target=\"_blank\" rel=\"noreferrer noopener\">en\u00eda de hacer historia el s\u00e1bado al convertirse en el m\u00e1s joven en hacer la pole<\/a>, lider\u00f3 la carrera con comodidad de principio a fin, pese a que Ferrari dio una gran batalla despu\u00e9s de un gran arranque. Durante un buen tramo,\u00a0<strong>Lewis Hamilton y Charles Leclerc se pelearon por el segundo lugar hasta que la potencia de Mercedes pudo m\u00e1s y Russell los super\u00f3 para hacer 1-2\u00a0<\/strong>para la escuder\u00eda alemana.<\/p>\n<p>La madrugada tambi\u00e9n encontr\u00f3 a los argentinos entusiasmados por la actuaci\u00f3n de Colapinto, que tras una buena largada -marcada por la ausencia de los dos McLaren que no salieron a la pista- r\u00e1pidamente lleg\u00f3 al sexto lugar. En la vuelta 11 tuvo que salir el auto de seguridad por un accidente que sufri\u00f3 Lance Stroll y\u00a0<strong>el pilarense qued\u00f3 moment\u00e1neamente en el segundo lugar, que pudo sostener por pocas vueltas.<\/strong><\/p>\n<div class=\"twitter-tweet twitter-tweet-rendered\"><iframe id=\"twitter-widget-0\" class=\"\" title=\"X Post\" src=\"https:\/\/platform.twitter.com\/embed\/Tweet.html?dnt=false&amp;embedId=twitter-widget-0&amp;features=eyJ0ZndfdGltZWxpbmVfbGlzdCI6eyJidWNrZXQiOltdLCJ2ZXJzaW9uIjpudWxsfSwidGZ3X2ZvbGxvd2VyX2NvdW50X3N1bnNldCI6eyJidWNrZXQiOnRydWUsInZlcnNpb24iOm51bGx9LCJ0ZndfdHdlZXRfZWRpdF9iYWNrZW5kIjp7ImJ1Y2tldCI6Im9uIiwidmVyc2lvbiI6bnVsbH0sInRmd19yZWZzcmNfc2Vzc2lvbiI6eyJidWNrZXQiOiJvbiIsInZlcnNpb24iOm51bGx9LCJ0ZndfZm9zbnJfc29mdF9pbnRlcnZlbnRpb25zX2VuYWJsZWQiOnsiYnVja2V0Ijoib24iLCJ2ZXJzaW9uIjpudWxsfSwidGZ3X21peGVkX21lZGlhXzE1ODk3Ijp7ImJ1Y2tldCI6InRyZWF0bWVudCIsInZlcnNpb24iOm51bGx9LCJ0ZndfZXhwZXJpbWVudHNfY29va2llX2V4cGlyYXRpb24iOnsiYnVja2V0IjoxMjA5NjAwLCJ2ZXJzaW9uIjpudWxsfSwidGZ3X3Nob3dfYmlyZHdhdGNoX3Bpdm90c19lbmFibGVkIjp7ImJ1Y2tldCI6Im9uIiwidmVyc2lvbiI6bnVsbH0sInRmd19kdXBsaWNhdGVfc2NyaWJlc190b19zZXR0aW5ncyI6eyJidWNrZXQiOiJvbiIsInZlcnNpb24iOm51bGx9LCJ0ZndfdXNlX3Byb2ZpbGVfaW1hZ2Vfc2hhcGVfZW5hYmxlZCI6eyJidWNrZXQiOiJvbiIsInZlcnNpb24iOm51bGx9LCJ0ZndfdmlkZW9faGxzX2R5bmFtaWNfbWFuaWZlc3RzXzE1MDgyIjp7ImJ1Y2tldCI6InRydWVfYml0cmF0ZSIsInZlcnNpb24iOm51bGx9LCJ0ZndfbGVnYWN5X3RpbWVsaW5lX3N1bnNldCI6eyJidWNrZXQiOnRydWUsInZlcnNpb24iOm51bGx9LCJ0ZndfdHdlZXRfZWRpdF9mcm9udGVuZCI6eyJidWNrZXQiOiJvbiIsInZlcnNpb24iOm51bGx9fQ%3D%3D&amp;frame=false&amp;hideCard=false&amp;hideThread=false&amp;id=2033079477404573707&amp;lang=es&amp;origin=https%3A%2F%2Ffrenteacano.com.ar%2Fcolapinto-termino-decimo-en-el-gp-de-china-y-sumo-un-punto-para-el-campeonato%2F&amp;sessionId=bbc24d2b112d2f92a569c92c8b87bd5c089411d4&amp;theme=light&amp;widgetsVersion=2615f7e52b7e0%3A1702314776716&amp;width=550px\" frameborder=\"0\" scrolling=\"no\" allowfullscreen=\"allowfullscreen\" data-tweet-id=\"2033079477404573707\" data-mce-fragment=\"1\"><\/iframe><\/div>\n<p>Posiciones finales GP de China<\/p>\n<ol class=\"wp-block-list\">\n<li>Andrea Kimi Antonelli (Mercedes)<\/li>\n<li>George Russell (Mercedes)<\/li>\n<li>Lewis Hamilton (Ferrari)<\/li>\n<li>Charles Leclerc (Ferrari)<\/li>\n<li>Oliver Bearman (Haas)<\/li>\n<li>Pierre Gasly (Alpine)<\/li>\n<li>Liam Lawson (Racing Bulls)<\/li>\n<li>Isack Hadjar (Red Bull)<\/li>\n<li>Carlos Sainz (Williams)<\/li>\n<li><strong>Franco Colapinto (Alpine)<\/strong><\/li>\n<\/ol>\n<p>Fuente: TyC<\/p>\n<\/div>\n","protected":false},"excerpt":{"rendered":"<p>El joven piloto italiano, Kimi Antonelli, gan\u00f3 la carrera de principio a fin.<\/p>\n","protected":false},"author":3,"featured_media":134106,"comment_status":"closed","ping_status":"closed","sticky":false,"template":"","format":"standard","meta":{"footnotes":""},"categories":[27],"tags":[48],"class_list":["post-134105","post","type-post","status-publish","format-standard","has-post-thumbnail","hentry","category-deportes","tag-destacada"],"yoast_head":"<!-- This site is optimized with the Yoast SEO plugin v25.9 - https:\/\/yoast.com\/wordpress\/plugins\/seo\/ -->\n<title>Colapinto termin\u00f3 d\u00e9cimo en el GP de China y sum\u00f3 un punto para el campeonato - Noticias Radio Reflejos<\/title>\n<meta name=\"robots\" content=\"index, follow, max-snippet:-1, max-image-preview:large, max-video-preview:-1\" \/>\n<link rel=\"canonical\" href=\"https:\/\/www.noticiasradioreflejos.com.ar\/2021\/colapinto-termino-decimo-en-el-gp-de-china-y-sumo-un-punto-para-el-campeonato\/\" \/>\n<meta property=\"og:locale\" content=\"es_ES\" \/>\n<meta property=\"og:type\" content=\"article\" \/>\n<meta property=\"og:title\" content=\"Colapinto termin\u00f3 d\u00e9cimo en el GP de China y sum\u00f3 un punto para el campeonato - Noticias Radio Reflejos\" \/>\n<meta property=\"og:description\" content=\"El joven piloto italiano, Kimi Antonelli, gan\u00f3 la carrera de principio a fin.\" \/>\n<meta property=\"og:url\" content=\"https:\/\/www.noticiasradioreflejos.com.ar\/2021\/colapinto-termino-decimo-en-el-gp-de-china-y-sumo-un-punto-para-el-campeonato\/\" \/>\n<meta property=\"og:site_name\" content=\"Noticias Radio Reflejos\" \/>\n<meta property=\"article:published_time\" content=\"2026-03-15T13:44:37+00:00\" \/>\n<meta property=\"article:modified_time\" content=\"2026-03-15T14:09:44+00:00\" \/>\n<meta property=\"og:image\" content=\"https:\/\/www.noticiasradioreflejos.com.ar\/2021\/wp-content\/uploads\/2026\/03\/colapinto-GP-de-China.webp\" \/>\n\t<meta property=\"og:image:width\" content=\"862\" \/>\n\t<meta property=\"og:image:height\" content=\"485\" \/>\n\t<meta property=\"og:image:type\" content=\"image\/webp\" \/>\n<meta name=\"author\" content=\"Arnaldo Botto\" \/>\n<meta name=\"twitter:card\" content=\"summary_large_image\" \/>\n<script type=\"application\/ld+json\" class=\"yoast-schema-graph\">{\"@context\":\"https:\/\/schema.org\",\"@graph\":[{\"@type\":\"WebPage\",\"@id\":\"https:\/\/www.noticiasradioreflejos.com.ar\/2021\/colapinto-termino-decimo-en-el-gp-de-china-y-sumo-un-punto-para-el-campeonato\/\",\"url\":\"https:\/\/www.noticiasradioreflejos.com.ar\/2021\/colapinto-termino-decimo-en-el-gp-de-china-y-sumo-un-punto-para-el-campeonato\/\",\"name\":\"Colapinto termin\u00f3 d\u00e9cimo en el GP de China y sum\u00f3 un punto para el campeonato - Noticias Radio Reflejos\",\"isPartOf\":{\"@id\":\"https:\/\/www.noticiasradioreflejos.com.ar\/2021\/#website\"},\"primaryImageOfPage\":{\"@id\":\"https:\/\/www.noticiasradioreflejos.com.ar\/2021\/colapinto-termino-decimo-en-el-gp-de-china-y-sumo-un-punto-para-el-campeonato\/#primaryimage\"},\"image\":{\"@id\":\"https:\/\/www.noticiasradioreflejos.com.ar\/2021\/colapinto-termino-decimo-en-el-gp-de-china-y-sumo-un-punto-para-el-campeonato\/#primaryimage\"},\"thumbnailUrl\":\"https:\/\/www.noticiasradioreflejos.com.ar\/2021\/wp-content\/uploads\/2026\/03\/colapinto-GP-de-China.webp\",\"datePublished\":\"2026-03-15T13:44:37+00:00\",\"dateModified\":\"2026-03-15T14:09:44+00:00\",\"author\":{\"@id\":\"https:\/\/www.noticiasradioreflejos.com.ar\/2021\/#\/schema\/person\/ad82545263dcc5ec0996818884fd5fb1\"},\"breadcrumb\":{\"@id\":\"https:\/\/www.noticiasradioreflejos.com.ar\/2021\/colapinto-termino-decimo-en-el-gp-de-china-y-sumo-un-punto-para-el-campeonato\/#breadcrumb\"},\"inLanguage\":\"es\",\"potentialAction\":[{\"@type\":\"ReadAction\",\"target\":[\"https:\/\/www.noticiasradioreflejos.com.ar\/2021\/colapinto-termino-decimo-en-el-gp-de-china-y-sumo-un-punto-para-el-campeonato\/\"]}]},{\"@type\":\"ImageObject\",\"inLanguage\":\"es\",\"@id\":\"https:\/\/www.noticiasradioreflejos.com.ar\/2021\/colapinto-termino-decimo-en-el-gp-de-china-y-sumo-un-punto-para-el-campeonato\/#primaryimage\",\"url\":\"https:\/\/www.noticiasradioreflejos.com.ar\/2021\/wp-content\/uploads\/2026\/03\/colapinto-GP-de-China.webp\",\"contentUrl\":\"https:\/\/www.noticiasradioreflejos.com.ar\/2021\/wp-content\/uploads\/2026\/03\/colapinto-GP-de-China.webp\",\"width\":862,\"height\":485},{\"@type\":\"BreadcrumbList\",\"@id\":\"https:\/\/www.noticiasradioreflejos.com.ar\/2021\/colapinto-termino-decimo-en-el-gp-de-china-y-sumo-un-punto-para-el-campeonato\/#breadcrumb\",\"itemListElement\":[{\"@type\":\"ListItem\",\"position\":1,\"name\":\"Portada\",\"item\":\"https:\/\/www.noticiasradioreflejos.com.ar\/2021\/\"},{\"@type\":\"ListItem\",\"position\":2,\"name\":\"Colapinto termin\u00f3 d\u00e9cimo en el GP de China y sum\u00f3 un punto para el campeonato\"}]},{\"@type\":\"WebSite\",\"@id\":\"https:\/\/www.noticiasradioreflejos.com.ar\/2021\/#website\",\"url\":\"https:\/\/www.noticiasradioreflejos.com.ar\/2021\/\",\"name\":\"Noticias Radio Reflejos\",\"description\":\"Las noticias de mi comarca\",\"potentialAction\":[{\"@type\":\"SearchAction\",\"target\":{\"@type\":\"EntryPoint\",\"urlTemplate\":\"https:\/\/www.noticiasradioreflejos.com.ar\/2021\/?s={search_term_string}\"},\"query-input\":{\"@type\":\"PropertyValueSpecification\",\"valueRequired\":true,\"valueName\":\"search_term_string\"}}],\"inLanguage\":\"es\"},{\"@type\":\"Person\",\"@id\":\"https:\/\/www.noticiasradioreflejos.com.ar\/2021\/#\/schema\/person\/ad82545263dcc5ec0996818884fd5fb1\",\"name\":\"Arnaldo Botto\",\"image\":{\"@type\":\"ImageObject\",\"inLanguage\":\"es\",\"@id\":\"https:\/\/www.noticiasradioreflejos.com.ar\/2021\/#\/schema\/person\/image\/\",\"url\":\"https:\/\/secure.gravatar.com\/avatar\/55cb5e37c1efa326397366e6974cb338056df65cb50e7d64d1cf314e87504837?s=96&d=mm&r=g\",\"contentUrl\":\"https:\/\/secure.gravatar.com\/avatar\/55cb5e37c1efa326397366e6974cb338056df65cb50e7d64d1cf314e87504837?s=96&d=mm&r=g\",\"caption\":\"Arnaldo Botto\"},\"url\":\"https:\/\/www.noticiasradioreflejos.com.ar\/2021\/author\/arnaldo\/\"}]}<\/script>\n<!-- \/ Yoast SEO plugin. -->","yoast_head_json":{"title":"Colapinto termin\u00f3 d\u00e9cimo en el GP de China y sum\u00f3 un punto para el campeonato - Noticias Radio Reflejos","robots":{"index":"index","follow":"follow","max-snippet":"max-snippet:-1","max-image-preview":"max-image-preview:large","max-video-preview":"max-video-preview:-1"},"canonical":"https:\/\/www.noticiasradioreflejos.com.ar\/2021\/colapinto-termino-decimo-en-el-gp-de-china-y-sumo-un-punto-para-el-campeonato\/","og_locale":"es_ES","og_type":"article","og_title":"Colapinto termin\u00f3 d\u00e9cimo en el GP de China y sum\u00f3 un punto para el campeonato - Noticias Radio Reflejos","og_description":"El joven piloto italiano, Kimi Antonelli, gan\u00f3 la carrera de principio a fin.","og_url":"https:\/\/www.noticiasradioreflejos.com.ar\/2021\/colapinto-termino-decimo-en-el-gp-de-china-y-sumo-un-punto-para-el-campeonato\/","og_site_name":"Noticias Radio Reflejos","article_published_time":"2026-03-15T13:44:37+00:00","article_modified_time":"2026-03-15T14:09:44+00:00","og_image":[{"width":862,"height":485,"url":"https:\/\/www.noticiasradioreflejos.com.ar\/2021\/wp-content\/uploads\/2026\/03\/colapinto-GP-de-China.webp","type":"image\/webp"}],"author":"Arnaldo Botto","twitter_card":"summary_large_image","schema":{"@context":"https:\/\/schema.org","@graph":[{"@type":"WebPage","@id":"https:\/\/www.noticiasradioreflejos.com.ar\/2021\/colapinto-termino-decimo-en-el-gp-de-china-y-sumo-un-punto-para-el-campeonato\/","url":"https:\/\/www.noticiasradioreflejos.com.ar\/2021\/colapinto-termino-decimo-en-el-gp-de-china-y-sumo-un-punto-para-el-campeonato\/","name":"Colapinto termin\u00f3 d\u00e9cimo en el GP de China y sum\u00f3 un punto para el campeonato - Noticias Radio Reflejos","isPartOf":{"@id":"https:\/\/www.noticiasradioreflejos.com.ar\/2021\/#website"},"primaryImageOfPage":{"@id":"https:\/\/www.noticiasradioreflejos.com.ar\/2021\/colapinto-termino-decimo-en-el-gp-de-china-y-sumo-un-punto-para-el-campeonato\/#primaryimage"},"image":{"@id":"https:\/\/www.noticiasradioreflejos.com.ar\/2021\/colapinto-termino-decimo-en-el-gp-de-china-y-sumo-un-punto-para-el-campeonato\/#primaryimage"},"thumbnailUrl":"https:\/\/www.noticiasradioreflejos.com.ar\/2021\/wp-content\/uploads\/2026\/03\/colapinto-GP-de-China.webp","datePublished":"2026-03-15T13:44:37+00:00","dateModified":"2026-03-15T14:09:44+00:00","author":{"@id":"https:\/\/www.noticiasradioreflejos.com.ar\/2021\/#\/schema\/person\/ad82545263dcc5ec0996818884fd5fb1"},"breadcrumb":{"@id":"https:\/\/www.noticiasradioreflejos.com.ar\/2021\/colapinto-termino-decimo-en-el-gp-de-china-y-sumo-un-punto-para-el-campeonato\/#breadcrumb"},"inLanguage":"es","potentialAction":[{"@type":"ReadAction","target":["https:\/\/www.noticiasradioreflejos.com.ar\/2021\/colapinto-termino-decimo-en-el-gp-de-china-y-sumo-un-punto-para-el-campeonato\/"]}]},{"@type":"ImageObject","inLanguage":"es","@id":"https:\/\/www.noticiasradioreflejos.com.ar\/2021\/colapinto-termino-decimo-en-el-gp-de-china-y-sumo-un-punto-para-el-campeonato\/#primaryimage","url":"https:\/\/www.noticiasradioreflejos.com.ar\/2021\/wp-content\/uploads\/2026\/03\/colapinto-GP-de-China.webp","contentUrl":"https:\/\/www.noticiasradioreflejos.com.ar\/2021\/wp-content\/uploads\/2026\/03\/colapinto-GP-de-China.webp","width":862,"height":485},{"@type":"BreadcrumbList","@id":"https:\/\/www.noticiasradioreflejos.com.ar\/2021\/colapinto-termino-decimo-en-el-gp-de-china-y-sumo-un-punto-para-el-campeonato\/#breadcrumb","itemListElement":[{"@type":"ListItem","position":1,"name":"Portada","item":"https:\/\/www.noticiasradioreflejos.com.ar\/2021\/"},{"@type":"ListItem","position":2,"name":"Colapinto termin\u00f3 d\u00e9cimo en el GP de China y sum\u00f3 un punto para el campeonato"}]},{"@type":"WebSite","@id":"https:\/\/www.noticiasradioreflejos.com.ar\/2021\/#website","url":"https:\/\/www.noticiasradioreflejos.com.ar\/2021\/","name":"Noticias Radio Reflejos","description":"Las noticias de mi comarca","potentialAction":[{"@type":"SearchAction","target":{"@type":"EntryPoint","urlTemplate":"https:\/\/www.noticiasradioreflejos.com.ar\/2021\/?s={search_term_string}"},"query-input":{"@type":"PropertyValueSpecification","valueRequired":true,"valueName":"search_term_string"}}],"inLanguage":"es"},{"@type":"Person","@id":"https:\/\/www.noticiasradioreflejos.com.ar\/2021\/#\/schema\/person\/ad82545263dcc5ec0996818884fd5fb1","name":"Arnaldo Botto","image":{"@type":"ImageObject","inLanguage":"es","@id":"https:\/\/www.noticiasradioreflejos.com.ar\/2021\/#\/schema\/person\/image\/","url":"https:\/\/secure.gravatar.com\/avatar\/55cb5e37c1efa326397366e6974cb338056df65cb50e7d64d1cf314e87504837?s=96&d=mm&r=g","contentUrl":"https:\/\/secure.gravatar.com\/avatar\/55cb5e37c1efa326397366e6974cb338056df65cb50e7d64d1cf314e87504837?s=96&d=mm&r=g","caption":"Arnaldo Botto"},"url":"https:\/\/www.noticiasradioreflejos.com.ar\/2021\/author\/arnaldo\/"}]}},"_links":{"self":[{"href":"https:\/\/www.noticiasradioreflejos.com.ar\/2021\/wp-json\/wp\/v2\/posts\/134105","targetHints":{"allow":["GET"]}}],"collection":[{"href":"https:\/\/www.noticiasradioreflejos.com.ar\/2021\/wp-json\/wp\/v2\/posts"}],"about":[{"href":"https:\/\/www.noticiasradioreflejos.com.ar\/2021\/wp-json\/wp\/v2\/types\/post"}],"author":[{"embeddable":true,"href":"https:\/\/www.noticiasradioreflejos.com.ar\/2021\/wp-json\/wp\/v2\/users\/3"}],"replies":[{"embeddable":true,"href":"https:\/\/www.noticiasradioreflejos.com.ar\/2021\/wp-json\/wp\/v2\/comments?post=134105"}],"version-history":[{"count":1,"href":"https:\/\/www.noticiasradioreflejos.com.ar\/2021\/wp-json\/wp\/v2\/posts\/134105\/revisions"}],"predecessor-version":[{"id":134107,"href":"https:\/\/www.noticiasradioreflejos.com.ar\/2021\/wp-json\/wp\/v2\/posts\/134105\/revisions\/134107"}],"wp:featuredmedia":[{"embeddable":true,"href":"https:\/\/www.noticiasradioreflejos.com.ar\/2021\/wp-json\/wp\/v2\/media\/134106"}],"wp:attachment":[{"href":"https:\/\/www.noticiasradioreflejos.com.ar\/2021\/wp-json\/wp\/v2\/media?parent=134105"}],"wp:term":[{"taxonomy":"category","embeddable":true,"href":"https:\/\/www.noticiasradioreflejos.com.ar\/2021\/wp-json\/wp\/v2\/categories?post=134105"},{"taxonomy":"post_tag","embeddable":true,"href":"https:\/\/www.noticiasradioreflejos.com.ar\/2021\/wp-json\/wp\/v2\/tags?post=134105"}],"curies":[{"name":"wp","href":"https:\/\/api.w.org\/{rel}","templated":true}]}}