{"id":134102,"date":"2026-03-15T09:48:50","date_gmt":"2026-03-15T12:48:50","guid":{"rendered":"https:\/\/www.noticiasradioreflejos.com.ar\/2021\/?p=134102"},"modified":"2026-03-15T09:48:50","modified_gmt":"2026-03-15T12:48:50","slug":"caso-libra-habria-existido-un-acuerdo-por-el-pago-de-us-5-millones-para-que-milei-difunda-el-token","status":"publish","type":"post","link":"https:\/\/www.noticiasradioreflejos.com.ar\/2021\/caso-libra-habria-existido-un-acuerdo-por-el-pago-de-us-5-millones-para-que-milei-difunda-el-token\/","title":{"rendered":"Caso $Libra: habr\u00eda existido un acuerdo por el pago de u$s 5 millones para que Milei difunda el token"},"content":{"rendered":"<p>Luego de que las <strong>pericias al celular de Mauricio Novelli<\/strong>\u00a0revelen que tuvo una\u00a0<a href=\"https:\/\/www.ambito.com\/politica\/libra-el-dia-la-estafa-mauricio-novelli-se-comunico-ocho-veces-javier-milei-y-siete-karina-n6255931\" target=\"_blank\" rel=\"noreferrer noopener\">conversaci\u00f3n fluida con\u00a0<strong>Javier y Karina Milei<\/strong><\/a>\u00a0el d\u00eda de la\u00a0<strong>estafa<\/strong>, ahora la informaci\u00f3n divulgada por las querellas exhiben que existir\u00eda un acuerdo por el<strong>\u00a0pago de u$s5 millones para que el Presidente de la Naci\u00f3n difunda el token $LIBRA<\/strong>, al mismo tiempo que se formulaba un argumento para blindarse de las acusaciones.<\/p>\n<p><!--more--><\/p>\n<div class=\"noticia-main-container\">\n<div class=\"noticia__desarrollo\">\n<p>Uno de los archivos hallados en el celular de Novelli muestra el borrador de un acuerdo entre \u00e9l y\u00a0<strong>Hayden Davis<\/strong>, CEO de Kelsier Ventures y desarrollador del\u00a0<strong>token $LIBRA<\/strong>, en un acuerdo que involucra al Presidente y a su hermana.<\/p>\n<div class=\"twitter-tweet twitter-tweet-rendered\"><iframe id=\"twitter-widget-0\" class=\"\" title=\"X Post\" src=\"https:\/\/platform.twitter.com\/embed\/Tweet.html?dnt=false&amp;embedId=twitter-widget-0&amp;features=eyJ0ZndfdGltZWxpbmVfbGlzdCI6eyJidWNrZXQiOltdLCJ2ZXJzaW9uIjpudWxsfSwidGZ3X2ZvbGxvd2VyX2NvdW50X3N1bnNldCI6eyJidWNrZXQiOnRydWUsInZlcnNpb24iOm51bGx9LCJ0ZndfdHdlZXRfZWRpdF9iYWNrZW5kIjp7ImJ1Y2tldCI6Im9uIiwidmVyc2lvbiI6bnVsbH0sInRmd19yZWZzcmNfc2Vzc2lvbiI6eyJidWNrZXQiOiJvbiIsInZlcnNpb24iOm51bGx9LCJ0ZndfZm9zbnJfc29mdF9pbnRlcnZlbnRpb25zX2VuYWJsZWQiOnsiYnVja2V0Ijoib24iLCJ2ZXJzaW9uIjpudWxsfSwidGZ3X21peGVkX21lZGlhXzE1ODk3Ijp7ImJ1Y2tldCI6InRyZWF0bWVudCIsInZlcnNpb24iOm51bGx9LCJ0ZndfZXhwZXJpbWVudHNfY29va2llX2V4cGlyYXRpb24iOnsiYnVja2V0IjoxMjA5NjAwLCJ2ZXJzaW9uIjpudWxsfSwidGZ3X3Nob3dfYmlyZHdhdGNoX3Bpdm90c19lbmFibGVkIjp7ImJ1Y2tldCI6Im9uIiwidmVyc2lvbiI6bnVsbH0sInRmd19kdXBsaWNhdGVfc2NyaWJlc190b19zZXR0aW5ncyI6eyJidWNrZXQiOiJvbiIsInZlcnNpb24iOm51bGx9LCJ0ZndfdXNlX3Byb2ZpbGVfaW1hZ2Vfc2hhcGVfZW5hYmxlZCI6eyJidWNrZXQiOiJvbiIsInZlcnNpb24iOm51bGx9LCJ0ZndfdmlkZW9faGxzX2R5bmFtaWNfbWFuaWZlc3RzXzE1MDgyIjp7ImJ1Y2tldCI6InRydWVfYml0cmF0ZSIsInZlcnNpb24iOm51bGx9LCJ0ZndfbGVnYWN5X3RpbWVsaW5lX3N1bnNldCI6eyJidWNrZXQiOnRydWUsInZlcnNpb24iOm51bGx9LCJ0ZndfdHdlZXRfZWRpdF9mcm9udGVuZCI6eyJidWNrZXQiOiJvbiIsInZlcnNpb24iOm51bGx9fQ%3D%3D&amp;frame=false&amp;hideCard=false&amp;hideThread=false&amp;id=2032963680447410267&amp;lang=es&amp;origin=https%3A%2F%2Ffrenteacano.com.ar%2Fcaso-libra-habria-existido-un-acuerdo-por-el-pago-de-us-5-millones-para-que-milei-difunda-el-token%2F&amp;sessionId=0425ea4421e554e16c560845176e267e4832eb52&amp;theme=light&amp;widgetsVersion=2615f7e52b7e0%3A1702314776716&amp;width=550px\" frameborder=\"0\" scrolling=\"no\" allowfullscreen=\"allowfullscreen\" data-tweet-id=\"2032963680447410267\" data-mce-fragment=\"1\"><\/iframe><\/div>\n<p>\u201cHola amigos, este es el acuerdo final discutido con \u2018H\u2019.\u00a0<strong>$1,5 M de tokens l\u00edquidos o cash como adelanto.\u00a0$1,5M de tokens l\u00edquidos o cash = Milei anuncia en Twitter que su asesor es Hayden Davis\/Kelsier\/la familia Davis.\u00a0$2M en tokens o cash = contrato firmado en persona con Milei por asesoria\u00a0<\/strong>en blockchain\/AI para el gobierno argentino y\/o Javier Milei y revisi\u00f3n con Javier y Karina\u201d, plantea el texto en su traducci\u00f3n desde el ingl\u00e9s, seg\u00fan un archivo difundido por el portal El Destape.<\/p>\n<p>Otro de los hallazgos fue un texto que\u00a0<strong>Mauricio Novelli\u00a0<\/strong>guard\u00f3 en su bloc de notas dos d\u00edas despu\u00e9s de la<strong>\u00a0estafa $LIBRA,<\/strong>\u00a0el 16 de febrero. El borrador dise\u00f1ado propon\u00eda que el Presidente admitiera su respaldo ideol\u00f3gico al proyecto, pero que negara que se trataba de una iniciativa il\u00edcita. \u201cEsto es lo que quiero para el tweet.\u00a0<strong>Esto es lo \u00fanico que nos salva a \u00e9l, a m\u00ed y a nosotros\u201d<\/strong>, dec\u00eda en la previa al texto sugerido.<\/p>\n<p>\u201cQuiero aclarar que<strong>\u00a0apoyo plenamente la visi\u00f3n del proyecto de la moneda Libra.\u00a0<\/strong>Me reun\u00ed personalmente con todos los involucrados y les expres\u00e9 mi apoyo a sus objetivos.\u00a0<strong>Si bien no tengo ning\u00fan inter\u00e9s financiero en el proyecto, conf\u00edo en las personas que lo respaldan<\/strong>.\u00a0<strong>No estoy muy versado en memecoins,<\/strong>\u00a0y cuando mis oponentes pol\u00edticos comenzaron a acusarme falsamente de estar involucrado en una estafa, elimin\u00e9 mis publicaciones en las redes\u201d, era el texto que le sugiri\u00f3 Novelli al Presidente de la Naci\u00f3n.<\/p>\n<p>La propuesta de Novelli tiene similitudes con la explicaci\u00f3n que dio\u00a0<strong>Javier Milei\u00a0<\/strong>en X el 15 de febrero: \u201cHace unas horas publiqu\u00e9 un tweet, como tantas otras infinitas veces, apoyando un supuesto emprendimiento privado del que obviamente no tengo vinculaci\u00f3n alguna.\u00a0<strong>No estaba interiorizado de los pormenores del proyecto y luego de haberme interiorizado decid\u00ed no seguir d\u00e1ndole difusi\u00f3n<\/strong>\u00a0(por eso he borrado el tweet)\u201d.<\/p>\n<p>Minutos antes y minutos despu\u00e9s del<strong>\u00a0lanzamiento del\u00a0<a href=\"https:\/\/www.ambito.com\/politica\/causa-libra-revelan-que-mauricio-novelli-y-javier-milei-se-llamaron-5-veces-antes-del-tuit-del-presidente-n6255517\" target=\"_blank\" rel=\"noreferrer noopener\">token $LIBRA<\/a>,<\/strong>\u00a0el presidente<strong>\u00a0Javier Milei\u00a0<\/strong>intercambiaba mensajes con el principal imputado del caso,\u00a0<strong>Mauricio Novelli.<\/strong>\u00a0Tambi\u00e9n hay un intercambio de mensajes de WhatsApp entre<strong>\u00a0Novelli y Karina Milei<\/strong>\u00a0el d\u00eda de la publicaci\u00f3n del posteo de Milei.<\/p>\n<p>El mismo 14 de febrero a las 23:37 horas tuvieron una videollamada por la misma aplicaci\u00f3n Novelli junto al asesor\u00a0<strong>Santiago Caputo<\/strong>. La conversaci\u00f3n dur\u00f3 4:37 minutos. El empresario \u201ccripto\u201d Novelli se encontraba en esos momentos en los Estados Unidos, donde tambi\u00e9n estaban\u00a0<strong>Hayden Davis y Manuel Terrones Godoy<\/strong>, otros de los apuntados en la investigaci\u00f3n.<\/p>\n<p>Fuente: Ambito<\/p>\n<\/div>\n<\/div>\n","protected":false},"excerpt":{"rendered":"<p>Luego de que las pericias al celular de Mauricio Novelli\u00a0revelen que tuvo una\u00a0conversaci\u00f3n fluida con\u00a0Javier y Karina Milei\u00a0el d\u00eda de la\u00a0estafa, ahora la informaci\u00f3n divulgada por las querellas exhiben que existir\u00eda un acuerdo por el\u00a0pago de u$s5 millones para que el Presidente de la Naci\u00f3n difunda el token $LIBRA, al mismo tiempo que se formulaba [&hellip;]<\/p>\n","protected":false},"author":3,"featured_media":134103,"comment_status":"closed","ping_status":"closed","sticky":false,"template":"","format":"standard","meta":{"footnotes":""},"categories":[57,24],"tags":[],"class_list":["post-134102","post","type-post","status-publish","format-standard","has-post-thumbnail","hentry","category-judiciales","category-politica"],"yoast_head":"<!-- This site is optimized with the Yoast SEO plugin v25.9 - https:\/\/yoast.com\/wordpress\/plugins\/seo\/ -->\n<title>Caso $Libra: habr\u00eda existido un acuerdo por el pago de u$s 5 millones para que Milei difunda el token - Noticias Radio Reflejos<\/title>\n<meta name=\"robots\" content=\"index, follow, max-snippet:-1, max-image-preview:large, max-video-preview:-1\" \/>\n<link rel=\"canonical\" href=\"https:\/\/www.noticiasradioreflejos.com.ar\/2021\/caso-libra-habria-existido-un-acuerdo-por-el-pago-de-us-5-millones-para-que-milei-difunda-el-token\/\" \/>\n<meta property=\"og:locale\" content=\"es_ES\" \/>\n<meta property=\"og:type\" content=\"article\" \/>\n<meta property=\"og:title\" content=\"Caso $Libra: habr\u00eda existido un acuerdo por el pago de u$s 5 millones para que Milei difunda el token - Noticias Radio Reflejos\" \/>\n<meta property=\"og:description\" content=\"Luego de que las pericias al celular de Mauricio Novelli\u00a0revelen que tuvo una\u00a0conversaci\u00f3n fluida con\u00a0Javier y Karina Milei\u00a0el d\u00eda de la\u00a0estafa, ahora la informaci\u00f3n divulgada por las querellas exhiben que existir\u00eda un acuerdo por el\u00a0pago de u$s5 millones para que el Presidente de la Naci\u00f3n difunda el token $LIBRA, al mismo tiempo que se formulaba [&hellip;]\" \/>\n<meta property=\"og:url\" content=\"https:\/\/www.noticiasradioreflejos.com.ar\/2021\/caso-libra-habria-existido-un-acuerdo-por-el-pago-de-us-5-millones-para-que-milei-difunda-el-token\/\" \/>\n<meta property=\"og:site_name\" content=\"Noticias Radio Reflejos\" \/>\n<meta property=\"article:published_time\" content=\"2026-03-15T12:48:50+00:00\" \/>\n<meta property=\"og:image\" content=\"https:\/\/www.noticiasradioreflejos.com.ar\/2021\/wp-content\/uploads\/2026\/03\/milei-y-novelli-1-1568x1046-1.jpg\" \/>\n\t<meta property=\"og:image:width\" content=\"1568\" \/>\n\t<meta property=\"og:image:height\" content=\"1046\" \/>\n\t<meta property=\"og:image:type\" content=\"image\/jpeg\" \/>\n<meta name=\"author\" content=\"Arnaldo Botto\" \/>\n<meta name=\"twitter:card\" content=\"summary_large_image\" \/>\n<script type=\"application\/ld+json\" class=\"yoast-schema-graph\">{\"@context\":\"https:\/\/schema.org\",\"@graph\":[{\"@type\":\"WebPage\",\"@id\":\"https:\/\/www.noticiasradioreflejos.com.ar\/2021\/caso-libra-habria-existido-un-acuerdo-por-el-pago-de-us-5-millones-para-que-milei-difunda-el-token\/\",\"url\":\"https:\/\/www.noticiasradioreflejos.com.ar\/2021\/caso-libra-habria-existido-un-acuerdo-por-el-pago-de-us-5-millones-para-que-milei-difunda-el-token\/\",\"name\":\"Caso $Libra: habr\u00eda existido un acuerdo por el pago de u$s 5 millones para que Milei difunda el token - Noticias Radio Reflejos\",\"isPartOf\":{\"@id\":\"https:\/\/www.noticiasradioreflejos.com.ar\/2021\/#website\"},\"primaryImageOfPage\":{\"@id\":\"https:\/\/www.noticiasradioreflejos.com.ar\/2021\/caso-libra-habria-existido-un-acuerdo-por-el-pago-de-us-5-millones-para-que-milei-difunda-el-token\/#primaryimage\"},\"image\":{\"@id\":\"https:\/\/www.noticiasradioreflejos.com.ar\/2021\/caso-libra-habria-existido-un-acuerdo-por-el-pago-de-us-5-millones-para-que-milei-difunda-el-token\/#primaryimage\"},\"thumbnailUrl\":\"https:\/\/www.noticiasradioreflejos.com.ar\/2021\/wp-content\/uploads\/2026\/03\/milei-y-novelli-1-1568x1046-1.jpg\",\"datePublished\":\"2026-03-15T12:48:50+00:00\",\"author\":{\"@id\":\"https:\/\/www.noticiasradioreflejos.com.ar\/2021\/#\/schema\/person\/ad82545263dcc5ec0996818884fd5fb1\"},\"breadcrumb\":{\"@id\":\"https:\/\/www.noticiasradioreflejos.com.ar\/2021\/caso-libra-habria-existido-un-acuerdo-por-el-pago-de-us-5-millones-para-que-milei-difunda-el-token\/#breadcrumb\"},\"inLanguage\":\"es\",\"potentialAction\":[{\"@type\":\"ReadAction\",\"target\":[\"https:\/\/www.noticiasradioreflejos.com.ar\/2021\/caso-libra-habria-existido-un-acuerdo-por-el-pago-de-us-5-millones-para-que-milei-difunda-el-token\/\"]}]},{\"@type\":\"ImageObject\",\"inLanguage\":\"es\",\"@id\":\"https:\/\/www.noticiasradioreflejos.com.ar\/2021\/caso-libra-habria-existido-un-acuerdo-por-el-pago-de-us-5-millones-para-que-milei-difunda-el-token\/#primaryimage\",\"url\":\"https:\/\/www.noticiasradioreflejos.com.ar\/2021\/wp-content\/uploads\/2026\/03\/milei-y-novelli-1-1568x1046-1.jpg\",\"contentUrl\":\"https:\/\/www.noticiasradioreflejos.com.ar\/2021\/wp-content\/uploads\/2026\/03\/milei-y-novelli-1-1568x1046-1.jpg\",\"width\":1568,\"height\":1046},{\"@type\":\"BreadcrumbList\",\"@id\":\"https:\/\/www.noticiasradioreflejos.com.ar\/2021\/caso-libra-habria-existido-un-acuerdo-por-el-pago-de-us-5-millones-para-que-milei-difunda-el-token\/#breadcrumb\",\"itemListElement\":[{\"@type\":\"ListItem\",\"position\":1,\"name\":\"Portada\",\"item\":\"https:\/\/www.noticiasradioreflejos.com.ar\/2021\/\"},{\"@type\":\"ListItem\",\"position\":2,\"name\":\"Caso $Libra: habr\u00eda existido un acuerdo por el pago de u$s 5 millones para que Milei difunda el token\"}]},{\"@type\":\"WebSite\",\"@id\":\"https:\/\/www.noticiasradioreflejos.com.ar\/2021\/#website\",\"url\":\"https:\/\/www.noticiasradioreflejos.com.ar\/2021\/\",\"name\":\"Noticias Radio Reflejos\",\"description\":\"Las noticias de mi comarca\",\"potentialAction\":[{\"@type\":\"SearchAction\",\"target\":{\"@type\":\"EntryPoint\",\"urlTemplate\":\"https:\/\/www.noticiasradioreflejos.com.ar\/2021\/?s={search_term_string}\"},\"query-input\":{\"@type\":\"PropertyValueSpecification\",\"valueRequired\":true,\"valueName\":\"search_term_string\"}}],\"inLanguage\":\"es\"},{\"@type\":\"Person\",\"@id\":\"https:\/\/www.noticiasradioreflejos.com.ar\/2021\/#\/schema\/person\/ad82545263dcc5ec0996818884fd5fb1\",\"name\":\"Arnaldo Botto\",\"image\":{\"@type\":\"ImageObject\",\"inLanguage\":\"es\",\"@id\":\"https:\/\/www.noticiasradioreflejos.com.ar\/2021\/#\/schema\/person\/image\/\",\"url\":\"https:\/\/secure.gravatar.com\/avatar\/55cb5e37c1efa326397366e6974cb338056df65cb50e7d64d1cf314e87504837?s=96&d=mm&r=g\",\"contentUrl\":\"https:\/\/secure.gravatar.com\/avatar\/55cb5e37c1efa326397366e6974cb338056df65cb50e7d64d1cf314e87504837?s=96&d=mm&r=g\",\"caption\":\"Arnaldo Botto\"},\"url\":\"https:\/\/www.noticiasradioreflejos.com.ar\/2021\/author\/arnaldo\/\"}]}<\/script>\n<!-- \/ Yoast SEO plugin. -->","yoast_head_json":{"title":"Caso $Libra: habr\u00eda existido un acuerdo por el pago de u$s 5 millones para que Milei difunda el token - Noticias Radio Reflejos","robots":{"index":"index","follow":"follow","max-snippet":"max-snippet:-1","max-image-preview":"max-image-preview:large","max-video-preview":"max-video-preview:-1"},"canonical":"https:\/\/www.noticiasradioreflejos.com.ar\/2021\/caso-libra-habria-existido-un-acuerdo-por-el-pago-de-us-5-millones-para-que-milei-difunda-el-token\/","og_locale":"es_ES","og_type":"article","og_title":"Caso $Libra: habr\u00eda existido un acuerdo por el pago de u$s 5 millones para que Milei difunda el token - Noticias Radio Reflejos","og_description":"Luego de que las pericias al celular de Mauricio Novelli\u00a0revelen que tuvo una\u00a0conversaci\u00f3n fluida con\u00a0Javier y Karina Milei\u00a0el d\u00eda de la\u00a0estafa, ahora la informaci\u00f3n divulgada por las querellas exhiben que existir\u00eda un acuerdo por el\u00a0pago de u$s5 millones para que el Presidente de la Naci\u00f3n difunda el token $LIBRA, al mismo tiempo que se formulaba [&hellip;]","og_url":"https:\/\/www.noticiasradioreflejos.com.ar\/2021\/caso-libra-habria-existido-un-acuerdo-por-el-pago-de-us-5-millones-para-que-milei-difunda-el-token\/","og_site_name":"Noticias Radio Reflejos","article_published_time":"2026-03-15T12:48:50+00:00","og_image":[{"width":1568,"height":1046,"url":"https:\/\/www.noticiasradioreflejos.com.ar\/2021\/wp-content\/uploads\/2026\/03\/milei-y-novelli-1-1568x1046-1.jpg","type":"image\/jpeg"}],"author":"Arnaldo Botto","twitter_card":"summary_large_image","schema":{"@context":"https:\/\/schema.org","@graph":[{"@type":"WebPage","@id":"https:\/\/www.noticiasradioreflejos.com.ar\/2021\/caso-libra-habria-existido-un-acuerdo-por-el-pago-de-us-5-millones-para-que-milei-difunda-el-token\/","url":"https:\/\/www.noticiasradioreflejos.com.ar\/2021\/caso-libra-habria-existido-un-acuerdo-por-el-pago-de-us-5-millones-para-que-milei-difunda-el-token\/","name":"Caso $Libra: habr\u00eda existido un acuerdo por el pago de u$s 5 millones para que Milei difunda el token - Noticias Radio Reflejos","isPartOf":{"@id":"https:\/\/www.noticiasradioreflejos.com.ar\/2021\/#website"},"primaryImageOfPage":{"@id":"https:\/\/www.noticiasradioreflejos.com.ar\/2021\/caso-libra-habria-existido-un-acuerdo-por-el-pago-de-us-5-millones-para-que-milei-difunda-el-token\/#primaryimage"},"image":{"@id":"https:\/\/www.noticiasradioreflejos.com.ar\/2021\/caso-libra-habria-existido-un-acuerdo-por-el-pago-de-us-5-millones-para-que-milei-difunda-el-token\/#primaryimage"},"thumbnailUrl":"https:\/\/www.noticiasradioreflejos.com.ar\/2021\/wp-content\/uploads\/2026\/03\/milei-y-novelli-1-1568x1046-1.jpg","datePublished":"2026-03-15T12:48:50+00:00","author":{"@id":"https:\/\/www.noticiasradioreflejos.com.ar\/2021\/#\/schema\/person\/ad82545263dcc5ec0996818884fd5fb1"},"breadcrumb":{"@id":"https:\/\/www.noticiasradioreflejos.com.ar\/2021\/caso-libra-habria-existido-un-acuerdo-por-el-pago-de-us-5-millones-para-que-milei-difunda-el-token\/#breadcrumb"},"inLanguage":"es","potentialAction":[{"@type":"ReadAction","target":["https:\/\/www.noticiasradioreflejos.com.ar\/2021\/caso-libra-habria-existido-un-acuerdo-por-el-pago-de-us-5-millones-para-que-milei-difunda-el-token\/"]}]},{"@type":"ImageObject","inLanguage":"es","@id":"https:\/\/www.noticiasradioreflejos.com.ar\/2021\/caso-libra-habria-existido-un-acuerdo-por-el-pago-de-us-5-millones-para-que-milei-difunda-el-token\/#primaryimage","url":"https:\/\/www.noticiasradioreflejos.com.ar\/2021\/wp-content\/uploads\/2026\/03\/milei-y-novelli-1-1568x1046-1.jpg","contentUrl":"https:\/\/www.noticiasradioreflejos.com.ar\/2021\/wp-content\/uploads\/2026\/03\/milei-y-novelli-1-1568x1046-1.jpg","width":1568,"height":1046},{"@type":"BreadcrumbList","@id":"https:\/\/www.noticiasradioreflejos.com.ar\/2021\/caso-libra-habria-existido-un-acuerdo-por-el-pago-de-us-5-millones-para-que-milei-difunda-el-token\/#breadcrumb","itemListElement":[{"@type":"ListItem","position":1,"name":"Portada","item":"https:\/\/www.noticiasradioreflejos.com.ar\/2021\/"},{"@type":"ListItem","position":2,"name":"Caso $Libra: habr\u00eda existido un acuerdo por el pago de u$s 5 millones para que Milei difunda el token"}]},{"@type":"WebSite","@id":"https:\/\/www.noticiasradioreflejos.com.ar\/2021\/#website","url":"https:\/\/www.noticiasradioreflejos.com.ar\/2021\/","name":"Noticias Radio Reflejos","description":"Las noticias de mi comarca","potentialAction":[{"@type":"SearchAction","target":{"@type":"EntryPoint","urlTemplate":"https:\/\/www.noticiasradioreflejos.com.ar\/2021\/?s={search_term_string}"},"query-input":{"@type":"PropertyValueSpecification","valueRequired":true,"valueName":"search_term_string"}}],"inLanguage":"es"},{"@type":"Person","@id":"https:\/\/www.noticiasradioreflejos.com.ar\/2021\/#\/schema\/person\/ad82545263dcc5ec0996818884fd5fb1","name":"Arnaldo Botto","image":{"@type":"ImageObject","inLanguage":"es","@id":"https:\/\/www.noticiasradioreflejos.com.ar\/2021\/#\/schema\/person\/image\/","url":"https:\/\/secure.gravatar.com\/avatar\/55cb5e37c1efa326397366e6974cb338056df65cb50e7d64d1cf314e87504837?s=96&d=mm&r=g","contentUrl":"https:\/\/secure.gravatar.com\/avatar\/55cb5e37c1efa326397366e6974cb338056df65cb50e7d64d1cf314e87504837?s=96&d=mm&r=g","caption":"Arnaldo Botto"},"url":"https:\/\/www.noticiasradioreflejos.com.ar\/2021\/author\/arnaldo\/"}]}},"_links":{"self":[{"href":"https:\/\/www.noticiasradioreflejos.com.ar\/2021\/wp-json\/wp\/v2\/posts\/134102","targetHints":{"allow":["GET"]}}],"collection":[{"href":"https:\/\/www.noticiasradioreflejos.com.ar\/2021\/wp-json\/wp\/v2\/posts"}],"about":[{"href":"https:\/\/www.noticiasradioreflejos.com.ar\/2021\/wp-json\/wp\/v2\/types\/post"}],"author":[{"embeddable":true,"href":"https:\/\/www.noticiasradioreflejos.com.ar\/2021\/wp-json\/wp\/v2\/users\/3"}],"replies":[{"embeddable":true,"href":"https:\/\/www.noticiasradioreflejos.com.ar\/2021\/wp-json\/wp\/v2\/comments?post=134102"}],"version-history":[{"count":1,"href":"https:\/\/www.noticiasradioreflejos.com.ar\/2021\/wp-json\/wp\/v2\/posts\/134102\/revisions"}],"predecessor-version":[{"id":134104,"href":"https:\/\/www.noticiasradioreflejos.com.ar\/2021\/wp-json\/wp\/v2\/posts\/134102\/revisions\/134104"}],"wp:featuredmedia":[{"embeddable":true,"href":"https:\/\/www.noticiasradioreflejos.com.ar\/2021\/wp-json\/wp\/v2\/media\/134103"}],"wp:attachment":[{"href":"https:\/\/www.noticiasradioreflejos.com.ar\/2021\/wp-json\/wp\/v2\/media?parent=134102"}],"wp:term":[{"taxonomy":"category","embeddable":true,"href":"https:\/\/www.noticiasradioreflejos.com.ar\/2021\/wp-json\/wp\/v2\/categories?post=134102"},{"taxonomy":"post_tag","embeddable":true,"href":"https:\/\/www.noticiasradioreflejos.com.ar\/2021\/wp-json\/wp\/v2\/tags?post=134102"}],"curies":[{"name":"wp","href":"https:\/\/api.w.org\/{rel}","templated":true}]}}