{"id":134100,"date":"2026-03-15T09:45:30","date_gmt":"2026-03-15T12:45:30","guid":{"rendered":"https:\/\/www.noticiasradioreflejos.com.ar\/2021\/?p=134100"},"modified":"2026-03-15T12:05:47","modified_gmt":"2026-03-15T15:05:47","slug":"el-peronismo-de-tornquist-define-su-conduccion-en-las-urnas-musso-y-gisler-encabezan-las-listas","status":"publish","type":"post","link":"https:\/\/www.noticiasradioreflejos.com.ar\/2021\/el-peronismo-de-tornquist-define-su-conduccion-en-las-urnas-musso-y-gisler-encabezan-las-listas\/","title":{"rendered":"El Peronismo de Tornquist define su conducci\u00f3n en las urnas: Musso y Gisler encabezan las listas"},"content":{"rendered":"<p data-path-to-node=\"4\"><b data-path-to-node=\"4\" data-index-in-node=\"0\">Este domingo, los afiliados del Partido Justicialista del distrito elegir\u00e1n entre dos modelos de conducci\u00f3n. Alberto \u00abTito\u00bb Musso (Lista 4) y Juan Carlos Gisler (Lista 2) buscan liderar el futuro del movimiento en un escenario de fuerte movilizaci\u00f3n partidaria.<\/b><!--more--><\/p>\n<p data-path-to-node=\"5\">En el marco de las elecciones internas del Partido Justicialista de la provincia de Buenos Aires, que este domingo 15 de marzo dirime autoridades en 17 municipios bonaerenses, el distrito de Tornquist se prepara para una jornada democr\u00e1tica clave. Desde las 8:00 y hasta las 18:00 horas, los afiliados podr\u00e1n emitir su voto para elegir qui\u00e9n llevar\u00e1 las riendas del partido local.<\/p>\n<p data-path-to-node=\"6\">La contienda presenta dos propuestas claramente diferenciadas. Por un lado, la <b data-path-to-node=\"6\" data-index-in-node=\"79\">Lista 4<\/b>, encabezada por <b data-path-to-node=\"6\" data-index-in-node=\"103\">Alberto \u00abTito\u00bb Musso<\/b>, ha centrado su campa\u00f1a en la necesidad de una \u00abrenovaci\u00f3n con identidad\u00bb, buscando recuperar el protagonismo territorial y fortalecer el v\u00ednculo con las instituciones intermedias. Musso ha manifestado su intenci\u00f3n de abrir las puertas de la sede partidaria para convertirla en un espacio de formaci\u00f3n pol\u00edtica y contenci\u00f3n social constante.<\/p>\n<p data-path-to-node=\"7\">Por el otro, la <b data-path-to-node=\"7\" data-index-in-node=\"16\">Lista 2<\/b>, liderada por <b data-path-to-node=\"7\" data-index-in-node=\"38\">Juan Carlos Gisler<\/b>, apuesta por la \u00abunidad y la experiencia\u00bb. Gisler ha hecho hincapi\u00e9 en la importancia de un peronismo cohesionado para enfrentar los desaf\u00edos de cara al 2027, sosteniendo una postura de fuerte respaldo a la gesti\u00f3n provincial y enfatizando la necesidad de que el PJ local sea el \u00abmotor de las soluciones que el vecino de Tornquist reclama\u00bb.<\/p>\n<h3 data-path-to-node=\"8\">Lugares de votaci\u00f3n<\/h3>\n<p data-path-to-node=\"9\">Para garantizar la participaci\u00f3n en todo el distrito, se han dispuesto cuatro mesas de votaci\u00f3n en puntos estrat\u00e9gicos:<\/p>\n<ul data-path-to-node=\"10\">\n<li>\n<p data-path-to-node=\"10,0,0\"><b data-path-to-node=\"10,0,0\" data-index-in-node=\"0\">Tornquist (Cabecera):<\/b> 2 mesas en la <b data-path-to-node=\"10,0,0\" data-index-in-node=\"36\">Escuela de Educaci\u00f3n Secundaria N\u00b0 1<\/b> (Ex Media 1).<\/p>\n<\/li>\n<li>\n<p data-path-to-node=\"10,1,0\"><b data-path-to-node=\"10,1,0\" data-index-in-node=\"0\">Sierra de la Ventana:<\/b> 1 mesa en la <b data-path-to-node=\"10,1,0\" data-index-in-node=\"35\">Escuela Primaria N\u00b0 6<\/b>.<\/p>\n<\/li>\n<li>\n<p data-path-to-node=\"10,2,0\"><b data-path-to-node=\"10,2,0\" data-index-in-node=\"0\">Saldungaray:<\/b> 1 mesa en la <b data-path-to-node=\"10,2,0\" data-index-in-node=\"26\">Escuela Primaria N\u00b0 2<\/b>.<\/p>\n<\/li>\n<\/ul>\n<h3 data-path-to-node=\"11\">Contexto Seccional<\/h3>\n<p data-path-to-node=\"12\">Tornquist es uno de los pocos distritos de la Sexta Secci\u00f3n Electoral que define su conducci\u00f3n mediante el voto directo del afiliado en esta fecha, sum\u00e1ndose a otros municipios vecinos como Coronel Su\u00e1rez. El resultado de esta elecci\u00f3n no solo determinar\u00e1 la conducci\u00f3n local, sino que tambi\u00e9n posicionar\u00e1 al peronismo de Tornquist dentro del esquema de reordenamiento que lidera el gobernador Axel Kicillof a nivel provincial.<\/p>\n<p data-path-to-node=\"13\">Se espera que los primeros resultados oficiales se conozcan pasadas las 20:00 horas en la sede partidaria de la calle Rawson.<\/p>\n","protected":false},"excerpt":{"rendered":"<p>Este domingo, los afiliados del Partido Justicialista del distrito elegir\u00e1n entre dos modelos de conducci\u00f3n. Alberto \u00abTito\u00bb Musso (Lista 4) y Juan Carlos Gisler (Lista 2) buscan liderar el futuro del movimiento en un escenario de fuerte movilizaci\u00f3n partidaria.<\/p>\n","protected":false},"author":3,"featured_media":134101,"comment_status":"closed","ping_status":"closed","sticky":false,"template":"","format":"standard","meta":{"footnotes":""},"categories":[24],"tags":[48],"class_list":["post-134100","post","type-post","status-publish","format-standard","has-post-thumbnail","hentry","category-politica","tag-destacada"],"yoast_head":"<!-- This site is optimized with the Yoast SEO plugin v25.9 - https:\/\/yoast.com\/wordpress\/plugins\/seo\/ -->\n<title>El Peronismo de Tornquist define su conducci\u00f3n en las urnas: Musso y Gisler encabezan las listas - Noticias Radio Reflejos<\/title>\n<meta name=\"robots\" content=\"index, follow, max-snippet:-1, max-image-preview:large, max-video-preview:-1\" \/>\n<link rel=\"canonical\" href=\"https:\/\/www.noticiasradioreflejos.com.ar\/2021\/el-peronismo-de-tornquist-define-su-conduccion-en-las-urnas-musso-y-gisler-encabezan-las-listas\/\" \/>\n<meta property=\"og:locale\" content=\"es_ES\" \/>\n<meta property=\"og:type\" content=\"article\" \/>\n<meta property=\"og:title\" content=\"El Peronismo de Tornquist define su conducci\u00f3n en las urnas: Musso y Gisler encabezan las listas - Noticias Radio Reflejos\" \/>\n<meta property=\"og:description\" content=\"Este domingo, los afiliados del Partido Justicialista del distrito elegir\u00e1n entre dos modelos de conducci\u00f3n. Alberto \u00abTito\u00bb Musso (Lista 4) y Juan Carlos Gisler (Lista 2) buscan liderar el futuro del movimiento en un escenario de fuerte movilizaci\u00f3n partidaria.\" \/>\n<meta property=\"og:url\" content=\"https:\/\/www.noticiasradioreflejos.com.ar\/2021\/el-peronismo-de-tornquist-define-su-conduccion-en-las-urnas-musso-y-gisler-encabezan-las-listas\/\" \/>\n<meta property=\"og:site_name\" content=\"Noticias Radio Reflejos\" \/>\n<meta property=\"article:published_time\" content=\"2026-03-15T12:45:30+00:00\" \/>\n<meta property=\"article:modified_time\" content=\"2026-03-15T15:05:47+00:00\" \/>\n<meta property=\"og:image\" content=\"https:\/\/www.noticiasradioreflejos.com.ar\/2021\/wp-content\/uploads\/2026\/03\/candidatos.jpg\" \/>\n\t<meta property=\"og:image:width\" content=\"944\" \/>\n\t<meta property=\"og:image:height\" content=\"1113\" \/>\n\t<meta property=\"og:image:type\" content=\"image\/jpeg\" \/>\n<meta name=\"author\" content=\"Arnaldo Botto\" \/>\n<meta name=\"twitter:card\" content=\"summary_large_image\" \/>\n<script type=\"application\/ld+json\" class=\"yoast-schema-graph\">{\"@context\":\"https:\/\/schema.org\",\"@graph\":[{\"@type\":\"WebPage\",\"@id\":\"https:\/\/www.noticiasradioreflejos.com.ar\/2021\/el-peronismo-de-tornquist-define-su-conduccion-en-las-urnas-musso-y-gisler-encabezan-las-listas\/\",\"url\":\"https:\/\/www.noticiasradioreflejos.com.ar\/2021\/el-peronismo-de-tornquist-define-su-conduccion-en-las-urnas-musso-y-gisler-encabezan-las-listas\/\",\"name\":\"El Peronismo de Tornquist define su conducci\u00f3n en las urnas: Musso y Gisler encabezan las listas - Noticias Radio Reflejos\",\"isPartOf\":{\"@id\":\"https:\/\/www.noticiasradioreflejos.com.ar\/2021\/#website\"},\"primaryImageOfPage\":{\"@id\":\"https:\/\/www.noticiasradioreflejos.com.ar\/2021\/el-peronismo-de-tornquist-define-su-conduccion-en-las-urnas-musso-y-gisler-encabezan-las-listas\/#primaryimage\"},\"image\":{\"@id\":\"https:\/\/www.noticiasradioreflejos.com.ar\/2021\/el-peronismo-de-tornquist-define-su-conduccion-en-las-urnas-musso-y-gisler-encabezan-las-listas\/#primaryimage\"},\"thumbnailUrl\":\"https:\/\/www.noticiasradioreflejos.com.ar\/2021\/wp-content\/uploads\/2026\/03\/candidatos.jpg\",\"datePublished\":\"2026-03-15T12:45:30+00:00\",\"dateModified\":\"2026-03-15T15:05:47+00:00\",\"author\":{\"@id\":\"https:\/\/www.noticiasradioreflejos.com.ar\/2021\/#\/schema\/person\/ad82545263dcc5ec0996818884fd5fb1\"},\"breadcrumb\":{\"@id\":\"https:\/\/www.noticiasradioreflejos.com.ar\/2021\/el-peronismo-de-tornquist-define-su-conduccion-en-las-urnas-musso-y-gisler-encabezan-las-listas\/#breadcrumb\"},\"inLanguage\":\"es\",\"potentialAction\":[{\"@type\":\"ReadAction\",\"target\":[\"https:\/\/www.noticiasradioreflejos.com.ar\/2021\/el-peronismo-de-tornquist-define-su-conduccion-en-las-urnas-musso-y-gisler-encabezan-las-listas\/\"]}]},{\"@type\":\"ImageObject\",\"inLanguage\":\"es\",\"@id\":\"https:\/\/www.noticiasradioreflejos.com.ar\/2021\/el-peronismo-de-tornquist-define-su-conduccion-en-las-urnas-musso-y-gisler-encabezan-las-listas\/#primaryimage\",\"url\":\"https:\/\/www.noticiasradioreflejos.com.ar\/2021\/wp-content\/uploads\/2026\/03\/candidatos.jpg\",\"contentUrl\":\"https:\/\/www.noticiasradioreflejos.com.ar\/2021\/wp-content\/uploads\/2026\/03\/candidatos.jpg\",\"width\":944,\"height\":1113},{\"@type\":\"BreadcrumbList\",\"@id\":\"https:\/\/www.noticiasradioreflejos.com.ar\/2021\/el-peronismo-de-tornquist-define-su-conduccion-en-las-urnas-musso-y-gisler-encabezan-las-listas\/#breadcrumb\",\"itemListElement\":[{\"@type\":\"ListItem\",\"position\":1,\"name\":\"Portada\",\"item\":\"https:\/\/www.noticiasradioreflejos.com.ar\/2021\/\"},{\"@type\":\"ListItem\",\"position\":2,\"name\":\"El Peronismo de Tornquist define su conducci\u00f3n en las urnas: Musso y Gisler encabezan las listas\"}]},{\"@type\":\"WebSite\",\"@id\":\"https:\/\/www.noticiasradioreflejos.com.ar\/2021\/#website\",\"url\":\"https:\/\/www.noticiasradioreflejos.com.ar\/2021\/\",\"name\":\"Noticias Radio Reflejos\",\"description\":\"Las noticias de mi comarca\",\"potentialAction\":[{\"@type\":\"SearchAction\",\"target\":{\"@type\":\"EntryPoint\",\"urlTemplate\":\"https:\/\/www.noticiasradioreflejos.com.ar\/2021\/?s={search_term_string}\"},\"query-input\":{\"@type\":\"PropertyValueSpecification\",\"valueRequired\":true,\"valueName\":\"search_term_string\"}}],\"inLanguage\":\"es\"},{\"@type\":\"Person\",\"@id\":\"https:\/\/www.noticiasradioreflejos.com.ar\/2021\/#\/schema\/person\/ad82545263dcc5ec0996818884fd5fb1\",\"name\":\"Arnaldo Botto\",\"image\":{\"@type\":\"ImageObject\",\"inLanguage\":\"es\",\"@id\":\"https:\/\/www.noticiasradioreflejos.com.ar\/2021\/#\/schema\/person\/image\/\",\"url\":\"https:\/\/secure.gravatar.com\/avatar\/55cb5e37c1efa326397366e6974cb338056df65cb50e7d64d1cf314e87504837?s=96&d=mm&r=g\",\"contentUrl\":\"https:\/\/secure.gravatar.com\/avatar\/55cb5e37c1efa326397366e6974cb338056df65cb50e7d64d1cf314e87504837?s=96&d=mm&r=g\",\"caption\":\"Arnaldo Botto\"},\"url\":\"https:\/\/www.noticiasradioreflejos.com.ar\/2021\/author\/arnaldo\/\"}]}<\/script>\n<!-- \/ Yoast SEO plugin. -->","yoast_head_json":{"title":"El Peronismo de Tornquist define su conducci\u00f3n en las urnas: Musso y Gisler encabezan las listas - Noticias Radio Reflejos","robots":{"index":"index","follow":"follow","max-snippet":"max-snippet:-1","max-image-preview":"max-image-preview:large","max-video-preview":"max-video-preview:-1"},"canonical":"https:\/\/www.noticiasradioreflejos.com.ar\/2021\/el-peronismo-de-tornquist-define-su-conduccion-en-las-urnas-musso-y-gisler-encabezan-las-listas\/","og_locale":"es_ES","og_type":"article","og_title":"El Peronismo de Tornquist define su conducci\u00f3n en las urnas: Musso y Gisler encabezan las listas - Noticias Radio Reflejos","og_description":"Este domingo, los afiliados del Partido Justicialista del distrito elegir\u00e1n entre dos modelos de conducci\u00f3n. Alberto \u00abTito\u00bb Musso (Lista 4) y Juan Carlos Gisler (Lista 2) buscan liderar el futuro del movimiento en un escenario de fuerte movilizaci\u00f3n partidaria.","og_url":"https:\/\/www.noticiasradioreflejos.com.ar\/2021\/el-peronismo-de-tornquist-define-su-conduccion-en-las-urnas-musso-y-gisler-encabezan-las-listas\/","og_site_name":"Noticias Radio Reflejos","article_published_time":"2026-03-15T12:45:30+00:00","article_modified_time":"2026-03-15T15:05:47+00:00","og_image":[{"width":944,"height":1113,"url":"https:\/\/www.noticiasradioreflejos.com.ar\/2021\/wp-content\/uploads\/2026\/03\/candidatos.jpg","type":"image\/jpeg"}],"author":"Arnaldo Botto","twitter_card":"summary_large_image","schema":{"@context":"https:\/\/schema.org","@graph":[{"@type":"WebPage","@id":"https:\/\/www.noticiasradioreflejos.com.ar\/2021\/el-peronismo-de-tornquist-define-su-conduccion-en-las-urnas-musso-y-gisler-encabezan-las-listas\/","url":"https:\/\/www.noticiasradioreflejos.com.ar\/2021\/el-peronismo-de-tornquist-define-su-conduccion-en-las-urnas-musso-y-gisler-encabezan-las-listas\/","name":"El Peronismo de Tornquist define su conducci\u00f3n en las urnas: Musso y Gisler encabezan las listas - Noticias Radio Reflejos","isPartOf":{"@id":"https:\/\/www.noticiasradioreflejos.com.ar\/2021\/#website"},"primaryImageOfPage":{"@id":"https:\/\/www.noticiasradioreflejos.com.ar\/2021\/el-peronismo-de-tornquist-define-su-conduccion-en-las-urnas-musso-y-gisler-encabezan-las-listas\/#primaryimage"},"image":{"@id":"https:\/\/www.noticiasradioreflejos.com.ar\/2021\/el-peronismo-de-tornquist-define-su-conduccion-en-las-urnas-musso-y-gisler-encabezan-las-listas\/#primaryimage"},"thumbnailUrl":"https:\/\/www.noticiasradioreflejos.com.ar\/2021\/wp-content\/uploads\/2026\/03\/candidatos.jpg","datePublished":"2026-03-15T12:45:30+00:00","dateModified":"2026-03-15T15:05:47+00:00","author":{"@id":"https:\/\/www.noticiasradioreflejos.com.ar\/2021\/#\/schema\/person\/ad82545263dcc5ec0996818884fd5fb1"},"breadcrumb":{"@id":"https:\/\/www.noticiasradioreflejos.com.ar\/2021\/el-peronismo-de-tornquist-define-su-conduccion-en-las-urnas-musso-y-gisler-encabezan-las-listas\/#breadcrumb"},"inLanguage":"es","potentialAction":[{"@type":"ReadAction","target":["https:\/\/www.noticiasradioreflejos.com.ar\/2021\/el-peronismo-de-tornquist-define-su-conduccion-en-las-urnas-musso-y-gisler-encabezan-las-listas\/"]}]},{"@type":"ImageObject","inLanguage":"es","@id":"https:\/\/www.noticiasradioreflejos.com.ar\/2021\/el-peronismo-de-tornquist-define-su-conduccion-en-las-urnas-musso-y-gisler-encabezan-las-listas\/#primaryimage","url":"https:\/\/www.noticiasradioreflejos.com.ar\/2021\/wp-content\/uploads\/2026\/03\/candidatos.jpg","contentUrl":"https:\/\/www.noticiasradioreflejos.com.ar\/2021\/wp-content\/uploads\/2026\/03\/candidatos.jpg","width":944,"height":1113},{"@type":"BreadcrumbList","@id":"https:\/\/www.noticiasradioreflejos.com.ar\/2021\/el-peronismo-de-tornquist-define-su-conduccion-en-las-urnas-musso-y-gisler-encabezan-las-listas\/#breadcrumb","itemListElement":[{"@type":"ListItem","position":1,"name":"Portada","item":"https:\/\/www.noticiasradioreflejos.com.ar\/2021\/"},{"@type":"ListItem","position":2,"name":"El Peronismo de Tornquist define su conducci\u00f3n en las urnas: Musso y Gisler encabezan las listas"}]},{"@type":"WebSite","@id":"https:\/\/www.noticiasradioreflejos.com.ar\/2021\/#website","url":"https:\/\/www.noticiasradioreflejos.com.ar\/2021\/","name":"Noticias Radio Reflejos","description":"Las noticias de mi comarca","potentialAction":[{"@type":"SearchAction","target":{"@type":"EntryPoint","urlTemplate":"https:\/\/www.noticiasradioreflejos.com.ar\/2021\/?s={search_term_string}"},"query-input":{"@type":"PropertyValueSpecification","valueRequired":true,"valueName":"search_term_string"}}],"inLanguage":"es"},{"@type":"Person","@id":"https:\/\/www.noticiasradioreflejos.com.ar\/2021\/#\/schema\/person\/ad82545263dcc5ec0996818884fd5fb1","name":"Arnaldo Botto","image":{"@type":"ImageObject","inLanguage":"es","@id":"https:\/\/www.noticiasradioreflejos.com.ar\/2021\/#\/schema\/person\/image\/","url":"https:\/\/secure.gravatar.com\/avatar\/55cb5e37c1efa326397366e6974cb338056df65cb50e7d64d1cf314e87504837?s=96&d=mm&r=g","contentUrl":"https:\/\/secure.gravatar.com\/avatar\/55cb5e37c1efa326397366e6974cb338056df65cb50e7d64d1cf314e87504837?s=96&d=mm&r=g","caption":"Arnaldo Botto"},"url":"https:\/\/www.noticiasradioreflejos.com.ar\/2021\/author\/arnaldo\/"}]}},"_links":{"self":[{"href":"https:\/\/www.noticiasradioreflejos.com.ar\/2021\/wp-json\/wp\/v2\/posts\/134100","targetHints":{"allow":["GET"]}}],"collection":[{"href":"https:\/\/www.noticiasradioreflejos.com.ar\/2021\/wp-json\/wp\/v2\/posts"}],"about":[{"href":"https:\/\/www.noticiasradioreflejos.com.ar\/2021\/wp-json\/wp\/v2\/types\/post"}],"author":[{"embeddable":true,"href":"https:\/\/www.noticiasradioreflejos.com.ar\/2021\/wp-json\/wp\/v2\/users\/3"}],"replies":[{"embeddable":true,"href":"https:\/\/www.noticiasradioreflejos.com.ar\/2021\/wp-json\/wp\/v2\/comments?post=134100"}],"version-history":[{"count":1,"href":"https:\/\/www.noticiasradioreflejos.com.ar\/2021\/wp-json\/wp\/v2\/posts\/134100\/revisions"}],"predecessor-version":[{"id":134116,"href":"https:\/\/www.noticiasradioreflejos.com.ar\/2021\/wp-json\/wp\/v2\/posts\/134100\/revisions\/134116"}],"wp:featuredmedia":[{"embeddable":true,"href":"https:\/\/www.noticiasradioreflejos.com.ar\/2021\/wp-json\/wp\/v2\/media\/134101"}],"wp:attachment":[{"href":"https:\/\/www.noticiasradioreflejos.com.ar\/2021\/wp-json\/wp\/v2\/media?parent=134100"}],"wp:term":[{"taxonomy":"category","embeddable":true,"href":"https:\/\/www.noticiasradioreflejos.com.ar\/2021\/wp-json\/wp\/v2\/categories?post=134100"},{"taxonomy":"post_tag","embeddable":true,"href":"https:\/\/www.noticiasradioreflejos.com.ar\/2021\/wp-json\/wp\/v2\/tags?post=134100"}],"curies":[{"name":"wp","href":"https:\/\/api.w.org\/{rel}","templated":true}]}}